{"id":2039322,"date":"2016-02-03T19:47:56","date_gmt":"2016-02-03T18:47:56","guid":{"rendered":"https:\/\/www.luxsure.fr\/2016\/02\/03\/the-stars-at-the-chanel-haute-couture-spring-summer-2016-show\/"},"modified":"2026-05-01T19:57:59","modified_gmt":"2026-05-01T17:57:59","slug":"the-stars-at-the-chanel-haute-couture-spring-summer-2016-show","status":"publish","type":"post","link":"https:\/\/www.luxsure.fr\/en\/2016\/02\/03\/the-stars-at-the-chanel-haute-couture-spring-summer-2016-show\/","title":{"rendered":"The stars at the CHANEL Haute Couture Spring-Summer 2016 show"},"content":{"rendered":"<p><strong>Haute Couture Spring-Summer 2016 show<br \/>\nParis, January 26<\/strong><\/p>\n<p><strong>Diane KRUGER,<\/strong> Soin CHANEL muse, wore a &#8220;Premi\u00e8re&#8221; watch in 18K beige gold and diamonds CHANEL Horlogerie, and &#8220;Coco Crush&#8221; rings in 18K yellow gold CHANEL Joaillerie.<br \/>\nShe wore a CHANEL dress and coat from the Paris \u00e0 Rome 2015\/16 collection. CHANEL bag.<br \/>\nCHANEL make-up. <\/p>\n<p><img decoding=\"async\" class=\"aligncenter size-full wp-image-163350 lazyload\" data-src=\"https:\/\/www.luxsure.fr\/wp-content\/uploads\/2016\/01\/SS-16-HC_VIP-Picture-by-Stacy-Fuller_Diane-KRUGER.jpg\" alt=\"SS 16 HC_VIP Picture by Stacy Fuller_Diane KRUGER\" width=\"2768\" height=\"4208\" data-srcset=\"https:\/\/www.luxsure.fr\/wp-content\/uploads\/2016\/01\/SS-16-HC_VIP-Picture-by-Stacy-Fuller_Diane-KRUGER.jpg 2768w, https:\/\/www.luxsure.fr\/wp-content\/uploads\/2016\/01\/SS-16-HC_VIP-Picture-by-Stacy-Fuller_Diane-KRUGER-197x300.jpg 197w, https:\/\/www.luxsure.fr\/wp-content\/uploads\/2016\/01\/SS-16-HC_VIP-Picture-by-Stacy-Fuller_Diane-KRUGER-768x1168.jpg 768w, https:\/\/www.luxsure.fr\/wp-content\/uploads\/2016\/01\/SS-16-HC_VIP-Picture-by-Stacy-Fuller_Diane-KRUGER-674x1024.jpg 674w\" data-sizes=\"(max-width: 2768px) 100vw, 2768px\" src=\"data:image\/svg+xml;base64,PHN2ZyB3aWR0aD0iMSIgaGVpZ2h0PSIxIiB4bWxucz0iaHR0cDovL3d3dy53My5vcmcvMjAwMC9zdmciPjwvc3ZnPg==\" style=\"--smush-placeholder-width: 2768px; --smush-placeholder-aspect-ratio: 2768\/4208;\" \/><\/p>\n<p><strong>Gwyneth PALTROW <\/strong>wore a &#8220;Boy.Friend&#8221; watch in 18K beige gold on a CHANEL Horlogerie black alligator strap, with a &#8220;Cam\u00e9lia Galb\u00e9&#8221; ring in 18K white gold, diamond and black ceramic and a &#8220;Coco Crush&#8221; ring in 18K white gold CHANEL Joaillerie.<br \/>\nShe wore a CHANEL jacket and skirt from the Pr\u00eat-\u00e0-porter Printemps-Et\u00e9 2016 collection.<br \/>\nCHANEL Makeup.<\/p>\n<p><img decoding=\"async\" class=\"aligncenter size-full wp-image-163351 lazyload\" data-src=\"https:\/\/www.luxsure.fr\/wp-content\/uploads\/2016\/01\/SS-16-HC_VIP-Picture-by-Lea-Colombo_Gwyneth-PALTROW.jpg\" alt=\"SS 16 HC_VIP Picture by Lea Colombo_Gwyneth PALTROW\" width=\"1867\" height=\"2800\" data-srcset=\"https:\/\/www.luxsure.fr\/wp-content\/uploads\/2016\/01\/SS-16-HC_VIP-Picture-by-Lea-Colombo_Gwyneth-PALTROW.jpg 1867w, https:\/\/www.luxsure.fr\/wp-content\/uploads\/2016\/01\/SS-16-HC_VIP-Picture-by-Lea-Colombo_Gwyneth-PALTROW-200x300.jpg 200w, https:\/\/www.luxsure.fr\/wp-content\/uploads\/2016\/01\/SS-16-HC_VIP-Picture-by-Lea-Colombo_Gwyneth-PALTROW-768x1152.jpg 768w, https:\/\/www.luxsure.fr\/wp-content\/uploads\/2016\/01\/SS-16-HC_VIP-Picture-by-Lea-Colombo_Gwyneth-PALTROW-683x1024.jpg 683w\" data-sizes=\"(max-width: 1867px) 100vw, 1867px\" src=\"data:image\/svg+xml;base64,PHN2ZyB3aWR0aD0iMSIgaGVpZ2h0PSIxIiB4bWxucz0iaHR0cDovL3d3dy53My5vcmcvMjAwMC9zdmciPjwvc3ZnPg==\" style=\"--smush-placeholder-width: 1867px; --smush-placeholder-aspect-ratio: 1867\/2800;\" \/><\/p>\n<p><strong>Gaspard ULLIEL<\/strong>, muse of BLEU de CHANEL, wore a &#8220;J12 Chrono Superleggera&#8221; watch in matt black ceramic and CHANEL Horlogerie steel.<\/p>\n<p><img decoding=\"async\" class=\"aligncenter size-full wp-image-163352 lazyload\" data-src=\"https:\/\/www.luxsure.fr\/wp-content\/uploads\/2016\/01\/SS-16-HC_VIP-Picture-by-Lea-Colombo_Gaspard-ULLIEL.jpg\" alt=\"SS 16 HC_VIP Picture by Lea Colombo_Gaspard ULLIEL\" width=\"1867\" height=\"2800\" data-srcset=\"https:\/\/www.luxsure.fr\/wp-content\/uploads\/2016\/01\/SS-16-HC_VIP-Picture-by-Lea-Colombo_Gaspard-ULLIEL.jpg 1867w, https:\/\/www.luxsure.fr\/wp-content\/uploads\/2016\/01\/SS-16-HC_VIP-Picture-by-Lea-Colombo_Gaspard-ULLIEL-200x300.jpg 200w, https:\/\/www.luxsure.fr\/wp-content\/uploads\/2016\/01\/SS-16-HC_VIP-Picture-by-Lea-Colombo_Gaspard-ULLIEL-768x1152.jpg 768w, https:\/\/www.luxsure.fr\/wp-content\/uploads\/2016\/01\/SS-16-HC_VIP-Picture-by-Lea-Colombo_Gaspard-ULLIEL-683x1024.jpg 683w\" data-sizes=\"(max-width: 1867px) 100vw, 1867px\" src=\"data:image\/svg+xml;base64,PHN2ZyB3aWR0aD0iMSIgaGVpZ2h0PSIxIiB4bWxucz0iaHR0cDovL3d3dy53My5vcmcvMjAwMC9zdmciPjwvc3ZnPg==\" style=\"--smush-placeholder-width: 1867px; --smush-placeholder-aspect-ratio: 1867\/2800;\" \/><\/p>\n<p>The Franco-Turkish director of &#8220;Mustang&#8221;, nominated for an Oscar as Best Foreign Film, <strong>Deniz GAMZE ERG\u00dcVEN<\/strong>, wore a &#8220;Boy.Friend&#8221; watch in 18K beige gold and diamonds on a CHANEL Horlogerie black alligator strap.<br \/>\nShe wore a CHANEL sweater from the Paris to Rome 2015\/16 collection and CHANEL pants. CHANEL bag, shoes and accessories. <\/p>\n<p><img decoding=\"async\" class=\"aligncenter size-full wp-image-163353 lazyload\" data-src=\"https:\/\/www.luxsure.fr\/wp-content\/uploads\/2016\/01\/SS-16-HC_VIP-Picture-by-Lea-Colombo_Deniz-ERG%C3%9CVEN.jpg\" alt=\"SS 16 HC_VIP Picture by Lea Colombo_Deniz ERG\u00dcVEN\" width=\"3264\" height=\"4928\" src=\"data:image\/svg+xml;base64,PHN2ZyB3aWR0aD0iMSIgaGVpZ2h0PSIxIiB4bWxucz0iaHR0cDovL3d3dy53My5vcmcvMjAwMC9zdmciPjwvc3ZnPg==\" style=\"--smush-placeholder-width: 3264px; --smush-placeholder-aspect-ratio: 3264\/4928;\" \/><\/p>\n<p>English actress <strong>Ellie BAMBER<\/strong> wore a &#8220;Com\u00e8te Spirale&#8221; ring in 18K white and yellow gold and CHANEL Joaillerie diamonds, and a &#8220;Premi\u00e8re&#8221; watch in 18K yellow gold, black lacquer dial and CHANEL Horlogerie double tour chain bracelet.<br \/>\nShe wore a CHANEL dress and jacket from the Pr\u00eat-\u00e0-porter Printemps-Et\u00e9 collection. CHANEL bag and shoes. <\/p>\n<p><img decoding=\"async\" class=\"aligncenter size-full wp-image-163354 lazyload\" data-src=\"https:\/\/www.luxsure.fr\/wp-content\/uploads\/2016\/01\/SS-16-HC_VIP-Picture-by-Lea-Colombo_Ellie-BAMBER.jpg\" alt=\"SS 16 HC_VIP Picture by Lea Colombo_Ellie BAMBER\" width=\"1866\" height=\"2800\" data-srcset=\"https:\/\/www.luxsure.fr\/wp-content\/uploads\/2016\/01\/SS-16-HC_VIP-Picture-by-Lea-Colombo_Ellie-BAMBER.jpg 1866w, https:\/\/www.luxsure.fr\/wp-content\/uploads\/2016\/01\/SS-16-HC_VIP-Picture-by-Lea-Colombo_Ellie-BAMBER-200x300.jpg 200w, https:\/\/www.luxsure.fr\/wp-content\/uploads\/2016\/01\/SS-16-HC_VIP-Picture-by-Lea-Colombo_Ellie-BAMBER-768x1152.jpg 768w, https:\/\/www.luxsure.fr\/wp-content\/uploads\/2016\/01\/SS-16-HC_VIP-Picture-by-Lea-Colombo_Ellie-BAMBER-682x1024.jpg 682w\" data-sizes=\"(max-width: 1866px) 100vw, 1866px\" src=\"data:image\/svg+xml;base64,PHN2ZyB3aWR0aD0iMSIgaGVpZ2h0PSIxIiB4bWxucz0iaHR0cDovL3d3dy53My5vcmcvMjAwMC9zdmciPjwvc3ZnPg==\" style=\"--smush-placeholder-width: 1866px; --smush-placeholder-aspect-ratio: 1866\/2800;\" \/><\/p>\n<p>Canadian actress<strong> Charlotte LE BON <\/strong>wore a CHANEL Horlogerie &#8220;Premi\u00e8re&#8221; watch and a CHANEL Joaillerie &#8220;Coco Crush&#8221; ring, all in 18K yellow gold.<br \/>\nShe wore a CHANEL sweater and pants from the Paris \u00e0 Rome 2015\/2016 collection with a CHANEL jacket. CHANEL bag, shoes and accessories. <\/p>\n<p><img decoding=\"async\" class=\"aligncenter size-full wp-image-163355 lazyload\" data-src=\"https:\/\/www.luxsure.fr\/wp-content\/uploads\/2016\/01\/SS-16-HC_VIP-Picture-by-Lea-Colombo_Charlotte-LE-BON.jpg\" alt=\"SS 16 HC_VIP Picture by Lea Colombo_Charlotte LE BON\" width=\"1867\" height=\"2800\" data-srcset=\"https:\/\/www.luxsure.fr\/wp-content\/uploads\/2016\/01\/SS-16-HC_VIP-Picture-by-Lea-Colombo_Charlotte-LE-BON.jpg 1867w, https:\/\/www.luxsure.fr\/wp-content\/uploads\/2016\/01\/SS-16-HC_VIP-Picture-by-Lea-Colombo_Charlotte-LE-BON-200x300.jpg 200w, https:\/\/www.luxsure.fr\/wp-content\/uploads\/2016\/01\/SS-16-HC_VIP-Picture-by-Lea-Colombo_Charlotte-LE-BON-768x1152.jpg 768w, https:\/\/www.luxsure.fr\/wp-content\/uploads\/2016\/01\/SS-16-HC_VIP-Picture-by-Lea-Colombo_Charlotte-LE-BON-683x1024.jpg 683w\" data-sizes=\"(max-width: 1867px) 100vw, 1867px\" src=\"data:image\/svg+xml;base64,PHN2ZyB3aWR0aD0iMSIgaGVpZ2h0PSIxIiB4bWxucz0iaHR0cDovL3d3dy53My5vcmcvMjAwMC9zdmciPjwvc3ZnPg==\" style=\"--smush-placeholder-width: 1867px; --smush-placeholder-aspect-ratio: 1867\/2800;\" \/><\/p>\n<p>Japanese actress <strong>Ayami NAKAJO<\/strong> wore earrings and a &#8220;Plume de CHANEL&#8221; ring in 18K yellow gold CHANEL Joaillerie.<br \/>\nShe wore a CHANEL sweater from the Pr\u00eat-\u00e0-porter Printemps-Et\u00e9 2016 collection and CHANEL pants. CHANEL bag.<\/p>\n<p><img decoding=\"async\" class=\"aligncenter size-full wp-image-163356 lazyload\" data-src=\"https:\/\/www.luxsure.fr\/wp-content\/uploads\/2016\/01\/SS-16-HC_VIP-Picture-by-Stacy-Fuller_Ayami-NAKAJO.jpg\" alt=\"SS 16 HC_VIP Picture by Stacy Fuller_Ayami NAKAJO\" width=\"3088\" height=\"4624\" data-srcset=\"https:\/\/www.luxsure.fr\/wp-content\/uploads\/2016\/01\/SS-16-HC_VIP-Picture-by-Stacy-Fuller_Ayami-NAKAJO.jpg 3088w, https:\/\/www.luxsure.fr\/wp-content\/uploads\/2016\/01\/SS-16-HC_VIP-Picture-by-Stacy-Fuller_Ayami-NAKAJO-200x300.jpg 200w, https:\/\/www.luxsure.fr\/wp-content\/uploads\/2016\/01\/SS-16-HC_VIP-Picture-by-Stacy-Fuller_Ayami-NAKAJO-768x1150.jpg 768w, https:\/\/www.luxsure.fr\/wp-content\/uploads\/2016\/01\/SS-16-HC_VIP-Picture-by-Stacy-Fuller_Ayami-NAKAJO-684x1024.jpg 684w\" data-sizes=\"(max-width: 3088px) 100vw, 3088px\" src=\"data:image\/svg+xml;base64,PHN2ZyB3aWR0aD0iMSIgaGVpZ2h0PSIxIiB4bWxucz0iaHR0cDovL3d3dy53My5vcmcvMjAwMC9zdmciPjwvc3ZnPg==\" style=\"--smush-placeholder-width: 3088px; --smush-placeholder-aspect-ratio: 3088\/4624;\" \/><\/p>\n<p>Italian actress <strong>Alessandra MASTRONARDI <\/strong>wore a &#8220;Boy.Friend&#8221; watch in 18K beige gold on a CHANEL Horlogerie black alligator strap.<br \/>\nShe wore a CHANEL skirt, jacket and blouse from the Spring-Summer 2016 Ready-to-Wear collection. CHANEL bag and shoes. <\/p>\n<p><img decoding=\"async\" class=\"aligncenter size-full wp-image-163357 lazyload\" data-src=\"https:\/\/www.luxsure.fr\/wp-content\/uploads\/2016\/01\/SS-16-HC_VIP-Picture-by-Lea-Colombo_Alessandra-MASTRONARDI.jpg\" alt=\"SS 16 HC_VIP Picture by Lea Colombo_Alessandra MASTRONARDI\" width=\"1867\" height=\"2800\" data-srcset=\"https:\/\/www.luxsure.fr\/wp-content\/uploads\/2016\/01\/SS-16-HC_VIP-Picture-by-Lea-Colombo_Alessandra-MASTRONARDI.jpg 1867w, https:\/\/www.luxsure.fr\/wp-content\/uploads\/2016\/01\/SS-16-HC_VIP-Picture-by-Lea-Colombo_Alessandra-MASTRONARDI-200x300.jpg 200w, https:\/\/www.luxsure.fr\/wp-content\/uploads\/2016\/01\/SS-16-HC_VIP-Picture-by-Lea-Colombo_Alessandra-MASTRONARDI-768x1152.jpg 768w, https:\/\/www.luxsure.fr\/wp-content\/uploads\/2016\/01\/SS-16-HC_VIP-Picture-by-Lea-Colombo_Alessandra-MASTRONARDI-683x1024.jpg 683w\" data-sizes=\"(max-width: 1867px) 100vw, 1867px\" src=\"data:image\/svg+xml;base64,PHN2ZyB3aWR0aD0iMSIgaGVpZ2h0PSIxIiB4bWxucz0iaHR0cDovL3d3dy53My5vcmcvMjAwMC9zdmciPjwvc3ZnPg==\" style=\"--smush-placeholder-width: 1867px; --smush-placeholder-aspect-ratio: 1867\/2800;\" \/><\/p>\n<p>Cuban actress <strong>Ana DE ARMAS <\/strong>wore a &#8220;Boy.Friend&#8221; watch in 18K white gold and diamonds on a CHANEL Horlogerie black alligator strap.<br \/>\nShe wore a CHANEL dress from the Pr\u00eat-\u00e0-porter Printemps-Et\u00e9 2016 Acte 1 collection. CHANEL bag and shoes. <\/p>\n<div id=\"attachment_163358\" style=\"width: 3290px\" class=\"wp-caption aligncenter\"><img decoding=\"async\" aria-describedby=\"caption-attachment-163358\" class=\"size-full wp-image-163358 lazyload\" data-src=\"https:\/\/www.luxsure.fr\/wp-content\/uploads\/2016\/01\/SS-16-HC_VIP-Picture-GETTY-Images_Ana-DE-ARMAS.jpg\" alt=\"PARIS, FRANCE - JANUARY 26: Ana de Armas attends the Chanel Spring Summer 2016 show as part of Paris Fashion Week on January 26, 2016 in Paris, France. (Photo by Rindoff\/Le Segretain\/Getty Images)\" width=\"3280\" height=\"4928\" data-srcset=\"https:\/\/www.luxsure.fr\/wp-content\/uploads\/2016\/01\/SS-16-HC_VIP-Picture-GETTY-Images_Ana-DE-ARMAS.jpg 3280w, https:\/\/www.luxsure.fr\/wp-content\/uploads\/2016\/01\/SS-16-HC_VIP-Picture-GETTY-Images_Ana-DE-ARMAS-200x300.jpg 200w, https:\/\/www.luxsure.fr\/wp-content\/uploads\/2016\/01\/SS-16-HC_VIP-Picture-GETTY-Images_Ana-DE-ARMAS-768x1154.jpg 768w, https:\/\/www.luxsure.fr\/wp-content\/uploads\/2016\/01\/SS-16-HC_VIP-Picture-GETTY-Images_Ana-DE-ARMAS-682x1024.jpg 682w\" data-sizes=\"(max-width: 3280px) 100vw, 3280px\" src=\"data:image\/svg+xml;base64,PHN2ZyB3aWR0aD0iMSIgaGVpZ2h0PSIxIiB4bWxucz0iaHR0cDovL3d3dy53My5vcmcvMjAwMC9zdmciPjwvc3ZnPg==\" style=\"--smush-placeholder-width: 3280px; --smush-placeholder-aspect-ratio: 3280\/4928;\" \/><p id=\"caption-attachment-163358\" class=\"wp-caption-text\">PARIS, FRANCE &#8211; JANUARY 26: Ana de Armas attends the Chanel Spring Summer 2016 show as part of Paris Fashion Week on January 26, 2016 in Paris, France. (Photo by Rindoff\/Le Segretain\/Getty Images)<\/p><\/div>\n","protected":false},"excerpt":{"rendered":"<p>Haute Couture Spring-Summer 2016 show Paris, January 26 Diane KRUGER, Soin CHANEL muse, wore a &#8220;Premi\u00e8re&#8221; watch in 18K beige gold and diamonds CHANEL Horlogerie, and &#8220;Coco Crush&#8221; rings in&hellip;<\/p>\n","protected":false},"author":2,"featured_media":870338,"comment_status":"closed","ping_status":"closed","sticky":false,"template":"","format":"standard","meta":{"_lmt_disableupdate":"","_lmt_disable":"","footnotes":""},"categories":[30432,30127,52709,30122],"tags":[71811,71809,71813,71818,71810,30692,71808,71814,70946,71816,71817,55505,71815,52833,56080,71819,70232,56184,71812,70392],"class_list":["post-2039322","post","type-post","status-publish","format-standard","has-post-thumbnail","hentry","category-fashion-week-en","category-redcarpet-en","category-thefashion","category-watches-and-jewelry","tag-alessandra-mastronardi","tag-ana-de-armas","tag-ayami-nakajo","tag-bleu-by-chanel","tag-boy-friend","tag-chanel-en","tag-chanel-watchmaking","tag-charlotte-le-bon","tag-coco-crush","tag-comete-spirale","tag-deniz-gamze-erguven","tag-diane-kruger","tag-ellie-bamber","tag-gaspard-ulliel","tag-gwyneth-paltrow","tag-j12-chrono-superleggera","tag-mustang","tag-premiere","tag-ready-to-wear-spring-summer-2016","tag-shapely-camellia"],"yoast_head":"<!-- This site is optimized with the Yoast SEO plugin v27.5 - https:\/\/yoast.com\/product\/yoast-seo-wordpress\/ -->\n<title>The stars at the CHANEL Haute Couture Spring-Summer 2016 show - Luxsure<\/title>\n<meta name=\"robots\" content=\"index, follow, max-snippet:-1, max-image-preview:large, max-video-preview:-1\" \/>\n<link rel=\"canonical\" href=\"https:\/\/www.luxsure.fr\/en\/2016\/02\/03\/the-stars-at-the-chanel-haute-couture-spring-summer-2016-show\/\" \/>\n<meta name=\"twitter:label1\" content=\"Written by\" \/>\n\t<meta name=\"twitter:data1\" content=\"pascal iakovou\" \/>\n\t<meta name=\"twitter:label2\" content=\"Est. reading time\" \/>\n\t<meta name=\"twitter:data2\" content=\"2 minutes\" \/>\n<script type=\"application\/ld+json\" class=\"yoast-schema-graph\">{\"@context\":\"https:\\\/\\\/schema.org\",\"@graph\":[{\"@type\":\"Article\",\"@id\":\"https:\\\/\\\/www.luxsure.fr\\\/en\\\/2016\\\/02\\\/03\\\/the-stars-at-the-chanel-haute-couture-spring-summer-2016-show\\\/#article\",\"isPartOf\":{\"@id\":\"https:\\\/\\\/www.luxsure.fr\\\/en\\\/2016\\\/02\\\/03\\\/the-stars-at-the-chanel-haute-couture-spring-summer-2016-show\\\/\"},\"author\":{\"name\":\"pascal iakovou\",\"@id\":\"https:\\\/\\\/www.luxsure.fr\\\/#\\\/schema\\\/person\\\/e3e28d08083f4cbc258957c924e39423\"},\"headline\":\"The stars at the CHANEL Haute Couture Spring-Summer 2016 show\",\"datePublished\":\"2016-02-03T18:47:56+00:00\",\"dateModified\":\"2026-05-01T17:57:59+00:00\",\"mainEntityOfPage\":{\"@id\":\"https:\\\/\\\/www.luxsure.fr\\\/en\\\/2016\\\/02\\\/03\\\/the-stars-at-the-chanel-haute-couture-spring-summer-2016-show\\\/\"},\"wordCount\":445,\"publisher\":{\"@id\":\"https:\\\/\\\/www.luxsure.fr\\\/#organization\"},\"image\":{\"@id\":\"https:\\\/\\\/www.luxsure.fr\\\/en\\\/2016\\\/02\\\/03\\\/the-stars-at-the-chanel-haute-couture-spring-summer-2016-show\\\/#primaryimage\"},\"thumbnailUrl\":\"https:\\\/\\\/www.luxsure.fr\\\/wp-content\\\/uploads\\\/2016\\\/01\\\/SS-16-HC_VIP-Picture-by-Lea-Colombo_Gwyneth-PALTROW.jpg\",\"keywords\":[\"Alessandra MASTRONARDI\",\"Ana DE ARMAS\",\"Ayami NAKAJO\",\"BLEU by CHANEL\",\"Boy.Friend\",\"chanel\",\"Chanel watchmaking\",\"Charlotte LE BON\",\"Coco Crush\",\"Com\u00e8te Spirale\",\"Deniz GAMZE ERG\u00dcVEN\",\"Diane Kr\u00fcger\",\"Ellie BAMBER\",\"gaspard ulliel\",\"Gwyneth Paltrow\",\"J12 Chrono Superleggera\",\"mustang\",\"Premiere\",\"Ready-to-wear Spring-Summer 2016\",\"shapely camellia\"],\"articleSection\":[\"Fashion Week\",\"Redcarpet\",\"The Fashion\",\"Watches and Jewelry\"],\"inLanguage\":\"en-US\"},{\"@type\":\"WebPage\",\"@id\":\"https:\\\/\\\/www.luxsure.fr\\\/en\\\/2016\\\/02\\\/03\\\/the-stars-at-the-chanel-haute-couture-spring-summer-2016-show\\\/\",\"url\":\"https:\\\/\\\/www.luxsure.fr\\\/en\\\/2016\\\/02\\\/03\\\/the-stars-at-the-chanel-haute-couture-spring-summer-2016-show\\\/\",\"name\":\"The stars at the CHANEL Haute Couture Spring-Summer 2016 show - Luxsure\",\"isPartOf\":{\"@id\":\"https:\\\/\\\/www.luxsure.fr\\\/#website\"},\"primaryImageOfPage\":{\"@id\":\"https:\\\/\\\/www.luxsure.fr\\\/en\\\/2016\\\/02\\\/03\\\/the-stars-at-the-chanel-haute-couture-spring-summer-2016-show\\\/#primaryimage\"},\"image\":{\"@id\":\"https:\\\/\\\/www.luxsure.fr\\\/en\\\/2016\\\/02\\\/03\\\/the-stars-at-the-chanel-haute-couture-spring-summer-2016-show\\\/#primaryimage\"},\"thumbnailUrl\":\"https:\\\/\\\/www.luxsure.fr\\\/wp-content\\\/uploads\\\/2016\\\/01\\\/SS-16-HC_VIP-Picture-by-Lea-Colombo_Gwyneth-PALTROW.jpg\",\"datePublished\":\"2016-02-03T18:47:56+00:00\",\"dateModified\":\"2026-05-01T17:57:59+00:00\",\"breadcrumb\":{\"@id\":\"https:\\\/\\\/www.luxsure.fr\\\/en\\\/2016\\\/02\\\/03\\\/the-stars-at-the-chanel-haute-couture-spring-summer-2016-show\\\/#breadcrumb\"},\"inLanguage\":\"en-US\",\"potentialAction\":[{\"@type\":\"ReadAction\",\"target\":[\"https:\\\/\\\/www.luxsure.fr\\\/en\\\/2016\\\/02\\\/03\\\/the-stars-at-the-chanel-haute-couture-spring-summer-2016-show\\\/\"]}]},{\"@type\":\"ImageObject\",\"inLanguage\":\"en-US\",\"@id\":\"https:\\\/\\\/www.luxsure.fr\\\/en\\\/2016\\\/02\\\/03\\\/the-stars-at-the-chanel-haute-couture-spring-summer-2016-show\\\/#primaryimage\",\"url\":\"https:\\\/\\\/www.luxsure.fr\\\/wp-content\\\/uploads\\\/2016\\\/01\\\/SS-16-HC_VIP-Picture-by-Lea-Colombo_Gwyneth-PALTROW.jpg\",\"contentUrl\":\"https:\\\/\\\/www.luxsure.fr\\\/wp-content\\\/uploads\\\/2016\\\/01\\\/SS-16-HC_VIP-Picture-by-Lea-Colombo_Gwyneth-PALTROW.jpg\",\"width\":1867,\"height\":2800},{\"@type\":\"BreadcrumbList\",\"@id\":\"https:\\\/\\\/www.luxsure.fr\\\/en\\\/2016\\\/02\\\/03\\\/the-stars-at-the-chanel-haute-couture-spring-summer-2016-show\\\/#breadcrumb\",\"itemListElement\":[{\"@type\":\"ListItem\",\"position\":1,\"name\":\"Accueil\",\"item\":\"https:\\\/\\\/www.luxsure.fr\\\/\"},{\"@type\":\"ListItem\",\"position\":2,\"name\":\"The stars at the CHANEL Haute Couture Spring-Summer 2016 show\"}]},{\"@type\":\"WebSite\",\"@id\":\"https:\\\/\\\/www.luxsure.fr\\\/#website\",\"url\":\"https:\\\/\\\/www.luxsure.fr\\\/\",\"name\":\"Luxsure\",\"description\":\"UNE CERTAINE VISION DU LUXE\",\"publisher\":{\"@id\":\"https:\\\/\\\/www.luxsure.fr\\\/#organization\"},\"potentialAction\":[{\"@type\":\"SearchAction\",\"target\":{\"@type\":\"EntryPoint\",\"urlTemplate\":\"https:\\\/\\\/www.luxsure.fr\\\/?s={search_term_string}\"},\"query-input\":{\"@type\":\"PropertyValueSpecification\",\"valueRequired\":true,\"valueName\":\"search_term_string\"}}],\"inLanguage\":\"en-US\"},{\"@type\":\"Organization\",\"@id\":\"https:\\\/\\\/www.luxsure.fr\\\/#organization\",\"name\":\"Luxsure\",\"url\":\"https:\\\/\\\/www.luxsure.fr\\\/\",\"logo\":{\"@type\":\"ImageObject\",\"inLanguage\":\"en-US\",\"@id\":\"https:\\\/\\\/www.luxsure.fr\\\/#\\\/schema\\\/logo\\\/image\\\/\",\"url\":\"https:\\\/\\\/i0.wp.com\\\/www.luxsure.fr\\\/wp-content\\\/uploads\\\/2015\\\/10\\\/Capture-d\u2019\u00e9cran-2015-08-19-\u00e0-10.51.48.png?fit=551%2C400&ssl=1\",\"contentUrl\":\"https:\\\/\\\/i0.wp.com\\\/www.luxsure.fr\\\/wp-content\\\/uploads\\\/2015\\\/10\\\/Capture-d\u2019\u00e9cran-2015-08-19-\u00e0-10.51.48.png?fit=551%2C400&ssl=1\",\"width\":551,\"height\":400,\"caption\":\"Luxsure\"},\"image\":{\"@id\":\"https:\\\/\\\/www.luxsure.fr\\\/#\\\/schema\\\/logo\\\/image\\\/\"}},{\"@type\":\"Person\",\"@id\":\"https:\\\/\\\/www.luxsure.fr\\\/#\\\/schema\\\/person\\\/e3e28d08083f4cbc258957c924e39423\",\"name\":\"pascal iakovou\",\"image\":{\"@type\":\"ImageObject\",\"inLanguage\":\"en-US\",\"@id\":\"https:\\\/\\\/secure.gravatar.com\\\/avatar\\\/358546e9ab7afafbb35961f747089b93cb88ca12b7a9fcd0c7922cc45f092613?s=96&d=mm&r=g\",\"url\":\"https:\\\/\\\/secure.gravatar.com\\\/avatar\\\/358546e9ab7afafbb35961f747089b93cb88ca12b7a9fcd0c7922cc45f092613?s=96&d=mm&r=g\",\"contentUrl\":\"https:\\\/\\\/secure.gravatar.com\\\/avatar\\\/358546e9ab7afafbb35961f747089b93cb88ca12b7a9fcd0c7922cc45f092613?s=96&d=mm&r=g\",\"caption\":\"pascal iakovou\"},\"sameAs\":[\"http:\\\/\\\/www.luxsure.Fr\"],\"url\":\"https:\\\/\\\/www.luxsure.fr\\\/en\\\/author\\\/pascal\\\/\"}]}<\/script>\n<!-- \/ Yoast SEO plugin. -->","yoast_head_json":{"title":"The stars at the CHANEL Haute Couture Spring-Summer 2016 show - Luxsure","robots":{"index":"index","follow":"follow","max-snippet":"max-snippet:-1","max-image-preview":"max-image-preview:large","max-video-preview":"max-video-preview:-1"},"canonical":"https:\/\/www.luxsure.fr\/en\/2016\/02\/03\/the-stars-at-the-chanel-haute-couture-spring-summer-2016-show\/","twitter_misc":{"Written by":"pascal iakovou","Est. reading time":"2 minutes"},"schema":{"@context":"https:\/\/schema.org","@graph":[{"@type":"Article","@id":"https:\/\/www.luxsure.fr\/en\/2016\/02\/03\/the-stars-at-the-chanel-haute-couture-spring-summer-2016-show\/#article","isPartOf":{"@id":"https:\/\/www.luxsure.fr\/en\/2016\/02\/03\/the-stars-at-the-chanel-haute-couture-spring-summer-2016-show\/"},"author":{"name":"pascal iakovou","@id":"https:\/\/www.luxsure.fr\/#\/schema\/person\/e3e28d08083f4cbc258957c924e39423"},"headline":"The stars at the CHANEL Haute Couture Spring-Summer 2016 show","datePublished":"2016-02-03T18:47:56+00:00","dateModified":"2026-05-01T17:57:59+00:00","mainEntityOfPage":{"@id":"https:\/\/www.luxsure.fr\/en\/2016\/02\/03\/the-stars-at-the-chanel-haute-couture-spring-summer-2016-show\/"},"wordCount":445,"publisher":{"@id":"https:\/\/www.luxsure.fr\/#organization"},"image":{"@id":"https:\/\/www.luxsure.fr\/en\/2016\/02\/03\/the-stars-at-the-chanel-haute-couture-spring-summer-2016-show\/#primaryimage"},"thumbnailUrl":"https:\/\/www.luxsure.fr\/wp-content\/uploads\/2016\/01\/SS-16-HC_VIP-Picture-by-Lea-Colombo_Gwyneth-PALTROW.jpg","keywords":["Alessandra MASTRONARDI","Ana DE ARMAS","Ayami NAKAJO","BLEU by CHANEL","Boy.Friend","chanel","Chanel watchmaking","Charlotte LE BON","Coco Crush","Com\u00e8te Spirale","Deniz GAMZE ERG\u00dcVEN","Diane Kr\u00fcger","Ellie BAMBER","gaspard ulliel","Gwyneth Paltrow","J12 Chrono Superleggera","mustang","Premiere","Ready-to-wear Spring-Summer 2016","shapely camellia"],"articleSection":["Fashion Week","Redcarpet","The Fashion","Watches and Jewelry"],"inLanguage":"en-US"},{"@type":"WebPage","@id":"https:\/\/www.luxsure.fr\/en\/2016\/02\/03\/the-stars-at-the-chanel-haute-couture-spring-summer-2016-show\/","url":"https:\/\/www.luxsure.fr\/en\/2016\/02\/03\/the-stars-at-the-chanel-haute-couture-spring-summer-2016-show\/","name":"The stars at the CHANEL Haute Couture Spring-Summer 2016 show - Luxsure","isPartOf":{"@id":"https:\/\/www.luxsure.fr\/#website"},"primaryImageOfPage":{"@id":"https:\/\/www.luxsure.fr\/en\/2016\/02\/03\/the-stars-at-the-chanel-haute-couture-spring-summer-2016-show\/#primaryimage"},"image":{"@id":"https:\/\/www.luxsure.fr\/en\/2016\/02\/03\/the-stars-at-the-chanel-haute-couture-spring-summer-2016-show\/#primaryimage"},"thumbnailUrl":"https:\/\/www.luxsure.fr\/wp-content\/uploads\/2016\/01\/SS-16-HC_VIP-Picture-by-Lea-Colombo_Gwyneth-PALTROW.jpg","datePublished":"2016-02-03T18:47:56+00:00","dateModified":"2026-05-01T17:57:59+00:00","breadcrumb":{"@id":"https:\/\/www.luxsure.fr\/en\/2016\/02\/03\/the-stars-at-the-chanel-haute-couture-spring-summer-2016-show\/#breadcrumb"},"inLanguage":"en-US","potentialAction":[{"@type":"ReadAction","target":["https:\/\/www.luxsure.fr\/en\/2016\/02\/03\/the-stars-at-the-chanel-haute-couture-spring-summer-2016-show\/"]}]},{"@type":"ImageObject","inLanguage":"en-US","@id":"https:\/\/www.luxsure.fr\/en\/2016\/02\/03\/the-stars-at-the-chanel-haute-couture-spring-summer-2016-show\/#primaryimage","url":"https:\/\/www.luxsure.fr\/wp-content\/uploads\/2016\/01\/SS-16-HC_VIP-Picture-by-Lea-Colombo_Gwyneth-PALTROW.jpg","contentUrl":"https:\/\/www.luxsure.fr\/wp-content\/uploads\/2016\/01\/SS-16-HC_VIP-Picture-by-Lea-Colombo_Gwyneth-PALTROW.jpg","width":1867,"height":2800},{"@type":"BreadcrumbList","@id":"https:\/\/www.luxsure.fr\/en\/2016\/02\/03\/the-stars-at-the-chanel-haute-couture-spring-summer-2016-show\/#breadcrumb","itemListElement":[{"@type":"ListItem","position":1,"name":"Accueil","item":"https:\/\/www.luxsure.fr\/"},{"@type":"ListItem","position":2,"name":"The stars at the CHANEL Haute Couture Spring-Summer 2016 show"}]},{"@type":"WebSite","@id":"https:\/\/www.luxsure.fr\/#website","url":"https:\/\/www.luxsure.fr\/","name":"Luxsure","description":"UNE CERTAINE VISION DU LUXE","publisher":{"@id":"https:\/\/www.luxsure.fr\/#organization"},"potentialAction":[{"@type":"SearchAction","target":{"@type":"EntryPoint","urlTemplate":"https:\/\/www.luxsure.fr\/?s={search_term_string}"},"query-input":{"@type":"PropertyValueSpecification","valueRequired":true,"valueName":"search_term_string"}}],"inLanguage":"en-US"},{"@type":"Organization","@id":"https:\/\/www.luxsure.fr\/#organization","name":"Luxsure","url":"https:\/\/www.luxsure.fr\/","logo":{"@type":"ImageObject","inLanguage":"en-US","@id":"https:\/\/www.luxsure.fr\/#\/schema\/logo\/image\/","url":"https:\/\/i0.wp.com\/www.luxsure.fr\/wp-content\/uploads\/2015\/10\/Capture-d\u2019\u00e9cran-2015-08-19-\u00e0-10.51.48.png?fit=551%2C400&ssl=1","contentUrl":"https:\/\/i0.wp.com\/www.luxsure.fr\/wp-content\/uploads\/2015\/10\/Capture-d\u2019\u00e9cran-2015-08-19-\u00e0-10.51.48.png?fit=551%2C400&ssl=1","width":551,"height":400,"caption":"Luxsure"},"image":{"@id":"https:\/\/www.luxsure.fr\/#\/schema\/logo\/image\/"}},{"@type":"Person","@id":"https:\/\/www.luxsure.fr\/#\/schema\/person\/e3e28d08083f4cbc258957c924e39423","name":"pascal iakovou","image":{"@type":"ImageObject","inLanguage":"en-US","@id":"https:\/\/secure.gravatar.com\/avatar\/358546e9ab7afafbb35961f747089b93cb88ca12b7a9fcd0c7922cc45f092613?s=96&d=mm&r=g","url":"https:\/\/secure.gravatar.com\/avatar\/358546e9ab7afafbb35961f747089b93cb88ca12b7a9fcd0c7922cc45f092613?s=96&d=mm&r=g","contentUrl":"https:\/\/secure.gravatar.com\/avatar\/358546e9ab7afafbb35961f747089b93cb88ca12b7a9fcd0c7922cc45f092613?s=96&d=mm&r=g","caption":"pascal iakovou"},"sameAs":["http:\/\/www.luxsure.Fr"],"url":"https:\/\/www.luxsure.fr\/en\/author\/pascal\/"}]}},"_links":{"self":[{"href":"https:\/\/www.luxsure.fr\/en\/wp-json\/wp\/v2\/posts\/2039322","targetHints":{"allow":["GET"]}}],"collection":[{"href":"https:\/\/www.luxsure.fr\/en\/wp-json\/wp\/v2\/posts"}],"about":[{"href":"https:\/\/www.luxsure.fr\/en\/wp-json\/wp\/v2\/types\/post"}],"author":[{"embeddable":true,"href":"https:\/\/www.luxsure.fr\/en\/wp-json\/wp\/v2\/users\/2"}],"replies":[{"embeddable":true,"href":"https:\/\/www.luxsure.fr\/en\/wp-json\/wp\/v2\/comments?post=2039322"}],"version-history":[{"count":0,"href":"https:\/\/www.luxsure.fr\/en\/wp-json\/wp\/v2\/posts\/2039322\/revisions"}],"wp:featuredmedia":[{"embeddable":true,"href":"https:\/\/www.luxsure.fr\/en\/wp-json\/wp\/v2\/media\/870338"}],"wp:attachment":[{"href":"https:\/\/www.luxsure.fr\/en\/wp-json\/wp\/v2\/media?parent=2039322"}],"wp:term":[{"taxonomy":"category","embeddable":true,"href":"https:\/\/www.luxsure.fr\/en\/wp-json\/wp\/v2\/categories?post=2039322"},{"taxonomy":"post_tag","embeddable":true,"href":"https:\/\/www.luxsure.fr\/en\/wp-json\/wp\/v2\/tags?post=2039322"}],"curies":[{"name":"wp","href":"https:\/\/api.w.org\/{rel}","templated":true}]}}