{"id":2039261,"date":"2015-09-02T09:59:44","date_gmt":"2015-09-02T07:59:44","guid":{"rendered":"https:\/\/www.luxsure.fr\/2015\/09\/02\/the-empresses-of-fashion-to-kick-off-the-new-literary-season\/"},"modified":"2026-05-01T19:42:18","modified_gmt":"2026-05-01T17:42:18","slug":"the-empresses-of-fashion-to-kick-off-the-new-literary-season","status":"publish","type":"post","link":"https:\/\/www.luxsure.fr\/en\/2015\/09\/02\/the-empresses-of-fashion-to-kick-off-the-new-literary-season\/","title":{"rendered":"The &#8220;Empresses of Fashion&#8221; to kick off the new literary season."},"content":{"rendered":"<p><a href=\"https:\/\/www.luxsure.fr\/wp-content\/uploads\/2015\/08\/couv-imp%C3%A9ratrices-1.jpg\" data-rel=\"penci-gallery-image-content\" ><img decoding=\"async\" class=\"size-large wp-image-148674 aligncenter lazyload\" data-src=\"https:\/\/www.luxsure.fr\/wp-content\/uploads\/2015\/08\/couv-imp%C3%A9ratrices-1-637x1024.jpg\" alt=\"cover empress-1\" width=\"637\" height=\"1024\" src=\"data:image\/svg+xml;base64,PHN2ZyB3aWR0aD0iMSIgaGVpZ2h0PSIxIiB4bWxucz0iaHR0cDovL3d3dy53My5vcmcvMjAwMC9zdmciPjwvc3ZnPg==\" style=\"--smush-placeholder-width: 637px; --smush-placeholder-aspect-ratio: 637\/1024;\" \/><\/a><\/p>\n<p>A world we hate or admire, a world we try to enter and can&#8217;t escape: fashion, fashion, fashion again. To do what? It doesn&#8217;t matter: invent, be seen, wear beautiful clothes, meet the people who make up the world. Exaggerate? You know why you&#8217;re wearing lightweight dresses with a seventies vibe? and how to explain that sudden craving for vinyl-effect thigh-high boots. Some people do&#8230;some people- when it comes to Yseult Williams&#8217; latest book, &#8220;Empress of Fashion&#8221;.      <\/p>\n<p>They hold the reins of our desires, and are the puppeteers responsible for our compulsive shopping sprees&#8230; So much power: enough to frighten and intimidate. It&#8217;s enough to turn you into a devil&#8230;<br \/>\nPerfect characters for films and novels, editors like Anna Wintour have all the elements needed to become bestsellers: independent women who combine career and family life, who have made their mark in the world of journalism, and who can now terrorize interns. Because they&#8217;re women, because they&#8217;re successful and because they evolve in a world of glitter, dark glasses and famous artists, they arouse all kinds of fantasies. <\/p>\n<p>Yseult Williams, whose CV is to die for (Editorial Director of Marie France, she notably relaunched Lui alongside Fr\u00e9d\u00e9ric Beigbeider in 2013 or directed Grazia&#8230;), paints a portrait of six visionary women who have marked and influenced the history of fashion.<\/p>\n<p>Available in bookshops from September 24, &#8220;Imp\u00e9ratrice de la mode&#8221; sheds new light on the mystery surrounding women who will be remembered not only for the anecdotes surrounding their characters, but also for their contribution to the changes in the women&#8217;s press and the emancipation of women.<\/p>\n<p>Different backgrounds and life stories: there&#8217;s no magic formula for making it to the top. Except perhaps the classic determinism that characterizes Edna Woolman Chase (Vogue 1914-1952), Carmel Snow (Harper&#8217;s Bazaar 1934-1958), Marcelle Auclair (Marie-Claire 1937-1977) , H\u00e9l\u00e8ne Lazareff (Elle 1945-1973) , Diana Vreeland (Vogue 1962-1971) and Anna Wintour (Vogue director since 1984), made famous to the general public in the guise of Meryl Streep. <\/p>\n<p><a href=\"https:\/\/www.luxsure.fr\/wp-content\/uploads\/2015\/08\/giphy1.gif\" data-rel=\"penci-gallery-image-content\" ><img decoding=\"async\" class=\"size-full wp-image-148697 aligncenter lazyload\" data-src=\"https:\/\/www.luxsure.fr\/wp-content\/uploads\/2015\/08\/giphy1.gif\" alt=\"giphy\" width=\"500\" height=\"281\" src=\"data:image\/svg+xml;base64,PHN2ZyB3aWR0aD0iMSIgaGVpZ2h0PSIxIiB4bWxucz0iaHR0cDovL3d3dy53My5vcmcvMjAwMC9zdmciPjwvc3ZnPg==\" style=\"--smush-placeholder-width: 500px; --smush-placeholder-aspect-ratio: 500\/281;\" \/><\/a><\/p>\n<p>The start of the new literary season, and the arrival of Fashion Week, are further arguments for immersing oneself in these unsettling tales, which belie preconceived notions of the futility and flatness of this milieu. In fact, it&#8217;s nothing of the sort. A subject as legitimate as any other, treated with the journalistic verve of Yseult Williams.  <\/p>\n<p>&nbsp;<\/p>\n<p>&nbsp;<\/p>\n","protected":false},"excerpt":{"rendered":"<p>A world we hate or admire, a world we try to enter and can&#8217;t escape: fashion, fashion, fashion again. To do what? It doesn&#8217;t matter: invent, be seen, wear beautiful&hellip;<\/p>\n","protected":false},"author":165,"featured_media":829902,"comment_status":"closed","ping_status":"closed","sticky":false,"template":"","format":"standard","meta":{"_lmt_disableupdate":"","_lmt_disable":"","footnotes":""},"categories":[30094,30432,52709],"tags":[52718,71663,63766,71656,57582,71660,71669,60798,63132,71666,71657,61604,71667,56312,52723,52715,54188,71658,71662],"class_list":["post-2039261","post","type-post","status-publish","format-standard","has-post-thumbnail","hentry","category-culture-en","category-fashion-week-en","category-thefashion","tag-anna-wintour","tag-camel-snow","tag-diana-vreeland","tag-edna-woolman-chase","tag-elle","tag-empresses-of-fashion","tag-frederic-beigbeider","tag-grazia","tag-harpers-bazaar","tag-him","tag-marcelle-auclair","tag-marie-claire","tag-marie-france","tag-rentree-litteraire","tag-the-devil-wears-prada","tag-vogue","tag-vogue-paris","tag-vogue-us","tag-yseult-williams"],"yoast_head":"<!-- This site is optimized with the Yoast SEO plugin v27.5 - https:\/\/yoast.com\/product\/yoast-seo-wordpress\/ -->\n<title>The &quot;Empresses of Fashion&quot; to kick off the new literary season. - Luxsure<\/title>\n<meta name=\"robots\" content=\"index, follow, max-snippet:-1, max-image-preview:large, max-video-preview:-1\" \/>\n<link rel=\"canonical\" href=\"https:\/\/www.luxsure.fr\/en\/2015\/09\/02\/the-empresses-of-fashion-to-kick-off-the-new-literary-season\/\" \/>\n<meta name=\"twitter:label1\" content=\"Written by\" \/>\n\t<meta name=\"twitter:data1\" content=\"Manon Renault\" \/>\n\t<meta name=\"twitter:label2\" content=\"Est. reading time\" \/>\n\t<meta name=\"twitter:data2\" content=\"2 minutes\" \/>\n<script type=\"application\/ld+json\" class=\"yoast-schema-graph\">{\"@context\":\"https:\\\/\\\/schema.org\",\"@graph\":[{\"@type\":\"Article\",\"@id\":\"https:\\\/\\\/www.luxsure.fr\\\/en\\\/2015\\\/09\\\/02\\\/the-empresses-of-fashion-to-kick-off-the-new-literary-season\\\/#article\",\"isPartOf\":{\"@id\":\"https:\\\/\\\/www.luxsure.fr\\\/en\\\/2015\\\/09\\\/02\\\/the-empresses-of-fashion-to-kick-off-the-new-literary-season\\\/\"},\"author\":{\"name\":\"Manon Renault\",\"@id\":\"https:\\\/\\\/www.luxsure.fr\\\/#\\\/schema\\\/person\\\/1e93b27d425d5afc157cd8452ca61da8\"},\"headline\":\"The &#8220;Empresses of Fashion&#8221; to kick off the new literary season.\",\"datePublished\":\"2015-09-02T07:59:44+00:00\",\"dateModified\":\"2026-05-01T17:42:18+00:00\",\"mainEntityOfPage\":{\"@id\":\"https:\\\/\\\/www.luxsure.fr\\\/en\\\/2015\\\/09\\\/02\\\/the-empresses-of-fashion-to-kick-off-the-new-literary-season\\\/\"},\"wordCount\":412,\"publisher\":{\"@id\":\"https:\\\/\\\/www.luxsure.fr\\\/#organization\"},\"image\":{\"@id\":\"https:\\\/\\\/www.luxsure.fr\\\/en\\\/2015\\\/09\\\/02\\\/the-empresses-of-fashion-to-kick-off-the-new-literary-season\\\/#primaryimage\"},\"thumbnailUrl\":\"https:\\\/\\\/www.luxsure.fr\\\/wp-content\\\/uploads\\\/2015\\\/08\\\/couv-imp\u00e9ratrices-1.jpg\",\"keywords\":[\"Anna Wintour\",\"Camel Snow\",\"diana vreeland\",\"Edna Woolman Chase\",\"ELLE\",\"Empresses of fashion\",\"Fr\u00e9d\u00e9ric Beigbeider\",\"Grazia\",\"harper's bazaar\",\"Him\",\"Marcelle Auclair\",\"marie claire\",\"Marie France\",\"rentr\u00e9e litt\u00e9raire\",\"The Devil Wears Prada\",\"Vogue\",\"vogue paris\",\"Vogue Us\",\"Yseult Williams\"],\"articleSection\":[\"Culture\",\"Fashion Week\",\"The Fashion\"],\"inLanguage\":\"en-US\"},{\"@type\":\"WebPage\",\"@id\":\"https:\\\/\\\/www.luxsure.fr\\\/en\\\/2015\\\/09\\\/02\\\/the-empresses-of-fashion-to-kick-off-the-new-literary-season\\\/\",\"url\":\"https:\\\/\\\/www.luxsure.fr\\\/en\\\/2015\\\/09\\\/02\\\/the-empresses-of-fashion-to-kick-off-the-new-literary-season\\\/\",\"name\":\"The \\\"Empresses of Fashion\\\" to kick off the new literary season. - Luxsure\",\"isPartOf\":{\"@id\":\"https:\\\/\\\/www.luxsure.fr\\\/#website\"},\"primaryImageOfPage\":{\"@id\":\"https:\\\/\\\/www.luxsure.fr\\\/en\\\/2015\\\/09\\\/02\\\/the-empresses-of-fashion-to-kick-off-the-new-literary-season\\\/#primaryimage\"},\"image\":{\"@id\":\"https:\\\/\\\/www.luxsure.fr\\\/en\\\/2015\\\/09\\\/02\\\/the-empresses-of-fashion-to-kick-off-the-new-literary-season\\\/#primaryimage\"},\"thumbnailUrl\":\"https:\\\/\\\/www.luxsure.fr\\\/wp-content\\\/uploads\\\/2015\\\/08\\\/couv-imp\u00e9ratrices-1.jpg\",\"datePublished\":\"2015-09-02T07:59:44+00:00\",\"dateModified\":\"2026-05-01T17:42:18+00:00\",\"breadcrumb\":{\"@id\":\"https:\\\/\\\/www.luxsure.fr\\\/en\\\/2015\\\/09\\\/02\\\/the-empresses-of-fashion-to-kick-off-the-new-literary-season\\\/#breadcrumb\"},\"inLanguage\":\"en-US\",\"potentialAction\":[{\"@type\":\"ReadAction\",\"target\":[\"https:\\\/\\\/www.luxsure.fr\\\/en\\\/2015\\\/09\\\/02\\\/the-empresses-of-fashion-to-kick-off-the-new-literary-season\\\/\"]}]},{\"@type\":\"ImageObject\",\"inLanguage\":\"en-US\",\"@id\":\"https:\\\/\\\/www.luxsure.fr\\\/en\\\/2015\\\/09\\\/02\\\/the-empresses-of-fashion-to-kick-off-the-new-literary-season\\\/#primaryimage\",\"url\":\"https:\\\/\\\/www.luxsure.fr\\\/wp-content\\\/uploads\\\/2015\\\/08\\\/couv-imp\u00e9ratrices-1.jpg\",\"contentUrl\":\"https:\\\/\\\/www.luxsure.fr\\\/wp-content\\\/uploads\\\/2015\\\/08\\\/couv-imp\u00e9ratrices-1.jpg\",\"width\":1654,\"height\":2658},{\"@type\":\"BreadcrumbList\",\"@id\":\"https:\\\/\\\/www.luxsure.fr\\\/en\\\/2015\\\/09\\\/02\\\/the-empresses-of-fashion-to-kick-off-the-new-literary-season\\\/#breadcrumb\",\"itemListElement\":[{\"@type\":\"ListItem\",\"position\":1,\"name\":\"Accueil\",\"item\":\"https:\\\/\\\/www.luxsure.fr\\\/\"},{\"@type\":\"ListItem\",\"position\":2,\"name\":\"The &#8220;Empresses of Fashion&#8221; to kick off the new literary season.\"}]},{\"@type\":\"WebSite\",\"@id\":\"https:\\\/\\\/www.luxsure.fr\\\/#website\",\"url\":\"https:\\\/\\\/www.luxsure.fr\\\/\",\"name\":\"Luxsure\",\"description\":\"UNE CERTAINE VISION DU LUXE\",\"publisher\":{\"@id\":\"https:\\\/\\\/www.luxsure.fr\\\/#organization\"},\"potentialAction\":[{\"@type\":\"SearchAction\",\"target\":{\"@type\":\"EntryPoint\",\"urlTemplate\":\"https:\\\/\\\/www.luxsure.fr\\\/?s={search_term_string}\"},\"query-input\":{\"@type\":\"PropertyValueSpecification\",\"valueRequired\":true,\"valueName\":\"search_term_string\"}}],\"inLanguage\":\"en-US\"},{\"@type\":\"Organization\",\"@id\":\"https:\\\/\\\/www.luxsure.fr\\\/#organization\",\"name\":\"Luxsure\",\"url\":\"https:\\\/\\\/www.luxsure.fr\\\/\",\"logo\":{\"@type\":\"ImageObject\",\"inLanguage\":\"en-US\",\"@id\":\"https:\\\/\\\/www.luxsure.fr\\\/#\\\/schema\\\/logo\\\/image\\\/\",\"url\":\"https:\\\/\\\/i0.wp.com\\\/www.luxsure.fr\\\/wp-content\\\/uploads\\\/2015\\\/10\\\/Capture-d\u2019\u00e9cran-2015-08-19-\u00e0-10.51.48.png?fit=551%2C400&ssl=1\",\"contentUrl\":\"https:\\\/\\\/i0.wp.com\\\/www.luxsure.fr\\\/wp-content\\\/uploads\\\/2015\\\/10\\\/Capture-d\u2019\u00e9cran-2015-08-19-\u00e0-10.51.48.png?fit=551%2C400&ssl=1\",\"width\":551,\"height\":400,\"caption\":\"Luxsure\"},\"image\":{\"@id\":\"https:\\\/\\\/www.luxsure.fr\\\/#\\\/schema\\\/logo\\\/image\\\/\"}},{\"@type\":\"Person\",\"@id\":\"https:\\\/\\\/www.luxsure.fr\\\/#\\\/schema\\\/person\\\/1e93b27d425d5afc157cd8452ca61da8\",\"name\":\"Manon Renault\",\"image\":{\"@type\":\"ImageObject\",\"inLanguage\":\"en-US\",\"@id\":\"https:\\\/\\\/secure.gravatar.com\\\/avatar\\\/282f48291edd31aea5b71155a33dd578addbd59a3b0349c9d5798811feb71d9b?s=96&d=mm&r=g\",\"url\":\"https:\\\/\\\/secure.gravatar.com\\\/avatar\\\/282f48291edd31aea5b71155a33dd578addbd59a3b0349c9d5798811feb71d9b?s=96&d=mm&r=g\",\"contentUrl\":\"https:\\\/\\\/secure.gravatar.com\\\/avatar\\\/282f48291edd31aea5b71155a33dd578addbd59a3b0349c9d5798811feb71d9b?s=96&d=mm&r=g\",\"caption\":\"Manon Renault\"},\"sameAs\":[\"https:\\\/\\\/manonrenault.wordpress.com\",\"https:\\\/\\\/www.facebook.com\\\/manonrnlt0\\\/?ref=aymt_homepage_panel#\",\"https:\\\/\\\/x.com\\\/@MannRnlt\"],\"url\":\"https:\\\/\\\/www.luxsure.fr\\\/en\\\/author\\\/manon-renault\\\/\"}]}<\/script>\n<!-- \/ Yoast SEO plugin. -->","yoast_head_json":{"title":"The \"Empresses of Fashion\" to kick off the new literary season. - Luxsure","robots":{"index":"index","follow":"follow","max-snippet":"max-snippet:-1","max-image-preview":"max-image-preview:large","max-video-preview":"max-video-preview:-1"},"canonical":"https:\/\/www.luxsure.fr\/en\/2015\/09\/02\/the-empresses-of-fashion-to-kick-off-the-new-literary-season\/","twitter_misc":{"Written by":"Manon Renault","Est. reading time":"2 minutes"},"schema":{"@context":"https:\/\/schema.org","@graph":[{"@type":"Article","@id":"https:\/\/www.luxsure.fr\/en\/2015\/09\/02\/the-empresses-of-fashion-to-kick-off-the-new-literary-season\/#article","isPartOf":{"@id":"https:\/\/www.luxsure.fr\/en\/2015\/09\/02\/the-empresses-of-fashion-to-kick-off-the-new-literary-season\/"},"author":{"name":"Manon Renault","@id":"https:\/\/www.luxsure.fr\/#\/schema\/person\/1e93b27d425d5afc157cd8452ca61da8"},"headline":"The &#8220;Empresses of Fashion&#8221; to kick off the new literary season.","datePublished":"2015-09-02T07:59:44+00:00","dateModified":"2026-05-01T17:42:18+00:00","mainEntityOfPage":{"@id":"https:\/\/www.luxsure.fr\/en\/2015\/09\/02\/the-empresses-of-fashion-to-kick-off-the-new-literary-season\/"},"wordCount":412,"publisher":{"@id":"https:\/\/www.luxsure.fr\/#organization"},"image":{"@id":"https:\/\/www.luxsure.fr\/en\/2015\/09\/02\/the-empresses-of-fashion-to-kick-off-the-new-literary-season\/#primaryimage"},"thumbnailUrl":"https:\/\/www.luxsure.fr\/wp-content\/uploads\/2015\/08\/couv-imp\u00e9ratrices-1.jpg","keywords":["Anna Wintour","Camel Snow","diana vreeland","Edna Woolman Chase","ELLE","Empresses of fashion","Fr\u00e9d\u00e9ric Beigbeider","Grazia","harper's bazaar","Him","Marcelle Auclair","marie claire","Marie France","rentr\u00e9e litt\u00e9raire","The Devil Wears Prada","Vogue","vogue paris","Vogue Us","Yseult Williams"],"articleSection":["Culture","Fashion Week","The Fashion"],"inLanguage":"en-US"},{"@type":"WebPage","@id":"https:\/\/www.luxsure.fr\/en\/2015\/09\/02\/the-empresses-of-fashion-to-kick-off-the-new-literary-season\/","url":"https:\/\/www.luxsure.fr\/en\/2015\/09\/02\/the-empresses-of-fashion-to-kick-off-the-new-literary-season\/","name":"The \"Empresses of Fashion\" to kick off the new literary season. - Luxsure","isPartOf":{"@id":"https:\/\/www.luxsure.fr\/#website"},"primaryImageOfPage":{"@id":"https:\/\/www.luxsure.fr\/en\/2015\/09\/02\/the-empresses-of-fashion-to-kick-off-the-new-literary-season\/#primaryimage"},"image":{"@id":"https:\/\/www.luxsure.fr\/en\/2015\/09\/02\/the-empresses-of-fashion-to-kick-off-the-new-literary-season\/#primaryimage"},"thumbnailUrl":"https:\/\/www.luxsure.fr\/wp-content\/uploads\/2015\/08\/couv-imp\u00e9ratrices-1.jpg","datePublished":"2015-09-02T07:59:44+00:00","dateModified":"2026-05-01T17:42:18+00:00","breadcrumb":{"@id":"https:\/\/www.luxsure.fr\/en\/2015\/09\/02\/the-empresses-of-fashion-to-kick-off-the-new-literary-season\/#breadcrumb"},"inLanguage":"en-US","potentialAction":[{"@type":"ReadAction","target":["https:\/\/www.luxsure.fr\/en\/2015\/09\/02\/the-empresses-of-fashion-to-kick-off-the-new-literary-season\/"]}]},{"@type":"ImageObject","inLanguage":"en-US","@id":"https:\/\/www.luxsure.fr\/en\/2015\/09\/02\/the-empresses-of-fashion-to-kick-off-the-new-literary-season\/#primaryimage","url":"https:\/\/www.luxsure.fr\/wp-content\/uploads\/2015\/08\/couv-imp\u00e9ratrices-1.jpg","contentUrl":"https:\/\/www.luxsure.fr\/wp-content\/uploads\/2015\/08\/couv-imp\u00e9ratrices-1.jpg","width":1654,"height":2658},{"@type":"BreadcrumbList","@id":"https:\/\/www.luxsure.fr\/en\/2015\/09\/02\/the-empresses-of-fashion-to-kick-off-the-new-literary-season\/#breadcrumb","itemListElement":[{"@type":"ListItem","position":1,"name":"Accueil","item":"https:\/\/www.luxsure.fr\/"},{"@type":"ListItem","position":2,"name":"The &#8220;Empresses of Fashion&#8221; to kick off the new literary season."}]},{"@type":"WebSite","@id":"https:\/\/www.luxsure.fr\/#website","url":"https:\/\/www.luxsure.fr\/","name":"Luxsure","description":"UNE CERTAINE VISION DU LUXE","publisher":{"@id":"https:\/\/www.luxsure.fr\/#organization"},"potentialAction":[{"@type":"SearchAction","target":{"@type":"EntryPoint","urlTemplate":"https:\/\/www.luxsure.fr\/?s={search_term_string}"},"query-input":{"@type":"PropertyValueSpecification","valueRequired":true,"valueName":"search_term_string"}}],"inLanguage":"en-US"},{"@type":"Organization","@id":"https:\/\/www.luxsure.fr\/#organization","name":"Luxsure","url":"https:\/\/www.luxsure.fr\/","logo":{"@type":"ImageObject","inLanguage":"en-US","@id":"https:\/\/www.luxsure.fr\/#\/schema\/logo\/image\/","url":"https:\/\/i0.wp.com\/www.luxsure.fr\/wp-content\/uploads\/2015\/10\/Capture-d\u2019\u00e9cran-2015-08-19-\u00e0-10.51.48.png?fit=551%2C400&ssl=1","contentUrl":"https:\/\/i0.wp.com\/www.luxsure.fr\/wp-content\/uploads\/2015\/10\/Capture-d\u2019\u00e9cran-2015-08-19-\u00e0-10.51.48.png?fit=551%2C400&ssl=1","width":551,"height":400,"caption":"Luxsure"},"image":{"@id":"https:\/\/www.luxsure.fr\/#\/schema\/logo\/image\/"}},{"@type":"Person","@id":"https:\/\/www.luxsure.fr\/#\/schema\/person\/1e93b27d425d5afc157cd8452ca61da8","name":"Manon Renault","image":{"@type":"ImageObject","inLanguage":"en-US","@id":"https:\/\/secure.gravatar.com\/avatar\/282f48291edd31aea5b71155a33dd578addbd59a3b0349c9d5798811feb71d9b?s=96&d=mm&r=g","url":"https:\/\/secure.gravatar.com\/avatar\/282f48291edd31aea5b71155a33dd578addbd59a3b0349c9d5798811feb71d9b?s=96&d=mm&r=g","contentUrl":"https:\/\/secure.gravatar.com\/avatar\/282f48291edd31aea5b71155a33dd578addbd59a3b0349c9d5798811feb71d9b?s=96&d=mm&r=g","caption":"Manon Renault"},"sameAs":["https:\/\/manonrenault.wordpress.com","https:\/\/www.facebook.com\/manonrnlt0\/?ref=aymt_homepage_panel#","https:\/\/x.com\/@MannRnlt"],"url":"https:\/\/www.luxsure.fr\/en\/author\/manon-renault\/"}]}},"_links":{"self":[{"href":"https:\/\/www.luxsure.fr\/en\/wp-json\/wp\/v2\/posts\/2039261","targetHints":{"allow":["GET"]}}],"collection":[{"href":"https:\/\/www.luxsure.fr\/en\/wp-json\/wp\/v2\/posts"}],"about":[{"href":"https:\/\/www.luxsure.fr\/en\/wp-json\/wp\/v2\/types\/post"}],"author":[{"embeddable":true,"href":"https:\/\/www.luxsure.fr\/en\/wp-json\/wp\/v2\/users\/165"}],"replies":[{"embeddable":true,"href":"https:\/\/www.luxsure.fr\/en\/wp-json\/wp\/v2\/comments?post=2039261"}],"version-history":[{"count":0,"href":"https:\/\/www.luxsure.fr\/en\/wp-json\/wp\/v2\/posts\/2039261\/revisions"}],"wp:featuredmedia":[{"embeddable":true,"href":"https:\/\/www.luxsure.fr\/en\/wp-json\/wp\/v2\/media\/829902"}],"wp:attachment":[{"href":"https:\/\/www.luxsure.fr\/en\/wp-json\/wp\/v2\/media?parent=2039261"}],"wp:term":[{"taxonomy":"category","embeddable":true,"href":"https:\/\/www.luxsure.fr\/en\/wp-json\/wp\/v2\/categories?post=2039261"},{"taxonomy":"post_tag","embeddable":true,"href":"https:\/\/www.luxsure.fr\/en\/wp-json\/wp\/v2\/tags?post=2039261"}],"curies":[{"name":"wp","href":"https:\/\/api.w.org\/{rel}","templated":true}]}}