{"id":2037941,"date":"2014-01-16T20:57:58","date_gmt":"2014-01-16T19:57:58","guid":{"rendered":"https:\/\/www.luxsure.fr\/2014\/01\/16\/le-mondial-du-tatouage-a-cultural-event-first-and-foremost\/"},"modified":"2026-04-30T11:42:58","modified_gmt":"2026-04-30T09:42:58","slug":"le-mondial-du-tatouage-a-cultural-event-first-and-foremost","status":"publish","type":"post","link":"https:\/\/www.luxsure.fr\/en\/2014\/01\/16\/le-mondial-du-tatouage-a-cultural-event-first-and-foremost\/","title":{"rendered":"Le Mondial du Tatouage &#8211; a cultural event first and foremost!"},"content":{"rendered":"<p><a href=\"https:\/\/www.luxsure.fr\/wp-content\/uploads\/2014\/01\/Mondial-du-Tatouage-2014-web-preview-682x1024.jpg\" data-rel=\"penci-gallery-image-content\" ><img decoding=\"async\" class=\"aligncenter lazyload\" alt=\"Mondial-du-Tatouage-2014-web-preview-682x1024\" data-src=\"https:\/\/www.luxsure.fr\/wp-content\/uploads\/2014\/01\/Mondial-du-Tatouage-2014-web-preview-682x1024-199x300.jpg\" width=\"264\" height=\"397\" src=\"data:image\/svg+xml;base64,PHN2ZyB3aWR0aD0iMSIgaGVpZ2h0PSIxIiB4bWxucz0iaHR0cDovL3d3dy53My5vcmcvMjAwMC9zdmciPjwvc3ZnPg==\" style=\"--smush-placeholder-width: 264px; --smush-placeholder-aspect-ratio: 264\/397;\" \/><\/a><\/p>\n<p>On March 7, 8 and 9, the Mondial du Tatouage 2014 will be held at the Grande Halle de la Villette in Paris.<\/p>\n<p>Boosted by an attendance of over 15,000 last year, the organizers have equipped the event with a new, larger space in order to welcome as many people as possible in the best possible conditions.<\/p>\n<p>The Mondial du Tatouage is first and foremost a cultural event, designed to bring tattoo artists and their future customers closer together, but also a convivial one, with concerts and exhibitions.<\/p>\n<p>This year, over 300 tattoo artists will be on hand, 40% of them new personalities. Each and every one of them, from 29 different countries, will be demonstrating their tattoo techniques and styles. Whether traditional or modern, symbolic or aesthetic, tattooing will be in the spotlight. Visitors come not only to discover new talent, but also to show off their tattoos, so you&#8217;re sure to be impressed!   <\/p>\n<p>Because tattooing is all about culture, a mix of the traditional and the modern, and a great deal of symbolism. It&#8217;s this cosmopolitan side that the Mondial du Tatouage aims to share with the general public, as well as showcasing the very best in tattooing. <\/p>\n<p>This year&#8217;s honorary president of the Mondial is singer T\u00e9t\u00e9, a tattoo enthusiast who has created the &#8220;Tattoo by T\u00e9t\u00e9&#8221; show, a short program featuring guests talking about the symbolism of their tattoos. He will be joined by Tin-tin, President of the Syndicat National des Tatoueurs and a true artist in his field. <\/p>\n<p>Tattoo competitions will be held throughout the Mondial, as well as rock concerts and an exhibition in partnership with the Mus\u00e9e du Quai Branly, featuring top tattoo artists.<\/p>\n<p>&nbsp;<\/p>\n","protected":false},"excerpt":{"rendered":"<p>On March 7, 8 and 9, the Mondial du Tatouage 2014 will be held at the Grande Halle de la Villette in Paris. Boosted by an attendance of over 15,000&hellip;<\/p>\n","protected":false},"author":132,"featured_media":670526,"comment_status":"open","ping_status":"open","sticky":false,"template":"","format":"standard","meta":{"_lmt_disableupdate":"","_lmt_disable":"","footnotes":""},"categories":[30407,30094],"tags":[60576,62469,70292,70289,70291,70290],"class_list":["post-2037941","post","type-post","status-publish","format-standard","has-post-thumbnail","hentry","category-art-of-living","category-culture-en","tag-concert","tag-tattoo","tag-tattoo-3","tag-tattoo-world-2014","tag-tete","tag-tin-tin"],"yoast_head":"<!-- This site is optimized with the Yoast SEO plugin v27.5 - https:\/\/yoast.com\/product\/yoast-seo-wordpress\/ -->\n<title>Le Mondial du Tatouage - a cultural event first and foremost! - Luxsure<\/title>\n<meta name=\"robots\" content=\"index, follow, max-snippet:-1, max-image-preview:large, max-video-preview:-1\" \/>\n<link rel=\"canonical\" href=\"https:\/\/www.luxsure.fr\/en\/2014\/01\/16\/le-mondial-du-tatouage-a-cultural-event-first-and-foremost\/\" \/>\n<meta name=\"twitter:label1\" content=\"Written by\" \/>\n\t<meta name=\"twitter:data1\" content=\"Charlotte Agier\" \/>\n\t<meta name=\"twitter:label2\" content=\"Est. reading time\" \/>\n\t<meta name=\"twitter:data2\" content=\"1 minute\" \/>\n<script type=\"application\/ld+json\" class=\"yoast-schema-graph\">{\"@context\":\"https:\\\/\\\/schema.org\",\"@graph\":[{\"@type\":\"Article\",\"@id\":\"https:\\\/\\\/www.luxsure.fr\\\/en\\\/2014\\\/01\\\/16\\\/le-mondial-du-tatouage-a-cultural-event-first-and-foremost\\\/#article\",\"isPartOf\":{\"@id\":\"https:\\\/\\\/www.luxsure.fr\\\/en\\\/2014\\\/01\\\/16\\\/le-mondial-du-tatouage-a-cultural-event-first-and-foremost\\\/\"},\"author\":{\"name\":\"Charlotte Agier\",\"@id\":\"https:\\\/\\\/www.luxsure.fr\\\/#\\\/schema\\\/person\\\/55e63bae0f5c49d85a4b8217d1c2af8f\"},\"headline\":\"Le Mondial du Tatouage &#8211; a cultural event first and foremost!\",\"datePublished\":\"2014-01-16T19:57:58+00:00\",\"dateModified\":\"2026-04-30T09:42:58+00:00\",\"mainEntityOfPage\":{\"@id\":\"https:\\\/\\\/www.luxsure.fr\\\/en\\\/2014\\\/01\\\/16\\\/le-mondial-du-tatouage-a-cultural-event-first-and-foremost\\\/\"},\"wordCount\":291,\"commentCount\":0,\"publisher\":{\"@id\":\"https:\\\/\\\/www.luxsure.fr\\\/#organization\"},\"image\":{\"@id\":\"https:\\\/\\\/www.luxsure.fr\\\/en\\\/2014\\\/01\\\/16\\\/le-mondial-du-tatouage-a-cultural-event-first-and-foremost\\\/#primaryimage\"},\"thumbnailUrl\":\"https:\\\/\\\/www.luxsure.fr\\\/wp-content\\\/uploads\\\/2014\\\/01\\\/les-7-8-et-9-mars-2014-toutes-au-mondial1.jpg\",\"keywords\":[\"Concert\",\"tattoo\",\"tattoo\",\"tattoo world 2014\",\"tete\",\"tin-tin\"],\"articleSection\":[\"Art of living\",\"Culture\"],\"inLanguage\":\"en-US\",\"potentialAction\":[{\"@type\":\"CommentAction\",\"name\":\"Comment\",\"target\":[\"https:\\\/\\\/www.luxsure.fr\\\/en\\\/2014\\\/01\\\/16\\\/le-mondial-du-tatouage-a-cultural-event-first-and-foremost\\\/#respond\"]}]},{\"@type\":\"WebPage\",\"@id\":\"https:\\\/\\\/www.luxsure.fr\\\/en\\\/2014\\\/01\\\/16\\\/le-mondial-du-tatouage-a-cultural-event-first-and-foremost\\\/\",\"url\":\"https:\\\/\\\/www.luxsure.fr\\\/en\\\/2014\\\/01\\\/16\\\/le-mondial-du-tatouage-a-cultural-event-first-and-foremost\\\/\",\"name\":\"Le Mondial du Tatouage - a cultural event first and foremost! - Luxsure\",\"isPartOf\":{\"@id\":\"https:\\\/\\\/www.luxsure.fr\\\/#website\"},\"primaryImageOfPage\":{\"@id\":\"https:\\\/\\\/www.luxsure.fr\\\/en\\\/2014\\\/01\\\/16\\\/le-mondial-du-tatouage-a-cultural-event-first-and-foremost\\\/#primaryimage\"},\"image\":{\"@id\":\"https:\\\/\\\/www.luxsure.fr\\\/en\\\/2014\\\/01\\\/16\\\/le-mondial-du-tatouage-a-cultural-event-first-and-foremost\\\/#primaryimage\"},\"thumbnailUrl\":\"https:\\\/\\\/www.luxsure.fr\\\/wp-content\\\/uploads\\\/2014\\\/01\\\/les-7-8-et-9-mars-2014-toutes-au-mondial1.jpg\",\"datePublished\":\"2014-01-16T19:57:58+00:00\",\"dateModified\":\"2026-04-30T09:42:58+00:00\",\"breadcrumb\":{\"@id\":\"https:\\\/\\\/www.luxsure.fr\\\/en\\\/2014\\\/01\\\/16\\\/le-mondial-du-tatouage-a-cultural-event-first-and-foremost\\\/#breadcrumb\"},\"inLanguage\":\"en-US\",\"potentialAction\":[{\"@type\":\"ReadAction\",\"target\":[\"https:\\\/\\\/www.luxsure.fr\\\/en\\\/2014\\\/01\\\/16\\\/le-mondial-du-tatouage-a-cultural-event-first-and-foremost\\\/\"]}]},{\"@type\":\"ImageObject\",\"inLanguage\":\"en-US\",\"@id\":\"https:\\\/\\\/www.luxsure.fr\\\/en\\\/2014\\\/01\\\/16\\\/le-mondial-du-tatouage-a-cultural-event-first-and-foremost\\\/#primaryimage\",\"url\":\"https:\\\/\\\/www.luxsure.fr\\\/wp-content\\\/uploads\\\/2014\\\/01\\\/les-7-8-et-9-mars-2014-toutes-au-mondial1.jpg\",\"contentUrl\":\"https:\\\/\\\/www.luxsure.fr\\\/wp-content\\\/uploads\\\/2014\\\/01\\\/les-7-8-et-9-mars-2014-toutes-au-mondial1.jpg\",\"width\":506,\"height\":301},{\"@type\":\"BreadcrumbList\",\"@id\":\"https:\\\/\\\/www.luxsure.fr\\\/en\\\/2014\\\/01\\\/16\\\/le-mondial-du-tatouage-a-cultural-event-first-and-foremost\\\/#breadcrumb\",\"itemListElement\":[{\"@type\":\"ListItem\",\"position\":1,\"name\":\"Accueil\",\"item\":\"https:\\\/\\\/www.luxsure.fr\\\/\"},{\"@type\":\"ListItem\",\"position\":2,\"name\":\"Le Mondial du Tatouage &#8211; a cultural event first and foremost!\"}]},{\"@type\":\"WebSite\",\"@id\":\"https:\\\/\\\/www.luxsure.fr\\\/#website\",\"url\":\"https:\\\/\\\/www.luxsure.fr\\\/\",\"name\":\"Luxsure\",\"description\":\"UNE CERTAINE VISION DU LUXE\",\"publisher\":{\"@id\":\"https:\\\/\\\/www.luxsure.fr\\\/#organization\"},\"potentialAction\":[{\"@type\":\"SearchAction\",\"target\":{\"@type\":\"EntryPoint\",\"urlTemplate\":\"https:\\\/\\\/www.luxsure.fr\\\/?s={search_term_string}\"},\"query-input\":{\"@type\":\"PropertyValueSpecification\",\"valueRequired\":true,\"valueName\":\"search_term_string\"}}],\"inLanguage\":\"en-US\"},{\"@type\":\"Organization\",\"@id\":\"https:\\\/\\\/www.luxsure.fr\\\/#organization\",\"name\":\"Luxsure\",\"url\":\"https:\\\/\\\/www.luxsure.fr\\\/\",\"logo\":{\"@type\":\"ImageObject\",\"inLanguage\":\"en-US\",\"@id\":\"https:\\\/\\\/www.luxsure.fr\\\/#\\\/schema\\\/logo\\\/image\\\/\",\"url\":\"https:\\\/\\\/i0.wp.com\\\/www.luxsure.fr\\\/wp-content\\\/uploads\\\/2015\\\/10\\\/Capture-d\u2019\u00e9cran-2015-08-19-\u00e0-10.51.48.png?fit=551%2C400&ssl=1\",\"contentUrl\":\"https:\\\/\\\/i0.wp.com\\\/www.luxsure.fr\\\/wp-content\\\/uploads\\\/2015\\\/10\\\/Capture-d\u2019\u00e9cran-2015-08-19-\u00e0-10.51.48.png?fit=551%2C400&ssl=1\",\"width\":551,\"height\":400,\"caption\":\"Luxsure\"},\"image\":{\"@id\":\"https:\\\/\\\/www.luxsure.fr\\\/#\\\/schema\\\/logo\\\/image\\\/\"}},{\"@type\":\"Person\",\"@id\":\"https:\\\/\\\/www.luxsure.fr\\\/#\\\/schema\\\/person\\\/55e63bae0f5c49d85a4b8217d1c2af8f\",\"name\":\"Charlotte Agier\",\"image\":{\"@type\":\"ImageObject\",\"inLanguage\":\"en-US\",\"@id\":\"https:\\\/\\\/secure.gravatar.com\\\/avatar\\\/0a05245aa2bf2c2361b4667a7391d3afb978be29ec1d8908a6ba93fddb619307?s=96&d=mm&r=g\",\"url\":\"https:\\\/\\\/secure.gravatar.com\\\/avatar\\\/0a05245aa2bf2c2361b4667a7391d3afb978be29ec1d8908a6ba93fddb619307?s=96&d=mm&r=g\",\"contentUrl\":\"https:\\\/\\\/secure.gravatar.com\\\/avatar\\\/0a05245aa2bf2c2361b4667a7391d3afb978be29ec1d8908a6ba93fddb619307?s=96&d=mm&r=g\",\"caption\":\"Charlotte Agier\"},\"url\":\"https:\\\/\\\/www.luxsure.fr\\\/en\\\/author\\\/charlotte-agier\\\/\"}]}<\/script>\n<!-- \/ Yoast SEO plugin. -->","yoast_head_json":{"title":"Le Mondial du Tatouage - a cultural event first and foremost! - Luxsure","robots":{"index":"index","follow":"follow","max-snippet":"max-snippet:-1","max-image-preview":"max-image-preview:large","max-video-preview":"max-video-preview:-1"},"canonical":"https:\/\/www.luxsure.fr\/en\/2014\/01\/16\/le-mondial-du-tatouage-a-cultural-event-first-and-foremost\/","twitter_misc":{"Written by":"Charlotte Agier","Est. reading time":"1 minute"},"schema":{"@context":"https:\/\/schema.org","@graph":[{"@type":"Article","@id":"https:\/\/www.luxsure.fr\/en\/2014\/01\/16\/le-mondial-du-tatouage-a-cultural-event-first-and-foremost\/#article","isPartOf":{"@id":"https:\/\/www.luxsure.fr\/en\/2014\/01\/16\/le-mondial-du-tatouage-a-cultural-event-first-and-foremost\/"},"author":{"name":"Charlotte Agier","@id":"https:\/\/www.luxsure.fr\/#\/schema\/person\/55e63bae0f5c49d85a4b8217d1c2af8f"},"headline":"Le Mondial du Tatouage &#8211; a cultural event first and foremost!","datePublished":"2014-01-16T19:57:58+00:00","dateModified":"2026-04-30T09:42:58+00:00","mainEntityOfPage":{"@id":"https:\/\/www.luxsure.fr\/en\/2014\/01\/16\/le-mondial-du-tatouage-a-cultural-event-first-and-foremost\/"},"wordCount":291,"commentCount":0,"publisher":{"@id":"https:\/\/www.luxsure.fr\/#organization"},"image":{"@id":"https:\/\/www.luxsure.fr\/en\/2014\/01\/16\/le-mondial-du-tatouage-a-cultural-event-first-and-foremost\/#primaryimage"},"thumbnailUrl":"https:\/\/www.luxsure.fr\/wp-content\/uploads\/2014\/01\/les-7-8-et-9-mars-2014-toutes-au-mondial1.jpg","keywords":["Concert","tattoo","tattoo","tattoo world 2014","tete","tin-tin"],"articleSection":["Art of living","Culture"],"inLanguage":"en-US","potentialAction":[{"@type":"CommentAction","name":"Comment","target":["https:\/\/www.luxsure.fr\/en\/2014\/01\/16\/le-mondial-du-tatouage-a-cultural-event-first-and-foremost\/#respond"]}]},{"@type":"WebPage","@id":"https:\/\/www.luxsure.fr\/en\/2014\/01\/16\/le-mondial-du-tatouage-a-cultural-event-first-and-foremost\/","url":"https:\/\/www.luxsure.fr\/en\/2014\/01\/16\/le-mondial-du-tatouage-a-cultural-event-first-and-foremost\/","name":"Le Mondial du Tatouage - a cultural event first and foremost! - Luxsure","isPartOf":{"@id":"https:\/\/www.luxsure.fr\/#website"},"primaryImageOfPage":{"@id":"https:\/\/www.luxsure.fr\/en\/2014\/01\/16\/le-mondial-du-tatouage-a-cultural-event-first-and-foremost\/#primaryimage"},"image":{"@id":"https:\/\/www.luxsure.fr\/en\/2014\/01\/16\/le-mondial-du-tatouage-a-cultural-event-first-and-foremost\/#primaryimage"},"thumbnailUrl":"https:\/\/www.luxsure.fr\/wp-content\/uploads\/2014\/01\/les-7-8-et-9-mars-2014-toutes-au-mondial1.jpg","datePublished":"2014-01-16T19:57:58+00:00","dateModified":"2026-04-30T09:42:58+00:00","breadcrumb":{"@id":"https:\/\/www.luxsure.fr\/en\/2014\/01\/16\/le-mondial-du-tatouage-a-cultural-event-first-and-foremost\/#breadcrumb"},"inLanguage":"en-US","potentialAction":[{"@type":"ReadAction","target":["https:\/\/www.luxsure.fr\/en\/2014\/01\/16\/le-mondial-du-tatouage-a-cultural-event-first-and-foremost\/"]}]},{"@type":"ImageObject","inLanguage":"en-US","@id":"https:\/\/www.luxsure.fr\/en\/2014\/01\/16\/le-mondial-du-tatouage-a-cultural-event-first-and-foremost\/#primaryimage","url":"https:\/\/www.luxsure.fr\/wp-content\/uploads\/2014\/01\/les-7-8-et-9-mars-2014-toutes-au-mondial1.jpg","contentUrl":"https:\/\/www.luxsure.fr\/wp-content\/uploads\/2014\/01\/les-7-8-et-9-mars-2014-toutes-au-mondial1.jpg","width":506,"height":301},{"@type":"BreadcrumbList","@id":"https:\/\/www.luxsure.fr\/en\/2014\/01\/16\/le-mondial-du-tatouage-a-cultural-event-first-and-foremost\/#breadcrumb","itemListElement":[{"@type":"ListItem","position":1,"name":"Accueil","item":"https:\/\/www.luxsure.fr\/"},{"@type":"ListItem","position":2,"name":"Le Mondial du Tatouage &#8211; a cultural event first and foremost!"}]},{"@type":"WebSite","@id":"https:\/\/www.luxsure.fr\/#website","url":"https:\/\/www.luxsure.fr\/","name":"Luxsure","description":"UNE CERTAINE VISION DU LUXE","publisher":{"@id":"https:\/\/www.luxsure.fr\/#organization"},"potentialAction":[{"@type":"SearchAction","target":{"@type":"EntryPoint","urlTemplate":"https:\/\/www.luxsure.fr\/?s={search_term_string}"},"query-input":{"@type":"PropertyValueSpecification","valueRequired":true,"valueName":"search_term_string"}}],"inLanguage":"en-US"},{"@type":"Organization","@id":"https:\/\/www.luxsure.fr\/#organization","name":"Luxsure","url":"https:\/\/www.luxsure.fr\/","logo":{"@type":"ImageObject","inLanguage":"en-US","@id":"https:\/\/www.luxsure.fr\/#\/schema\/logo\/image\/","url":"https:\/\/i0.wp.com\/www.luxsure.fr\/wp-content\/uploads\/2015\/10\/Capture-d\u2019\u00e9cran-2015-08-19-\u00e0-10.51.48.png?fit=551%2C400&ssl=1","contentUrl":"https:\/\/i0.wp.com\/www.luxsure.fr\/wp-content\/uploads\/2015\/10\/Capture-d\u2019\u00e9cran-2015-08-19-\u00e0-10.51.48.png?fit=551%2C400&ssl=1","width":551,"height":400,"caption":"Luxsure"},"image":{"@id":"https:\/\/www.luxsure.fr\/#\/schema\/logo\/image\/"}},{"@type":"Person","@id":"https:\/\/www.luxsure.fr\/#\/schema\/person\/55e63bae0f5c49d85a4b8217d1c2af8f","name":"Charlotte Agier","image":{"@type":"ImageObject","inLanguage":"en-US","@id":"https:\/\/secure.gravatar.com\/avatar\/0a05245aa2bf2c2361b4667a7391d3afb978be29ec1d8908a6ba93fddb619307?s=96&d=mm&r=g","url":"https:\/\/secure.gravatar.com\/avatar\/0a05245aa2bf2c2361b4667a7391d3afb978be29ec1d8908a6ba93fddb619307?s=96&d=mm&r=g","contentUrl":"https:\/\/secure.gravatar.com\/avatar\/0a05245aa2bf2c2361b4667a7391d3afb978be29ec1d8908a6ba93fddb619307?s=96&d=mm&r=g","caption":"Charlotte Agier"},"url":"https:\/\/www.luxsure.fr\/en\/author\/charlotte-agier\/"}]}},"_links":{"self":[{"href":"https:\/\/www.luxsure.fr\/en\/wp-json\/wp\/v2\/posts\/2037941","targetHints":{"allow":["GET"]}}],"collection":[{"href":"https:\/\/www.luxsure.fr\/en\/wp-json\/wp\/v2\/posts"}],"about":[{"href":"https:\/\/www.luxsure.fr\/en\/wp-json\/wp\/v2\/types\/post"}],"author":[{"embeddable":true,"href":"https:\/\/www.luxsure.fr\/en\/wp-json\/wp\/v2\/users\/132"}],"replies":[{"embeddable":true,"href":"https:\/\/www.luxsure.fr\/en\/wp-json\/wp\/v2\/comments?post=2037941"}],"version-history":[{"count":0,"href":"https:\/\/www.luxsure.fr\/en\/wp-json\/wp\/v2\/posts\/2037941\/revisions"}],"wp:featuredmedia":[{"embeddable":true,"href":"https:\/\/www.luxsure.fr\/en\/wp-json\/wp\/v2\/media\/670526"}],"wp:attachment":[{"href":"https:\/\/www.luxsure.fr\/en\/wp-json\/wp\/v2\/media?parent=2037941"}],"wp:term":[{"taxonomy":"category","embeddable":true,"href":"https:\/\/www.luxsure.fr\/en\/wp-json\/wp\/v2\/categories?post=2037941"},{"taxonomy":"post_tag","embeddable":true,"href":"https:\/\/www.luxsure.fr\/en\/wp-json\/wp\/v2\/tags?post=2037941"}],"curies":[{"name":"wp","href":"https:\/\/api.w.org\/{rel}","templated":true}]}}