{"id":2037888,"date":"2013-12-18T16:26:57","date_gmt":"2013-12-18T15:26:57","guid":{"rendered":"https:\/\/www.luxsure.fr\/2013\/12\/18\/the-westin-paris-pays-tribute-to-yves-saint-laurent-with-the-release-of-the-biopic-on-january-8\/"},"modified":"2026-04-30T11:24:36","modified_gmt":"2026-04-30T09:24:36","slug":"the-westin-paris-pays-tribute-to-yves-saint-laurent-with-the-release-of-the-biopic-on-january-8","status":"publish","type":"post","link":"https:\/\/www.luxsure.fr\/en\/2013\/12\/18\/the-westin-paris-pays-tribute-to-yves-saint-laurent-with-the-release-of-the-biopic-on-january-8\/","title":{"rendered":"The Westin Paris pays tribute to Yves Saint Laurent with the release of the biopic on January 8"},"content":{"rendered":"<p><a href=\"https:\/\/www.luxsure.fr\/wp-content\/uploads\/2013\/12\/e1d7b33f-9772-4155-b569-aad593ceacdb@augure.jpg\" data-rel=\"penci-gallery-image-content\" ><img decoding=\"async\" class=\"aligncenter lazyload\" alt=\"e1d7b33f-9772-4155-b569-aad593ceacdb@augure\" data-src=\"https:\/\/www.luxsure.fr\/wp-content\/uploads\/2013\/12\/e1d7b33f-9772-4155-b569-aad593ceacdb@augure-226x300.jpg\" width=\"226\" height=\"300\" src=\"data:image\/svg+xml;base64,PHN2ZyB3aWR0aD0iMSIgaGVpZ2h0PSIxIiB4bWxucz0iaHR0cDovL3d3dy53My5vcmcvMjAwMC9zdmciPjwvc3ZnPg==\" style=\"--smush-placeholder-width: 226px; --smush-placeholder-aspect-ratio: 226\/300;\" \/><\/a><em><\/em><\/p>\n<p>To coincide with the January 8 cinema release of Jalil Lespert&#8217;s film &#8220;Yves Saint Laurent&#8221;, The Westin Paris &#8211; Vend\u00f4me is reaffirming its attachment to haute couture and its designers by exhibiting until January 31, 2014 twelve never-before-seen photos by photographers Thibault Grabherr and Anouchka de Williencourt depicting the film&#8217;s most striking and symbolic scenes, some of which were shot and filmed in the hotel&#8217;s Salon Imp\u00e9rial. Among them, the historic reconstruction of the triumphant fashion show from the great couturier&#8217;s Russian Opera-Ballet collection, presented in 1976 in the majestic Salon Imp\u00e9rial of The Westin Paris &#8211; Vend\u00f4me. <\/p>\n<p><a href=\"https:\/\/www.luxsure.fr\/wp-content\/uploads\/2013\/12\/c0959adc-e8cd-4cce-996f-48afd88cc6ae@augure.jpg\" data-rel=\"penci-gallery-image-content\" ><img decoding=\"async\" class=\"aligncenter lazyload\" alt=\"c0959adc-e8cd-4cce-996f-48afd88cc6ae@augure\" data-src=\"https:\/\/www.luxsure.fr\/wp-content\/uploads\/2013\/12\/c0959adc-e8cd-4cce-996f-48afd88cc6ae@augure-300x196.jpg\" width=\"300\" height=\"196\" src=\"data:image\/svg+xml;base64,PHN2ZyB3aWR0aD0iMSIgaGVpZ2h0PSIxIiB4bWxucz0iaHR0cDovL3d3dy53My5vcmcvMjAwMC9zdmciPjwvc3ZnPg==\" style=\"--smush-placeholder-width: 300px; --smush-placeholder-aspect-ratio: 300\/196;\" \/><\/a><\/p>\n<p>Beautifully played by Pierre Niney of the Com\u00e9die-Fran\u00e7aise, this biopic focuses on Yves Saint Laurent&#8217;s early years when, at just 21, he succeeded the recently deceased Christian Dior, before founding his own fashion house three years later. We discover his career path, his successes, his obsessions, his passionate relationship with his partner and associate Pierre Berg\u00e9 (played on screen by Guillaume Gallienne of the Com\u00e9die-Fran\u00e7aise), and his encounters with the people who shaped his life, such as his muses Victoire Doutreleau (Charlotte Le Bon), Loulou de la Falaise (Laura Smet) and Betty Catroux (Marie de Villepin). <\/p>\n<p>Throughout his career, the couturier held numerous shows in the Salon Imp\u00e9rial of The Westin Paris &#8211; Vend\u00f4me hotel. On July 12, 2001, he sumptuously presented his new Haute Couture collection, although no one knew yet that it would be his last. With this exhibition, The Westin Paris &#8211; Vend\u00f4me pays tribute to one of its most famous guests.  <\/p>\n<p>&nbsp;<\/p>\n","protected":false},"excerpt":{"rendered":"<p>To coincide with the January 8 cinema release of Jalil Lespert&#8217;s film &#8220;Yves Saint Laurent&#8221;, The Westin Paris &#8211; Vend\u00f4me is reaffirming its attachment to haute couture and its designers&hellip;<\/p>\n","protected":false},"author":132,"featured_media":665610,"comment_status":"open","ping_status":"open","sticky":false,"template":"","format":"standard","meta":{"_lmt_disableupdate":"","_lmt_disable":"","footnotes":""},"categories":[30094,52709],"tags":[65449,52828,62976,70236,52857],"class_list":["post-2037888","post","type-post","status-publish","format-standard","has-post-thumbnail","hentry","category-culture-en","category-thefashion","tag-biopic","tag-film","tag-vendome","tag-westin-paris","tag-yves-saint-laurent"],"yoast_head":"<!-- This site is optimized with the Yoast SEO plugin v27.5 - https:\/\/yoast.com\/product\/yoast-seo-wordpress\/ -->\n<title>The Westin Paris pays tribute to Yves Saint Laurent with the release of the biopic on January 8 - Luxsure<\/title>\n<meta name=\"robots\" content=\"index, follow, max-snippet:-1, max-image-preview:large, max-video-preview:-1\" \/>\n<link rel=\"canonical\" href=\"https:\/\/www.luxsure.fr\/en\/2013\/12\/18\/the-westin-paris-pays-tribute-to-yves-saint-laurent-with-the-release-of-the-biopic-on-january-8\/\" \/>\n<meta name=\"twitter:label1\" content=\"Written by\" \/>\n\t<meta name=\"twitter:data1\" content=\"Charlotte Agier\" \/>\n\t<meta name=\"twitter:label2\" content=\"Est. reading time\" \/>\n\t<meta name=\"twitter:data2\" content=\"1 minute\" \/>\n<script type=\"application\/ld+json\" class=\"yoast-schema-graph\">{\"@context\":\"https:\\\/\\\/schema.org\",\"@graph\":[{\"@type\":\"Article\",\"@id\":\"https:\\\/\\\/www.luxsure.fr\\\/en\\\/2013\\\/12\\\/18\\\/the-westin-paris-pays-tribute-to-yves-saint-laurent-with-the-release-of-the-biopic-on-january-8\\\/#article\",\"isPartOf\":{\"@id\":\"https:\\\/\\\/www.luxsure.fr\\\/en\\\/2013\\\/12\\\/18\\\/the-westin-paris-pays-tribute-to-yves-saint-laurent-with-the-release-of-the-biopic-on-january-8\\\/\"},\"author\":{\"name\":\"Charlotte Agier\",\"@id\":\"https:\\\/\\\/www.luxsure.fr\\\/#\\\/schema\\\/person\\\/55e63bae0f5c49d85a4b8217d1c2af8f\"},\"headline\":\"The Westin Paris pays tribute to Yves Saint Laurent with the release of the biopic on January 8\",\"datePublished\":\"2013-12-18T15:26:57+00:00\",\"dateModified\":\"2026-04-30T09:24:36+00:00\",\"mainEntityOfPage\":{\"@id\":\"https:\\\/\\\/www.luxsure.fr\\\/en\\\/2013\\\/12\\\/18\\\/the-westin-paris-pays-tribute-to-yves-saint-laurent-with-the-release-of-the-biopic-on-january-8\\\/\"},\"wordCount\":280,\"commentCount\":0,\"publisher\":{\"@id\":\"https:\\\/\\\/www.luxsure.fr\\\/#organization\"},\"image\":{\"@id\":\"https:\\\/\\\/www.luxsure.fr\\\/en\\\/2013\\\/12\\\/18\\\/the-westin-paris-pays-tribute-to-yves-saint-laurent-with-the-release-of-the-biopic-on-january-8\\\/#primaryimage\"},\"thumbnailUrl\":\"https:\\\/\\\/www.luxsure.fr\\\/wp-content\\\/uploads\\\/2013\\\/12\\\/c0959adc-e8cd-4cce-996f-48afd88cc6ae@augure.jpg\",\"keywords\":[\"biopic\",\"film\",\"vend\u00f4me\",\"westin paris\",\"Yves Saint Laurent\"],\"articleSection\":[\"Culture\",\"The Fashion\"],\"inLanguage\":\"en-US\",\"potentialAction\":[{\"@type\":\"CommentAction\",\"name\":\"Comment\",\"target\":[\"https:\\\/\\\/www.luxsure.fr\\\/en\\\/2013\\\/12\\\/18\\\/the-westin-paris-pays-tribute-to-yves-saint-laurent-with-the-release-of-the-biopic-on-january-8\\\/#respond\"]}]},{\"@type\":\"WebPage\",\"@id\":\"https:\\\/\\\/www.luxsure.fr\\\/en\\\/2013\\\/12\\\/18\\\/the-westin-paris-pays-tribute-to-yves-saint-laurent-with-the-release-of-the-biopic-on-january-8\\\/\",\"url\":\"https:\\\/\\\/www.luxsure.fr\\\/en\\\/2013\\\/12\\\/18\\\/the-westin-paris-pays-tribute-to-yves-saint-laurent-with-the-release-of-the-biopic-on-january-8\\\/\",\"name\":\"The Westin Paris pays tribute to Yves Saint Laurent with the release of the biopic on January 8 - Luxsure\",\"isPartOf\":{\"@id\":\"https:\\\/\\\/www.luxsure.fr\\\/#website\"},\"primaryImageOfPage\":{\"@id\":\"https:\\\/\\\/www.luxsure.fr\\\/en\\\/2013\\\/12\\\/18\\\/the-westin-paris-pays-tribute-to-yves-saint-laurent-with-the-release-of-the-biopic-on-january-8\\\/#primaryimage\"},\"image\":{\"@id\":\"https:\\\/\\\/www.luxsure.fr\\\/en\\\/2013\\\/12\\\/18\\\/the-westin-paris-pays-tribute-to-yves-saint-laurent-with-the-release-of-the-biopic-on-january-8\\\/#primaryimage\"},\"thumbnailUrl\":\"https:\\\/\\\/www.luxsure.fr\\\/wp-content\\\/uploads\\\/2013\\\/12\\\/c0959adc-e8cd-4cce-996f-48afd88cc6ae@augure.jpg\",\"datePublished\":\"2013-12-18T15:26:57+00:00\",\"dateModified\":\"2026-04-30T09:24:36+00:00\",\"breadcrumb\":{\"@id\":\"https:\\\/\\\/www.luxsure.fr\\\/en\\\/2013\\\/12\\\/18\\\/the-westin-paris-pays-tribute-to-yves-saint-laurent-with-the-release-of-the-biopic-on-january-8\\\/#breadcrumb\"},\"inLanguage\":\"en-US\",\"potentialAction\":[{\"@type\":\"ReadAction\",\"target\":[\"https:\\\/\\\/www.luxsure.fr\\\/en\\\/2013\\\/12\\\/18\\\/the-westin-paris-pays-tribute-to-yves-saint-laurent-with-the-release-of-the-biopic-on-january-8\\\/\"]}]},{\"@type\":\"ImageObject\",\"inLanguage\":\"en-US\",\"@id\":\"https:\\\/\\\/www.luxsure.fr\\\/en\\\/2013\\\/12\\\/18\\\/the-westin-paris-pays-tribute-to-yves-saint-laurent-with-the-release-of-the-biopic-on-january-8\\\/#primaryimage\",\"url\":\"https:\\\/\\\/www.luxsure.fr\\\/wp-content\\\/uploads\\\/2013\\\/12\\\/c0959adc-e8cd-4cce-996f-48afd88cc6ae@augure.jpg\",\"contentUrl\":\"https:\\\/\\\/www.luxsure.fr\\\/wp-content\\\/uploads\\\/2013\\\/12\\\/c0959adc-e8cd-4cce-996f-48afd88cc6ae@augure.jpg\",\"width\":503,\"height\":329},{\"@type\":\"BreadcrumbList\",\"@id\":\"https:\\\/\\\/www.luxsure.fr\\\/en\\\/2013\\\/12\\\/18\\\/the-westin-paris-pays-tribute-to-yves-saint-laurent-with-the-release-of-the-biopic-on-january-8\\\/#breadcrumb\",\"itemListElement\":[{\"@type\":\"ListItem\",\"position\":1,\"name\":\"Accueil\",\"item\":\"https:\\\/\\\/www.luxsure.fr\\\/\"},{\"@type\":\"ListItem\",\"position\":2,\"name\":\"The Westin Paris pays tribute to Yves Saint Laurent with the release of the biopic on January 8\"}]},{\"@type\":\"WebSite\",\"@id\":\"https:\\\/\\\/www.luxsure.fr\\\/#website\",\"url\":\"https:\\\/\\\/www.luxsure.fr\\\/\",\"name\":\"Luxsure\",\"description\":\"UNE CERTAINE VISION DU LUXE\",\"publisher\":{\"@id\":\"https:\\\/\\\/www.luxsure.fr\\\/#organization\"},\"potentialAction\":[{\"@type\":\"SearchAction\",\"target\":{\"@type\":\"EntryPoint\",\"urlTemplate\":\"https:\\\/\\\/www.luxsure.fr\\\/?s={search_term_string}\"},\"query-input\":{\"@type\":\"PropertyValueSpecification\",\"valueRequired\":true,\"valueName\":\"search_term_string\"}}],\"inLanguage\":\"en-US\"},{\"@type\":\"Organization\",\"@id\":\"https:\\\/\\\/www.luxsure.fr\\\/#organization\",\"name\":\"Luxsure\",\"url\":\"https:\\\/\\\/www.luxsure.fr\\\/\",\"logo\":{\"@type\":\"ImageObject\",\"inLanguage\":\"en-US\",\"@id\":\"https:\\\/\\\/www.luxsure.fr\\\/#\\\/schema\\\/logo\\\/image\\\/\",\"url\":\"https:\\\/\\\/i0.wp.com\\\/www.luxsure.fr\\\/wp-content\\\/uploads\\\/2015\\\/10\\\/Capture-d\u2019\u00e9cran-2015-08-19-\u00e0-10.51.48.png?fit=551%2C400&ssl=1\",\"contentUrl\":\"https:\\\/\\\/i0.wp.com\\\/www.luxsure.fr\\\/wp-content\\\/uploads\\\/2015\\\/10\\\/Capture-d\u2019\u00e9cran-2015-08-19-\u00e0-10.51.48.png?fit=551%2C400&ssl=1\",\"width\":551,\"height\":400,\"caption\":\"Luxsure\"},\"image\":{\"@id\":\"https:\\\/\\\/www.luxsure.fr\\\/#\\\/schema\\\/logo\\\/image\\\/\"}},{\"@type\":\"Person\",\"@id\":\"https:\\\/\\\/www.luxsure.fr\\\/#\\\/schema\\\/person\\\/55e63bae0f5c49d85a4b8217d1c2af8f\",\"name\":\"Charlotte Agier\",\"image\":{\"@type\":\"ImageObject\",\"inLanguage\":\"en-US\",\"@id\":\"https:\\\/\\\/secure.gravatar.com\\\/avatar\\\/0a05245aa2bf2c2361b4667a7391d3afb978be29ec1d8908a6ba93fddb619307?s=96&d=mm&r=g\",\"url\":\"https:\\\/\\\/secure.gravatar.com\\\/avatar\\\/0a05245aa2bf2c2361b4667a7391d3afb978be29ec1d8908a6ba93fddb619307?s=96&d=mm&r=g\",\"contentUrl\":\"https:\\\/\\\/secure.gravatar.com\\\/avatar\\\/0a05245aa2bf2c2361b4667a7391d3afb978be29ec1d8908a6ba93fddb619307?s=96&d=mm&r=g\",\"caption\":\"Charlotte Agier\"},\"url\":\"https:\\\/\\\/www.luxsure.fr\\\/en\\\/author\\\/charlotte-agier\\\/\"}]}<\/script>\n<!-- \/ Yoast SEO plugin. -->","yoast_head_json":{"title":"The Westin Paris pays tribute to Yves Saint Laurent with the release of the biopic on January 8 - Luxsure","robots":{"index":"index","follow":"follow","max-snippet":"max-snippet:-1","max-image-preview":"max-image-preview:large","max-video-preview":"max-video-preview:-1"},"canonical":"https:\/\/www.luxsure.fr\/en\/2013\/12\/18\/the-westin-paris-pays-tribute-to-yves-saint-laurent-with-the-release-of-the-biopic-on-january-8\/","twitter_misc":{"Written by":"Charlotte Agier","Est. reading time":"1 minute"},"schema":{"@context":"https:\/\/schema.org","@graph":[{"@type":"Article","@id":"https:\/\/www.luxsure.fr\/en\/2013\/12\/18\/the-westin-paris-pays-tribute-to-yves-saint-laurent-with-the-release-of-the-biopic-on-january-8\/#article","isPartOf":{"@id":"https:\/\/www.luxsure.fr\/en\/2013\/12\/18\/the-westin-paris-pays-tribute-to-yves-saint-laurent-with-the-release-of-the-biopic-on-january-8\/"},"author":{"name":"Charlotte Agier","@id":"https:\/\/www.luxsure.fr\/#\/schema\/person\/55e63bae0f5c49d85a4b8217d1c2af8f"},"headline":"The Westin Paris pays tribute to Yves Saint Laurent with the release of the biopic on January 8","datePublished":"2013-12-18T15:26:57+00:00","dateModified":"2026-04-30T09:24:36+00:00","mainEntityOfPage":{"@id":"https:\/\/www.luxsure.fr\/en\/2013\/12\/18\/the-westin-paris-pays-tribute-to-yves-saint-laurent-with-the-release-of-the-biopic-on-january-8\/"},"wordCount":280,"commentCount":0,"publisher":{"@id":"https:\/\/www.luxsure.fr\/#organization"},"image":{"@id":"https:\/\/www.luxsure.fr\/en\/2013\/12\/18\/the-westin-paris-pays-tribute-to-yves-saint-laurent-with-the-release-of-the-biopic-on-january-8\/#primaryimage"},"thumbnailUrl":"https:\/\/www.luxsure.fr\/wp-content\/uploads\/2013\/12\/c0959adc-e8cd-4cce-996f-48afd88cc6ae@augure.jpg","keywords":["biopic","film","vend\u00f4me","westin paris","Yves Saint Laurent"],"articleSection":["Culture","The Fashion"],"inLanguage":"en-US","potentialAction":[{"@type":"CommentAction","name":"Comment","target":["https:\/\/www.luxsure.fr\/en\/2013\/12\/18\/the-westin-paris-pays-tribute-to-yves-saint-laurent-with-the-release-of-the-biopic-on-january-8\/#respond"]}]},{"@type":"WebPage","@id":"https:\/\/www.luxsure.fr\/en\/2013\/12\/18\/the-westin-paris-pays-tribute-to-yves-saint-laurent-with-the-release-of-the-biopic-on-january-8\/","url":"https:\/\/www.luxsure.fr\/en\/2013\/12\/18\/the-westin-paris-pays-tribute-to-yves-saint-laurent-with-the-release-of-the-biopic-on-january-8\/","name":"The Westin Paris pays tribute to Yves Saint Laurent with the release of the biopic on January 8 - Luxsure","isPartOf":{"@id":"https:\/\/www.luxsure.fr\/#website"},"primaryImageOfPage":{"@id":"https:\/\/www.luxsure.fr\/en\/2013\/12\/18\/the-westin-paris-pays-tribute-to-yves-saint-laurent-with-the-release-of-the-biopic-on-january-8\/#primaryimage"},"image":{"@id":"https:\/\/www.luxsure.fr\/en\/2013\/12\/18\/the-westin-paris-pays-tribute-to-yves-saint-laurent-with-the-release-of-the-biopic-on-january-8\/#primaryimage"},"thumbnailUrl":"https:\/\/www.luxsure.fr\/wp-content\/uploads\/2013\/12\/c0959adc-e8cd-4cce-996f-48afd88cc6ae@augure.jpg","datePublished":"2013-12-18T15:26:57+00:00","dateModified":"2026-04-30T09:24:36+00:00","breadcrumb":{"@id":"https:\/\/www.luxsure.fr\/en\/2013\/12\/18\/the-westin-paris-pays-tribute-to-yves-saint-laurent-with-the-release-of-the-biopic-on-january-8\/#breadcrumb"},"inLanguage":"en-US","potentialAction":[{"@type":"ReadAction","target":["https:\/\/www.luxsure.fr\/en\/2013\/12\/18\/the-westin-paris-pays-tribute-to-yves-saint-laurent-with-the-release-of-the-biopic-on-january-8\/"]}]},{"@type":"ImageObject","inLanguage":"en-US","@id":"https:\/\/www.luxsure.fr\/en\/2013\/12\/18\/the-westin-paris-pays-tribute-to-yves-saint-laurent-with-the-release-of-the-biopic-on-january-8\/#primaryimage","url":"https:\/\/www.luxsure.fr\/wp-content\/uploads\/2013\/12\/c0959adc-e8cd-4cce-996f-48afd88cc6ae@augure.jpg","contentUrl":"https:\/\/www.luxsure.fr\/wp-content\/uploads\/2013\/12\/c0959adc-e8cd-4cce-996f-48afd88cc6ae@augure.jpg","width":503,"height":329},{"@type":"BreadcrumbList","@id":"https:\/\/www.luxsure.fr\/en\/2013\/12\/18\/the-westin-paris-pays-tribute-to-yves-saint-laurent-with-the-release-of-the-biopic-on-january-8\/#breadcrumb","itemListElement":[{"@type":"ListItem","position":1,"name":"Accueil","item":"https:\/\/www.luxsure.fr\/"},{"@type":"ListItem","position":2,"name":"The Westin Paris pays tribute to Yves Saint Laurent with the release of the biopic on January 8"}]},{"@type":"WebSite","@id":"https:\/\/www.luxsure.fr\/#website","url":"https:\/\/www.luxsure.fr\/","name":"Luxsure","description":"UNE CERTAINE VISION DU LUXE","publisher":{"@id":"https:\/\/www.luxsure.fr\/#organization"},"potentialAction":[{"@type":"SearchAction","target":{"@type":"EntryPoint","urlTemplate":"https:\/\/www.luxsure.fr\/?s={search_term_string}"},"query-input":{"@type":"PropertyValueSpecification","valueRequired":true,"valueName":"search_term_string"}}],"inLanguage":"en-US"},{"@type":"Organization","@id":"https:\/\/www.luxsure.fr\/#organization","name":"Luxsure","url":"https:\/\/www.luxsure.fr\/","logo":{"@type":"ImageObject","inLanguage":"en-US","@id":"https:\/\/www.luxsure.fr\/#\/schema\/logo\/image\/","url":"https:\/\/i0.wp.com\/www.luxsure.fr\/wp-content\/uploads\/2015\/10\/Capture-d\u2019\u00e9cran-2015-08-19-\u00e0-10.51.48.png?fit=551%2C400&ssl=1","contentUrl":"https:\/\/i0.wp.com\/www.luxsure.fr\/wp-content\/uploads\/2015\/10\/Capture-d\u2019\u00e9cran-2015-08-19-\u00e0-10.51.48.png?fit=551%2C400&ssl=1","width":551,"height":400,"caption":"Luxsure"},"image":{"@id":"https:\/\/www.luxsure.fr\/#\/schema\/logo\/image\/"}},{"@type":"Person","@id":"https:\/\/www.luxsure.fr\/#\/schema\/person\/55e63bae0f5c49d85a4b8217d1c2af8f","name":"Charlotte Agier","image":{"@type":"ImageObject","inLanguage":"en-US","@id":"https:\/\/secure.gravatar.com\/avatar\/0a05245aa2bf2c2361b4667a7391d3afb978be29ec1d8908a6ba93fddb619307?s=96&d=mm&r=g","url":"https:\/\/secure.gravatar.com\/avatar\/0a05245aa2bf2c2361b4667a7391d3afb978be29ec1d8908a6ba93fddb619307?s=96&d=mm&r=g","contentUrl":"https:\/\/secure.gravatar.com\/avatar\/0a05245aa2bf2c2361b4667a7391d3afb978be29ec1d8908a6ba93fddb619307?s=96&d=mm&r=g","caption":"Charlotte Agier"},"url":"https:\/\/www.luxsure.fr\/en\/author\/charlotte-agier\/"}]}},"_links":{"self":[{"href":"https:\/\/www.luxsure.fr\/en\/wp-json\/wp\/v2\/posts\/2037888","targetHints":{"allow":["GET"]}}],"collection":[{"href":"https:\/\/www.luxsure.fr\/en\/wp-json\/wp\/v2\/posts"}],"about":[{"href":"https:\/\/www.luxsure.fr\/en\/wp-json\/wp\/v2\/types\/post"}],"author":[{"embeddable":true,"href":"https:\/\/www.luxsure.fr\/en\/wp-json\/wp\/v2\/users\/132"}],"replies":[{"embeddable":true,"href":"https:\/\/www.luxsure.fr\/en\/wp-json\/wp\/v2\/comments?post=2037888"}],"version-history":[{"count":0,"href":"https:\/\/www.luxsure.fr\/en\/wp-json\/wp\/v2\/posts\/2037888\/revisions"}],"wp:featuredmedia":[{"embeddable":true,"href":"https:\/\/www.luxsure.fr\/en\/wp-json\/wp\/v2\/media\/665610"}],"wp:attachment":[{"href":"https:\/\/www.luxsure.fr\/en\/wp-json\/wp\/v2\/media?parent=2037888"}],"wp:term":[{"taxonomy":"category","embeddable":true,"href":"https:\/\/www.luxsure.fr\/en\/wp-json\/wp\/v2\/categories?post=2037888"},{"taxonomy":"post_tag","embeddable":true,"href":"https:\/\/www.luxsure.fr\/en\/wp-json\/wp\/v2\/tags?post=2037888"}],"curies":[{"name":"wp","href":"https:\/\/api.w.org\/{rel}","templated":true}]}}