{"id":2032758,"date":"2018-10-29T12:38:53","date_gmt":"2018-10-29T11:38:53","guid":{"rendered":"https:\/\/www.luxsure.fr\/2018\/10\/29\/the-san-marco-collection-in-the-colors-of-jean-paul-gaultiers-fashion-freak-show\/"},"modified":"2026-04-27T16:20:20","modified_gmt":"2026-04-27T14:20:20","slug":"the-san-marco-collection-in-the-colors-of-jean-paul-gaultiers-fashion-freak-show","status":"publish","type":"post","link":"https:\/\/www.luxsure.fr\/en\/2018\/10\/29\/the-san-marco-collection-in-the-colors-of-jean-paul-gaultiers-fashion-freak-show\/","title":{"rendered":"THE SAN MARCO COLLECTION IN THE COLORS OF JEAN-PAUL GAULTIER&#8217;S FASHION FREAK SHOW"},"content":{"rendered":"<p><strong>Women&#8217;s (i)conical corsets, men&#8217;s skirts, sailboats for all&#8230; Jean Paul Gaultier has signed many emblematic creations, and now it&#8217;s coffee cups that are benefiting from his inexhaustible inspiration! But not just any coffee cups: from San Marco, the Italian brand that sublimates the art of tasting a real espresso. Alongside the Fashion Freak Show, the eagerly-awaited show by &#8220;fashion&#8217;s enfant terrible&#8221;, which opened on October 2 at the Folies Berg\u00e8re (Paris), this exceptional collaboration invites us to leave routine, gloom and boredom behind!    <\/strong><\/p>\n<h2><strong>Jean<\/strong> <strong>Paul Gaultier brings his fondest memories to the Folies Berg\u00e8re in his Fashion Freak Show!<\/strong><\/h2>\n<p>Jean Paul Gaultier needs no introduction, as an avant-garde designer of genius who made fashion smile while keeping his childlike soul.<\/p>\n<p>This autumn, he fulfilled his childhood dream by creating a totally new show at the legendary Paris venue: the Fashion Freak Show. Part fashion show, part revue, this offbeat show retraces the milestones in the designer&#8217;s life, inviting us to share his eccentric take on 50 years of pop culture. A unique journey into the crazy world of fashion, an ode to sensuality and fantasy, for a show that&#8217;s totally freaky, sexy and crazy!  <\/p>\n<h2><strong>An exclusive San Marco collection, in the colors of the Fashion Freak Show by Jean<\/strong> <strong>Paul Gaultier <\/strong> <\/h2>\n<p><a href=\"https:\/\/www.luxsure.fr\/wp-content\/uploads\/2018\/10\/1532682780-boitesanmarcobassedef.png\" data-rel=\"penci-gallery-image-content\" ><img decoding=\"async\" class=\"size-full wp-image-284692 aligncenter lazyload\" data-src=\"https:\/\/www.luxsure.fr\/wp-content\/uploads\/2018\/10\/1532682780-boitesanmarcobassedef.png\" alt=\"\" width=\"272\" height=\"400\" data-srcset=\"https:\/\/www.luxsure.fr\/wp-content\/uploads\/2018\/10\/1532682780-boitesanmarcobassedef.png 272w, https:\/\/www.luxsure.fr\/wp-content\/uploads\/2018\/10\/1532682780-boitesanmarcobassedef-204x300.png 204w\" data-sizes=\"(max-width: 272px) 100vw, 272px\" src=\"data:image\/svg+xml;base64,PHN2ZyB3aWR0aD0iMSIgaGVpZ2h0PSIxIiB4bWxucz0iaHR0cDovL3d3dy53My5vcmcvMjAwMC9zdmciPjwvc3ZnPg==\" style=\"--smush-placeholder-width: 272px; --smush-placeholder-aspect-ratio: 272\/400;\" \/><\/a><\/p>\n<p>In October, San Marco unveiled an exceptional collection paying tribute to the Fashion Freak Show, straight from Jean Paul Gaultier&#8217;s inexhaustible imagination. The collection includes a feminine\/masculine duo of coffee cups and saucers, as well as a very haute couture box and case featuring the famous designer&#8217;s facetious style. All of which will appeal to lovers of coffee, fashion and beautiful objects, who will have several ways of acquiring them.  <\/p>\n<p><a href=\"https:\/\/www.luxsure.fr\/wp-content\/uploads\/2018\/10\/1532682944-tassefemmesanmarco.jpg\" data-rel=\"penci-gallery-image-content\" ><img decoding=\"async\" class=\"size-full wp-image-284693 aligncenter lazyload\" data-src=\"https:\/\/www.luxsure.fr\/wp-content\/uploads\/2018\/10\/1532682944-tassefemmesanmarco.jpg\" alt=\"\" width=\"435\" height=\"400\" data-srcset=\"https:\/\/www.luxsure.fr\/wp-content\/uploads\/2018\/10\/1532682944-tassefemmesanmarco.jpg 435w, https:\/\/www.luxsure.fr\/wp-content\/uploads\/2018\/10\/1532682944-tassefemmesanmarco-300x276.jpg 300w\" data-sizes=\"(max-width: 435px) 100vw, 435px\" src=\"data:image\/svg+xml;base64,PHN2ZyB3aWR0aD0iMSIgaGVpZ2h0PSIxIiB4bWxucz0iaHR0cDovL3d3dy53My5vcmcvMjAwMC9zdmciPjwvc3ZnPg==\" style=\"--smush-placeholder-width: 435px; --smush-placeholder-aspect-ratio: 435\/400;\" \/><\/a> <a href=\"https:\/\/www.luxsure.fr\/wp-content\/uploads\/2018\/10\/1532683076-tassehommessanmarco.jpg\" data-rel=\"penci-gallery-image-content\" ><img decoding=\"async\" class=\"size-full wp-image-284690 aligncenter lazyload\" data-src=\"https:\/\/www.luxsure.fr\/wp-content\/uploads\/2018\/10\/1532683076-tassehommessanmarco.jpg\" alt=\"\" width=\"435\" height=\"400\" data-srcset=\"https:\/\/www.luxsure.fr\/wp-content\/uploads\/2018\/10\/1532683076-tassehommessanmarco.jpg 435w, https:\/\/www.luxsure.fr\/wp-content\/uploads\/2018\/10\/1532683076-tassehommessanmarco-300x276.jpg 300w\" data-sizes=\"(max-width: 435px) 100vw, 435px\" src=\"data:image\/svg+xml;base64,PHN2ZyB3aWR0aD0iMSIgaGVpZ2h0PSIxIiB4bWxucz0iaHR0cDovL3d3dy53My5vcmcvMjAwMC9zdmciPjwvc3ZnPg==\" style=\"--smush-placeholder-width: 435px; --smush-placeholder-aspect-ratio: 435\/400;\" \/><\/a><\/p>\n<p>In stores, San Marco coffee packs will carry the colors of the Fashion Freak Show, with the chance to win 200 pairs of cups, 100 invitations to the Jean Paul Gaultier show and thousands of discount vouchers. To be among the lucky winners, simply enter the competition by logging on to www.sanmarco.fr. <\/p>\n<p><a href=\"https:\/\/www.luxsure.fr\/wp-content\/uploads\/2018\/10\/1532683349-volumejpgdos300518.jpg\" data-rel=\"penci-gallery-image-content\" ><img decoding=\"async\" class=\"size-full wp-image-284691 aligncenter lazyload\" data-src=\"https:\/\/www.luxsure.fr\/wp-content\/uploads\/2018\/10\/1532683349-volumejpgdos300518.jpg\" alt=\"\" width=\"363\" height=\"400\" data-srcset=\"https:\/\/www.luxsure.fr\/wp-content\/uploads\/2018\/10\/1532683349-volumejpgdos300518.jpg 363w, https:\/\/www.luxsure.fr\/wp-content\/uploads\/2018\/10\/1532683349-volumejpgdos300518-272x300.jpg 272w\" data-sizes=\"(max-width: 363px) 100vw, 363px\" src=\"data:image\/svg+xml;base64,PHN2ZyB3aWR0aD0iMSIgaGVpZ2h0PSIxIiB4bWxucz0iaHR0cDovL3d3dy53My5vcmcvMjAwMC9zdmciPjwvc3ZnPg==\" style=\"--smush-placeholder-width: 363px; --smush-placeholder-aspect-ratio: 363\/400;\" \/><\/a><\/p>\n<p>On the shelves is a stylish box in the Fashion Freak Show colors, containing two packs of the new San Marco coffees: Intenso and Velluto.<\/p>\n<p>Finally, during the Fashion Freak Show, Folies Berg\u00e8re spectators will be offered coffee samples, including San Marco&#8217;s new biodegradable capsule. All in all, a tasty event full of surprises! <\/p>\n<p><strong>The San Marco collection in the colors of Jean<\/strong> <strong>Paul Gaultier<\/strong><strong>&#8216;s Fashion Freak Show<\/strong><strong>feminine\/masculine duo of cups and saucers<br \/>\n<\/strong>200 copies to be won by buying a pack of San Marco coffee and logging on to <a href=\"http:\/\/www.sanmarco.fr\" target=\"_blank\" rel=\"noopener\">www.sanmarco.fr<\/a><\/p>\n<p>&nbsp;<\/p>\n","protected":false},"excerpt":{"rendered":"<p>Women&#8217;s (i)conical corsets, men&#8217;s skirts, sailboats for all&#8230; Jean Paul Gaultier has signed many emblematic creations, and now it&#8217;s coffee cups that are benefiting from his inexhaustible inspiration! But not&hellip;<\/p>\n","protected":false},"author":190,"featured_media":1241829,"comment_status":"closed","ping_status":"closed","sticky":false,"template":"","format":"standard","meta":{"_lmt_disableupdate":"","_lmt_disable":"","footnotes":""},"categories":[30407],"tags":[68415,53296,67050],"class_list":["post-2032758","post","type-post","status-publish","format-standard","has-post-thumbnail","hentry","category-art-of-living","tag-fashion-freak-show","tag-jean-paul-gaultier","tag-san-marco"],"yoast_head":"<!-- This site is optimized with the Yoast SEO plugin v27.5 - https:\/\/yoast.com\/product\/yoast-seo-wordpress\/ -->\n<title>THE SAN MARCO COLLECTION IN THE COLORS OF JEAN-PAUL GAULTIER&#039;S FASHION FREAK SHOW - Luxsure<\/title>\n<meta name=\"description\" content=\"Discover an exclusive San Marco collection in the colors of Jean Paul Gaultier&#039;s Fashion Freak Show\" \/>\n<meta name=\"robots\" content=\"index, follow, max-snippet:-1, max-image-preview:large, max-video-preview:-1\" \/>\n<link rel=\"canonical\" href=\"https:\/\/www.luxsure.fr\/en\/2018\/10\/29\/the-san-marco-collection-in-the-colors-of-jean-paul-gaultiers-fashion-freak-show\/\" \/>\n<meta name=\"twitter:label1\" content=\"Written by\" \/>\n\t<meta name=\"twitter:data1\" content=\"Guillaume Ghrenassia\" \/>\n\t<meta name=\"twitter:label2\" content=\"Est. reading time\" \/>\n\t<meta name=\"twitter:data2\" content=\"2 minutes\" \/>\n<script type=\"application\/ld+json\" class=\"yoast-schema-graph\">{\"@context\":\"https:\\\/\\\/schema.org\",\"@graph\":[{\"@type\":\"Article\",\"@id\":\"https:\\\/\\\/www.luxsure.fr\\\/en\\\/2018\\\/10\\\/29\\\/the-san-marco-collection-in-the-colors-of-jean-paul-gaultiers-fashion-freak-show\\\/#article\",\"isPartOf\":{\"@id\":\"https:\\\/\\\/www.luxsure.fr\\\/en\\\/2018\\\/10\\\/29\\\/the-san-marco-collection-in-the-colors-of-jean-paul-gaultiers-fashion-freak-show\\\/\"},\"author\":{\"name\":\"Guillaume Ghrenassia\",\"@id\":\"https:\\\/\\\/www.luxsure.fr\\\/#\\\/schema\\\/person\\\/6274e96b7ee0c0d818da59e274e25b60\"},\"headline\":\"THE SAN MARCO COLLECTION IN THE COLORS OF JEAN-PAUL GAULTIER&#8217;S FASHION FREAK SHOW\",\"datePublished\":\"2018-10-29T11:38:53+00:00\",\"dateModified\":\"2026-04-27T14:20:20+00:00\",\"mainEntityOfPage\":{\"@id\":\"https:\\\/\\\/www.luxsure.fr\\\/en\\\/2018\\\/10\\\/29\\\/the-san-marco-collection-in-the-colors-of-jean-paul-gaultiers-fashion-freak-show\\\/\"},\"wordCount\":455,\"publisher\":{\"@id\":\"https:\\\/\\\/www.luxsure.fr\\\/#organization\"},\"image\":{\"@id\":\"https:\\\/\\\/www.luxsure.fr\\\/en\\\/2018\\\/10\\\/29\\\/the-san-marco-collection-in-the-colors-of-jean-paul-gaultiers-fashion-freak-show\\\/#primaryimage\"},\"thumbnailUrl\":\"https:\\\/\\\/www.luxsure.fr\\\/wp-content\\\/uploads\\\/2018\\\/10\\\/cover-r4x3w1000-5bb8d082c0831-duo-tasses.jpg\",\"keywords\":[\"Fashion Freak Show\",\"jean-paul gaultier\",\"san marco\"],\"articleSection\":[\"Art of living\"],\"inLanguage\":\"en-US\"},{\"@type\":\"WebPage\",\"@id\":\"https:\\\/\\\/www.luxsure.fr\\\/en\\\/2018\\\/10\\\/29\\\/the-san-marco-collection-in-the-colors-of-jean-paul-gaultiers-fashion-freak-show\\\/\",\"url\":\"https:\\\/\\\/www.luxsure.fr\\\/en\\\/2018\\\/10\\\/29\\\/the-san-marco-collection-in-the-colors-of-jean-paul-gaultiers-fashion-freak-show\\\/\",\"name\":\"THE SAN MARCO COLLECTION IN THE COLORS OF JEAN-PAUL GAULTIER'S FASHION FREAK SHOW - Luxsure\",\"isPartOf\":{\"@id\":\"https:\\\/\\\/www.luxsure.fr\\\/#website\"},\"primaryImageOfPage\":{\"@id\":\"https:\\\/\\\/www.luxsure.fr\\\/en\\\/2018\\\/10\\\/29\\\/the-san-marco-collection-in-the-colors-of-jean-paul-gaultiers-fashion-freak-show\\\/#primaryimage\"},\"image\":{\"@id\":\"https:\\\/\\\/www.luxsure.fr\\\/en\\\/2018\\\/10\\\/29\\\/the-san-marco-collection-in-the-colors-of-jean-paul-gaultiers-fashion-freak-show\\\/#primaryimage\"},\"thumbnailUrl\":\"https:\\\/\\\/www.luxsure.fr\\\/wp-content\\\/uploads\\\/2018\\\/10\\\/cover-r4x3w1000-5bb8d082c0831-duo-tasses.jpg\",\"datePublished\":\"2018-10-29T11:38:53+00:00\",\"dateModified\":\"2026-04-27T14:20:20+00:00\",\"description\":\"Discover an exclusive San Marco collection in the colors of Jean Paul Gaultier's Fashion Freak Show\",\"breadcrumb\":{\"@id\":\"https:\\\/\\\/www.luxsure.fr\\\/en\\\/2018\\\/10\\\/29\\\/the-san-marco-collection-in-the-colors-of-jean-paul-gaultiers-fashion-freak-show\\\/#breadcrumb\"},\"inLanguage\":\"en-US\",\"potentialAction\":[{\"@type\":\"ReadAction\",\"target\":[\"https:\\\/\\\/www.luxsure.fr\\\/en\\\/2018\\\/10\\\/29\\\/the-san-marco-collection-in-the-colors-of-jean-paul-gaultiers-fashion-freak-show\\\/\"]}]},{\"@type\":\"ImageObject\",\"inLanguage\":\"en-US\",\"@id\":\"https:\\\/\\\/www.luxsure.fr\\\/en\\\/2018\\\/10\\\/29\\\/the-san-marco-collection-in-the-colors-of-jean-paul-gaultiers-fashion-freak-show\\\/#primaryimage\",\"url\":\"https:\\\/\\\/www.luxsure.fr\\\/wp-content\\\/uploads\\\/2018\\\/10\\\/cover-r4x3w1000-5bb8d082c0831-duo-tasses.jpg\",\"contentUrl\":\"https:\\\/\\\/www.luxsure.fr\\\/wp-content\\\/uploads\\\/2018\\\/10\\\/cover-r4x3w1000-5bb8d082c0831-duo-tasses.jpg\",\"width\":1000,\"height\":750},{\"@type\":\"BreadcrumbList\",\"@id\":\"https:\\\/\\\/www.luxsure.fr\\\/en\\\/2018\\\/10\\\/29\\\/the-san-marco-collection-in-the-colors-of-jean-paul-gaultiers-fashion-freak-show\\\/#breadcrumb\",\"itemListElement\":[{\"@type\":\"ListItem\",\"position\":1,\"name\":\"Accueil\",\"item\":\"https:\\\/\\\/www.luxsure.fr\\\/\"},{\"@type\":\"ListItem\",\"position\":2,\"name\":\"THE SAN MARCO COLLECTION IN THE COLORS OF JEAN-PAUL GAULTIER&#8217;S FASHION FREAK SHOW\"}]},{\"@type\":\"WebSite\",\"@id\":\"https:\\\/\\\/www.luxsure.fr\\\/#website\",\"url\":\"https:\\\/\\\/www.luxsure.fr\\\/\",\"name\":\"Luxsure\",\"description\":\"UNE CERTAINE VISION DU LUXE\",\"publisher\":{\"@id\":\"https:\\\/\\\/www.luxsure.fr\\\/#organization\"},\"potentialAction\":[{\"@type\":\"SearchAction\",\"target\":{\"@type\":\"EntryPoint\",\"urlTemplate\":\"https:\\\/\\\/www.luxsure.fr\\\/?s={search_term_string}\"},\"query-input\":{\"@type\":\"PropertyValueSpecification\",\"valueRequired\":true,\"valueName\":\"search_term_string\"}}],\"inLanguage\":\"en-US\"},{\"@type\":\"Organization\",\"@id\":\"https:\\\/\\\/www.luxsure.fr\\\/#organization\",\"name\":\"Luxsure\",\"url\":\"https:\\\/\\\/www.luxsure.fr\\\/\",\"logo\":{\"@type\":\"ImageObject\",\"inLanguage\":\"en-US\",\"@id\":\"https:\\\/\\\/www.luxsure.fr\\\/#\\\/schema\\\/logo\\\/image\\\/\",\"url\":\"https:\\\/\\\/i0.wp.com\\\/www.luxsure.fr\\\/wp-content\\\/uploads\\\/2015\\\/10\\\/Capture-d\u2019\u00e9cran-2015-08-19-\u00e0-10.51.48.png?fit=551%2C400&ssl=1\",\"contentUrl\":\"https:\\\/\\\/i0.wp.com\\\/www.luxsure.fr\\\/wp-content\\\/uploads\\\/2015\\\/10\\\/Capture-d\u2019\u00e9cran-2015-08-19-\u00e0-10.51.48.png?fit=551%2C400&ssl=1\",\"width\":551,\"height\":400,\"caption\":\"Luxsure\"},\"image\":{\"@id\":\"https:\\\/\\\/www.luxsure.fr\\\/#\\\/schema\\\/logo\\\/image\\\/\"}},{\"@type\":\"Person\",\"@id\":\"https:\\\/\\\/www.luxsure.fr\\\/#\\\/schema\\\/person\\\/6274e96b7ee0c0d818da59e274e25b60\",\"name\":\"Guillaume Ghrenassia\",\"image\":{\"@type\":\"ImageObject\",\"inLanguage\":\"en-US\",\"@id\":\"https:\\\/\\\/secure.gravatar.com\\\/avatar\\\/b8606840580ee4cf39c135071ca95b4dc4370d083ace4c98ea6bf4fe5c1469b0?s=96&d=mm&r=g\",\"url\":\"https:\\\/\\\/secure.gravatar.com\\\/avatar\\\/b8606840580ee4cf39c135071ca95b4dc4370d083ace4c98ea6bf4fe5c1469b0?s=96&d=mm&r=g\",\"contentUrl\":\"https:\\\/\\\/secure.gravatar.com\\\/avatar\\\/b8606840580ee4cf39c135071ca95b4dc4370d083ace4c98ea6bf4fe5c1469b0?s=96&d=mm&r=g\",\"caption\":\"Guillaume Ghrenassia\"},\"description\":\"Guillaume Ghrenassia (www.ghrenassia.com) est auto-entrepreneur en r\u00e9daction de contenus, blogueur et pigiste sur plusieurs m\u00e9dias. Il a plusieurs passions dont les jeux vid\u00e9o, les s\u00e9ries TV, les BD et mangas, la musique et est \u00e9galement un grand \u00e9picurien.\",\"sameAs\":[\"http:\\\/\\\/www.ghrenassia.com\",\"theworldoftwinsen\",\"https:\\\/\\\/x.com\\\/worldoftwinsen\"],\"url\":\"https:\\\/\\\/www.luxsure.fr\\\/en\\\/author\\\/guillaumeghrenassia\\\/\"}]}<\/script>\n<!-- \/ Yoast SEO plugin. -->","yoast_head_json":{"title":"THE SAN MARCO COLLECTION IN THE COLORS OF JEAN-PAUL GAULTIER'S FASHION FREAK SHOW - Luxsure","description":"Discover an exclusive San Marco collection in the colors of Jean Paul Gaultier's Fashion Freak Show","robots":{"index":"index","follow":"follow","max-snippet":"max-snippet:-1","max-image-preview":"max-image-preview:large","max-video-preview":"max-video-preview:-1"},"canonical":"https:\/\/www.luxsure.fr\/en\/2018\/10\/29\/the-san-marco-collection-in-the-colors-of-jean-paul-gaultiers-fashion-freak-show\/","twitter_misc":{"Written by":"Guillaume Ghrenassia","Est. reading time":"2 minutes"},"schema":{"@context":"https:\/\/schema.org","@graph":[{"@type":"Article","@id":"https:\/\/www.luxsure.fr\/en\/2018\/10\/29\/the-san-marco-collection-in-the-colors-of-jean-paul-gaultiers-fashion-freak-show\/#article","isPartOf":{"@id":"https:\/\/www.luxsure.fr\/en\/2018\/10\/29\/the-san-marco-collection-in-the-colors-of-jean-paul-gaultiers-fashion-freak-show\/"},"author":{"name":"Guillaume Ghrenassia","@id":"https:\/\/www.luxsure.fr\/#\/schema\/person\/6274e96b7ee0c0d818da59e274e25b60"},"headline":"THE SAN MARCO COLLECTION IN THE COLORS OF JEAN-PAUL GAULTIER&#8217;S FASHION FREAK SHOW","datePublished":"2018-10-29T11:38:53+00:00","dateModified":"2026-04-27T14:20:20+00:00","mainEntityOfPage":{"@id":"https:\/\/www.luxsure.fr\/en\/2018\/10\/29\/the-san-marco-collection-in-the-colors-of-jean-paul-gaultiers-fashion-freak-show\/"},"wordCount":455,"publisher":{"@id":"https:\/\/www.luxsure.fr\/#organization"},"image":{"@id":"https:\/\/www.luxsure.fr\/en\/2018\/10\/29\/the-san-marco-collection-in-the-colors-of-jean-paul-gaultiers-fashion-freak-show\/#primaryimage"},"thumbnailUrl":"https:\/\/www.luxsure.fr\/wp-content\/uploads\/2018\/10\/cover-r4x3w1000-5bb8d082c0831-duo-tasses.jpg","keywords":["Fashion Freak Show","jean-paul gaultier","san marco"],"articleSection":["Art of living"],"inLanguage":"en-US"},{"@type":"WebPage","@id":"https:\/\/www.luxsure.fr\/en\/2018\/10\/29\/the-san-marco-collection-in-the-colors-of-jean-paul-gaultiers-fashion-freak-show\/","url":"https:\/\/www.luxsure.fr\/en\/2018\/10\/29\/the-san-marco-collection-in-the-colors-of-jean-paul-gaultiers-fashion-freak-show\/","name":"THE SAN MARCO COLLECTION IN THE COLORS OF JEAN-PAUL GAULTIER'S FASHION FREAK SHOW - Luxsure","isPartOf":{"@id":"https:\/\/www.luxsure.fr\/#website"},"primaryImageOfPage":{"@id":"https:\/\/www.luxsure.fr\/en\/2018\/10\/29\/the-san-marco-collection-in-the-colors-of-jean-paul-gaultiers-fashion-freak-show\/#primaryimage"},"image":{"@id":"https:\/\/www.luxsure.fr\/en\/2018\/10\/29\/the-san-marco-collection-in-the-colors-of-jean-paul-gaultiers-fashion-freak-show\/#primaryimage"},"thumbnailUrl":"https:\/\/www.luxsure.fr\/wp-content\/uploads\/2018\/10\/cover-r4x3w1000-5bb8d082c0831-duo-tasses.jpg","datePublished":"2018-10-29T11:38:53+00:00","dateModified":"2026-04-27T14:20:20+00:00","description":"Discover an exclusive San Marco collection in the colors of Jean Paul Gaultier's Fashion Freak Show","breadcrumb":{"@id":"https:\/\/www.luxsure.fr\/en\/2018\/10\/29\/the-san-marco-collection-in-the-colors-of-jean-paul-gaultiers-fashion-freak-show\/#breadcrumb"},"inLanguage":"en-US","potentialAction":[{"@type":"ReadAction","target":["https:\/\/www.luxsure.fr\/en\/2018\/10\/29\/the-san-marco-collection-in-the-colors-of-jean-paul-gaultiers-fashion-freak-show\/"]}]},{"@type":"ImageObject","inLanguage":"en-US","@id":"https:\/\/www.luxsure.fr\/en\/2018\/10\/29\/the-san-marco-collection-in-the-colors-of-jean-paul-gaultiers-fashion-freak-show\/#primaryimage","url":"https:\/\/www.luxsure.fr\/wp-content\/uploads\/2018\/10\/cover-r4x3w1000-5bb8d082c0831-duo-tasses.jpg","contentUrl":"https:\/\/www.luxsure.fr\/wp-content\/uploads\/2018\/10\/cover-r4x3w1000-5bb8d082c0831-duo-tasses.jpg","width":1000,"height":750},{"@type":"BreadcrumbList","@id":"https:\/\/www.luxsure.fr\/en\/2018\/10\/29\/the-san-marco-collection-in-the-colors-of-jean-paul-gaultiers-fashion-freak-show\/#breadcrumb","itemListElement":[{"@type":"ListItem","position":1,"name":"Accueil","item":"https:\/\/www.luxsure.fr\/"},{"@type":"ListItem","position":2,"name":"THE SAN MARCO COLLECTION IN THE COLORS OF JEAN-PAUL GAULTIER&#8217;S FASHION FREAK SHOW"}]},{"@type":"WebSite","@id":"https:\/\/www.luxsure.fr\/#website","url":"https:\/\/www.luxsure.fr\/","name":"Luxsure","description":"UNE CERTAINE VISION DU LUXE","publisher":{"@id":"https:\/\/www.luxsure.fr\/#organization"},"potentialAction":[{"@type":"SearchAction","target":{"@type":"EntryPoint","urlTemplate":"https:\/\/www.luxsure.fr\/?s={search_term_string}"},"query-input":{"@type":"PropertyValueSpecification","valueRequired":true,"valueName":"search_term_string"}}],"inLanguage":"en-US"},{"@type":"Organization","@id":"https:\/\/www.luxsure.fr\/#organization","name":"Luxsure","url":"https:\/\/www.luxsure.fr\/","logo":{"@type":"ImageObject","inLanguage":"en-US","@id":"https:\/\/www.luxsure.fr\/#\/schema\/logo\/image\/","url":"https:\/\/i0.wp.com\/www.luxsure.fr\/wp-content\/uploads\/2015\/10\/Capture-d\u2019\u00e9cran-2015-08-19-\u00e0-10.51.48.png?fit=551%2C400&ssl=1","contentUrl":"https:\/\/i0.wp.com\/www.luxsure.fr\/wp-content\/uploads\/2015\/10\/Capture-d\u2019\u00e9cran-2015-08-19-\u00e0-10.51.48.png?fit=551%2C400&ssl=1","width":551,"height":400,"caption":"Luxsure"},"image":{"@id":"https:\/\/www.luxsure.fr\/#\/schema\/logo\/image\/"}},{"@type":"Person","@id":"https:\/\/www.luxsure.fr\/#\/schema\/person\/6274e96b7ee0c0d818da59e274e25b60","name":"Guillaume Ghrenassia","image":{"@type":"ImageObject","inLanguage":"en-US","@id":"https:\/\/secure.gravatar.com\/avatar\/b8606840580ee4cf39c135071ca95b4dc4370d083ace4c98ea6bf4fe5c1469b0?s=96&d=mm&r=g","url":"https:\/\/secure.gravatar.com\/avatar\/b8606840580ee4cf39c135071ca95b4dc4370d083ace4c98ea6bf4fe5c1469b0?s=96&d=mm&r=g","contentUrl":"https:\/\/secure.gravatar.com\/avatar\/b8606840580ee4cf39c135071ca95b4dc4370d083ace4c98ea6bf4fe5c1469b0?s=96&d=mm&r=g","caption":"Guillaume Ghrenassia"},"description":"Guillaume Ghrenassia (www.ghrenassia.com) est auto-entrepreneur en r\u00e9daction de contenus, blogueur et pigiste sur plusieurs m\u00e9dias. Il a plusieurs passions dont les jeux vid\u00e9o, les s\u00e9ries TV, les BD et mangas, la musique et est \u00e9galement un grand \u00e9picurien.","sameAs":["http:\/\/www.ghrenassia.com","theworldoftwinsen","https:\/\/x.com\/worldoftwinsen"],"url":"https:\/\/www.luxsure.fr\/en\/author\/guillaumeghrenassia\/"}]}},"_links":{"self":[{"href":"https:\/\/www.luxsure.fr\/en\/wp-json\/wp\/v2\/posts\/2032758","targetHints":{"allow":["GET"]}}],"collection":[{"href":"https:\/\/www.luxsure.fr\/en\/wp-json\/wp\/v2\/posts"}],"about":[{"href":"https:\/\/www.luxsure.fr\/en\/wp-json\/wp\/v2\/types\/post"}],"author":[{"embeddable":true,"href":"https:\/\/www.luxsure.fr\/en\/wp-json\/wp\/v2\/users\/190"}],"replies":[{"embeddable":true,"href":"https:\/\/www.luxsure.fr\/en\/wp-json\/wp\/v2\/comments?post=2032758"}],"version-history":[{"count":0,"href":"https:\/\/www.luxsure.fr\/en\/wp-json\/wp\/v2\/posts\/2032758\/revisions"}],"wp:featuredmedia":[{"embeddable":true,"href":"https:\/\/www.luxsure.fr\/en\/wp-json\/wp\/v2\/media\/1241829"}],"wp:attachment":[{"href":"https:\/\/www.luxsure.fr\/en\/wp-json\/wp\/v2\/media?parent=2032758"}],"wp:term":[{"taxonomy":"category","embeddable":true,"href":"https:\/\/www.luxsure.fr\/en\/wp-json\/wp\/v2\/categories?post=2032758"},{"taxonomy":"post_tag","embeddable":true,"href":"https:\/\/www.luxsure.fr\/en\/wp-json\/wp\/v2\/tags?post=2032758"}],"curies":[{"name":"wp","href":"https:\/\/api.w.org\/{rel}","templated":true}]}}