{"id":2032736,"date":"2018-10-28T17:53:46","date_gmt":"2018-10-28T16:53:46","guid":{"rendered":"https:\/\/www.luxsure.fr\/2018\/10\/28\/le-jardin-dhiver-the-new-ephemeral-restaurant-at-the-westin-paris-vendome-opens-its-doors\/"},"modified":"2026-04-27T16:14:48","modified_gmt":"2026-04-27T14:14:48","slug":"le-jardin-dhiver-the-new-ephemeral-restaurant-at-the-westin-paris-vendome-opens-its-doors","status":"publish","type":"post","link":"https:\/\/www.luxsure.fr\/en\/2018\/10\/28\/le-jardin-dhiver-the-new-ephemeral-restaurant-at-the-westin-paris-vendome-opens-its-doors\/","title":{"rendered":"Le Jardin d&#8217;Hiver, the new ephemeral restaurant at The Westin Paris-Vend\u00f4me, opens its doors!"},"content":{"rendered":"<p>The new &#8220;Jardin d&#8217;Hiver&#8221; restaurant at The Westin Paris-Vend\u00f4me hotel<\/p>\n<p>Located in the heart of Paris&#8217;s 1st arrondissement, a stone&#8217;s throw from the Tuileries Gardens and Place Vend\u00f4me, The Westin ParisVend\u00f4me unveils its &#8220;Winter Garden&#8221;, a new ephemeral restaurant in the heart of the hotel. Comfortable cushions in colorful fabrics, light linen curtains, Berber rugs, hanging lights and garlands of light, natural materials, weathered wood, plants, flowers and feathers&#8230; The hotel&#8217;s iconic terrace is adorned with a nomadic, ethnic decor, for a bohemian-chic ambience that invites you to travel and relax in the heart of Paris. Set in the hotel&#8217;s patio, the &#8220;Winter Garden&#8221; is nestled beneath a wooden structure that plays with transparency, keeping you warm while you enjoy the light outside. At dinnertime, when night has fallen, the suspended lights come to life to create a warm, cosy atmosphere. The Westin Paris &#8211; Vend\u00f4me offers a new restaurant &#8220;Le Jardin d&#8217;Hiver&#8221; until the end of April 2019 A bohemian winter in the heart of Paris    <\/p>\n<p><a href=\"https:\/\/www.luxsure.fr\/wp-content\/uploads\/2018\/10\/Jardin-dHiver-H%C3%B4tel-The-Westin-Paris-Vend%C3%B4me-BD.jpg\" data-rel=\"penci-gallery-image-content\"  rel=\"attachment wp-att-284496\"><img decoding=\"async\" class=\"alignnone size-full wp-image-284496 lazyload\" title=\"winter-garden-hotel-the-westin-paris-vendome-bd-jpg\" data-src=\"https:\/\/www.luxsure.fr\/wp-content\/uploads\/2018\/10\/Jardin-dHiver-H%C3%B4tel-The-Westin-Paris-Vend%C3%B4me-BD.jpg\" alt=\"\" width=\"1024\" height=\"1024\" src=\"data:image\/svg+xml;base64,PHN2ZyB3aWR0aD0iMSIgaGVpZ2h0PSIxIiB4bWxucz0iaHR0cDovL3d3dy53My5vcmcvMjAwMC9zdmciPjwvc3ZnPg==\" style=\"--smush-placeholder-width: 1024px; --smush-placeholder-aspect-ratio: 1024\/1024;\" \/><\/a><\/p>\n<p>&nbsp;<\/p>\n<p>Chef David R\u00e9al and pastry chef Florence Lesage&#8217;s autumn menu<\/p>\n<p>Chef David R\u00e9al&#8217;s menu reflects his cuisine: simple, gourmet and seasonal. The chef invites you to discover comforting dishes, combining warmth with a few &#8220;gypsy&#8221; touches of cardamom, chickpea, verbena and saffron. The menu features an assortment of velout\u00e9s (pumpkin, cauliflower, mushroom); for starters, scallops are sublimated with lime, duck foie gras with purple figs. To continue, the Chef presents four dishes based on the Sea (salmon, scallops, cod and a fish poke bowl) and four based on the Earth (a veal blanquette, pork, beef and poultry supreme). The sublime creations of pastry chef Florence Lesage, wrap gourmands in a cozy cocoon to face the cold of the capital. L&#8217;Instant A glass of Perrier-Jou\u00ebt grand brut (12cl) Entr\u00e9e \u00e0 la carte Plat \u00e0 la carte Dessert \u00e0 la carte 72\u20ac Formules 44\u20ac Suggestion du moment Meat or fish Dessert of the day Coffee     <\/p>\n<p>Le Jardin d&#8217;Hiver Restaurant at The Westin Paris &#8211; Vend\u00f4me 3 rue de Castiglione, 75001 Paris Open daily except Sunday lunchtime from 12:00 to 15:00 and then from 18:00 to 22:30 Reservations: 01 44 77 10 20<\/p>\n<p><img decoding=\"async\" src=\"http:\/\/anws.co\/bymch\/%7B20383a93-b3d8-4cdd-ba36-ad481759e057%7D\" alt=\"\"\/><\/p>\n<p>&nbsp;<\/p>\n","protected":false},"excerpt":{"rendered":"<p>The new &#8220;Jardin d&#8217;Hiver&#8221; restaurant at The Westin Paris-Vend\u00f4me hotel Located in the heart of Paris&#8217;s 1st arrondissement, a stone&#8217;s throw from the Tuileries Gardens and Place Vend\u00f4me, The Westin&hellip;<\/p>\n","protected":false},"author":2,"featured_media":1241365,"comment_status":"closed","ping_status":"closed","sticky":false,"template":"","format":"standard","meta":{"_lmt_disableupdate":"","_lmt_disable":"","footnotes":""},"categories":[30494,30409],"tags":[69208],"class_list":["post-2032736","post","type-post","status-publish","format-standard","has-post-thumbnail","hentry","category-food-and-wine-en","category-gastronomy","tag-the-westin-paris-vendome-hotel"],"yoast_head":"<!-- This site is optimized with the Yoast SEO plugin v27.5 - https:\/\/yoast.com\/product\/yoast-seo-wordpress\/ -->\n<title>Le Jardin d&#039;Hiver, the new ephemeral restaurant at The Westin Paris-Vend\u00f4me, opens its doors! - Luxsure<\/title>\n<meta name=\"robots\" content=\"index, follow, max-snippet:-1, max-image-preview:large, max-video-preview:-1\" \/>\n<link rel=\"canonical\" href=\"https:\/\/www.luxsure.fr\/2018\/10\/28\/le-jardin-dhiver-the-new-ephemeral-restaurant-at-the-westin-paris-vendome-opens-its-doors\/\" \/>\n<meta name=\"twitter:label1\" content=\"Written by\" \/>\n\t<meta name=\"twitter:data1\" content=\"pascal iakovou\" \/>\n\t<meta name=\"twitter:label2\" content=\"Est. reading time\" \/>\n\t<meta name=\"twitter:data2\" content=\"2 minutes\" \/>\n<script type=\"application\/ld+json\" class=\"yoast-schema-graph\">{\"@context\":\"https:\\\/\\\/schema.org\",\"@graph\":[{\"@type\":\"Article\",\"@id\":\"https:\\\/\\\/www.luxsure.fr\\\/2018\\\/10\\\/28\\\/le-jardin-dhiver-the-new-ephemeral-restaurant-at-the-westin-paris-vendome-opens-its-doors\\\/#article\",\"isPartOf\":{\"@id\":\"https:\\\/\\\/www.luxsure.fr\\\/2018\\\/10\\\/28\\\/le-jardin-dhiver-the-new-ephemeral-restaurant-at-the-westin-paris-vendome-opens-its-doors\\\/\"},\"author\":{\"name\":\"pascal iakovou\",\"@id\":\"https:\\\/\\\/www.luxsure.fr\\\/#\\\/schema\\\/person\\\/e3e28d08083f4cbc258957c924e39423\"},\"headline\":\"Le Jardin d&#8217;Hiver, the new ephemeral restaurant at The Westin Paris-Vend\u00f4me, opens its doors!\",\"datePublished\":\"2018-10-28T16:53:46+00:00\",\"dateModified\":\"2026-04-27T14:14:48+00:00\",\"mainEntityOfPage\":{\"@id\":\"https:\\\/\\\/www.luxsure.fr\\\/2018\\\/10\\\/28\\\/le-jardin-dhiver-the-new-ephemeral-restaurant-at-the-westin-paris-vendome-opens-its-doors\\\/\"},\"wordCount\":378,\"publisher\":{\"@id\":\"https:\\\/\\\/www.luxsure.fr\\\/#organization\"},\"image\":{\"@id\":\"https:\\\/\\\/www.luxsure.fr\\\/2018\\\/10\\\/28\\\/le-jardin-dhiver-the-new-ephemeral-restaurant-at-the-westin-paris-vendome-opens-its-doors\\\/#primaryimage\"},\"thumbnailUrl\":\"https:\\\/\\\/www.luxsure.fr\\\/wp-content\\\/uploads\\\/2018\\\/10\\\/Jardin-dHiver-H\u00f4tel-The-Westin-Paris-Vend\u00f4me-BD.jpg\",\"keywords\":[\"The Westin Paris-Vend\u00f4me Hotel\"],\"articleSection\":[\"Food and Wine\",\"Gastronomy\"],\"inLanguage\":\"en-US\"},{\"@type\":\"WebPage\",\"@id\":\"https:\\\/\\\/www.luxsure.fr\\\/2018\\\/10\\\/28\\\/le-jardin-dhiver-the-new-ephemeral-restaurant-at-the-westin-paris-vendome-opens-its-doors\\\/\",\"url\":\"https:\\\/\\\/www.luxsure.fr\\\/2018\\\/10\\\/28\\\/le-jardin-dhiver-the-new-ephemeral-restaurant-at-the-westin-paris-vendome-opens-its-doors\\\/\",\"name\":\"Le Jardin d'Hiver, the new ephemeral restaurant at The Westin Paris-Vend\u00f4me, opens its doors! - Luxsure\",\"isPartOf\":{\"@id\":\"https:\\\/\\\/www.luxsure.fr\\\/#website\"},\"primaryImageOfPage\":{\"@id\":\"https:\\\/\\\/www.luxsure.fr\\\/2018\\\/10\\\/28\\\/le-jardin-dhiver-the-new-ephemeral-restaurant-at-the-westin-paris-vendome-opens-its-doors\\\/#primaryimage\"},\"image\":{\"@id\":\"https:\\\/\\\/www.luxsure.fr\\\/2018\\\/10\\\/28\\\/le-jardin-dhiver-the-new-ephemeral-restaurant-at-the-westin-paris-vendome-opens-its-doors\\\/#primaryimage\"},\"thumbnailUrl\":\"https:\\\/\\\/www.luxsure.fr\\\/wp-content\\\/uploads\\\/2018\\\/10\\\/Jardin-dHiver-H\u00f4tel-The-Westin-Paris-Vend\u00f4me-BD.jpg\",\"datePublished\":\"2018-10-28T16:53:46+00:00\",\"dateModified\":\"2026-04-27T14:14:48+00:00\",\"breadcrumb\":{\"@id\":\"https:\\\/\\\/www.luxsure.fr\\\/2018\\\/10\\\/28\\\/le-jardin-dhiver-the-new-ephemeral-restaurant-at-the-westin-paris-vendome-opens-its-doors\\\/#breadcrumb\"},\"inLanguage\":\"en-US\",\"potentialAction\":[{\"@type\":\"ReadAction\",\"target\":[\"https:\\\/\\\/www.luxsure.fr\\\/2018\\\/10\\\/28\\\/le-jardin-dhiver-the-new-ephemeral-restaurant-at-the-westin-paris-vendome-opens-its-doors\\\/\"]}]},{\"@type\":\"ImageObject\",\"inLanguage\":\"en-US\",\"@id\":\"https:\\\/\\\/www.luxsure.fr\\\/2018\\\/10\\\/28\\\/le-jardin-dhiver-the-new-ephemeral-restaurant-at-the-westin-paris-vendome-opens-its-doors\\\/#primaryimage\",\"url\":\"https:\\\/\\\/www.luxsure.fr\\\/wp-content\\\/uploads\\\/2018\\\/10\\\/Jardin-dHiver-H\u00f4tel-The-Westin-Paris-Vend\u00f4me-BD.jpg\",\"contentUrl\":\"https:\\\/\\\/www.luxsure.fr\\\/wp-content\\\/uploads\\\/2018\\\/10\\\/Jardin-dHiver-H\u00f4tel-The-Westin-Paris-Vend\u00f4me-BD.jpg\",\"width\":7360,\"height\":4912},{\"@type\":\"BreadcrumbList\",\"@id\":\"https:\\\/\\\/www.luxsure.fr\\\/2018\\\/10\\\/28\\\/le-jardin-dhiver-the-new-ephemeral-restaurant-at-the-westin-paris-vendome-opens-its-doors\\\/#breadcrumb\",\"itemListElement\":[{\"@type\":\"ListItem\",\"position\":1,\"name\":\"Accueil\",\"item\":\"https:\\\/\\\/www.luxsure.fr\\\/\"},{\"@type\":\"ListItem\",\"position\":2,\"name\":\"Le Jardin d&#8217;Hiver, the new ephemeral restaurant at The Westin Paris-Vend\u00f4me, opens its doors!\"}]},{\"@type\":\"WebSite\",\"@id\":\"https:\\\/\\\/www.luxsure.fr\\\/#website\",\"url\":\"https:\\\/\\\/www.luxsure.fr\\\/\",\"name\":\"Luxsure\",\"description\":\"UNE CERTAINE VISION DU LUXE\",\"publisher\":{\"@id\":\"https:\\\/\\\/www.luxsure.fr\\\/#organization\"},\"potentialAction\":[{\"@type\":\"SearchAction\",\"target\":{\"@type\":\"EntryPoint\",\"urlTemplate\":\"https:\\\/\\\/www.luxsure.fr\\\/?s={search_term_string}\"},\"query-input\":{\"@type\":\"PropertyValueSpecification\",\"valueRequired\":true,\"valueName\":\"search_term_string\"}}],\"inLanguage\":\"en-US\"},{\"@type\":\"Organization\",\"@id\":\"https:\\\/\\\/www.luxsure.fr\\\/#organization\",\"name\":\"Luxsure\",\"url\":\"https:\\\/\\\/www.luxsure.fr\\\/\",\"logo\":{\"@type\":\"ImageObject\",\"inLanguage\":\"en-US\",\"@id\":\"https:\\\/\\\/www.luxsure.fr\\\/#\\\/schema\\\/logo\\\/image\\\/\",\"url\":\"https:\\\/\\\/i0.wp.com\\\/www.luxsure.fr\\\/wp-content\\\/uploads\\\/2015\\\/10\\\/Capture-d\u2019\u00e9cran-2015-08-19-\u00e0-10.51.48.png?fit=551%2C400&ssl=1\",\"contentUrl\":\"https:\\\/\\\/i0.wp.com\\\/www.luxsure.fr\\\/wp-content\\\/uploads\\\/2015\\\/10\\\/Capture-d\u2019\u00e9cran-2015-08-19-\u00e0-10.51.48.png?fit=551%2C400&ssl=1\",\"width\":551,\"height\":400,\"caption\":\"Luxsure\"},\"image\":{\"@id\":\"https:\\\/\\\/www.luxsure.fr\\\/#\\\/schema\\\/logo\\\/image\\\/\"}},{\"@type\":\"Person\",\"@id\":\"https:\\\/\\\/www.luxsure.fr\\\/#\\\/schema\\\/person\\\/e3e28d08083f4cbc258957c924e39423\",\"name\":\"pascal iakovou\",\"image\":{\"@type\":\"ImageObject\",\"inLanguage\":\"en-US\",\"@id\":\"https:\\\/\\\/secure.gravatar.com\\\/avatar\\\/358546e9ab7afafbb35961f747089b93cb88ca12b7a9fcd0c7922cc45f092613?s=96&d=mm&r=g\",\"url\":\"https:\\\/\\\/secure.gravatar.com\\\/avatar\\\/358546e9ab7afafbb35961f747089b93cb88ca12b7a9fcd0c7922cc45f092613?s=96&d=mm&r=g\",\"contentUrl\":\"https:\\\/\\\/secure.gravatar.com\\\/avatar\\\/358546e9ab7afafbb35961f747089b93cb88ca12b7a9fcd0c7922cc45f092613?s=96&d=mm&r=g\",\"caption\":\"pascal iakovou\"},\"sameAs\":[\"http:\\\/\\\/www.luxsure.Fr\"],\"url\":\"https:\\\/\\\/www.luxsure.fr\\\/en\\\/author\\\/pascal\\\/\"}]}<\/script>\n<!-- \/ Yoast SEO plugin. -->","yoast_head_json":{"title":"Le Jardin d'Hiver, the new ephemeral restaurant at The Westin Paris-Vend\u00f4me, opens its doors! - Luxsure","robots":{"index":"index","follow":"follow","max-snippet":"max-snippet:-1","max-image-preview":"max-image-preview:large","max-video-preview":"max-video-preview:-1"},"canonical":"https:\/\/www.luxsure.fr\/2018\/10\/28\/le-jardin-dhiver-the-new-ephemeral-restaurant-at-the-westin-paris-vendome-opens-its-doors\/","twitter_misc":{"Written by":"pascal iakovou","Est. reading time":"2 minutes"},"schema":{"@context":"https:\/\/schema.org","@graph":[{"@type":"Article","@id":"https:\/\/www.luxsure.fr\/2018\/10\/28\/le-jardin-dhiver-the-new-ephemeral-restaurant-at-the-westin-paris-vendome-opens-its-doors\/#article","isPartOf":{"@id":"https:\/\/www.luxsure.fr\/2018\/10\/28\/le-jardin-dhiver-the-new-ephemeral-restaurant-at-the-westin-paris-vendome-opens-its-doors\/"},"author":{"name":"pascal iakovou","@id":"https:\/\/www.luxsure.fr\/#\/schema\/person\/e3e28d08083f4cbc258957c924e39423"},"headline":"Le Jardin d&#8217;Hiver, the new ephemeral restaurant at The Westin Paris-Vend\u00f4me, opens its doors!","datePublished":"2018-10-28T16:53:46+00:00","dateModified":"2026-04-27T14:14:48+00:00","mainEntityOfPage":{"@id":"https:\/\/www.luxsure.fr\/2018\/10\/28\/le-jardin-dhiver-the-new-ephemeral-restaurant-at-the-westin-paris-vendome-opens-its-doors\/"},"wordCount":378,"publisher":{"@id":"https:\/\/www.luxsure.fr\/#organization"},"image":{"@id":"https:\/\/www.luxsure.fr\/2018\/10\/28\/le-jardin-dhiver-the-new-ephemeral-restaurant-at-the-westin-paris-vendome-opens-its-doors\/#primaryimage"},"thumbnailUrl":"https:\/\/www.luxsure.fr\/wp-content\/uploads\/2018\/10\/Jardin-dHiver-H\u00f4tel-The-Westin-Paris-Vend\u00f4me-BD.jpg","keywords":["The Westin Paris-Vend\u00f4me Hotel"],"articleSection":["Food and Wine","Gastronomy"],"inLanguage":"en-US"},{"@type":"WebPage","@id":"https:\/\/www.luxsure.fr\/2018\/10\/28\/le-jardin-dhiver-the-new-ephemeral-restaurant-at-the-westin-paris-vendome-opens-its-doors\/","url":"https:\/\/www.luxsure.fr\/2018\/10\/28\/le-jardin-dhiver-the-new-ephemeral-restaurant-at-the-westin-paris-vendome-opens-its-doors\/","name":"Le Jardin d'Hiver, the new ephemeral restaurant at The Westin Paris-Vend\u00f4me, opens its doors! - Luxsure","isPartOf":{"@id":"https:\/\/www.luxsure.fr\/#website"},"primaryImageOfPage":{"@id":"https:\/\/www.luxsure.fr\/2018\/10\/28\/le-jardin-dhiver-the-new-ephemeral-restaurant-at-the-westin-paris-vendome-opens-its-doors\/#primaryimage"},"image":{"@id":"https:\/\/www.luxsure.fr\/2018\/10\/28\/le-jardin-dhiver-the-new-ephemeral-restaurant-at-the-westin-paris-vendome-opens-its-doors\/#primaryimage"},"thumbnailUrl":"https:\/\/www.luxsure.fr\/wp-content\/uploads\/2018\/10\/Jardin-dHiver-H\u00f4tel-The-Westin-Paris-Vend\u00f4me-BD.jpg","datePublished":"2018-10-28T16:53:46+00:00","dateModified":"2026-04-27T14:14:48+00:00","breadcrumb":{"@id":"https:\/\/www.luxsure.fr\/2018\/10\/28\/le-jardin-dhiver-the-new-ephemeral-restaurant-at-the-westin-paris-vendome-opens-its-doors\/#breadcrumb"},"inLanguage":"en-US","potentialAction":[{"@type":"ReadAction","target":["https:\/\/www.luxsure.fr\/2018\/10\/28\/le-jardin-dhiver-the-new-ephemeral-restaurant-at-the-westin-paris-vendome-opens-its-doors\/"]}]},{"@type":"ImageObject","inLanguage":"en-US","@id":"https:\/\/www.luxsure.fr\/2018\/10\/28\/le-jardin-dhiver-the-new-ephemeral-restaurant-at-the-westin-paris-vendome-opens-its-doors\/#primaryimage","url":"https:\/\/www.luxsure.fr\/wp-content\/uploads\/2018\/10\/Jardin-dHiver-H\u00f4tel-The-Westin-Paris-Vend\u00f4me-BD.jpg","contentUrl":"https:\/\/www.luxsure.fr\/wp-content\/uploads\/2018\/10\/Jardin-dHiver-H\u00f4tel-The-Westin-Paris-Vend\u00f4me-BD.jpg","width":7360,"height":4912},{"@type":"BreadcrumbList","@id":"https:\/\/www.luxsure.fr\/2018\/10\/28\/le-jardin-dhiver-the-new-ephemeral-restaurant-at-the-westin-paris-vendome-opens-its-doors\/#breadcrumb","itemListElement":[{"@type":"ListItem","position":1,"name":"Accueil","item":"https:\/\/www.luxsure.fr\/"},{"@type":"ListItem","position":2,"name":"Le Jardin d&#8217;Hiver, the new ephemeral restaurant at The Westin Paris-Vend\u00f4me, opens its doors!"}]},{"@type":"WebSite","@id":"https:\/\/www.luxsure.fr\/#website","url":"https:\/\/www.luxsure.fr\/","name":"Luxsure","description":"UNE CERTAINE VISION DU LUXE","publisher":{"@id":"https:\/\/www.luxsure.fr\/#organization"},"potentialAction":[{"@type":"SearchAction","target":{"@type":"EntryPoint","urlTemplate":"https:\/\/www.luxsure.fr\/?s={search_term_string}"},"query-input":{"@type":"PropertyValueSpecification","valueRequired":true,"valueName":"search_term_string"}}],"inLanguage":"en-US"},{"@type":"Organization","@id":"https:\/\/www.luxsure.fr\/#organization","name":"Luxsure","url":"https:\/\/www.luxsure.fr\/","logo":{"@type":"ImageObject","inLanguage":"en-US","@id":"https:\/\/www.luxsure.fr\/#\/schema\/logo\/image\/","url":"https:\/\/i0.wp.com\/www.luxsure.fr\/wp-content\/uploads\/2015\/10\/Capture-d\u2019\u00e9cran-2015-08-19-\u00e0-10.51.48.png?fit=551%2C400&ssl=1","contentUrl":"https:\/\/i0.wp.com\/www.luxsure.fr\/wp-content\/uploads\/2015\/10\/Capture-d\u2019\u00e9cran-2015-08-19-\u00e0-10.51.48.png?fit=551%2C400&ssl=1","width":551,"height":400,"caption":"Luxsure"},"image":{"@id":"https:\/\/www.luxsure.fr\/#\/schema\/logo\/image\/"}},{"@type":"Person","@id":"https:\/\/www.luxsure.fr\/#\/schema\/person\/e3e28d08083f4cbc258957c924e39423","name":"pascal iakovou","image":{"@type":"ImageObject","inLanguage":"en-US","@id":"https:\/\/secure.gravatar.com\/avatar\/358546e9ab7afafbb35961f747089b93cb88ca12b7a9fcd0c7922cc45f092613?s=96&d=mm&r=g","url":"https:\/\/secure.gravatar.com\/avatar\/358546e9ab7afafbb35961f747089b93cb88ca12b7a9fcd0c7922cc45f092613?s=96&d=mm&r=g","contentUrl":"https:\/\/secure.gravatar.com\/avatar\/358546e9ab7afafbb35961f747089b93cb88ca12b7a9fcd0c7922cc45f092613?s=96&d=mm&r=g","caption":"pascal iakovou"},"sameAs":["http:\/\/www.luxsure.Fr"],"url":"https:\/\/www.luxsure.fr\/en\/author\/pascal\/"}]}},"_links":{"self":[{"href":"https:\/\/www.luxsure.fr\/en\/wp-json\/wp\/v2\/posts\/2032736","targetHints":{"allow":["GET"]}}],"collection":[{"href":"https:\/\/www.luxsure.fr\/en\/wp-json\/wp\/v2\/posts"}],"about":[{"href":"https:\/\/www.luxsure.fr\/en\/wp-json\/wp\/v2\/types\/post"}],"author":[{"embeddable":true,"href":"https:\/\/www.luxsure.fr\/en\/wp-json\/wp\/v2\/users\/2"}],"replies":[{"embeddable":true,"href":"https:\/\/www.luxsure.fr\/en\/wp-json\/wp\/v2\/comments?post=2032736"}],"version-history":[{"count":0,"href":"https:\/\/www.luxsure.fr\/en\/wp-json\/wp\/v2\/posts\/2032736\/revisions"}],"wp:featuredmedia":[{"embeddable":true,"href":"https:\/\/www.luxsure.fr\/en\/wp-json\/wp\/v2\/media\/1241365"}],"wp:attachment":[{"href":"https:\/\/www.luxsure.fr\/en\/wp-json\/wp\/v2\/media?parent=2032736"}],"wp:term":[{"taxonomy":"category","embeddable":true,"href":"https:\/\/www.luxsure.fr\/en\/wp-json\/wp\/v2\/categories?post=2032736"},{"taxonomy":"post_tag","embeddable":true,"href":"https:\/\/www.luxsure.fr\/en\/wp-json\/wp\/v2\/tags?post=2032736"}],"curies":[{"name":"wp","href":"https:\/\/api.w.org\/{rel}","templated":true}]}}