{"id":2032653,"date":"2015-04-29T16:36:10","date_gmt":"2015-04-29T14:36:10","guid":{"rendered":"https:\/\/www.luxsure.fr\/2015\/04\/29\/la-vallee-village-celebrates-the-senses\/"},"modified":"2026-04-27T15:48:26","modified_gmt":"2026-04-27T13:48:26","slug":"la-vallee-village-celebrates-the-senses","status":"publish","type":"post","link":"https:\/\/www.luxsure.fr\/en\/2015\/04\/29\/la-vallee-village-celebrates-the-senses\/","title":{"rendered":"La Vall\u00e9e Village celebrates the senses"},"content":{"rendered":"<p style=\"text-align: center;\">La Vall\u00e9e Village unveils a multi-sensory seasonal campaign combining fashion, gourmet delights and art, inspired by the vibrant colors highlighted on the catwalks.<\/p>\n<p style=\"text-align: center;\">La Vall\u00e9e Village, a luxury destination at the gateway to Paris, is transformed into a sensory and playful environment, an exceptional place where visitors can discover new boutiques, entertainment and exciting experiences, including a series of interactive events based around the five senses.<\/p>\n<p><a href=\"https:\/\/www.luxsure.fr\/wp-content\/uploads\/2015\/04\/Capture-d%E2%80%99%C3%A9cran-2015-04-29-%C3%A0-15.41.10.png\" data-rel=\"penci-gallery-image-content\" ><img decoding=\"async\" class=\"wp-image-136380 aligncenter lazyload\" data-src=\"https:\/\/www.luxsure.fr\/wp-content\/uploads\/2015\/04\/Capture-d%E2%80%99%C3%A9cran-2015-04-29-%C3%A0-15.41.10-300x201.png\" alt=\"Screenshot 2015-04-29 at 15.41.10\" width=\"340\" height=\"228\" src=\"data:image\/svg+xml;base64,PHN2ZyB3aWR0aD0iMSIgaGVpZ2h0PSIxIiB4bWxucz0iaHR0cDovL3d3dy53My5vcmcvMjAwMC9zdmciPjwvc3ZnPg==\" style=\"--smush-placeholder-width: 340px; --smush-placeholder-aspect-ratio: 340\/228;\" \/><\/a><\/p>\n<p>&nbsp;<\/p>\n<p>&nbsp;<\/p>\n<p style=\"text-align: center;\">Until July 5, La Vall\u00e9e Village&#8217;s contemporary art gallery is transformed into a gallery of the senses, offering visitors a unique sensory and interactive experience orchestrated by Mathilde de L&#8217;Ecotais, artist photographer.<\/p>\n<p style=\"text-align: center;\">Throughout this period, visitors will discover a playful, offbeat and participative universe, and get to the heart of artistic creation by becoming the initiators and actors of original works created especially for the exhibition.<\/p>\n<p style=\"text-align: center;\">Visual, audio and olfactory artistic performances triggered by touching a giant designer table of contents.<\/p>\n<p style=\"text-align: center;\"><a href=\"https:\/\/www.luxsure.fr\/wp-content\/uploads\/2015\/04\/Capture-d%E2%80%99%C3%A9cran-2015-04-29-%C3%A0-15.40.49.jpg\" data-rel=\"penci-gallery-image-content\" ><img decoding=\"async\" class=\"alignnone wp-image-136379 lazyload\" data-src=\"https:\/\/www.luxsure.fr\/wp-content\/uploads\/2015\/04\/Capture-d%E2%80%99%C3%A9cran-2015-04-29-%C3%A0-15.40.49.jpg\" alt=\"Screenshot 2015-04-29 at 15.40.49\" width=\"236\" height=\"149\" src=\"data:image\/svg+xml;base64,PHN2ZyB3aWR0aD0iMSIgaGVpZ2h0PSIxIiB4bWxucz0iaHR0cDovL3d3dy53My5vcmcvMjAwMC9zdmciPjwvc3ZnPg==\" style=\"--smush-placeholder-width: 236px; --smush-placeholder-aspect-ratio: 236\/149;\" \/><\/a><\/p>\n<div class=\"page\" title=\"Page 1\">\n<div class=\"section\">\n<div class=\"layoutArea\">\n<div class=\"column\">\n<p style=\"text-align: center;\">A pyramid-shaped screen comes to life when a visitor touches the table: projections based on wool, mint and wine&#8230; A total of seven films, all very different, combined with scents and sounds to awaken the five senses. <\/p>\n<p style=\"text-align: center;\">\n<\/div>\n<\/div>\n<\/div>\n<\/div>\n<p><a href=\"https:\/\/www.luxsure.fr\/wp-content\/uploads\/2015\/04\/Capture-d%E2%80%99%C3%A9cran-2015-04-29-%C3%A0-15.53.12.jpg\" data-rel=\"penci-gallery-image-content\" ><img decoding=\"async\" class=\"wp-image-136383 aligncenter lazyload\" data-src=\"https:\/\/www.luxsure.fr\/wp-content\/uploads\/2015\/04\/Capture-d%E2%80%99%C3%A9cran-2015-04-29-%C3%A0-15.53.12.jpg\" alt=\"Screenshot 2015-04-29 at 15.53.12\" width=\"251\" height=\"171\" src=\"data:image\/svg+xml;base64,PHN2ZyB3aWR0aD0iMSIgaGVpZ2h0PSIxIiB4bWxucz0iaHR0cDovL3d3dy53My5vcmcvMjAwMC9zdmciPjwvc3ZnPg==\" style=\"--smush-placeholder-width: 251px; --smush-placeholder-aspect-ratio: 251\/171;\" \/><\/a><\/p>\n<p>&nbsp;<\/p>\n<p>&nbsp;<\/p>\n<p style=\"text-align: center;\">Several of the artist&#8217;s original installations also allow curious visitors to humorously stage themselves: finding themselves wrapped in a gift, emerging from an eggshell&#8230;<br \/>\nA true place of experiences, La Vall\u00e9e Village goes even further with this surprising plunge into 21st-century art!<\/p>\n<p style=\"text-align: center;\">The art gallery welcomes visitors daily from 10 am to 7 pm (free admission).<\/p>\n<p>&nbsp;<\/p>\n","protected":false},"excerpt":{"rendered":"<p>La Vall\u00e9e Village unveils a multi-sensory seasonal campaign combining fashion, gourmet delights and art, inspired by the vibrant colors highlighted on the catwalks. La Vall\u00e9e Village, a luxury destination at&hellip;<\/p>\n","protected":false},"author":161,"featured_media":795414,"comment_status":"closed","ping_status":"closed","sticky":false,"template":"","format":"standard","meta":{"_lmt_disableupdate":"","_lmt_disable":"","footnotes":""},"categories":[30094],"tags":[30051,62931,30184,69120],"class_list":["post-2032653","post","type-post","status-publish","format-standard","has-post-thumbnail","hentry","category-culture-en","tag-art-en","tag-la-vallee-village","tag-luxury-en","tag-the-senses"],"yoast_head":"<!-- This site is optimized with the Yoast SEO plugin v27.4 - https:\/\/yoast.com\/product\/yoast-seo-wordpress\/ -->\n<title>La Vall\u00e9e Village celebrates the senses<\/title>\n<meta name=\"robots\" content=\"index, follow, max-snippet:-1, max-image-preview:large, max-video-preview:-1\" \/>\n<link rel=\"canonical\" href=\"https:\/\/www.luxsure.fr\/en\/2015\/04\/29\/la-vallee-village-celebrates-the-senses\/\" \/>\n<meta name=\"twitter:label1\" content=\"Written by\" \/>\n\t<meta name=\"twitter:data1\" content=\"Olympe Lededente\" \/>\n\t<meta name=\"twitter:label2\" content=\"Est. reading time\" \/>\n\t<meta name=\"twitter:data2\" content=\"1 minute\" \/>\n<script type=\"application\/ld+json\" class=\"yoast-schema-graph\">{\"@context\":\"https:\\\/\\\/schema.org\",\"@graph\":[{\"@type\":\"Article\",\"@id\":\"https:\\\/\\\/www.luxsure.fr\\\/en\\\/2015\\\/04\\\/29\\\/la-vallee-village-celebrates-the-senses\\\/#article\",\"isPartOf\":{\"@id\":\"https:\\\/\\\/www.luxsure.fr\\\/en\\\/2015\\\/04\\\/29\\\/la-vallee-village-celebrates-the-senses\\\/\"},\"author\":{\"name\":\"Olympe Lededente\",\"@id\":\"https:\\\/\\\/www.luxsure.fr\\\/#\\\/schema\\\/person\\\/8076d7a84bdd055e07be910980e90089\"},\"headline\":\"La Vall\u00e9e Village celebrates the senses\",\"datePublished\":\"2015-04-29T14:36:10+00:00\",\"dateModified\":\"2026-04-27T13:48:26+00:00\",\"mainEntityOfPage\":{\"@id\":\"https:\\\/\\\/www.luxsure.fr\\\/en\\\/2015\\\/04\\\/29\\\/la-vallee-village-celebrates-the-senses\\\/\"},\"wordCount\":256,\"publisher\":{\"@id\":\"https:\\\/\\\/www.luxsure.fr\\\/#organization\"},\"image\":{\"@id\":\"https:\\\/\\\/www.luxsure.fr\\\/en\\\/2015\\\/04\\\/29\\\/la-vallee-village-celebrates-the-senses\\\/#primaryimage\"},\"thumbnailUrl\":\"https:\\\/\\\/www.luxsure.fr\\\/wp-content\\\/uploads\\\/2015\\\/04\\\/Capture-d\u2019\u00e9cran-2015-04-29-\u00e0-15.40.58.jpg\",\"keywords\":[\"art\",\"La Vall\u00e9e Village\",\"Luxury\",\"the senses\"],\"articleSection\":[\"Culture\"],\"inLanguage\":\"en-US\"},{\"@type\":\"WebPage\",\"@id\":\"https:\\\/\\\/www.luxsure.fr\\\/en\\\/2015\\\/04\\\/29\\\/la-vallee-village-celebrates-the-senses\\\/\",\"url\":\"https:\\\/\\\/www.luxsure.fr\\\/en\\\/2015\\\/04\\\/29\\\/la-vallee-village-celebrates-the-senses\\\/\",\"name\":\"La Vall\u00e9e Village celebrates the senses\",\"isPartOf\":{\"@id\":\"https:\\\/\\\/www.luxsure.fr\\\/#website\"},\"primaryImageOfPage\":{\"@id\":\"https:\\\/\\\/www.luxsure.fr\\\/en\\\/2015\\\/04\\\/29\\\/la-vallee-village-celebrates-the-senses\\\/#primaryimage\"},\"image\":{\"@id\":\"https:\\\/\\\/www.luxsure.fr\\\/en\\\/2015\\\/04\\\/29\\\/la-vallee-village-celebrates-the-senses\\\/#primaryimage\"},\"thumbnailUrl\":\"https:\\\/\\\/www.luxsure.fr\\\/wp-content\\\/uploads\\\/2015\\\/04\\\/Capture-d\u2019\u00e9cran-2015-04-29-\u00e0-15.40.58.jpg\",\"datePublished\":\"2015-04-29T14:36:10+00:00\",\"dateModified\":\"2026-04-27T13:48:26+00:00\",\"breadcrumb\":{\"@id\":\"https:\\\/\\\/www.luxsure.fr\\\/en\\\/2015\\\/04\\\/29\\\/la-vallee-village-celebrates-the-senses\\\/#breadcrumb\"},\"inLanguage\":\"en-US\",\"potentialAction\":[{\"@type\":\"ReadAction\",\"target\":[\"https:\\\/\\\/www.luxsure.fr\\\/en\\\/2015\\\/04\\\/29\\\/la-vallee-village-celebrates-the-senses\\\/\"]}]},{\"@type\":\"ImageObject\",\"inLanguage\":\"en-US\",\"@id\":\"https:\\\/\\\/www.luxsure.fr\\\/en\\\/2015\\\/04\\\/29\\\/la-vallee-village-celebrates-the-senses\\\/#primaryimage\",\"url\":\"https:\\\/\\\/www.luxsure.fr\\\/wp-content\\\/uploads\\\/2015\\\/04\\\/Capture-d\u2019\u00e9cran-2015-04-29-\u00e0-15.40.58.jpg\",\"contentUrl\":\"https:\\\/\\\/www.luxsure.fr\\\/wp-content\\\/uploads\\\/2015\\\/04\\\/Capture-d\u2019\u00e9cran-2015-04-29-\u00e0-15.40.58.jpg\",\"width\":117,\"height\":165},{\"@type\":\"BreadcrumbList\",\"@id\":\"https:\\\/\\\/www.luxsure.fr\\\/en\\\/2015\\\/04\\\/29\\\/la-vallee-village-celebrates-the-senses\\\/#breadcrumb\",\"itemListElement\":[{\"@type\":\"ListItem\",\"position\":1,\"name\":\"Accueil\",\"item\":\"https:\\\/\\\/www.luxsure.fr\\\/\"},{\"@type\":\"ListItem\",\"position\":2,\"name\":\"La Vall\u00e9e Village celebrates the senses\"}]},{\"@type\":\"WebSite\",\"@id\":\"https:\\\/\\\/www.luxsure.fr\\\/#website\",\"url\":\"https:\\\/\\\/www.luxsure.fr\\\/\",\"name\":\"Luxsure\",\"description\":\"UNE CERTAINE VISION DU LUXE\",\"publisher\":{\"@id\":\"https:\\\/\\\/www.luxsure.fr\\\/#organization\"},\"potentialAction\":[{\"@type\":\"SearchAction\",\"target\":{\"@type\":\"EntryPoint\",\"urlTemplate\":\"https:\\\/\\\/www.luxsure.fr\\\/?s={search_term_string}\"},\"query-input\":{\"@type\":\"PropertyValueSpecification\",\"valueRequired\":true,\"valueName\":\"search_term_string\"}}],\"inLanguage\":\"en-US\"},{\"@type\":\"Organization\",\"@id\":\"https:\\\/\\\/www.luxsure.fr\\\/#organization\",\"name\":\"Luxsure\",\"url\":\"https:\\\/\\\/www.luxsure.fr\\\/\",\"logo\":{\"@type\":\"ImageObject\",\"inLanguage\":\"en-US\",\"@id\":\"https:\\\/\\\/www.luxsure.fr\\\/#\\\/schema\\\/logo\\\/image\\\/\",\"url\":\"https:\\\/\\\/i0.wp.com\\\/www.luxsure.fr\\\/wp-content\\\/uploads\\\/2015\\\/10\\\/Capture-d\u2019\u00e9cran-2015-08-19-\u00e0-10.51.48.png?fit=551%2C400&ssl=1\",\"contentUrl\":\"https:\\\/\\\/i0.wp.com\\\/www.luxsure.fr\\\/wp-content\\\/uploads\\\/2015\\\/10\\\/Capture-d\u2019\u00e9cran-2015-08-19-\u00e0-10.51.48.png?fit=551%2C400&ssl=1\",\"width\":551,\"height\":400,\"caption\":\"Luxsure\"},\"image\":{\"@id\":\"https:\\\/\\\/www.luxsure.fr\\\/#\\\/schema\\\/logo\\\/image\\\/\"}},{\"@type\":\"Person\",\"@id\":\"https:\\\/\\\/www.luxsure.fr\\\/#\\\/schema\\\/person\\\/8076d7a84bdd055e07be910980e90089\",\"name\":\"Olympe Lededente\",\"image\":{\"@type\":\"ImageObject\",\"inLanguage\":\"en-US\",\"@id\":\"https:\\\/\\\/secure.gravatar.com\\\/avatar\\\/fe70c0249774835093116ca2c3c067c62d85e5a9c80d61c4f21c61410f8bfed7?s=96&d=mm&r=g\",\"url\":\"https:\\\/\\\/secure.gravatar.com\\\/avatar\\\/fe70c0249774835093116ca2c3c067c62d85e5a9c80d61c4f21c61410f8bfed7?s=96&d=mm&r=g\",\"contentUrl\":\"https:\\\/\\\/secure.gravatar.com\\\/avatar\\\/fe70c0249774835093116ca2c3c067c62d85e5a9c80d61c4f21c61410f8bfed7?s=96&d=mm&r=g\",\"caption\":\"Olympe Lededente\"},\"url\":\"https:\\\/\\\/www.luxsure.fr\\\/en\\\/author\\\/olympelededente\\\/\"}]}<\/script>\n<!-- \/ Yoast SEO plugin. -->","yoast_head_json":{"title":"La Vall\u00e9e Village celebrates the senses","robots":{"index":"index","follow":"follow","max-snippet":"max-snippet:-1","max-image-preview":"max-image-preview:large","max-video-preview":"max-video-preview:-1"},"canonical":"https:\/\/www.luxsure.fr\/en\/2015\/04\/29\/la-vallee-village-celebrates-the-senses\/","twitter_misc":{"Written by":"Olympe Lededente","Est. reading time":"1 minute"},"schema":{"@context":"https:\/\/schema.org","@graph":[{"@type":"Article","@id":"https:\/\/www.luxsure.fr\/en\/2015\/04\/29\/la-vallee-village-celebrates-the-senses\/#article","isPartOf":{"@id":"https:\/\/www.luxsure.fr\/en\/2015\/04\/29\/la-vallee-village-celebrates-the-senses\/"},"author":{"name":"Olympe Lededente","@id":"https:\/\/www.luxsure.fr\/#\/schema\/person\/8076d7a84bdd055e07be910980e90089"},"headline":"La Vall\u00e9e Village celebrates the senses","datePublished":"2015-04-29T14:36:10+00:00","dateModified":"2026-04-27T13:48:26+00:00","mainEntityOfPage":{"@id":"https:\/\/www.luxsure.fr\/en\/2015\/04\/29\/la-vallee-village-celebrates-the-senses\/"},"wordCount":256,"publisher":{"@id":"https:\/\/www.luxsure.fr\/#organization"},"image":{"@id":"https:\/\/www.luxsure.fr\/en\/2015\/04\/29\/la-vallee-village-celebrates-the-senses\/#primaryimage"},"thumbnailUrl":"https:\/\/www.luxsure.fr\/wp-content\/uploads\/2015\/04\/Capture-d\u2019\u00e9cran-2015-04-29-\u00e0-15.40.58.jpg","keywords":["art","La Vall\u00e9e Village","Luxury","the senses"],"articleSection":["Culture"],"inLanguage":"en-US"},{"@type":"WebPage","@id":"https:\/\/www.luxsure.fr\/en\/2015\/04\/29\/la-vallee-village-celebrates-the-senses\/","url":"https:\/\/www.luxsure.fr\/en\/2015\/04\/29\/la-vallee-village-celebrates-the-senses\/","name":"La Vall\u00e9e Village celebrates the senses","isPartOf":{"@id":"https:\/\/www.luxsure.fr\/#website"},"primaryImageOfPage":{"@id":"https:\/\/www.luxsure.fr\/en\/2015\/04\/29\/la-vallee-village-celebrates-the-senses\/#primaryimage"},"image":{"@id":"https:\/\/www.luxsure.fr\/en\/2015\/04\/29\/la-vallee-village-celebrates-the-senses\/#primaryimage"},"thumbnailUrl":"https:\/\/www.luxsure.fr\/wp-content\/uploads\/2015\/04\/Capture-d\u2019\u00e9cran-2015-04-29-\u00e0-15.40.58.jpg","datePublished":"2015-04-29T14:36:10+00:00","dateModified":"2026-04-27T13:48:26+00:00","breadcrumb":{"@id":"https:\/\/www.luxsure.fr\/en\/2015\/04\/29\/la-vallee-village-celebrates-the-senses\/#breadcrumb"},"inLanguage":"en-US","potentialAction":[{"@type":"ReadAction","target":["https:\/\/www.luxsure.fr\/en\/2015\/04\/29\/la-vallee-village-celebrates-the-senses\/"]}]},{"@type":"ImageObject","inLanguage":"en-US","@id":"https:\/\/www.luxsure.fr\/en\/2015\/04\/29\/la-vallee-village-celebrates-the-senses\/#primaryimage","url":"https:\/\/www.luxsure.fr\/wp-content\/uploads\/2015\/04\/Capture-d\u2019\u00e9cran-2015-04-29-\u00e0-15.40.58.jpg","contentUrl":"https:\/\/www.luxsure.fr\/wp-content\/uploads\/2015\/04\/Capture-d\u2019\u00e9cran-2015-04-29-\u00e0-15.40.58.jpg","width":117,"height":165},{"@type":"BreadcrumbList","@id":"https:\/\/www.luxsure.fr\/en\/2015\/04\/29\/la-vallee-village-celebrates-the-senses\/#breadcrumb","itemListElement":[{"@type":"ListItem","position":1,"name":"Accueil","item":"https:\/\/www.luxsure.fr\/"},{"@type":"ListItem","position":2,"name":"La Vall\u00e9e Village celebrates the senses"}]},{"@type":"WebSite","@id":"https:\/\/www.luxsure.fr\/#website","url":"https:\/\/www.luxsure.fr\/","name":"Luxsure","description":"UNE CERTAINE VISION DU LUXE","publisher":{"@id":"https:\/\/www.luxsure.fr\/#organization"},"potentialAction":[{"@type":"SearchAction","target":{"@type":"EntryPoint","urlTemplate":"https:\/\/www.luxsure.fr\/?s={search_term_string}"},"query-input":{"@type":"PropertyValueSpecification","valueRequired":true,"valueName":"search_term_string"}}],"inLanguage":"en-US"},{"@type":"Organization","@id":"https:\/\/www.luxsure.fr\/#organization","name":"Luxsure","url":"https:\/\/www.luxsure.fr\/","logo":{"@type":"ImageObject","inLanguage":"en-US","@id":"https:\/\/www.luxsure.fr\/#\/schema\/logo\/image\/","url":"https:\/\/i0.wp.com\/www.luxsure.fr\/wp-content\/uploads\/2015\/10\/Capture-d\u2019\u00e9cran-2015-08-19-\u00e0-10.51.48.png?fit=551%2C400&ssl=1","contentUrl":"https:\/\/i0.wp.com\/www.luxsure.fr\/wp-content\/uploads\/2015\/10\/Capture-d\u2019\u00e9cran-2015-08-19-\u00e0-10.51.48.png?fit=551%2C400&ssl=1","width":551,"height":400,"caption":"Luxsure"},"image":{"@id":"https:\/\/www.luxsure.fr\/#\/schema\/logo\/image\/"}},{"@type":"Person","@id":"https:\/\/www.luxsure.fr\/#\/schema\/person\/8076d7a84bdd055e07be910980e90089","name":"Olympe Lededente","image":{"@type":"ImageObject","inLanguage":"en-US","@id":"https:\/\/secure.gravatar.com\/avatar\/fe70c0249774835093116ca2c3c067c62d85e5a9c80d61c4f21c61410f8bfed7?s=96&d=mm&r=g","url":"https:\/\/secure.gravatar.com\/avatar\/fe70c0249774835093116ca2c3c067c62d85e5a9c80d61c4f21c61410f8bfed7?s=96&d=mm&r=g","contentUrl":"https:\/\/secure.gravatar.com\/avatar\/fe70c0249774835093116ca2c3c067c62d85e5a9c80d61c4f21c61410f8bfed7?s=96&d=mm&r=g","caption":"Olympe Lededente"},"url":"https:\/\/www.luxsure.fr\/en\/author\/olympelededente\/"}]}},"_links":{"self":[{"href":"https:\/\/www.luxsure.fr\/en\/wp-json\/wp\/v2\/posts\/2032653","targetHints":{"allow":["GET"]}}],"collection":[{"href":"https:\/\/www.luxsure.fr\/en\/wp-json\/wp\/v2\/posts"}],"about":[{"href":"https:\/\/www.luxsure.fr\/en\/wp-json\/wp\/v2\/types\/post"}],"author":[{"embeddable":true,"href":"https:\/\/www.luxsure.fr\/en\/wp-json\/wp\/v2\/users\/161"}],"replies":[{"embeddable":true,"href":"https:\/\/www.luxsure.fr\/en\/wp-json\/wp\/v2\/comments?post=2032653"}],"version-history":[{"count":0,"href":"https:\/\/www.luxsure.fr\/en\/wp-json\/wp\/v2\/posts\/2032653\/revisions"}],"wp:featuredmedia":[{"embeddable":true,"href":"https:\/\/www.luxsure.fr\/en\/wp-json\/wp\/v2\/media\/795414"}],"wp:attachment":[{"href":"https:\/\/www.luxsure.fr\/en\/wp-json\/wp\/v2\/media?parent=2032653"}],"wp:term":[{"taxonomy":"category","embeddable":true,"href":"https:\/\/www.luxsure.fr\/en\/wp-json\/wp\/v2\/categories?post=2032653"},{"taxonomy":"post_tag","embeddable":true,"href":"https:\/\/www.luxsure.fr\/en\/wp-json\/wp\/v2\/tags?post=2032653"}],"curies":[{"name":"wp","href":"https:\/\/api.w.org\/{rel}","templated":true}]}}