{"id":2032644,"date":"2016-09-04T18:14:01","date_gmt":"2016-09-04T16:14:01","guid":{"rendered":"https:\/\/www.luxsure.fr\/2016\/09\/04\/luxsure-partner-of-art-elysees-2016\/"},"modified":"2026-04-27T15:46:34","modified_gmt":"2026-04-27T13:46:34","slug":"luxsure-partner-of-art-elysees-2016","status":"publish","type":"post","link":"https:\/\/www.luxsure.fr\/en\/2016\/09\/04\/luxsure-partner-of-art-elysees-2016\/","title":{"rendered":"Luxsure partner of ART ELYSEES 2016"},"content":{"rendered":"<p>Luxsure will once again be partnering one of France&#8217;s most influential modern art and design fairs.<\/p>\n<p>In October, the Art \u00c9lys\u00e9es &#8211; Art &amp; Design fair celebrates its tenth anniversary. An opportunity to look back on the history of its creation and to understand the success of this event. For its 10th edition, the Art \u00c9lys\u00e9es &#8211; Art &amp; Design fair is reaffirming the strengths of its identity: its demand for exceptional quality thanks to a rigorous selection; its generalist tendency, offering a balanced panorama of modern art, contemporary art and design; its location in the heart of Paris on the Avenue des Champs-Elys\u00e9es; its active participation in the capital&#8217;s artistic dynamism, in cohesion with public and private players in the art and culture world. These are the unique features that set it apart. Today, Art Elys\u00e9es &#8211; Art &amp; Design occupies a key position, offering a complementary and essential fair for art lovers and collectors in search of the very best.2007 &#8211; 2016<br \/>\n<img decoding=\"async\" data-src=\"https:\/\/www.luxsure.fr\/wp-content\/uploads\/2016\/08\/Capture-d%E2%80%99%C3%A9cran-2016-08-09-%C3%A0-18.26.10.png\" alt=\"Screenshot 2016-08-09 at 18.26.10\" width=\"631\" height=\"893\" class=\"aligncenter size-full wp-image-184500 lazyload\" src=\"data:image\/svg+xml;base64,PHN2ZyB3aWR0aD0iMSIgaGVpZ2h0PSIxIiB4bWxucz0iaHR0cDovL3d3dy53My5vcmcvMjAwMC9zdmciPjwvc3ZnPg==\" style=\"--smush-placeholder-width: 631px; --smush-placeholder-aspect-ratio: 631\/893;\" \/><br \/>\n<strong>THE CREATION OF THE FAIR<\/strong><br \/>\n10 YEARS<br \/>\nOriginally named &#8220;Les \u00c9lys\u00e9es de l&#8217;Art&#8221;, the fair was launched in October 2007 under two tents set up on avenue des Champs-Elys\u00e9es, from Place de la Concorde to the Grand Palais, at the same time as Fiac, Slick,<br \/>\nShow Off&#8230; In the beginning, the organizers of Art Elys\u00e9es &#8211; Art &amp; Design wanted to meet the demand from French galleries who wanted to be present during the October week dedicated to art in Paris, as well as to offer a new event to collectors happy to rediscover the artists who have marked the history of twentieth-century art, and to discover works of contemporary art that were both high quality and accessible. Since then, the organizers have continued to work closely with exhibitors, cultural organizations and foundations, and at the same time to put on original exhibitions of outstanding works of art, so as to ensure that this promising fair, which is now one of the major art events of the year, grows from strength to strength.  <\/p>\n<p><strong>THE VISION OF ART \u00c9LYS\u00c9ES-ART &amp; DESIGN: TO OFFER AN INTEMPORARY JOURNEY<\/strong><br \/>\nThe constant and regular success of this fair is due to the fact that the organizers do not seek to be fashionable. With its modern art rather than contemporary positioning, often referred to as a &#8220;wise&#8221; fair, it&#8217;s not a question of being wise, but of offering an itinerary of galleries that guarantee quality works before trying to be above all international&#8230; or &#8220;in tune with the times&#8221;. This is not incompatible with being innovative, as the fair has already been through its original exhibitions, the creation of its 3rd pavilion dedicated to the 20th century, 7 years ago; or the construction of its fourth pavilion, 8th Avenue dedicated to contemporary art today and the first fair to offer a section to urban art galleries.  <\/p>\n<p><strong>PROGRAMME 2016<\/strong><br \/>\nTo celebrate the 10th anniversary of the fair, the organizers have set up various events within the Exposition Jean Dubuffet<br \/>\nEv\u00e9nements: the SALON, VIA, Exposition PArk Hyatt Vend\u00f4me and Parcours VIP, the 8e Avenue lounge.<\/p>\n<p><strong>ART SECTION: DUBUFFET<\/strong><br \/>\nTo mark the 10th anniversary of Art Elys\u00e9es- Art &amp; Design, the organizers are delighted to present fair visitors with a rare exhibition of drawings and prints by Jean Dubuffet. Dubuffet is better known to the general public for his paintings, sculptures and monumental installations. This exhibition presents the painter&#8217;s research work in a style known as art brut, depicting whimsical figures in everyday activities that seem irrational, given his flattened perspectives, crude drawing and unexpected juxtapositions.  <\/p>\n<p><strong>DESIGN SECTION : LE SALON<\/strong><br \/>\nSince its creation in 2009, the Design section of Art Elys\u00e9es has been renowned for its focus on 20th-century design. This year, the fair is as- sociating with Via, which will present its selection of galleries and publishing houses championing young designers from the new scene. The fair is also pleased to present &#8220;SALON&#8221;, a unique exhibition concept created by Berlin-based Galerie Michael Fuchs. Inspired by the gallery founder&#8217;s personal approach to collecting, &#8220;SALON&#8221; takes an unexpected approach to collecting, presenting art in all its forms as an intrinsic part of our daily lives as well as an art of living. In a staging that recreates the elegant interior of an eclectic and passionate collector, a selection of contemporary, modern and classic artworks blend with iconic furniture and design pieces by leading names. The project&#8217;s innovative staging aims to show that, whatever the era, &#8220;beauty mixes&#8221;.     <\/p>\n<p><strong>VIP TOUR<\/strong><br \/>\nTo mark the 10th anniversary of the Art Elys\u00e9es &#8211; Art &amp; Design Fair, a VIP tour has been created in collaboration with contemporary art specialist Constance Breton. The itinerary will feature cultural interventions in the &#8220;Salon&#8221;, a VIP area in the pavilion dedicated to art and design.<br \/>\nSpeakers from the worlds of culture and luxury will orchestrate conversations on topics such as luxury and art, or art 2.0&#8230; These talks will take place at the show on Thursday October 20 at 11:30 am and Friday October 21 at 1:30 pm.<br \/>\nThis VIP tour will also include an &#8220;hors les murs&#8221; event in partnership with the Park Hyatt &#8211; Paris Vend\u00f4me, featuring works by artist Pierre Marie Lejeune represented by La Galerie Messine.<br \/>\nThe fair maintains its focus on classic modern and contemporary art, and is delighted to welcome new exhibitors such as Galerie Ber\u00e8s, Galerie H\u00e9l\u00e8ne Bailly, Op\u00e9ra Gallery and Guy Pieters Gallery, who will be presenting two exceptional solo shows by Christo and Niki de saint Phalle.<br \/>\nArt Elys\u00e9es-Art &amp; Design is also 50% contemporary art galleries, with AD galerie, Baudoin Lebon, galerie du Centre, K\u00e1lm\u00e1n Makl\u00e1ry Gallery, Francoise Livinec, GNG, L\u00e9lia Mordoch presenting a solo show by Japanese artist Yukio Imamura, Barcelona gallery Miquel Alzueta, Galerie Francesco Vangelli de&#8217; Cresci&#8230;. and among the new contemporary art galleries: Cortina, Charron, 1831, Victor Lope, Art22 gallery&#8230;<br \/>\nThe fair continues to offer more geometric abstraction with galleries Espace Meyer Zafra, Olivier Waltman, Gim- pel and M\u00fcller, and welcomes for their first participation the Italian Boesso Art Gallery, Mark Hachem, Galerie Wagner and Hubert Konrad, now more specialized in 20th-century kinetic art with Antonio Asis, Luis Tomasel- lo, Carlos Cruz Diez, Dario Perez Florez and Nathalie Cohen, as well as Arthur Dorval for 21st-century kinetic art.<\/p>\n<p>The organizers of Art \u00c9lys\u00e9es &#8211; Art &amp; Design are delighted to invite you to join us from October 20 to 24 on the Champs-\u00c9lys\u00e9es, from Place de la Concorde to the Grand Palais.<br \/>\n<a href=\"http:\/\/www.artelysees.fr\">www.artelysees.fr<\/a><\/p>\n<p>Pavillons, avenue des Champs-\u00c9lys\u00e9es, Paris 8e, from place Clemenceau to place de la Concorde<br \/>\nPublic opening hours Thursday October 20 to Monday October 24, 2016, daily 11am-8pm, Mondays closing 6pm.<br \/>\nPress and trade open by invitation:<br \/>\n&#8211; Press and trade afternoon: Wednesday October 19, 2-6pm.<br \/>\n&#8211; Vernissage: Wednesday October 19, 6-10pm.<br \/>\nAdmission: \u20ac15 Catalogue: \u20ac20 Valet parking: \u20ac10<\/p>\n","protected":false},"excerpt":{"rendered":"<p>Luxsure will once again be partnering one of France&#8217;s most influential modern art and design fairs. In October, the Art \u00c9lys\u00e9es &#8211; Art &amp; Design fair celebrates its tenth anniversary.&hellip;<\/p>\n","protected":false},"author":2,"featured_media":932507,"comment_status":"closed","ping_status":"closed","sticky":false,"template":"","format":"standard","meta":{"_lmt_disableupdate":"","_lmt_disable":"","footnotes":""},"categories":[30094],"tags":[69111,69107],"class_list":["post-2032644","post","type-post","status-publish","format-standard","has-post-thumbnail","hentry","category-culture-en","tag-art-elysees-art-design","tag-art-elysees-2016"],"yoast_head":"<!-- This site is optimized with the Yoast SEO plugin v27.5 - https:\/\/yoast.com\/product\/yoast-seo-wordpress\/ -->\n<title>Luxsure partner of ART ELYSEES 2016 - Luxsure<\/title>\n<meta name=\"robots\" content=\"index, follow, max-snippet:-1, max-image-preview:large, max-video-preview:-1\" \/>\n<link rel=\"canonical\" href=\"https:\/\/www.luxsure.fr\/en\/2016\/09\/04\/luxsure-partner-of-art-elysees-2016\/\" \/>\n<meta name=\"twitter:label1\" content=\"Written by\" \/>\n\t<meta name=\"twitter:data1\" content=\"pascal iakovou\" \/>\n\t<meta name=\"twitter:label2\" content=\"Est. reading time\" \/>\n\t<meta name=\"twitter:data2\" content=\"6 minutes\" \/>\n<script type=\"application\/ld+json\" class=\"yoast-schema-graph\">{\"@context\":\"https:\\\/\\\/schema.org\",\"@graph\":[{\"@type\":\"Article\",\"@id\":\"https:\\\/\\\/www.luxsure.fr\\\/en\\\/2016\\\/09\\\/04\\\/luxsure-partner-of-art-elysees-2016\\\/#article\",\"isPartOf\":{\"@id\":\"https:\\\/\\\/www.luxsure.fr\\\/en\\\/2016\\\/09\\\/04\\\/luxsure-partner-of-art-elysees-2016\\\/\"},\"author\":{\"name\":\"pascal iakovou\",\"@id\":\"https:\\\/\\\/www.luxsure.fr\\\/#\\\/schema\\\/person\\\/e3e28d08083f4cbc258957c924e39423\"},\"headline\":\"Luxsure partner of ART ELYSEES 2016\",\"datePublished\":\"2016-09-04T16:14:01+00:00\",\"dateModified\":\"2026-04-27T13:46:34+00:00\",\"mainEntityOfPage\":{\"@id\":\"https:\\\/\\\/www.luxsure.fr\\\/en\\\/2016\\\/09\\\/04\\\/luxsure-partner-of-art-elysees-2016\\\/\"},\"wordCount\":1154,\"publisher\":{\"@id\":\"https:\\\/\\\/www.luxsure.fr\\\/#organization\"},\"image\":{\"@id\":\"https:\\\/\\\/www.luxsure.fr\\\/en\\\/2016\\\/09\\\/04\\\/luxsure-partner-of-art-elysees-2016\\\/#primaryimage\"},\"thumbnailUrl\":\"https:\\\/\\\/www.luxsure.fr\\\/wp-content\\\/uploads\\\/2016\\\/08\\\/BANNER_affiche_2016_AE.jpg\",\"keywords\":[\"Art \u00c9lys\u00e9es - Art &amp; Design\",\"ART ELYSEES 2016\"],\"articleSection\":[\"Culture\"],\"inLanguage\":\"en-US\"},{\"@type\":\"WebPage\",\"@id\":\"https:\\\/\\\/www.luxsure.fr\\\/en\\\/2016\\\/09\\\/04\\\/luxsure-partner-of-art-elysees-2016\\\/\",\"url\":\"https:\\\/\\\/www.luxsure.fr\\\/en\\\/2016\\\/09\\\/04\\\/luxsure-partner-of-art-elysees-2016\\\/\",\"name\":\"Luxsure partner of ART ELYSEES 2016 - Luxsure\",\"isPartOf\":{\"@id\":\"https:\\\/\\\/www.luxsure.fr\\\/#website\"},\"primaryImageOfPage\":{\"@id\":\"https:\\\/\\\/www.luxsure.fr\\\/en\\\/2016\\\/09\\\/04\\\/luxsure-partner-of-art-elysees-2016\\\/#primaryimage\"},\"image\":{\"@id\":\"https:\\\/\\\/www.luxsure.fr\\\/en\\\/2016\\\/09\\\/04\\\/luxsure-partner-of-art-elysees-2016\\\/#primaryimage\"},\"thumbnailUrl\":\"https:\\\/\\\/www.luxsure.fr\\\/wp-content\\\/uploads\\\/2016\\\/08\\\/BANNER_affiche_2016_AE.jpg\",\"datePublished\":\"2016-09-04T16:14:01+00:00\",\"dateModified\":\"2026-04-27T13:46:34+00:00\",\"breadcrumb\":{\"@id\":\"https:\\\/\\\/www.luxsure.fr\\\/en\\\/2016\\\/09\\\/04\\\/luxsure-partner-of-art-elysees-2016\\\/#breadcrumb\"},\"inLanguage\":\"en-US\",\"potentialAction\":[{\"@type\":\"ReadAction\",\"target\":[\"https:\\\/\\\/www.luxsure.fr\\\/en\\\/2016\\\/09\\\/04\\\/luxsure-partner-of-art-elysees-2016\\\/\"]}]},{\"@type\":\"ImageObject\",\"inLanguage\":\"en-US\",\"@id\":\"https:\\\/\\\/www.luxsure.fr\\\/en\\\/2016\\\/09\\\/04\\\/luxsure-partner-of-art-elysees-2016\\\/#primaryimage\",\"url\":\"https:\\\/\\\/www.luxsure.fr\\\/wp-content\\\/uploads\\\/2016\\\/08\\\/BANNER_affiche_2016_AE.jpg\",\"contentUrl\":\"https:\\\/\\\/www.luxsure.fr\\\/wp-content\\\/uploads\\\/2016\\\/08\\\/BANNER_affiche_2016_AE.jpg\",\"width\":2700,\"height\":3262},{\"@type\":\"BreadcrumbList\",\"@id\":\"https:\\\/\\\/www.luxsure.fr\\\/en\\\/2016\\\/09\\\/04\\\/luxsure-partner-of-art-elysees-2016\\\/#breadcrumb\",\"itemListElement\":[{\"@type\":\"ListItem\",\"position\":1,\"name\":\"Accueil\",\"item\":\"https:\\\/\\\/www.luxsure.fr\\\/\"},{\"@type\":\"ListItem\",\"position\":2,\"name\":\"Luxsure partner of ART ELYSEES 2016\"}]},{\"@type\":\"WebSite\",\"@id\":\"https:\\\/\\\/www.luxsure.fr\\\/#website\",\"url\":\"https:\\\/\\\/www.luxsure.fr\\\/\",\"name\":\"Luxsure\",\"description\":\"UNE CERTAINE VISION DU LUXE\",\"publisher\":{\"@id\":\"https:\\\/\\\/www.luxsure.fr\\\/#organization\"},\"potentialAction\":[{\"@type\":\"SearchAction\",\"target\":{\"@type\":\"EntryPoint\",\"urlTemplate\":\"https:\\\/\\\/www.luxsure.fr\\\/?s={search_term_string}\"},\"query-input\":{\"@type\":\"PropertyValueSpecification\",\"valueRequired\":true,\"valueName\":\"search_term_string\"}}],\"inLanguage\":\"en-US\"},{\"@type\":\"Organization\",\"@id\":\"https:\\\/\\\/www.luxsure.fr\\\/#organization\",\"name\":\"Luxsure\",\"url\":\"https:\\\/\\\/www.luxsure.fr\\\/\",\"logo\":{\"@type\":\"ImageObject\",\"inLanguage\":\"en-US\",\"@id\":\"https:\\\/\\\/www.luxsure.fr\\\/#\\\/schema\\\/logo\\\/image\\\/\",\"url\":\"https:\\\/\\\/i0.wp.com\\\/www.luxsure.fr\\\/wp-content\\\/uploads\\\/2015\\\/10\\\/Capture-d\u2019\u00e9cran-2015-08-19-\u00e0-10.51.48.png?fit=551%2C400&ssl=1\",\"contentUrl\":\"https:\\\/\\\/i0.wp.com\\\/www.luxsure.fr\\\/wp-content\\\/uploads\\\/2015\\\/10\\\/Capture-d\u2019\u00e9cran-2015-08-19-\u00e0-10.51.48.png?fit=551%2C400&ssl=1\",\"width\":551,\"height\":400,\"caption\":\"Luxsure\"},\"image\":{\"@id\":\"https:\\\/\\\/www.luxsure.fr\\\/#\\\/schema\\\/logo\\\/image\\\/\"}},{\"@type\":\"Person\",\"@id\":\"https:\\\/\\\/www.luxsure.fr\\\/#\\\/schema\\\/person\\\/e3e28d08083f4cbc258957c924e39423\",\"name\":\"pascal iakovou\",\"image\":{\"@type\":\"ImageObject\",\"inLanguage\":\"en-US\",\"@id\":\"https:\\\/\\\/secure.gravatar.com\\\/avatar\\\/358546e9ab7afafbb35961f747089b93cb88ca12b7a9fcd0c7922cc45f092613?s=96&d=mm&r=g\",\"url\":\"https:\\\/\\\/secure.gravatar.com\\\/avatar\\\/358546e9ab7afafbb35961f747089b93cb88ca12b7a9fcd0c7922cc45f092613?s=96&d=mm&r=g\",\"contentUrl\":\"https:\\\/\\\/secure.gravatar.com\\\/avatar\\\/358546e9ab7afafbb35961f747089b93cb88ca12b7a9fcd0c7922cc45f092613?s=96&d=mm&r=g\",\"caption\":\"pascal iakovou\"},\"sameAs\":[\"http:\\\/\\\/www.luxsure.Fr\"],\"url\":\"https:\\\/\\\/www.luxsure.fr\\\/en\\\/author\\\/pascal\\\/\"}]}<\/script>\n<!-- \/ Yoast SEO plugin. -->","yoast_head_json":{"title":"Luxsure partner of ART ELYSEES 2016 - Luxsure","robots":{"index":"index","follow":"follow","max-snippet":"max-snippet:-1","max-image-preview":"max-image-preview:large","max-video-preview":"max-video-preview:-1"},"canonical":"https:\/\/www.luxsure.fr\/en\/2016\/09\/04\/luxsure-partner-of-art-elysees-2016\/","twitter_misc":{"Written by":"pascal iakovou","Est. reading time":"6 minutes"},"schema":{"@context":"https:\/\/schema.org","@graph":[{"@type":"Article","@id":"https:\/\/www.luxsure.fr\/en\/2016\/09\/04\/luxsure-partner-of-art-elysees-2016\/#article","isPartOf":{"@id":"https:\/\/www.luxsure.fr\/en\/2016\/09\/04\/luxsure-partner-of-art-elysees-2016\/"},"author":{"name":"pascal iakovou","@id":"https:\/\/www.luxsure.fr\/#\/schema\/person\/e3e28d08083f4cbc258957c924e39423"},"headline":"Luxsure partner of ART ELYSEES 2016","datePublished":"2016-09-04T16:14:01+00:00","dateModified":"2026-04-27T13:46:34+00:00","mainEntityOfPage":{"@id":"https:\/\/www.luxsure.fr\/en\/2016\/09\/04\/luxsure-partner-of-art-elysees-2016\/"},"wordCount":1154,"publisher":{"@id":"https:\/\/www.luxsure.fr\/#organization"},"image":{"@id":"https:\/\/www.luxsure.fr\/en\/2016\/09\/04\/luxsure-partner-of-art-elysees-2016\/#primaryimage"},"thumbnailUrl":"https:\/\/www.luxsure.fr\/wp-content\/uploads\/2016\/08\/BANNER_affiche_2016_AE.jpg","keywords":["Art \u00c9lys\u00e9es - Art &amp; Design","ART ELYSEES 2016"],"articleSection":["Culture"],"inLanguage":"en-US"},{"@type":"WebPage","@id":"https:\/\/www.luxsure.fr\/en\/2016\/09\/04\/luxsure-partner-of-art-elysees-2016\/","url":"https:\/\/www.luxsure.fr\/en\/2016\/09\/04\/luxsure-partner-of-art-elysees-2016\/","name":"Luxsure partner of ART ELYSEES 2016 - Luxsure","isPartOf":{"@id":"https:\/\/www.luxsure.fr\/#website"},"primaryImageOfPage":{"@id":"https:\/\/www.luxsure.fr\/en\/2016\/09\/04\/luxsure-partner-of-art-elysees-2016\/#primaryimage"},"image":{"@id":"https:\/\/www.luxsure.fr\/en\/2016\/09\/04\/luxsure-partner-of-art-elysees-2016\/#primaryimage"},"thumbnailUrl":"https:\/\/www.luxsure.fr\/wp-content\/uploads\/2016\/08\/BANNER_affiche_2016_AE.jpg","datePublished":"2016-09-04T16:14:01+00:00","dateModified":"2026-04-27T13:46:34+00:00","breadcrumb":{"@id":"https:\/\/www.luxsure.fr\/en\/2016\/09\/04\/luxsure-partner-of-art-elysees-2016\/#breadcrumb"},"inLanguage":"en-US","potentialAction":[{"@type":"ReadAction","target":["https:\/\/www.luxsure.fr\/en\/2016\/09\/04\/luxsure-partner-of-art-elysees-2016\/"]}]},{"@type":"ImageObject","inLanguage":"en-US","@id":"https:\/\/www.luxsure.fr\/en\/2016\/09\/04\/luxsure-partner-of-art-elysees-2016\/#primaryimage","url":"https:\/\/www.luxsure.fr\/wp-content\/uploads\/2016\/08\/BANNER_affiche_2016_AE.jpg","contentUrl":"https:\/\/www.luxsure.fr\/wp-content\/uploads\/2016\/08\/BANNER_affiche_2016_AE.jpg","width":2700,"height":3262},{"@type":"BreadcrumbList","@id":"https:\/\/www.luxsure.fr\/en\/2016\/09\/04\/luxsure-partner-of-art-elysees-2016\/#breadcrumb","itemListElement":[{"@type":"ListItem","position":1,"name":"Accueil","item":"https:\/\/www.luxsure.fr\/"},{"@type":"ListItem","position":2,"name":"Luxsure partner of ART ELYSEES 2016"}]},{"@type":"WebSite","@id":"https:\/\/www.luxsure.fr\/#website","url":"https:\/\/www.luxsure.fr\/","name":"Luxsure","description":"UNE CERTAINE VISION DU LUXE","publisher":{"@id":"https:\/\/www.luxsure.fr\/#organization"},"potentialAction":[{"@type":"SearchAction","target":{"@type":"EntryPoint","urlTemplate":"https:\/\/www.luxsure.fr\/?s={search_term_string}"},"query-input":{"@type":"PropertyValueSpecification","valueRequired":true,"valueName":"search_term_string"}}],"inLanguage":"en-US"},{"@type":"Organization","@id":"https:\/\/www.luxsure.fr\/#organization","name":"Luxsure","url":"https:\/\/www.luxsure.fr\/","logo":{"@type":"ImageObject","inLanguage":"en-US","@id":"https:\/\/www.luxsure.fr\/#\/schema\/logo\/image\/","url":"https:\/\/i0.wp.com\/www.luxsure.fr\/wp-content\/uploads\/2015\/10\/Capture-d\u2019\u00e9cran-2015-08-19-\u00e0-10.51.48.png?fit=551%2C400&ssl=1","contentUrl":"https:\/\/i0.wp.com\/www.luxsure.fr\/wp-content\/uploads\/2015\/10\/Capture-d\u2019\u00e9cran-2015-08-19-\u00e0-10.51.48.png?fit=551%2C400&ssl=1","width":551,"height":400,"caption":"Luxsure"},"image":{"@id":"https:\/\/www.luxsure.fr\/#\/schema\/logo\/image\/"}},{"@type":"Person","@id":"https:\/\/www.luxsure.fr\/#\/schema\/person\/e3e28d08083f4cbc258957c924e39423","name":"pascal iakovou","image":{"@type":"ImageObject","inLanguage":"en-US","@id":"https:\/\/secure.gravatar.com\/avatar\/358546e9ab7afafbb35961f747089b93cb88ca12b7a9fcd0c7922cc45f092613?s=96&d=mm&r=g","url":"https:\/\/secure.gravatar.com\/avatar\/358546e9ab7afafbb35961f747089b93cb88ca12b7a9fcd0c7922cc45f092613?s=96&d=mm&r=g","contentUrl":"https:\/\/secure.gravatar.com\/avatar\/358546e9ab7afafbb35961f747089b93cb88ca12b7a9fcd0c7922cc45f092613?s=96&d=mm&r=g","caption":"pascal iakovou"},"sameAs":["http:\/\/www.luxsure.Fr"],"url":"https:\/\/www.luxsure.fr\/en\/author\/pascal\/"}]}},"_links":{"self":[{"href":"https:\/\/www.luxsure.fr\/en\/wp-json\/wp\/v2\/posts\/2032644","targetHints":{"allow":["GET"]}}],"collection":[{"href":"https:\/\/www.luxsure.fr\/en\/wp-json\/wp\/v2\/posts"}],"about":[{"href":"https:\/\/www.luxsure.fr\/en\/wp-json\/wp\/v2\/types\/post"}],"author":[{"embeddable":true,"href":"https:\/\/www.luxsure.fr\/en\/wp-json\/wp\/v2\/users\/2"}],"replies":[{"embeddable":true,"href":"https:\/\/www.luxsure.fr\/en\/wp-json\/wp\/v2\/comments?post=2032644"}],"version-history":[{"count":0,"href":"https:\/\/www.luxsure.fr\/en\/wp-json\/wp\/v2\/posts\/2032644\/revisions"}],"wp:featuredmedia":[{"embeddable":true,"href":"https:\/\/www.luxsure.fr\/en\/wp-json\/wp\/v2\/media\/932507"}],"wp:attachment":[{"href":"https:\/\/www.luxsure.fr\/en\/wp-json\/wp\/v2\/media?parent=2032644"}],"wp:term":[{"taxonomy":"category","embeddable":true,"href":"https:\/\/www.luxsure.fr\/en\/wp-json\/wp\/v2\/categories?post=2032644"},{"taxonomy":"post_tag","embeddable":true,"href":"https:\/\/www.luxsure.fr\/en\/wp-json\/wp\/v2\/tags?post=2032644"}],"curies":[{"name":"wp","href":"https:\/\/api.w.org\/{rel}","templated":true}]}}