{"id":2032523,"date":"2014-09-23T17:00:17","date_gmt":"2014-09-23T15:00:17","guid":{"rendered":"https:\/\/www.luxsure.fr\/2014\/09\/23\/cleo-from-5-to-7-meeting-with-agnes-varda\/"},"modified":"2026-04-27T15:20:03","modified_gmt":"2026-04-27T13:20:03","slug":"cleo-from-5-to-7-meeting-with-agnes-varda","status":"publish","type":"post","link":"https:\/\/www.luxsure.fr\/en\/2014\/09\/23\/cleo-from-5-to-7-meeting-with-agnes-varda\/","title":{"rendered":"Cl\u00e9o from 5 to 7: Meeting with Agn\u00e8s Varda"},"content":{"rendered":"<p><strong>September 18, 2014. Th\u00e9\u00e2tre du Jardin d&#8217;Acclimatation. We&#8217;re expecting the woman to whom we owe this fine production that is<em>&#8220;Cl\u00e9o de 5 \u00e0 7<\/em>&#8220;: Agn\u00e8s Varda.    <\/strong><\/p>\n<p>Camera in hand, we see the director arrive at the screening location from a distance. Dressed all in mauve, she takes a seat on the bench opposite us. And so begins a passionate exchange about cinema and Agn\u00e8s Varda&#8217;s work throughout her career.  <\/p>\n<p>[youtube http:=&#8221;&#8221;]<\/p>\n<p>Released in 1962,<em>&#8220;Cl\u00e9o de 5 \u00e0 7&#8221;<\/em> was selected twice for the Cannes Film Festival. First in competition in 1962, then 50 years later at <em>Cannes Classics<\/em> in a restored version. A magic wand for Agn\u00e8s Varda: &#8221;  <em>I&#8217;m a classic! Chic!&#8221; <\/em><\/p>\n<p>Thanks to LVMH, the CNC and the Archives Fran\u00e7aises du film,<em>&#8220;Cl\u00e9o de 5 \u00e0 7&#8221;<\/em> has been given a new lease of life. LVMH has reaffirmed its commitment to the arts and culture by participating in the restoration of the film. Having participated in the restoration, Agn\u00e8s Varda is delighted with the remastered version of her film. She appreciates LVMH&#8217;s efforts to organize a private screening of the film.   <\/p>\n<p><strong>Synopsis<\/strong><\/p>\n<p>&#8220;<em>Cl\u00e9o de 5 \u00e0 7<\/em>&#8221; is the story of a young singer who discovers, during an appointment with a fortune-teller, that she has cancer. From that moment on, Cl\u00e9o continues to live her life with a lump in her stomach, right up until her appointment at the hospital to collect the results of her examination.<br \/>\nA complete immersion in the life of a woman of the 60s, between being and appearing, the fear of dying and the joy of living, surrounded by those she loves and rubs shoulders with on a daily basis. <\/p>\n<p>You will soon be able to see<em>&#8220;Cl\u00e9o de 5 \u00e0 7<\/em>&#8221; in selected cinemas in France.<br \/>\nBut if you prefer, the film is available on DVD, Blu-ray and collector&#8217;s edition from FNAC for \u20ac30.<\/p>\n","protected":false},"excerpt":{"rendered":"<p>September 18, 2014. Th\u00e9\u00e2tre du Jardin d&#8217;Acclimatation. We&#8217;re expecting the woman to whom we owe this fine production that is&#8220;Cl\u00e9o de 5 \u00e0 7&#8220;: Agn\u00e8s Varda. Camera in hand, we&hellip;<\/p>\n","protected":false},"author":145,"featured_media":748266,"comment_status":"closed","ping_status":"closed","sticky":false,"template":"","format":"standard","meta":{"_lmt_disableupdate":"","_lmt_disable":"","footnotes":""},"categories":[52709],"tags":[68930,68931,59945,68932,54449,68929],"class_list":["post-2032523","post","type-post","status-publish","format-standard","has-post-thumbnail","hentry","category-thefashion","tag-agnes-varda","tag-cleo-from-5-to-7","tag-cnc","tag-french-film-archives","tag-lvmh","tag-restoration"],"yoast_head":"<!-- This site is optimized with the Yoast SEO plugin v27.5 - https:\/\/yoast.com\/product\/yoast-seo-wordpress\/ -->\n<title>Cl\u00e9o from 5 to 7: Meeting with Agn\u00e8s Varda - Luxsure<\/title>\n<meta name=\"robots\" content=\"index, follow, max-snippet:-1, max-image-preview:large, max-video-preview:-1\" \/>\n<link rel=\"canonical\" href=\"https:\/\/www.luxsure.fr\/en\/2014\/09\/23\/cleo-from-5-to-7-meeting-with-agnes-varda\/\" \/>\n<meta name=\"twitter:label1\" content=\"Written by\" \/>\n\t<meta name=\"twitter:data1\" content=\"Melody Meas\" \/>\n\t<meta name=\"twitter:label2\" content=\"Est. reading time\" \/>\n\t<meta name=\"twitter:data2\" content=\"2 minutes\" \/>\n<script type=\"application\/ld+json\" class=\"yoast-schema-graph\">{\"@context\":\"https:\\\/\\\/schema.org\",\"@graph\":[{\"@type\":\"Article\",\"@id\":\"https:\\\/\\\/www.luxsure.fr\\\/en\\\/2014\\\/09\\\/23\\\/cleo-from-5-to-7-meeting-with-agnes-varda\\\/#article\",\"isPartOf\":{\"@id\":\"https:\\\/\\\/www.luxsure.fr\\\/en\\\/2014\\\/09\\\/23\\\/cleo-from-5-to-7-meeting-with-agnes-varda\\\/\"},\"author\":{\"name\":\"Melody Meas\",\"@id\":\"https:\\\/\\\/www.luxsure.fr\\\/#\\\/schema\\\/person\\\/89a3a45bcebf778698d495af18f98b8d\"},\"headline\":\"Cl\u00e9o from 5 to 7: Meeting with Agn\u00e8s Varda\",\"datePublished\":\"2014-09-23T15:00:17+00:00\",\"dateModified\":\"2026-04-27T13:20:03+00:00\",\"mainEntityOfPage\":{\"@id\":\"https:\\\/\\\/www.luxsure.fr\\\/en\\\/2014\\\/09\\\/23\\\/cleo-from-5-to-7-meeting-with-agnes-varda\\\/\"},\"wordCount\":319,\"publisher\":{\"@id\":\"https:\\\/\\\/www.luxsure.fr\\\/#organization\"},\"image\":{\"@id\":\"https:\\\/\\\/www.luxsure.fr\\\/en\\\/2014\\\/09\\\/23\\\/cleo-from-5-to-7-meeting-with-agnes-varda\\\/#primaryimage\"},\"thumbnailUrl\":\"https:\\\/\\\/www.luxsure.fr\\\/wp-content\\\/uploads\\\/2014\\\/09\\\/Agn\u00e8s-Varda.jpeg\",\"keywords\":[\"Agn\u00e8s Varda\",\"Cl\u00e9o from 5 to 7\",\"cnc\",\"French Film Archives\",\"LVMH\",\"restoration\"],\"articleSection\":[\"The Fashion\"],\"inLanguage\":\"en-US\"},{\"@type\":\"WebPage\",\"@id\":\"https:\\\/\\\/www.luxsure.fr\\\/en\\\/2014\\\/09\\\/23\\\/cleo-from-5-to-7-meeting-with-agnes-varda\\\/\",\"url\":\"https:\\\/\\\/www.luxsure.fr\\\/en\\\/2014\\\/09\\\/23\\\/cleo-from-5-to-7-meeting-with-agnes-varda\\\/\",\"name\":\"Cl\u00e9o from 5 to 7: Meeting with Agn\u00e8s Varda - Luxsure\",\"isPartOf\":{\"@id\":\"https:\\\/\\\/www.luxsure.fr\\\/#website\"},\"primaryImageOfPage\":{\"@id\":\"https:\\\/\\\/www.luxsure.fr\\\/en\\\/2014\\\/09\\\/23\\\/cleo-from-5-to-7-meeting-with-agnes-varda\\\/#primaryimage\"},\"image\":{\"@id\":\"https:\\\/\\\/www.luxsure.fr\\\/en\\\/2014\\\/09\\\/23\\\/cleo-from-5-to-7-meeting-with-agnes-varda\\\/#primaryimage\"},\"thumbnailUrl\":\"https:\\\/\\\/www.luxsure.fr\\\/wp-content\\\/uploads\\\/2014\\\/09\\\/Agn\u00e8s-Varda.jpeg\",\"datePublished\":\"2014-09-23T15:00:17+00:00\",\"dateModified\":\"2026-04-27T13:20:03+00:00\",\"breadcrumb\":{\"@id\":\"https:\\\/\\\/www.luxsure.fr\\\/en\\\/2014\\\/09\\\/23\\\/cleo-from-5-to-7-meeting-with-agnes-varda\\\/#breadcrumb\"},\"inLanguage\":\"en-US\",\"potentialAction\":[{\"@type\":\"ReadAction\",\"target\":[\"https:\\\/\\\/www.luxsure.fr\\\/en\\\/2014\\\/09\\\/23\\\/cleo-from-5-to-7-meeting-with-agnes-varda\\\/\"]}]},{\"@type\":\"ImageObject\",\"inLanguage\":\"en-US\",\"@id\":\"https:\\\/\\\/www.luxsure.fr\\\/en\\\/2014\\\/09\\\/23\\\/cleo-from-5-to-7-meeting-with-agnes-varda\\\/#primaryimage\",\"url\":\"https:\\\/\\\/www.luxsure.fr\\\/wp-content\\\/uploads\\\/2014\\\/09\\\/Agn\u00e8s-Varda.jpeg\",\"contentUrl\":\"https:\\\/\\\/www.luxsure.fr\\\/wp-content\\\/uploads\\\/2014\\\/09\\\/Agn\u00e8s-Varda.jpeg\",\"width\":1265,\"height\":702},{\"@type\":\"BreadcrumbList\",\"@id\":\"https:\\\/\\\/www.luxsure.fr\\\/en\\\/2014\\\/09\\\/23\\\/cleo-from-5-to-7-meeting-with-agnes-varda\\\/#breadcrumb\",\"itemListElement\":[{\"@type\":\"ListItem\",\"position\":1,\"name\":\"Accueil\",\"item\":\"https:\\\/\\\/www.luxsure.fr\\\/\"},{\"@type\":\"ListItem\",\"position\":2,\"name\":\"Cl\u00e9o from 5 to 7: Meeting with Agn\u00e8s Varda\"}]},{\"@type\":\"WebSite\",\"@id\":\"https:\\\/\\\/www.luxsure.fr\\\/#website\",\"url\":\"https:\\\/\\\/www.luxsure.fr\\\/\",\"name\":\"Luxsure\",\"description\":\"UNE CERTAINE VISION DU LUXE\",\"publisher\":{\"@id\":\"https:\\\/\\\/www.luxsure.fr\\\/#organization\"},\"potentialAction\":[{\"@type\":\"SearchAction\",\"target\":{\"@type\":\"EntryPoint\",\"urlTemplate\":\"https:\\\/\\\/www.luxsure.fr\\\/?s={search_term_string}\"},\"query-input\":{\"@type\":\"PropertyValueSpecification\",\"valueRequired\":true,\"valueName\":\"search_term_string\"}}],\"inLanguage\":\"en-US\"},{\"@type\":\"Organization\",\"@id\":\"https:\\\/\\\/www.luxsure.fr\\\/#organization\",\"name\":\"Luxsure\",\"url\":\"https:\\\/\\\/www.luxsure.fr\\\/\",\"logo\":{\"@type\":\"ImageObject\",\"inLanguage\":\"en-US\",\"@id\":\"https:\\\/\\\/www.luxsure.fr\\\/#\\\/schema\\\/logo\\\/image\\\/\",\"url\":\"https:\\\/\\\/i0.wp.com\\\/www.luxsure.fr\\\/wp-content\\\/uploads\\\/2015\\\/10\\\/Capture-d\u2019\u00e9cran-2015-08-19-\u00e0-10.51.48.png?fit=551%2C400&ssl=1\",\"contentUrl\":\"https:\\\/\\\/i0.wp.com\\\/www.luxsure.fr\\\/wp-content\\\/uploads\\\/2015\\\/10\\\/Capture-d\u2019\u00e9cran-2015-08-19-\u00e0-10.51.48.png?fit=551%2C400&ssl=1\",\"width\":551,\"height\":400,\"caption\":\"Luxsure\"},\"image\":{\"@id\":\"https:\\\/\\\/www.luxsure.fr\\\/#\\\/schema\\\/logo\\\/image\\\/\"}},{\"@type\":\"Person\",\"@id\":\"https:\\\/\\\/www.luxsure.fr\\\/#\\\/schema\\\/person\\\/89a3a45bcebf778698d495af18f98b8d\",\"name\":\"Melody Meas\",\"image\":{\"@type\":\"ImageObject\",\"inLanguage\":\"en-US\",\"@id\":\"https:\\\/\\\/secure.gravatar.com\\\/avatar\\\/2d27faf5e6213aaf3371a0ef3a5b283ca552aabd3bfa202867d4ddd136815fc3?s=96&d=mm&r=g\",\"url\":\"https:\\\/\\\/secure.gravatar.com\\\/avatar\\\/2d27faf5e6213aaf3371a0ef3a5b283ca552aabd3bfa202867d4ddd136815fc3?s=96&d=mm&r=g\",\"contentUrl\":\"https:\\\/\\\/secure.gravatar.com\\\/avatar\\\/2d27faf5e6213aaf3371a0ef3a5b283ca552aabd3bfa202867d4ddd136815fc3?s=96&d=mm&r=g\",\"caption\":\"Melody Meas\"},\"url\":\"https:\\\/\\\/www.luxsure.fr\\\/en\\\/author\\\/melody-meas\\\/\"}]}<\/script>\n<!-- \/ Yoast SEO plugin. -->","yoast_head_json":{"title":"Cl\u00e9o from 5 to 7: Meeting with Agn\u00e8s Varda - Luxsure","robots":{"index":"index","follow":"follow","max-snippet":"max-snippet:-1","max-image-preview":"max-image-preview:large","max-video-preview":"max-video-preview:-1"},"canonical":"https:\/\/www.luxsure.fr\/en\/2014\/09\/23\/cleo-from-5-to-7-meeting-with-agnes-varda\/","twitter_misc":{"Written by":"Melody Meas","Est. reading time":"2 minutes"},"schema":{"@context":"https:\/\/schema.org","@graph":[{"@type":"Article","@id":"https:\/\/www.luxsure.fr\/en\/2014\/09\/23\/cleo-from-5-to-7-meeting-with-agnes-varda\/#article","isPartOf":{"@id":"https:\/\/www.luxsure.fr\/en\/2014\/09\/23\/cleo-from-5-to-7-meeting-with-agnes-varda\/"},"author":{"name":"Melody Meas","@id":"https:\/\/www.luxsure.fr\/#\/schema\/person\/89a3a45bcebf778698d495af18f98b8d"},"headline":"Cl\u00e9o from 5 to 7: Meeting with Agn\u00e8s Varda","datePublished":"2014-09-23T15:00:17+00:00","dateModified":"2026-04-27T13:20:03+00:00","mainEntityOfPage":{"@id":"https:\/\/www.luxsure.fr\/en\/2014\/09\/23\/cleo-from-5-to-7-meeting-with-agnes-varda\/"},"wordCount":319,"publisher":{"@id":"https:\/\/www.luxsure.fr\/#organization"},"image":{"@id":"https:\/\/www.luxsure.fr\/en\/2014\/09\/23\/cleo-from-5-to-7-meeting-with-agnes-varda\/#primaryimage"},"thumbnailUrl":"https:\/\/www.luxsure.fr\/wp-content\/uploads\/2014\/09\/Agn\u00e8s-Varda.jpeg","keywords":["Agn\u00e8s Varda","Cl\u00e9o from 5 to 7","cnc","French Film Archives","LVMH","restoration"],"articleSection":["The Fashion"],"inLanguage":"en-US"},{"@type":"WebPage","@id":"https:\/\/www.luxsure.fr\/en\/2014\/09\/23\/cleo-from-5-to-7-meeting-with-agnes-varda\/","url":"https:\/\/www.luxsure.fr\/en\/2014\/09\/23\/cleo-from-5-to-7-meeting-with-agnes-varda\/","name":"Cl\u00e9o from 5 to 7: Meeting with Agn\u00e8s Varda - Luxsure","isPartOf":{"@id":"https:\/\/www.luxsure.fr\/#website"},"primaryImageOfPage":{"@id":"https:\/\/www.luxsure.fr\/en\/2014\/09\/23\/cleo-from-5-to-7-meeting-with-agnes-varda\/#primaryimage"},"image":{"@id":"https:\/\/www.luxsure.fr\/en\/2014\/09\/23\/cleo-from-5-to-7-meeting-with-agnes-varda\/#primaryimage"},"thumbnailUrl":"https:\/\/www.luxsure.fr\/wp-content\/uploads\/2014\/09\/Agn\u00e8s-Varda.jpeg","datePublished":"2014-09-23T15:00:17+00:00","dateModified":"2026-04-27T13:20:03+00:00","breadcrumb":{"@id":"https:\/\/www.luxsure.fr\/en\/2014\/09\/23\/cleo-from-5-to-7-meeting-with-agnes-varda\/#breadcrumb"},"inLanguage":"en-US","potentialAction":[{"@type":"ReadAction","target":["https:\/\/www.luxsure.fr\/en\/2014\/09\/23\/cleo-from-5-to-7-meeting-with-agnes-varda\/"]}]},{"@type":"ImageObject","inLanguage":"en-US","@id":"https:\/\/www.luxsure.fr\/en\/2014\/09\/23\/cleo-from-5-to-7-meeting-with-agnes-varda\/#primaryimage","url":"https:\/\/www.luxsure.fr\/wp-content\/uploads\/2014\/09\/Agn\u00e8s-Varda.jpeg","contentUrl":"https:\/\/www.luxsure.fr\/wp-content\/uploads\/2014\/09\/Agn\u00e8s-Varda.jpeg","width":1265,"height":702},{"@type":"BreadcrumbList","@id":"https:\/\/www.luxsure.fr\/en\/2014\/09\/23\/cleo-from-5-to-7-meeting-with-agnes-varda\/#breadcrumb","itemListElement":[{"@type":"ListItem","position":1,"name":"Accueil","item":"https:\/\/www.luxsure.fr\/"},{"@type":"ListItem","position":2,"name":"Cl\u00e9o from 5 to 7: Meeting with Agn\u00e8s Varda"}]},{"@type":"WebSite","@id":"https:\/\/www.luxsure.fr\/#website","url":"https:\/\/www.luxsure.fr\/","name":"Luxsure","description":"UNE CERTAINE VISION DU LUXE","publisher":{"@id":"https:\/\/www.luxsure.fr\/#organization"},"potentialAction":[{"@type":"SearchAction","target":{"@type":"EntryPoint","urlTemplate":"https:\/\/www.luxsure.fr\/?s={search_term_string}"},"query-input":{"@type":"PropertyValueSpecification","valueRequired":true,"valueName":"search_term_string"}}],"inLanguage":"en-US"},{"@type":"Organization","@id":"https:\/\/www.luxsure.fr\/#organization","name":"Luxsure","url":"https:\/\/www.luxsure.fr\/","logo":{"@type":"ImageObject","inLanguage":"en-US","@id":"https:\/\/www.luxsure.fr\/#\/schema\/logo\/image\/","url":"https:\/\/i0.wp.com\/www.luxsure.fr\/wp-content\/uploads\/2015\/10\/Capture-d\u2019\u00e9cran-2015-08-19-\u00e0-10.51.48.png?fit=551%2C400&ssl=1","contentUrl":"https:\/\/i0.wp.com\/www.luxsure.fr\/wp-content\/uploads\/2015\/10\/Capture-d\u2019\u00e9cran-2015-08-19-\u00e0-10.51.48.png?fit=551%2C400&ssl=1","width":551,"height":400,"caption":"Luxsure"},"image":{"@id":"https:\/\/www.luxsure.fr\/#\/schema\/logo\/image\/"}},{"@type":"Person","@id":"https:\/\/www.luxsure.fr\/#\/schema\/person\/89a3a45bcebf778698d495af18f98b8d","name":"Melody Meas","image":{"@type":"ImageObject","inLanguage":"en-US","@id":"https:\/\/secure.gravatar.com\/avatar\/2d27faf5e6213aaf3371a0ef3a5b283ca552aabd3bfa202867d4ddd136815fc3?s=96&d=mm&r=g","url":"https:\/\/secure.gravatar.com\/avatar\/2d27faf5e6213aaf3371a0ef3a5b283ca552aabd3bfa202867d4ddd136815fc3?s=96&d=mm&r=g","contentUrl":"https:\/\/secure.gravatar.com\/avatar\/2d27faf5e6213aaf3371a0ef3a5b283ca552aabd3bfa202867d4ddd136815fc3?s=96&d=mm&r=g","caption":"Melody Meas"},"url":"https:\/\/www.luxsure.fr\/en\/author\/melody-meas\/"}]}},"_links":{"self":[{"href":"https:\/\/www.luxsure.fr\/en\/wp-json\/wp\/v2\/posts\/2032523","targetHints":{"allow":["GET"]}}],"collection":[{"href":"https:\/\/www.luxsure.fr\/en\/wp-json\/wp\/v2\/posts"}],"about":[{"href":"https:\/\/www.luxsure.fr\/en\/wp-json\/wp\/v2\/types\/post"}],"author":[{"embeddable":true,"href":"https:\/\/www.luxsure.fr\/en\/wp-json\/wp\/v2\/users\/145"}],"replies":[{"embeddable":true,"href":"https:\/\/www.luxsure.fr\/en\/wp-json\/wp\/v2\/comments?post=2032523"}],"version-history":[{"count":0,"href":"https:\/\/www.luxsure.fr\/en\/wp-json\/wp\/v2\/posts\/2032523\/revisions"}],"wp:featuredmedia":[{"embeddable":true,"href":"https:\/\/www.luxsure.fr\/en\/wp-json\/wp\/v2\/media\/748266"}],"wp:attachment":[{"href":"https:\/\/www.luxsure.fr\/en\/wp-json\/wp\/v2\/media?parent=2032523"}],"wp:term":[{"taxonomy":"category","embeddable":true,"href":"https:\/\/www.luxsure.fr\/en\/wp-json\/wp\/v2\/categories?post=2032523"},{"taxonomy":"post_tag","embeddable":true,"href":"https:\/\/www.luxsure.fr\/en\/wp-json\/wp\/v2\/tags?post=2032523"}],"curies":[{"name":"wp","href":"https:\/\/api.w.org\/{rel}","templated":true}]}}