{"id":2032426,"date":"2014-12-28T09:45:32","date_gmt":"2014-12-28T08:45:32","guid":{"rendered":"https:\/\/www.luxsure.fr\/2014\/12\/28\/kick-off-for-the-17th-edition-of-les-sapins-de-noel-des-createurs\/"},"modified":"2026-04-27T14:54:45","modified_gmt":"2026-04-27T12:54:45","slug":"kick-off-for-the-17th-edition-of-les-sapins-de-noel-des-createurs","status":"publish","type":"post","link":"https:\/\/www.luxsure.fr\/en\/2014\/12\/28\/kick-off-for-the-17th-edition-of-les-sapins-de-noel-des-createurs\/","title":{"rendered":"Kick-off for the 17th edition of Les Sapins de No\u00ebl des Cr\u00e9ateurs"},"content":{"rendered":"<p>Christmas festivities kicked off on Avenue Montaigne in Paris with the illuminations and the inauguration of the exhibition of Sapins de No\u00ebl des Cr\u00e9ateurs. With interviews with Jean-Claude Cathalan (President of the Comit\u00e9 Montaigne), Olivia Putman (architect), Jean-Charles de Castelbajac (designer), Didier Ludot (designer), St\u00e9phane Rolland (couturier), Didier Grumbach (Honorary President of the F\u00e9d\u00e9ration de la Couture).Christmas festivities kick off with the illuminations on Avenue Montaigne in Paris and the inauguration of the Sapins de No\u00ebl des Cr\u00e9ateurs exhibition. For this 19th edition, 36 fashion designers, artists and architects have come up with unique works to be auctioned off in aid of the fight against cancer. Sapins de No\u00ebl des Cr\u00e9ateurs exhibition &#8211; from Friday November 28 to Monday December 15, 2014 &#8211; Th\u00e9\u00e2tre des Champs Elys\u00e9es &amp; visible during opening hours in participating homes on Avenue Montaigne and Rue Fran\u00e7ois 1er.  <\/p>\n<p><iframe width=\"640\" height=\"360\" frameborder=\"0\" scrolling=\"no\" data-src=\"http:\/\/vds.rightster.com\/v\/01yzqrr7x2qqdr?target=iframe&amp;autoplay=1&amp;show_title=0\" allowtransparency=\"true\" webkitallowfullscreen=\"\" mozallowfullscreen=\"\" allowfullscreen=\"\" src=\"data:image\/svg+xml;base64,PHN2ZyB3aWR0aD0iMSIgaGVpZ2h0PSIxIiB4bWxucz0iaHR0cDovL3d3dy53My5vcmcvMjAwMC9zdmciPjwvc3ZnPg==\" class=\"lazyload\" data-load-mode=\"1\"><\/iframe><\/p>\n","protected":false},"excerpt":{"rendered":"<p>Christmas festivities kicked off on Avenue Montaigne in Paris with the illuminations and the inauguration of the exhibition of Sapins de No\u00ebl des Cr\u00e9ateurs. With interviews with Jean-Claude Cathalan (President&hellip;<\/p>\n","protected":false},"author":2,"featured_media":766458,"comment_status":"closed","ping_status":"closed","sticky":false,"template":"","format":"standard","meta":{"_lmt_disableupdate":"","_lmt_disable":"","footnotes":""},"categories":[30094,52709],"tags":[68758],"class_list":["post-2032426","post","type-post","status-publish","format-standard","has-post-thumbnail","hentry","category-culture-en","category-thefashion","tag-designer-christmas-trees"],"yoast_head":"<!-- This site is optimized with the Yoast SEO plugin v27.5 - https:\/\/yoast.com\/product\/yoast-seo-wordpress\/ -->\n<title>Kick-off for the 17th edition of Les Sapins de No\u00ebl des Cr\u00e9ateurs - Luxsure<\/title>\n<meta name=\"robots\" content=\"index, follow, max-snippet:-1, max-image-preview:large, max-video-preview:-1\" \/>\n<link rel=\"canonical\" href=\"https:\/\/www.luxsure.fr\/en\/2014\/12\/28\/kick-off-for-the-17th-edition-of-les-sapins-de-noel-des-createurs\/\" \/>\n<meta name=\"twitter:label1\" content=\"Written by\" \/>\n\t<meta name=\"twitter:data1\" content=\"pascal iakovou\" \/>\n\t<meta name=\"twitter:label2\" content=\"Est. reading time\" \/>\n\t<meta name=\"twitter:data2\" content=\"1 minute\" \/>\n<script type=\"application\/ld+json\" class=\"yoast-schema-graph\">{\"@context\":\"https:\\\/\\\/schema.org\",\"@graph\":[{\"@type\":\"Article\",\"@id\":\"https:\\\/\\\/www.luxsure.fr\\\/en\\\/2014\\\/12\\\/28\\\/kick-off-for-the-17th-edition-of-les-sapins-de-noel-des-createurs\\\/#article\",\"isPartOf\":{\"@id\":\"https:\\\/\\\/www.luxsure.fr\\\/en\\\/2014\\\/12\\\/28\\\/kick-off-for-the-17th-edition-of-les-sapins-de-noel-des-createurs\\\/\"},\"author\":{\"name\":\"pascal iakovou\",\"@id\":\"https:\\\/\\\/www.luxsure.fr\\\/#\\\/schema\\\/person\\\/e3e28d08083f4cbc258957c924e39423\"},\"headline\":\"Kick-off for the 17th edition of Les Sapins de No\u00ebl des Cr\u00e9ateurs\",\"datePublished\":\"2014-12-28T08:45:32+00:00\",\"dateModified\":\"2026-04-27T12:54:45+00:00\",\"mainEntityOfPage\":{\"@id\":\"https:\\\/\\\/www.luxsure.fr\\\/en\\\/2014\\\/12\\\/28\\\/kick-off-for-the-17th-edition-of-les-sapins-de-noel-des-createurs\\\/\"},\"wordCount\":165,\"publisher\":{\"@id\":\"https:\\\/\\\/www.luxsure.fr\\\/#organization\"},\"image\":{\"@id\":\"https:\\\/\\\/www.luxsure.fr\\\/en\\\/2014\\\/12\\\/28\\\/kick-off-for-the-17th-edition-of-les-sapins-de-noel-des-createurs\\\/#primaryimage\"},\"thumbnailUrl\":\"https:\\\/\\\/www.luxsure.fr\\\/wp-content\\\/uploads\\\/2014\\\/12\\\/da1c7590cbc5241b60a670cacfbe3749_54789a12_275x155.jpg\",\"keywords\":[\"Designer Christmas trees\"],\"articleSection\":[\"Culture\",\"The Fashion\"],\"inLanguage\":\"en-US\"},{\"@type\":\"WebPage\",\"@id\":\"https:\\\/\\\/www.luxsure.fr\\\/en\\\/2014\\\/12\\\/28\\\/kick-off-for-the-17th-edition-of-les-sapins-de-noel-des-createurs\\\/\",\"url\":\"https:\\\/\\\/www.luxsure.fr\\\/en\\\/2014\\\/12\\\/28\\\/kick-off-for-the-17th-edition-of-les-sapins-de-noel-des-createurs\\\/\",\"name\":\"Kick-off for the 17th edition of Les Sapins de No\u00ebl des Cr\u00e9ateurs - Luxsure\",\"isPartOf\":{\"@id\":\"https:\\\/\\\/www.luxsure.fr\\\/#website\"},\"primaryImageOfPage\":{\"@id\":\"https:\\\/\\\/www.luxsure.fr\\\/en\\\/2014\\\/12\\\/28\\\/kick-off-for-the-17th-edition-of-les-sapins-de-noel-des-createurs\\\/#primaryimage\"},\"image\":{\"@id\":\"https:\\\/\\\/www.luxsure.fr\\\/en\\\/2014\\\/12\\\/28\\\/kick-off-for-the-17th-edition-of-les-sapins-de-noel-des-createurs\\\/#primaryimage\"},\"thumbnailUrl\":\"https:\\\/\\\/www.luxsure.fr\\\/wp-content\\\/uploads\\\/2014\\\/12\\\/da1c7590cbc5241b60a670cacfbe3749_54789a12_275x155.jpg\",\"datePublished\":\"2014-12-28T08:45:32+00:00\",\"dateModified\":\"2026-04-27T12:54:45+00:00\",\"breadcrumb\":{\"@id\":\"https:\\\/\\\/www.luxsure.fr\\\/en\\\/2014\\\/12\\\/28\\\/kick-off-for-the-17th-edition-of-les-sapins-de-noel-des-createurs\\\/#breadcrumb\"},\"inLanguage\":\"en-US\",\"potentialAction\":[{\"@type\":\"ReadAction\",\"target\":[\"https:\\\/\\\/www.luxsure.fr\\\/en\\\/2014\\\/12\\\/28\\\/kick-off-for-the-17th-edition-of-les-sapins-de-noel-des-createurs\\\/\"]}]},{\"@type\":\"ImageObject\",\"inLanguage\":\"en-US\",\"@id\":\"https:\\\/\\\/www.luxsure.fr\\\/en\\\/2014\\\/12\\\/28\\\/kick-off-for-the-17th-edition-of-les-sapins-de-noel-des-createurs\\\/#primaryimage\",\"url\":\"https:\\\/\\\/www.luxsure.fr\\\/wp-content\\\/uploads\\\/2014\\\/12\\\/da1c7590cbc5241b60a670cacfbe3749_54789a12_275x155.jpg\",\"contentUrl\":\"https:\\\/\\\/www.luxsure.fr\\\/wp-content\\\/uploads\\\/2014\\\/12\\\/da1c7590cbc5241b60a670cacfbe3749_54789a12_275x155.jpg\",\"width\":275,\"height\":155},{\"@type\":\"BreadcrumbList\",\"@id\":\"https:\\\/\\\/www.luxsure.fr\\\/en\\\/2014\\\/12\\\/28\\\/kick-off-for-the-17th-edition-of-les-sapins-de-noel-des-createurs\\\/#breadcrumb\",\"itemListElement\":[{\"@type\":\"ListItem\",\"position\":1,\"name\":\"Accueil\",\"item\":\"https:\\\/\\\/www.luxsure.fr\\\/\"},{\"@type\":\"ListItem\",\"position\":2,\"name\":\"Kick-off for the 17th edition of Les Sapins de No\u00ebl des Cr\u00e9ateurs\"}]},{\"@type\":\"WebSite\",\"@id\":\"https:\\\/\\\/www.luxsure.fr\\\/#website\",\"url\":\"https:\\\/\\\/www.luxsure.fr\\\/\",\"name\":\"Luxsure\",\"description\":\"UNE CERTAINE VISION DU LUXE\",\"publisher\":{\"@id\":\"https:\\\/\\\/www.luxsure.fr\\\/#organization\"},\"potentialAction\":[{\"@type\":\"SearchAction\",\"target\":{\"@type\":\"EntryPoint\",\"urlTemplate\":\"https:\\\/\\\/www.luxsure.fr\\\/?s={search_term_string}\"},\"query-input\":{\"@type\":\"PropertyValueSpecification\",\"valueRequired\":true,\"valueName\":\"search_term_string\"}}],\"inLanguage\":\"en-US\"},{\"@type\":\"Organization\",\"@id\":\"https:\\\/\\\/www.luxsure.fr\\\/#organization\",\"name\":\"Luxsure\",\"url\":\"https:\\\/\\\/www.luxsure.fr\\\/\",\"logo\":{\"@type\":\"ImageObject\",\"inLanguage\":\"en-US\",\"@id\":\"https:\\\/\\\/www.luxsure.fr\\\/#\\\/schema\\\/logo\\\/image\\\/\",\"url\":\"https:\\\/\\\/i0.wp.com\\\/www.luxsure.fr\\\/wp-content\\\/uploads\\\/2015\\\/10\\\/Capture-d\u2019\u00e9cran-2015-08-19-\u00e0-10.51.48.png?fit=551%2C400&ssl=1\",\"contentUrl\":\"https:\\\/\\\/i0.wp.com\\\/www.luxsure.fr\\\/wp-content\\\/uploads\\\/2015\\\/10\\\/Capture-d\u2019\u00e9cran-2015-08-19-\u00e0-10.51.48.png?fit=551%2C400&ssl=1\",\"width\":551,\"height\":400,\"caption\":\"Luxsure\"},\"image\":{\"@id\":\"https:\\\/\\\/www.luxsure.fr\\\/#\\\/schema\\\/logo\\\/image\\\/\"}},{\"@type\":\"Person\",\"@id\":\"https:\\\/\\\/www.luxsure.fr\\\/#\\\/schema\\\/person\\\/e3e28d08083f4cbc258957c924e39423\",\"name\":\"pascal iakovou\",\"image\":{\"@type\":\"ImageObject\",\"inLanguage\":\"en-US\",\"@id\":\"https:\\\/\\\/secure.gravatar.com\\\/avatar\\\/358546e9ab7afafbb35961f747089b93cb88ca12b7a9fcd0c7922cc45f092613?s=96&d=mm&r=g\",\"url\":\"https:\\\/\\\/secure.gravatar.com\\\/avatar\\\/358546e9ab7afafbb35961f747089b93cb88ca12b7a9fcd0c7922cc45f092613?s=96&d=mm&r=g\",\"contentUrl\":\"https:\\\/\\\/secure.gravatar.com\\\/avatar\\\/358546e9ab7afafbb35961f747089b93cb88ca12b7a9fcd0c7922cc45f092613?s=96&d=mm&r=g\",\"caption\":\"pascal iakovou\"},\"sameAs\":[\"http:\\\/\\\/www.luxsure.Fr\"],\"url\":\"https:\\\/\\\/www.luxsure.fr\\\/en\\\/author\\\/pascal\\\/\"}]}<\/script>\n<!-- \/ Yoast SEO plugin. -->","yoast_head_json":{"title":"Kick-off for the 17th edition of Les Sapins de No\u00ebl des Cr\u00e9ateurs - Luxsure","robots":{"index":"index","follow":"follow","max-snippet":"max-snippet:-1","max-image-preview":"max-image-preview:large","max-video-preview":"max-video-preview:-1"},"canonical":"https:\/\/www.luxsure.fr\/en\/2014\/12\/28\/kick-off-for-the-17th-edition-of-les-sapins-de-noel-des-createurs\/","twitter_misc":{"Written by":"pascal iakovou","Est. reading time":"1 minute"},"schema":{"@context":"https:\/\/schema.org","@graph":[{"@type":"Article","@id":"https:\/\/www.luxsure.fr\/en\/2014\/12\/28\/kick-off-for-the-17th-edition-of-les-sapins-de-noel-des-createurs\/#article","isPartOf":{"@id":"https:\/\/www.luxsure.fr\/en\/2014\/12\/28\/kick-off-for-the-17th-edition-of-les-sapins-de-noel-des-createurs\/"},"author":{"name":"pascal iakovou","@id":"https:\/\/www.luxsure.fr\/#\/schema\/person\/e3e28d08083f4cbc258957c924e39423"},"headline":"Kick-off for the 17th edition of Les Sapins de No\u00ebl des Cr\u00e9ateurs","datePublished":"2014-12-28T08:45:32+00:00","dateModified":"2026-04-27T12:54:45+00:00","mainEntityOfPage":{"@id":"https:\/\/www.luxsure.fr\/en\/2014\/12\/28\/kick-off-for-the-17th-edition-of-les-sapins-de-noel-des-createurs\/"},"wordCount":165,"publisher":{"@id":"https:\/\/www.luxsure.fr\/#organization"},"image":{"@id":"https:\/\/www.luxsure.fr\/en\/2014\/12\/28\/kick-off-for-the-17th-edition-of-les-sapins-de-noel-des-createurs\/#primaryimage"},"thumbnailUrl":"https:\/\/www.luxsure.fr\/wp-content\/uploads\/2014\/12\/da1c7590cbc5241b60a670cacfbe3749_54789a12_275x155.jpg","keywords":["Designer Christmas trees"],"articleSection":["Culture","The Fashion"],"inLanguage":"en-US"},{"@type":"WebPage","@id":"https:\/\/www.luxsure.fr\/en\/2014\/12\/28\/kick-off-for-the-17th-edition-of-les-sapins-de-noel-des-createurs\/","url":"https:\/\/www.luxsure.fr\/en\/2014\/12\/28\/kick-off-for-the-17th-edition-of-les-sapins-de-noel-des-createurs\/","name":"Kick-off for the 17th edition of Les Sapins de No\u00ebl des Cr\u00e9ateurs - Luxsure","isPartOf":{"@id":"https:\/\/www.luxsure.fr\/#website"},"primaryImageOfPage":{"@id":"https:\/\/www.luxsure.fr\/en\/2014\/12\/28\/kick-off-for-the-17th-edition-of-les-sapins-de-noel-des-createurs\/#primaryimage"},"image":{"@id":"https:\/\/www.luxsure.fr\/en\/2014\/12\/28\/kick-off-for-the-17th-edition-of-les-sapins-de-noel-des-createurs\/#primaryimage"},"thumbnailUrl":"https:\/\/www.luxsure.fr\/wp-content\/uploads\/2014\/12\/da1c7590cbc5241b60a670cacfbe3749_54789a12_275x155.jpg","datePublished":"2014-12-28T08:45:32+00:00","dateModified":"2026-04-27T12:54:45+00:00","breadcrumb":{"@id":"https:\/\/www.luxsure.fr\/en\/2014\/12\/28\/kick-off-for-the-17th-edition-of-les-sapins-de-noel-des-createurs\/#breadcrumb"},"inLanguage":"en-US","potentialAction":[{"@type":"ReadAction","target":["https:\/\/www.luxsure.fr\/en\/2014\/12\/28\/kick-off-for-the-17th-edition-of-les-sapins-de-noel-des-createurs\/"]}]},{"@type":"ImageObject","inLanguage":"en-US","@id":"https:\/\/www.luxsure.fr\/en\/2014\/12\/28\/kick-off-for-the-17th-edition-of-les-sapins-de-noel-des-createurs\/#primaryimage","url":"https:\/\/www.luxsure.fr\/wp-content\/uploads\/2014\/12\/da1c7590cbc5241b60a670cacfbe3749_54789a12_275x155.jpg","contentUrl":"https:\/\/www.luxsure.fr\/wp-content\/uploads\/2014\/12\/da1c7590cbc5241b60a670cacfbe3749_54789a12_275x155.jpg","width":275,"height":155},{"@type":"BreadcrumbList","@id":"https:\/\/www.luxsure.fr\/en\/2014\/12\/28\/kick-off-for-the-17th-edition-of-les-sapins-de-noel-des-createurs\/#breadcrumb","itemListElement":[{"@type":"ListItem","position":1,"name":"Accueil","item":"https:\/\/www.luxsure.fr\/"},{"@type":"ListItem","position":2,"name":"Kick-off for the 17th edition of Les Sapins de No\u00ebl des Cr\u00e9ateurs"}]},{"@type":"WebSite","@id":"https:\/\/www.luxsure.fr\/#website","url":"https:\/\/www.luxsure.fr\/","name":"Luxsure","description":"UNE CERTAINE VISION DU LUXE","publisher":{"@id":"https:\/\/www.luxsure.fr\/#organization"},"potentialAction":[{"@type":"SearchAction","target":{"@type":"EntryPoint","urlTemplate":"https:\/\/www.luxsure.fr\/?s={search_term_string}"},"query-input":{"@type":"PropertyValueSpecification","valueRequired":true,"valueName":"search_term_string"}}],"inLanguage":"en-US"},{"@type":"Organization","@id":"https:\/\/www.luxsure.fr\/#organization","name":"Luxsure","url":"https:\/\/www.luxsure.fr\/","logo":{"@type":"ImageObject","inLanguage":"en-US","@id":"https:\/\/www.luxsure.fr\/#\/schema\/logo\/image\/","url":"https:\/\/i0.wp.com\/www.luxsure.fr\/wp-content\/uploads\/2015\/10\/Capture-d\u2019\u00e9cran-2015-08-19-\u00e0-10.51.48.png?fit=551%2C400&ssl=1","contentUrl":"https:\/\/i0.wp.com\/www.luxsure.fr\/wp-content\/uploads\/2015\/10\/Capture-d\u2019\u00e9cran-2015-08-19-\u00e0-10.51.48.png?fit=551%2C400&ssl=1","width":551,"height":400,"caption":"Luxsure"},"image":{"@id":"https:\/\/www.luxsure.fr\/#\/schema\/logo\/image\/"}},{"@type":"Person","@id":"https:\/\/www.luxsure.fr\/#\/schema\/person\/e3e28d08083f4cbc258957c924e39423","name":"pascal iakovou","image":{"@type":"ImageObject","inLanguage":"en-US","@id":"https:\/\/secure.gravatar.com\/avatar\/358546e9ab7afafbb35961f747089b93cb88ca12b7a9fcd0c7922cc45f092613?s=96&d=mm&r=g","url":"https:\/\/secure.gravatar.com\/avatar\/358546e9ab7afafbb35961f747089b93cb88ca12b7a9fcd0c7922cc45f092613?s=96&d=mm&r=g","contentUrl":"https:\/\/secure.gravatar.com\/avatar\/358546e9ab7afafbb35961f747089b93cb88ca12b7a9fcd0c7922cc45f092613?s=96&d=mm&r=g","caption":"pascal iakovou"},"sameAs":["http:\/\/www.luxsure.Fr"],"url":"https:\/\/www.luxsure.fr\/en\/author\/pascal\/"}]}},"_links":{"self":[{"href":"https:\/\/www.luxsure.fr\/en\/wp-json\/wp\/v2\/posts\/2032426","targetHints":{"allow":["GET"]}}],"collection":[{"href":"https:\/\/www.luxsure.fr\/en\/wp-json\/wp\/v2\/posts"}],"about":[{"href":"https:\/\/www.luxsure.fr\/en\/wp-json\/wp\/v2\/types\/post"}],"author":[{"embeddable":true,"href":"https:\/\/www.luxsure.fr\/en\/wp-json\/wp\/v2\/users\/2"}],"replies":[{"embeddable":true,"href":"https:\/\/www.luxsure.fr\/en\/wp-json\/wp\/v2\/comments?post=2032426"}],"version-history":[{"count":0,"href":"https:\/\/www.luxsure.fr\/en\/wp-json\/wp\/v2\/posts\/2032426\/revisions"}],"wp:featuredmedia":[{"embeddable":true,"href":"https:\/\/www.luxsure.fr\/en\/wp-json\/wp\/v2\/media\/766458"}],"wp:attachment":[{"href":"https:\/\/www.luxsure.fr\/en\/wp-json\/wp\/v2\/media?parent=2032426"}],"wp:term":[{"taxonomy":"category","embeddable":true,"href":"https:\/\/www.luxsure.fr\/en\/wp-json\/wp\/v2\/categories?post=2032426"},{"taxonomy":"post_tag","embeddable":true,"href":"https:\/\/www.luxsure.fr\/en\/wp-json\/wp\/v2\/tags?post=2032426"}],"curies":[{"name":"wp","href":"https:\/\/api.w.org\/{rel}","templated":true}]}}