{"id":2032279,"date":"2024-04-13T10:36:05","date_gmt":"2024-04-13T08:36:05","guid":{"rendered":"https:\/\/www.luxsure.fr\/2024\/04\/13\/eclat-et-couleur-the-mediterranean-summer-collection-by-isabelle-langlois\/"},"modified":"2026-04-27T09:04:39","modified_gmt":"2026-04-27T07:04:39","slug":"eclat-et-couleur-the-mediterranean-summer-collection-by-isabelle-langlois","status":"publish","type":"post","link":"https:\/\/www.luxsure.fr\/en\/2024\/04\/13\/eclat-et-couleur-the-mediterranean-summer-collection-by-isabelle-langlois\/","title":{"rendered":"\u00c9clat et Couleur: The &#8220;Mediterranean Summer&#8221; Collection by Isabelle Langlois"},"content":{"rendered":"<p>The Isabelle Langlois jewelry house unveils its new &#8220;\u00c9t\u00e9 en M\u00e9diterran\u00e9e&#8221; collection, an invitation to escape where brilliant colors and the grace of precious stones meet. Inspired by the beauty of bougainvillea and the luminous hues of the Mediterranean, this collection is a symphony of hues and elegance. <\/p>\n<p><strong>A Tribute to Color and Nature:<\/strong><\/p>\n<p>Each jewel in the collection evokes the pink blossoms of bougainvillea, contrasting with the luminous blue of the Mediterranean sky. The claw-set colored stones create a harmonious, shimmering dialogue, evoking the nuances of London blue topaz and pink sapphires. <\/p>\n<p><strong>Refined and Innovative Creations :<\/strong><\/p>\n<p>The pieces, including a ring and earrings, are designed with a touch of originality, where hems become unexpected stylistic details. The collection features sensual curves underlined by diamonds, reflecting the House&#8217;s exceptional craftsmanship. <\/p>\n<p><strong>The Art of Jewellery by Isabelle Langlois :<\/strong><\/p>\n<p>Isabelle Langlois, heir to a line of Jura lapidaries, brings her unique expertise and passion for colored stones to the table. The &#8220;Mediterranean Summer&#8221; collection is the fruit of her inspiration from a Greek landscape and her desire to celebrate color and joie de vivre. <\/p>\n<p><strong>Accessibility and Distribution :<\/strong><\/p>\n<p>The collection, priced from \u20ac300 to \u20ac30,000, is available from jewelers in France and abroad. The pieces are aimed at women with character, sensitive to beautiful stones and a mix of colors. <\/p>\n<p>To discover this captivating collection and for more information, visit <a href=\"https:\/\/www.isabellelanglois.com\/\" target=\"_new\" rel=\"noopener\">www.isabellelanglois.com<\/a> or contact the Isabelle Langlois boutique at 29 rue Danielle Casanova, 75001 Paris.<\/p>\n\n\t\t<style type=\"text\/css\">\n\t\t\t#gallery-1 {\n\t\t\t\tmargin: auto;\n\t\t\t}\n\t\t\t#gallery-1 .gallery-item {\n\t\t\t\tfloat: left;\n\t\t\t\tmargin-top: 10px;\n\t\t\t\ttext-align: center;\n\t\t\t\twidth: 33%;\n\t\t\t}\n\t\t\t#gallery-1 img {\n\t\t\t\tborder: 2px solid #cfcfcf;\n\t\t\t}\n\t\t\t#gallery-1 .gallery-caption {\n\t\t\t\tmargin-left: 0;\n\t\t\t}\n\t\t\t\/* see gallery_shortcode() in wp-includes\/media.php *\/\n\t\t<\/style>\n\t\t<div id='gallery-1' class='gallery galleryid-2032279 gallery-columns-3 gallery-size-large'><dl class='gallery-item'>\n\t\t\t<dt class='gallery-icon landscape'>\n\t\t\t\t<a href='https:\/\/www.luxsure.fr\/en\/2024\/04\/13\/isabelle-langlois-ete-en-mediterranee-collection\/bagueeteenmediterranneeisabellelanglois_r038b-rhobt3aiolp01-1\/'><img decoding=\"async\" width=\"1024\" height=\"1024\" data-src=\"https:\/\/www.luxsure.fr\/wp-content\/uploads\/2024\/01\/BagueEteenmediterranneeIsabelleLanglois_R038B-RHOBT3AIOLP01-1-1024x1024.jpg\" class=\"attachment-large size-large lazyload\" alt=\"\" data-srcset=\"https:\/\/www.luxsure.fr\/wp-content\/uploads\/2024\/01\/BagueEteenmediterranneeIsabelleLanglois_R038B-RHOBT3AIOLP01-1-1024x1024.jpg 1024w, https:\/\/www.luxsure.fr\/wp-content\/uploads\/2024\/01\/BagueEteenmediterranneeIsabelleLanglois_R038B-RHOBT3AIOLP01-1-300x300.jpg 300w, https:\/\/www.luxsure.fr\/wp-content\/uploads\/2024\/01\/BagueEteenmediterranneeIsabelleLanglois_R038B-RHOBT3AIOLP01-1-768x768.jpg 768w, https:\/\/www.luxsure.fr\/wp-content\/uploads\/2024\/01\/BagueEteenmediterranneeIsabelleLanglois_R038B-RHOBT3AIOLP01-1-600x600.jpg 600w, https:\/\/www.luxsure.fr\/wp-content\/uploads\/2024\/01\/BagueEteenmediterranneeIsabelleLanglois_R038B-RHOBT3AIOLP01-1-1536x1536.jpg 1536w, https:\/\/www.luxsure.fr\/wp-content\/uploads\/2024\/01\/BagueEteenmediterranneeIsabelleLanglois_R038B-RHOBT3AIOLP01-1-2048x2048.jpg 2048w, https:\/\/www.luxsure.fr\/wp-content\/uploads\/2024\/01\/BagueEteenmediterranneeIsabelleLanglois_R038B-RHOBT3AIOLP01-1-1920x1920.jpg 1920w, https:\/\/www.luxsure.fr\/wp-content\/uploads\/2024\/01\/BagueEteenmediterranneeIsabelleLanglois_R038B-RHOBT3AIOLP01-1-1170x1170.jpg 1170w, https:\/\/www.luxsure.fr\/wp-content\/uploads\/2024\/01\/BagueEteenmediterranneeIsabelleLanglois_R038B-RHOBT3AIOLP01-1-585x585.jpg 585w\" data-sizes=\"(max-width: 1024px) 100vw, 1024px\" src=\"data:image\/svg+xml;base64,PHN2ZyB3aWR0aD0iMSIgaGVpZ2h0PSIxIiB4bWxucz0iaHR0cDovL3d3dy53My5vcmcvMjAwMC9zdmciPjwvc3ZnPg==\" style=\"--smush-placeholder-width: 1024px; --smush-placeholder-aspect-ratio: 1024\/1024;\" \/><\/a>\n\t\t\t<\/dt><\/dl><dl class='gallery-item'>\n\t\t\t<dt class='gallery-icon landscape'>\n\t\t\t\t<a href='https:\/\/www.luxsure.fr\/en\/2024\/04\/13\/isabelle-langlois-ete-en-mediterranee-collection\/bagueeteenmediterranneeisabellelanglois_r038b-rhobt3aiolp02-1\/'><img decoding=\"async\" width=\"1024\" height=\"1024\" data-src=\"https:\/\/www.luxsure.fr\/wp-content\/uploads\/2024\/01\/BagueEteenmediterranneeIsabelleLanglois_R038B-RHOBT3AIOLP02-1-1024x1024.jpg\" class=\"attachment-large size-large lazyload\" alt=\"\" data-srcset=\"https:\/\/www.luxsure.fr\/wp-content\/uploads\/2024\/01\/BagueEteenmediterranneeIsabelleLanglois_R038B-RHOBT3AIOLP02-1-1024x1024.jpg 1024w, https:\/\/www.luxsure.fr\/wp-content\/uploads\/2024\/01\/BagueEteenmediterranneeIsabelleLanglois_R038B-RHOBT3AIOLP02-1-300x300.jpg 300w, https:\/\/www.luxsure.fr\/wp-content\/uploads\/2024\/01\/BagueEteenmediterranneeIsabelleLanglois_R038B-RHOBT3AIOLP02-1-768x768.jpg 768w, https:\/\/www.luxsure.fr\/wp-content\/uploads\/2024\/01\/BagueEteenmediterranneeIsabelleLanglois_R038B-RHOBT3AIOLP02-1-600x600.jpg 600w, https:\/\/www.luxsure.fr\/wp-content\/uploads\/2024\/01\/BagueEteenmediterranneeIsabelleLanglois_R038B-RHOBT3AIOLP02-1-1536x1536.jpg 1536w, https:\/\/www.luxsure.fr\/wp-content\/uploads\/2024\/01\/BagueEteenmediterranneeIsabelleLanglois_R038B-RHOBT3AIOLP02-1-2048x2048.jpg 2048w, https:\/\/www.luxsure.fr\/wp-content\/uploads\/2024\/01\/BagueEteenmediterranneeIsabelleLanglois_R038B-RHOBT3AIOLP02-1-1920x1920.jpg 1920w, https:\/\/www.luxsure.fr\/wp-content\/uploads\/2024\/01\/BagueEteenmediterranneeIsabelleLanglois_R038B-RHOBT3AIOLP02-1-1170x1170.jpg 1170w, https:\/\/www.luxsure.fr\/wp-content\/uploads\/2024\/01\/BagueEteenmediterranneeIsabelleLanglois_R038B-RHOBT3AIOLP02-1-585x585.jpg 585w\" data-sizes=\"(max-width: 1024px) 100vw, 1024px\" src=\"data:image\/svg+xml;base64,PHN2ZyB3aWR0aD0iMSIgaGVpZ2h0PSIxIiB4bWxucz0iaHR0cDovL3d3dy53My5vcmcvMjAwMC9zdmciPjwvc3ZnPg==\" style=\"--smush-placeholder-width: 1024px; --smush-placeholder-aspect-ratio: 1024\/1024;\" \/><\/a>\n\t\t\t<\/dt><\/dl><dl class='gallery-item'>\n\t\t\t<dt class='gallery-icon landscape'>\n\t\t\t\t<a href='https:\/\/www.luxsure.fr\/en\/2024\/04\/13\/isabelle-langlois-ete-en-mediterranee-collection\/bouclesdoreilleseteenmediterrannee_isabellelanglois_e606-bt3arhiolp-1\/'><img decoding=\"async\" width=\"1024\" height=\"1024\" data-src=\"https:\/\/www.luxsure.fr\/wp-content\/uploads\/2024\/01\/BouclesdoreillesEteenmediterrannee_IsabelleLanglois_E606-BT3ARHIOLP-1-1024x1024.jpg\" class=\"attachment-large size-large lazyload\" alt=\"\" data-srcset=\"https:\/\/www.luxsure.fr\/wp-content\/uploads\/2024\/01\/BouclesdoreillesEteenmediterrannee_IsabelleLanglois_E606-BT3ARHIOLP-1-1024x1024.jpg 1024w, https:\/\/www.luxsure.fr\/wp-content\/uploads\/2024\/01\/BouclesdoreillesEteenmediterrannee_IsabelleLanglois_E606-BT3ARHIOLP-1-300x300.jpg 300w, https:\/\/www.luxsure.fr\/wp-content\/uploads\/2024\/01\/BouclesdoreillesEteenmediterrannee_IsabelleLanglois_E606-BT3ARHIOLP-1-768x768.jpg 768w, https:\/\/www.luxsure.fr\/wp-content\/uploads\/2024\/01\/BouclesdoreillesEteenmediterrannee_IsabelleLanglois_E606-BT3ARHIOLP-1-600x600.jpg 600w, https:\/\/www.luxsure.fr\/wp-content\/uploads\/2024\/01\/BouclesdoreillesEteenmediterrannee_IsabelleLanglois_E606-BT3ARHIOLP-1-1536x1536.jpg 1536w, https:\/\/www.luxsure.fr\/wp-content\/uploads\/2024\/01\/BouclesdoreillesEteenmediterrannee_IsabelleLanglois_E606-BT3ARHIOLP-1-2048x2048.jpg 2048w, https:\/\/www.luxsure.fr\/wp-content\/uploads\/2024\/01\/BouclesdoreillesEteenmediterrannee_IsabelleLanglois_E606-BT3ARHIOLP-1-1920x1920.jpg 1920w, https:\/\/www.luxsure.fr\/wp-content\/uploads\/2024\/01\/BouclesdoreillesEteenmediterrannee_IsabelleLanglois_E606-BT3ARHIOLP-1-1170x1170.jpg 1170w, https:\/\/www.luxsure.fr\/wp-content\/uploads\/2024\/01\/BouclesdoreillesEteenmediterrannee_IsabelleLanglois_E606-BT3ARHIOLP-1-585x585.jpg 585w\" data-sizes=\"(max-width: 1024px) 100vw, 1024px\" src=\"data:image\/svg+xml;base64,PHN2ZyB3aWR0aD0iMSIgaGVpZ2h0PSIxIiB4bWxucz0iaHR0cDovL3d3dy53My5vcmcvMjAwMC9zdmciPjwvc3ZnPg==\" style=\"--smush-placeholder-width: 1024px; --smush-placeholder-aspect-ratio: 1024\/1024;\" \/><\/a>\n\t\t\t<\/dt><\/dl><br style=\"clear: both\" \/><dl class='gallery-item'>\n\t\t\t<dt class='gallery-icon landscape'>\n\t\t\t\t<a href='https:\/\/www.luxsure.fr\/en\/2024\/04\/13\/isabelle-langlois-ete-en-mediterranee-collection\/bougainvillea-blue-sky-and-blue-sea\/'><img decoding=\"async\" width=\"1024\" height=\"731\" data-src=\"https:\/\/www.luxsure.fr\/wp-content\/uploads\/2024\/01\/IsabelleLangloisETEenMediterranne-1024x731.jpg\" class=\"attachment-large size-large lazyload\" alt=\"\" aria-describedby=\"gallery-1-1872299\" data-srcset=\"https:\/\/www.luxsure.fr\/wp-content\/uploads\/2024\/01\/IsabelleLangloisETEenMediterranne-1024x731.jpg 1024w, https:\/\/www.luxsure.fr\/wp-content\/uploads\/2024\/01\/IsabelleLangloisETEenMediterranne-300x214.jpg 300w, https:\/\/www.luxsure.fr\/wp-content\/uploads\/2024\/01\/IsabelleLangloisETEenMediterranne-768x549.jpg 768w, https:\/\/www.luxsure.fr\/wp-content\/uploads\/2024\/01\/IsabelleLangloisETEenMediterranne-600x429.jpg 600w, https:\/\/www.luxsure.fr\/wp-content\/uploads\/2024\/01\/IsabelleLangloisETEenMediterranne-1536x1097.jpg 1536w, https:\/\/www.luxsure.fr\/wp-content\/uploads\/2024\/01\/IsabelleLangloisETEenMediterranne-2048x1463.jpg 2048w, https:\/\/www.luxsure.fr\/wp-content\/uploads\/2024\/01\/IsabelleLangloisETEenMediterranne-1920x1371.jpg 1920w, https:\/\/www.luxsure.fr\/wp-content\/uploads\/2024\/01\/IsabelleLangloisETEenMediterranne-1170x836.jpg 1170w, https:\/\/www.luxsure.fr\/wp-content\/uploads\/2024\/01\/IsabelleLangloisETEenMediterranne-585x418.jpg 585w\" data-sizes=\"(max-width: 1024px) 100vw, 1024px\" src=\"data:image\/svg+xml;base64,PHN2ZyB3aWR0aD0iMSIgaGVpZ2h0PSIxIiB4bWxucz0iaHR0cDovL3d3dy53My5vcmcvMjAwMC9zdmciPjwvc3ZnPg==\" style=\"--smush-placeholder-width: 1024px; --smush-placeholder-aspect-ratio: 1024\/731;\" \/><\/a>\n\t\t\t<\/dt>\n\t\t\t\t<dd class='wp-caption-text gallery-caption' id='gallery-1-1872299'>\n\t\t\t\tBougainvillea, Blue Sky and Blue Sea\n\t\t\t\t<\/dd><\/dl>\n\t\t\t<br style='clear: both' \/>\n\t\t<\/div>\n\n","protected":false},"excerpt":{"rendered":"<p>The Isabelle Langlois jewelry house unveils its new &#8220;\u00c9t\u00e9 en M\u00e9diterran\u00e9e&#8221; collection, an invitation to escape where brilliant colors and the grace of precious stones meet. Inspired by the beauty&hellip;<\/p>\n","protected":false},"author":2,"featured_media":0,"comment_status":"closed","ping_status":"closed","sticky":false,"template":"","format":"standard","meta":{"_lmt_disableupdate":"","_lmt_disable":"","footnotes":""},"categories":[30122],"tags":[68454,30133,64949],"class_list":["post-2032279","post","type-post","status-publish","format-standard","hentry","category-watches-and-jewelry","tag-isabelle-langlois","tag-jewelry-en-2","tag-luxury-jewelry"],"yoast_head":"<!-- This site is optimized with the Yoast SEO plugin v27.4 - https:\/\/yoast.com\/product\/yoast-seo-wordpress\/ -->\n<title>\u00c9clat et Couleur: The &quot;Mediterranean Summer&quot; Collection by Isabelle Langlois - Luxsure<\/title>\n<meta name=\"description\" content=\"Immerse yourself in the world of Isabelle Langlois with her new &quot;\u00c9t\u00e9 en M\u00e9diterran\u00e9e&quot; jewelry collection, an ode to vibrant colors and timeless elegance.\" \/>\n<meta name=\"robots\" content=\"index, follow, max-snippet:-1, max-image-preview:large, max-video-preview:-1\" \/>\n<link rel=\"canonical\" href=\"https:\/\/www.luxsure.fr\/en\/2024\/04\/13\/eclat-et-couleur-the-mediterranean-summer-collection-by-isabelle-langlois\/\" \/>\n<meta name=\"twitter:label1\" content=\"Written by\" \/>\n\t<meta name=\"twitter:data1\" content=\"pascal iakovou\" \/>\n\t<meta name=\"twitter:label2\" content=\"Est. reading time\" \/>\n\t<meta name=\"twitter:data2\" content=\"1 minute\" \/>\n<script type=\"application\/ld+json\" class=\"yoast-schema-graph\">{\"@context\":\"https:\\\/\\\/schema.org\",\"@graph\":[{\"@type\":\"Article\",\"@id\":\"https:\\\/\\\/www.luxsure.fr\\\/en\\\/2024\\\/04\\\/13\\\/eclat-et-couleur-the-mediterranean-summer-collection-by-isabelle-langlois\\\/#article\",\"isPartOf\":{\"@id\":\"https:\\\/\\\/www.luxsure.fr\\\/en\\\/2024\\\/04\\\/13\\\/eclat-et-couleur-the-mediterranean-summer-collection-by-isabelle-langlois\\\/\"},\"author\":{\"name\":\"pascal iakovou\",\"@id\":\"https:\\\/\\\/www.luxsure.fr\\\/#\\\/schema\\\/person\\\/e3e28d08083f4cbc258957c924e39423\"},\"headline\":\"\u00c9clat et Couleur: The &#8220;Mediterranean Summer&#8221; Collection by Isabelle Langlois\",\"datePublished\":\"2024-04-13T08:36:05+00:00\",\"dateModified\":\"2026-04-27T07:04:39+00:00\",\"mainEntityOfPage\":{\"@id\":\"https:\\\/\\\/www.luxsure.fr\\\/en\\\/2024\\\/04\\\/13\\\/eclat-et-couleur-the-mediterranean-summer-collection-by-isabelle-langlois\\\/\"},\"wordCount\":258,\"publisher\":{\"@id\":\"https:\\\/\\\/www.luxsure.fr\\\/#organization\"},\"keywords\":[\"Isabelle Langlois\",\"Jewelry\",\"luxury jewelry\"],\"articleSection\":[\"Watches and Jewelry\"],\"inLanguage\":\"en-US\"},{\"@type\":\"WebPage\",\"@id\":\"https:\\\/\\\/www.luxsure.fr\\\/en\\\/2024\\\/04\\\/13\\\/eclat-et-couleur-the-mediterranean-summer-collection-by-isabelle-langlois\\\/\",\"url\":\"https:\\\/\\\/www.luxsure.fr\\\/en\\\/2024\\\/04\\\/13\\\/eclat-et-couleur-the-mediterranean-summer-collection-by-isabelle-langlois\\\/\",\"name\":\"\u00c9clat et Couleur: The \\\"Mediterranean Summer\\\" Collection by Isabelle Langlois - Luxsure\",\"isPartOf\":{\"@id\":\"https:\\\/\\\/www.luxsure.fr\\\/#website\"},\"datePublished\":\"2024-04-13T08:36:05+00:00\",\"dateModified\":\"2026-04-27T07:04:39+00:00\",\"description\":\"Immerse yourself in the world of Isabelle Langlois with her new \\\"\u00c9t\u00e9 en M\u00e9diterran\u00e9e\\\" jewelry collection, an ode to vibrant colors and timeless elegance.\",\"breadcrumb\":{\"@id\":\"https:\\\/\\\/www.luxsure.fr\\\/en\\\/2024\\\/04\\\/13\\\/eclat-et-couleur-the-mediterranean-summer-collection-by-isabelle-langlois\\\/#breadcrumb\"},\"inLanguage\":\"en-US\",\"potentialAction\":[{\"@type\":\"ReadAction\",\"target\":[\"https:\\\/\\\/www.luxsure.fr\\\/en\\\/2024\\\/04\\\/13\\\/eclat-et-couleur-the-mediterranean-summer-collection-by-isabelle-langlois\\\/\"]}]},{\"@type\":\"BreadcrumbList\",\"@id\":\"https:\\\/\\\/www.luxsure.fr\\\/en\\\/2024\\\/04\\\/13\\\/eclat-et-couleur-the-mediterranean-summer-collection-by-isabelle-langlois\\\/#breadcrumb\",\"itemListElement\":[{\"@type\":\"ListItem\",\"position\":1,\"name\":\"Accueil\",\"item\":\"https:\\\/\\\/www.luxsure.fr\\\/\"},{\"@type\":\"ListItem\",\"position\":2,\"name\":\"\u00c9clat et Couleur: The &#8220;Mediterranean Summer&#8221; Collection by Isabelle Langlois\"}]},{\"@type\":\"WebSite\",\"@id\":\"https:\\\/\\\/www.luxsure.fr\\\/#website\",\"url\":\"https:\\\/\\\/www.luxsure.fr\\\/\",\"name\":\"Luxsure\",\"description\":\"UNE CERTAINE VISION DU LUXE\",\"publisher\":{\"@id\":\"https:\\\/\\\/www.luxsure.fr\\\/#organization\"},\"potentialAction\":[{\"@type\":\"SearchAction\",\"target\":{\"@type\":\"EntryPoint\",\"urlTemplate\":\"https:\\\/\\\/www.luxsure.fr\\\/?s={search_term_string}\"},\"query-input\":{\"@type\":\"PropertyValueSpecification\",\"valueRequired\":true,\"valueName\":\"search_term_string\"}}],\"inLanguage\":\"en-US\"},{\"@type\":\"Organization\",\"@id\":\"https:\\\/\\\/www.luxsure.fr\\\/#organization\",\"name\":\"Luxsure\",\"url\":\"https:\\\/\\\/www.luxsure.fr\\\/\",\"logo\":{\"@type\":\"ImageObject\",\"inLanguage\":\"en-US\",\"@id\":\"https:\\\/\\\/www.luxsure.fr\\\/#\\\/schema\\\/logo\\\/image\\\/\",\"url\":\"https:\\\/\\\/i0.wp.com\\\/www.luxsure.fr\\\/wp-content\\\/uploads\\\/2015\\\/10\\\/Capture-d\u2019\u00e9cran-2015-08-19-\u00e0-10.51.48.png?fit=551%2C400&ssl=1\",\"contentUrl\":\"https:\\\/\\\/i0.wp.com\\\/www.luxsure.fr\\\/wp-content\\\/uploads\\\/2015\\\/10\\\/Capture-d\u2019\u00e9cran-2015-08-19-\u00e0-10.51.48.png?fit=551%2C400&ssl=1\",\"width\":551,\"height\":400,\"caption\":\"Luxsure\"},\"image\":{\"@id\":\"https:\\\/\\\/www.luxsure.fr\\\/#\\\/schema\\\/logo\\\/image\\\/\"}},{\"@type\":\"Person\",\"@id\":\"https:\\\/\\\/www.luxsure.fr\\\/#\\\/schema\\\/person\\\/e3e28d08083f4cbc258957c924e39423\",\"name\":\"pascal iakovou\",\"image\":{\"@type\":\"ImageObject\",\"inLanguage\":\"en-US\",\"@id\":\"https:\\\/\\\/secure.gravatar.com\\\/avatar\\\/358546e9ab7afafbb35961f747089b93cb88ca12b7a9fcd0c7922cc45f092613?s=96&d=mm&r=g\",\"url\":\"https:\\\/\\\/secure.gravatar.com\\\/avatar\\\/358546e9ab7afafbb35961f747089b93cb88ca12b7a9fcd0c7922cc45f092613?s=96&d=mm&r=g\",\"contentUrl\":\"https:\\\/\\\/secure.gravatar.com\\\/avatar\\\/358546e9ab7afafbb35961f747089b93cb88ca12b7a9fcd0c7922cc45f092613?s=96&d=mm&r=g\",\"caption\":\"pascal iakovou\"},\"sameAs\":[\"http:\\\/\\\/www.luxsure.Fr\"],\"url\":\"https:\\\/\\\/www.luxsure.fr\\\/en\\\/author\\\/pascal\\\/\"}]}<\/script>\n<!-- \/ Yoast SEO plugin. -->","yoast_head_json":{"title":"\u00c9clat et Couleur: The \"Mediterranean Summer\" Collection by Isabelle Langlois - Luxsure","description":"Immerse yourself in the world of Isabelle Langlois with her new \"\u00c9t\u00e9 en M\u00e9diterran\u00e9e\" jewelry collection, an ode to vibrant colors and timeless elegance.","robots":{"index":"index","follow":"follow","max-snippet":"max-snippet:-1","max-image-preview":"max-image-preview:large","max-video-preview":"max-video-preview:-1"},"canonical":"https:\/\/www.luxsure.fr\/en\/2024\/04\/13\/eclat-et-couleur-the-mediterranean-summer-collection-by-isabelle-langlois\/","twitter_misc":{"Written by":"pascal iakovou","Est. reading time":"1 minute"},"schema":{"@context":"https:\/\/schema.org","@graph":[{"@type":"Article","@id":"https:\/\/www.luxsure.fr\/en\/2024\/04\/13\/eclat-et-couleur-the-mediterranean-summer-collection-by-isabelle-langlois\/#article","isPartOf":{"@id":"https:\/\/www.luxsure.fr\/en\/2024\/04\/13\/eclat-et-couleur-the-mediterranean-summer-collection-by-isabelle-langlois\/"},"author":{"name":"pascal iakovou","@id":"https:\/\/www.luxsure.fr\/#\/schema\/person\/e3e28d08083f4cbc258957c924e39423"},"headline":"\u00c9clat et Couleur: The &#8220;Mediterranean Summer&#8221; Collection by Isabelle Langlois","datePublished":"2024-04-13T08:36:05+00:00","dateModified":"2026-04-27T07:04:39+00:00","mainEntityOfPage":{"@id":"https:\/\/www.luxsure.fr\/en\/2024\/04\/13\/eclat-et-couleur-the-mediterranean-summer-collection-by-isabelle-langlois\/"},"wordCount":258,"publisher":{"@id":"https:\/\/www.luxsure.fr\/#organization"},"keywords":["Isabelle Langlois","Jewelry","luxury jewelry"],"articleSection":["Watches and Jewelry"],"inLanguage":"en-US"},{"@type":"WebPage","@id":"https:\/\/www.luxsure.fr\/en\/2024\/04\/13\/eclat-et-couleur-the-mediterranean-summer-collection-by-isabelle-langlois\/","url":"https:\/\/www.luxsure.fr\/en\/2024\/04\/13\/eclat-et-couleur-the-mediterranean-summer-collection-by-isabelle-langlois\/","name":"\u00c9clat et Couleur: The \"Mediterranean Summer\" Collection by Isabelle Langlois - Luxsure","isPartOf":{"@id":"https:\/\/www.luxsure.fr\/#website"},"datePublished":"2024-04-13T08:36:05+00:00","dateModified":"2026-04-27T07:04:39+00:00","description":"Immerse yourself in the world of Isabelle Langlois with her new \"\u00c9t\u00e9 en M\u00e9diterran\u00e9e\" jewelry collection, an ode to vibrant colors and timeless elegance.","breadcrumb":{"@id":"https:\/\/www.luxsure.fr\/en\/2024\/04\/13\/eclat-et-couleur-the-mediterranean-summer-collection-by-isabelle-langlois\/#breadcrumb"},"inLanguage":"en-US","potentialAction":[{"@type":"ReadAction","target":["https:\/\/www.luxsure.fr\/en\/2024\/04\/13\/eclat-et-couleur-the-mediterranean-summer-collection-by-isabelle-langlois\/"]}]},{"@type":"BreadcrumbList","@id":"https:\/\/www.luxsure.fr\/en\/2024\/04\/13\/eclat-et-couleur-the-mediterranean-summer-collection-by-isabelle-langlois\/#breadcrumb","itemListElement":[{"@type":"ListItem","position":1,"name":"Accueil","item":"https:\/\/www.luxsure.fr\/"},{"@type":"ListItem","position":2,"name":"\u00c9clat et Couleur: The &#8220;Mediterranean Summer&#8221; Collection by Isabelle Langlois"}]},{"@type":"WebSite","@id":"https:\/\/www.luxsure.fr\/#website","url":"https:\/\/www.luxsure.fr\/","name":"Luxsure","description":"UNE CERTAINE VISION DU LUXE","publisher":{"@id":"https:\/\/www.luxsure.fr\/#organization"},"potentialAction":[{"@type":"SearchAction","target":{"@type":"EntryPoint","urlTemplate":"https:\/\/www.luxsure.fr\/?s={search_term_string}"},"query-input":{"@type":"PropertyValueSpecification","valueRequired":true,"valueName":"search_term_string"}}],"inLanguage":"en-US"},{"@type":"Organization","@id":"https:\/\/www.luxsure.fr\/#organization","name":"Luxsure","url":"https:\/\/www.luxsure.fr\/","logo":{"@type":"ImageObject","inLanguage":"en-US","@id":"https:\/\/www.luxsure.fr\/#\/schema\/logo\/image\/","url":"https:\/\/i0.wp.com\/www.luxsure.fr\/wp-content\/uploads\/2015\/10\/Capture-d\u2019\u00e9cran-2015-08-19-\u00e0-10.51.48.png?fit=551%2C400&ssl=1","contentUrl":"https:\/\/i0.wp.com\/www.luxsure.fr\/wp-content\/uploads\/2015\/10\/Capture-d\u2019\u00e9cran-2015-08-19-\u00e0-10.51.48.png?fit=551%2C400&ssl=1","width":551,"height":400,"caption":"Luxsure"},"image":{"@id":"https:\/\/www.luxsure.fr\/#\/schema\/logo\/image\/"}},{"@type":"Person","@id":"https:\/\/www.luxsure.fr\/#\/schema\/person\/e3e28d08083f4cbc258957c924e39423","name":"pascal iakovou","image":{"@type":"ImageObject","inLanguage":"en-US","@id":"https:\/\/secure.gravatar.com\/avatar\/358546e9ab7afafbb35961f747089b93cb88ca12b7a9fcd0c7922cc45f092613?s=96&d=mm&r=g","url":"https:\/\/secure.gravatar.com\/avatar\/358546e9ab7afafbb35961f747089b93cb88ca12b7a9fcd0c7922cc45f092613?s=96&d=mm&r=g","contentUrl":"https:\/\/secure.gravatar.com\/avatar\/358546e9ab7afafbb35961f747089b93cb88ca12b7a9fcd0c7922cc45f092613?s=96&d=mm&r=g","caption":"pascal iakovou"},"sameAs":["http:\/\/www.luxsure.Fr"],"url":"https:\/\/www.luxsure.fr\/en\/author\/pascal\/"}]}},"_links":{"self":[{"href":"https:\/\/www.luxsure.fr\/en\/wp-json\/wp\/v2\/posts\/2032279","targetHints":{"allow":["GET"]}}],"collection":[{"href":"https:\/\/www.luxsure.fr\/en\/wp-json\/wp\/v2\/posts"}],"about":[{"href":"https:\/\/www.luxsure.fr\/en\/wp-json\/wp\/v2\/types\/post"}],"author":[{"embeddable":true,"href":"https:\/\/www.luxsure.fr\/en\/wp-json\/wp\/v2\/users\/2"}],"replies":[{"embeddable":true,"href":"https:\/\/www.luxsure.fr\/en\/wp-json\/wp\/v2\/comments?post=2032279"}],"version-history":[{"count":0,"href":"https:\/\/www.luxsure.fr\/en\/wp-json\/wp\/v2\/posts\/2032279\/revisions"}],"wp:attachment":[{"href":"https:\/\/www.luxsure.fr\/en\/wp-json\/wp\/v2\/media?parent=2032279"}],"wp:term":[{"taxonomy":"category","embeddable":true,"href":"https:\/\/www.luxsure.fr\/en\/wp-json\/wp\/v2\/categories?post=2032279"},{"taxonomy":"post_tag","embeddable":true,"href":"https:\/\/www.luxsure.fr\/en\/wp-json\/wp\/v2\/tags?post=2032279"}],"curies":[{"name":"wp","href":"https:\/\/api.w.org\/{rel}","templated":true}]}}