{"id":2032191,"date":"2022-01-03T13:00:00","date_gmt":"2022-01-03T12:00:00","guid":{"rendered":"https:\/\/www.luxsure.fr\/2022\/01\/03\/a-la-rencontre-du-petit-prince-from-february-17-2022-at-the-musee-des-arts-decoratifs\/"},"modified":"2026-04-27T08:22:50","modified_gmt":"2026-04-27T06:22:50","slug":"a-la-rencontre-du-petit-prince-from-february-17-2022-at-the-musee-des-arts-decoratifs","status":"publish","type":"post","link":"https:\/\/www.luxsure.fr\/en\/2022\/01\/03\/a-la-rencontre-du-petit-prince-from-february-17-2022-at-the-musee-des-arts-decoratifs\/","title":{"rendered":"\u00c0 la rencontre du petit prince&#8217; from February 17, 2022 at the Mus\u00e9e des Arts D\u00e9coratifs"},"content":{"rendered":"<p><strong>Meeting <\/strong> <strong>the little prince<\/strong> <strong>Exhibition<\/strong><strong>February 17 to June 26, 2022<\/strong><\/p>\n<p>The Mus\u00e9e des Arts D\u00e9coratifs presents the first major museum exhibition in France devoted to The <em>Little Prince<\/em>, a timeless masterpiece of literature.<br \/>\nMore than 600 exhibits celebrate the many facets of Antoine de Saint-Exup\u00e9ry: writer, poet, aviator, explorer, journalist, inventor, philosopher, driven all his life by a humanist ideal, the driving force behind his work.<\/p>\n<div id=\"attachment_420753\" style=\"width: 1034px\" class=\"wp-caption alignnone\"><img decoding=\"async\" aria-describedby=\"caption-attachment-420753\" class=\"size-large wp-image-420753 lazyload\" data-src=\"https:\/\/www.luxsure.fr\/wp-content\/uploads\/2021\/12\/Roses-1024x541.jpg\" alt=\"\" width=\"1024\" height=\"541\" data-srcset=\"https:\/\/www.luxsure.fr\/wp-content\/uploads\/2021\/12\/Roses-1024x541.jpg 1024w, https:\/\/www.luxsure.fr\/wp-content\/uploads\/2021\/12\/Roses-300x159.jpg 300w, https:\/\/www.luxsure.fr\/wp-content\/uploads\/2021\/12\/Roses-768x406.jpg 768w, https:\/\/www.luxsure.fr\/wp-content\/uploads\/2021\/12\/Roses-600x317.jpg 600w, https:\/\/www.luxsure.fr\/wp-content\/uploads\/2021\/12\/Roses-585x309.jpg 585w, https:\/\/www.luxsure.fr\/wp-content\/uploads\/2021\/12\/Roses.jpg 1169w\" data-sizes=\"(max-width: 1024px) 100vw, 1024px\" src=\"data:image\/svg+xml;base64,PHN2ZyB3aWR0aD0iMSIgaGVpZ2h0PSIxIiB4bWxucz0iaHR0cDovL3d3dy53My5vcmcvMjAwMC9zdmciPjwvc3ZnPg==\" style=\"--smush-placeholder-width: 1024px; --smush-placeholder-aspect-ratio: 1024\/541;\" \/><p id=\"caption-attachment-420753\" class=\"wp-caption-text\">The Little Prince in the Rose Garden \u00a9 \u00c9ditions Gallimard<\/p><\/div>\n<p>On the occasion of this exceptional tribute, the original manuscript, kept at the Morgan Library &amp; Museum in New York and never before presented to the French public, is set against watercolors, sketches and drawings &#8211; most of them previously unpublished &#8211; as well as manuscripts, photographs, poems, newspaper clippings and extracts from correspondence.<\/p>\n<p><em>The Little Prince<\/em>, the last book to be published during Saint-Exup\u00e9ry&#8217;s lifetime, was written and published in the United States in 1943, but released in France in 1946. Since then, it has been a success story that crosses borders and eras, conveying a universal message.<\/p>\n<p><strong>Mus\u00e9e des Arts D\u00e9coratifs<\/strong><br \/>\nMus\u00e9e Nissim de Camondo<br \/>\n\u00c9cole Camondo<br \/>\nAteliers du Carrousel<br \/>\n107 rue de Rivoli<br \/>\n75001 Paris<\/p>\n","protected":false},"excerpt":{"rendered":"<p>Meeting the little prince ExhibitionFebruary 17 to June 26, 2022 The Mus\u00e9e des Arts D\u00e9coratifs presents the first major museum exhibition in France devoted to The Little Prince, a timeless&hellip;<\/p>\n","protected":false},"author":2,"featured_media":1673273,"comment_status":"closed","ping_status":"closed","sticky":false,"template":"","format":"standard","meta":{"_lmt_disableupdate":"","_lmt_disable":"","footnotes":""},"categories":[30094],"tags":[63757],"class_list":["post-2032191","post","type-post","status-publish","format-standard","has-post-thumbnail","hentry","category-culture-en","tag-musee-des-arts-decoratifs"],"yoast_head":"<!-- This site is optimized with the Yoast SEO plugin v27.5 - https:\/\/yoast.com\/product\/yoast-seo-wordpress\/ -->\n<title>\u00c0 la rencontre du petit prince&#039; from February 17, 2022 at the Mus\u00e9e des Arts D\u00e9coratifs - Luxsure<\/title>\n<meta name=\"robots\" content=\"index, follow, max-snippet:-1, max-image-preview:large, max-video-preview:-1\" \/>\n<link rel=\"canonical\" href=\"https:\/\/www.luxsure.fr\/en\/2022\/01\/03\/a-la-rencontre-du-petit-prince-from-february-17-2022-at-the-musee-des-arts-decoratifs\/\" \/>\n<meta name=\"twitter:label1\" content=\"Written by\" \/>\n\t<meta name=\"twitter:data1\" content=\"pascal iakovou\" \/>\n\t<meta name=\"twitter:label2\" content=\"Est. reading time\" \/>\n\t<meta name=\"twitter:data2\" content=\"1 minute\" \/>\n<script type=\"application\/ld+json\" class=\"yoast-schema-graph\">{\"@context\":\"https:\\\/\\\/schema.org\",\"@graph\":[{\"@type\":\"Article\",\"@id\":\"https:\\\/\\\/www.luxsure.fr\\\/en\\\/2022\\\/01\\\/03\\\/a-la-rencontre-du-petit-prince-from-february-17-2022-at-the-musee-des-arts-decoratifs\\\/#article\",\"isPartOf\":{\"@id\":\"https:\\\/\\\/www.luxsure.fr\\\/en\\\/2022\\\/01\\\/03\\\/a-la-rencontre-du-petit-prince-from-february-17-2022-at-the-musee-des-arts-decoratifs\\\/\"},\"author\":{\"name\":\"pascal iakovou\",\"@id\":\"https:\\\/\\\/www.luxsure.fr\\\/#\\\/schema\\\/person\\\/e3e28d08083f4cbc258957c924e39423\"},\"headline\":\"\u00c0 la rencontre du petit prince&#8217; from February 17, 2022 at the Mus\u00e9e des Arts D\u00e9coratifs\",\"datePublished\":\"2022-01-03T12:00:00+00:00\",\"dateModified\":\"2026-04-27T06:22:50+00:00\",\"mainEntityOfPage\":{\"@id\":\"https:\\\/\\\/www.luxsure.fr\\\/en\\\/2022\\\/01\\\/03\\\/a-la-rencontre-du-petit-prince-from-february-17-2022-at-the-musee-des-arts-decoratifs\\\/\"},\"wordCount\":216,\"publisher\":{\"@id\":\"https:\\\/\\\/www.luxsure.fr\\\/#organization\"},\"image\":{\"@id\":\"https:\\\/\\\/www.luxsure.fr\\\/en\\\/2022\\\/01\\\/03\\\/a-la-rencontre-du-petit-prince-from-february-17-2022-at-the-musee-des-arts-decoratifs\\\/#primaryimage\"},\"thumbnailUrl\":\"https:\\\/\\\/www.luxsure.fr\\\/wp-content\\\/uploads\\\/2021\\\/12\\\/Roses.jpg\",\"keywords\":[\"mus\u00e9e des arts d\u00e9coratifs\"],\"articleSection\":[\"Culture\"],\"inLanguage\":\"en-US\"},{\"@type\":\"WebPage\",\"@id\":\"https:\\\/\\\/www.luxsure.fr\\\/en\\\/2022\\\/01\\\/03\\\/a-la-rencontre-du-petit-prince-from-february-17-2022-at-the-musee-des-arts-decoratifs\\\/\",\"url\":\"https:\\\/\\\/www.luxsure.fr\\\/en\\\/2022\\\/01\\\/03\\\/a-la-rencontre-du-petit-prince-from-february-17-2022-at-the-musee-des-arts-decoratifs\\\/\",\"name\":\"\u00c0 la rencontre du petit prince' from February 17, 2022 at the Mus\u00e9e des Arts D\u00e9coratifs - Luxsure\",\"isPartOf\":{\"@id\":\"https:\\\/\\\/www.luxsure.fr\\\/#website\"},\"primaryImageOfPage\":{\"@id\":\"https:\\\/\\\/www.luxsure.fr\\\/en\\\/2022\\\/01\\\/03\\\/a-la-rencontre-du-petit-prince-from-february-17-2022-at-the-musee-des-arts-decoratifs\\\/#primaryimage\"},\"image\":{\"@id\":\"https:\\\/\\\/www.luxsure.fr\\\/en\\\/2022\\\/01\\\/03\\\/a-la-rencontre-du-petit-prince-from-february-17-2022-at-the-musee-des-arts-decoratifs\\\/#primaryimage\"},\"thumbnailUrl\":\"https:\\\/\\\/www.luxsure.fr\\\/wp-content\\\/uploads\\\/2021\\\/12\\\/Roses.jpg\",\"datePublished\":\"2022-01-03T12:00:00+00:00\",\"dateModified\":\"2026-04-27T06:22:50+00:00\",\"breadcrumb\":{\"@id\":\"https:\\\/\\\/www.luxsure.fr\\\/en\\\/2022\\\/01\\\/03\\\/a-la-rencontre-du-petit-prince-from-february-17-2022-at-the-musee-des-arts-decoratifs\\\/#breadcrumb\"},\"inLanguage\":\"en-US\",\"potentialAction\":[{\"@type\":\"ReadAction\",\"target\":[\"https:\\\/\\\/www.luxsure.fr\\\/en\\\/2022\\\/01\\\/03\\\/a-la-rencontre-du-petit-prince-from-february-17-2022-at-the-musee-des-arts-decoratifs\\\/\"]}]},{\"@type\":\"ImageObject\",\"inLanguage\":\"en-US\",\"@id\":\"https:\\\/\\\/www.luxsure.fr\\\/en\\\/2022\\\/01\\\/03\\\/a-la-rencontre-du-petit-prince-from-february-17-2022-at-the-musee-des-arts-decoratifs\\\/#primaryimage\",\"url\":\"https:\\\/\\\/www.luxsure.fr\\\/wp-content\\\/uploads\\\/2021\\\/12\\\/Roses.jpg\",\"contentUrl\":\"https:\\\/\\\/www.luxsure.fr\\\/wp-content\\\/uploads\\\/2021\\\/12\\\/Roses.jpg\",\"width\":1169,\"height\":618,\"caption\":\"Le petit prince dans la roseraie \u00a9 \u00c9ditions Gallimard\"},{\"@type\":\"BreadcrumbList\",\"@id\":\"https:\\\/\\\/www.luxsure.fr\\\/en\\\/2022\\\/01\\\/03\\\/a-la-rencontre-du-petit-prince-from-february-17-2022-at-the-musee-des-arts-decoratifs\\\/#breadcrumb\",\"itemListElement\":[{\"@type\":\"ListItem\",\"position\":1,\"name\":\"Accueil\",\"item\":\"https:\\\/\\\/www.luxsure.fr\\\/\"},{\"@type\":\"ListItem\",\"position\":2,\"name\":\"\u00c0 la rencontre du petit prince&#8217; from February 17, 2022 at the Mus\u00e9e des Arts D\u00e9coratifs\"}]},{\"@type\":\"WebSite\",\"@id\":\"https:\\\/\\\/www.luxsure.fr\\\/#website\",\"url\":\"https:\\\/\\\/www.luxsure.fr\\\/\",\"name\":\"Luxsure\",\"description\":\"UNE CERTAINE VISION DU LUXE\",\"publisher\":{\"@id\":\"https:\\\/\\\/www.luxsure.fr\\\/#organization\"},\"potentialAction\":[{\"@type\":\"SearchAction\",\"target\":{\"@type\":\"EntryPoint\",\"urlTemplate\":\"https:\\\/\\\/www.luxsure.fr\\\/?s={search_term_string}\"},\"query-input\":{\"@type\":\"PropertyValueSpecification\",\"valueRequired\":true,\"valueName\":\"search_term_string\"}}],\"inLanguage\":\"en-US\"},{\"@type\":\"Organization\",\"@id\":\"https:\\\/\\\/www.luxsure.fr\\\/#organization\",\"name\":\"Luxsure\",\"url\":\"https:\\\/\\\/www.luxsure.fr\\\/\",\"logo\":{\"@type\":\"ImageObject\",\"inLanguage\":\"en-US\",\"@id\":\"https:\\\/\\\/www.luxsure.fr\\\/#\\\/schema\\\/logo\\\/image\\\/\",\"url\":\"https:\\\/\\\/i0.wp.com\\\/www.luxsure.fr\\\/wp-content\\\/uploads\\\/2015\\\/10\\\/Capture-d\u2019\u00e9cran-2015-08-19-\u00e0-10.51.48.png?fit=551%2C400&ssl=1\",\"contentUrl\":\"https:\\\/\\\/i0.wp.com\\\/www.luxsure.fr\\\/wp-content\\\/uploads\\\/2015\\\/10\\\/Capture-d\u2019\u00e9cran-2015-08-19-\u00e0-10.51.48.png?fit=551%2C400&ssl=1\",\"width\":551,\"height\":400,\"caption\":\"Luxsure\"},\"image\":{\"@id\":\"https:\\\/\\\/www.luxsure.fr\\\/#\\\/schema\\\/logo\\\/image\\\/\"}},{\"@type\":\"Person\",\"@id\":\"https:\\\/\\\/www.luxsure.fr\\\/#\\\/schema\\\/person\\\/e3e28d08083f4cbc258957c924e39423\",\"name\":\"pascal iakovou\",\"image\":{\"@type\":\"ImageObject\",\"inLanguage\":\"en-US\",\"@id\":\"https:\\\/\\\/secure.gravatar.com\\\/avatar\\\/358546e9ab7afafbb35961f747089b93cb88ca12b7a9fcd0c7922cc45f092613?s=96&d=mm&r=g\",\"url\":\"https:\\\/\\\/secure.gravatar.com\\\/avatar\\\/358546e9ab7afafbb35961f747089b93cb88ca12b7a9fcd0c7922cc45f092613?s=96&d=mm&r=g\",\"contentUrl\":\"https:\\\/\\\/secure.gravatar.com\\\/avatar\\\/358546e9ab7afafbb35961f747089b93cb88ca12b7a9fcd0c7922cc45f092613?s=96&d=mm&r=g\",\"caption\":\"pascal iakovou\"},\"sameAs\":[\"http:\\\/\\\/www.luxsure.Fr\"],\"url\":\"https:\\\/\\\/www.luxsure.fr\\\/en\\\/author\\\/pascal\\\/\"}]}<\/script>\n<!-- \/ Yoast SEO plugin. -->","yoast_head_json":{"title":"\u00c0 la rencontre du petit prince' from February 17, 2022 at the Mus\u00e9e des Arts D\u00e9coratifs - Luxsure","robots":{"index":"index","follow":"follow","max-snippet":"max-snippet:-1","max-image-preview":"max-image-preview:large","max-video-preview":"max-video-preview:-1"},"canonical":"https:\/\/www.luxsure.fr\/en\/2022\/01\/03\/a-la-rencontre-du-petit-prince-from-february-17-2022-at-the-musee-des-arts-decoratifs\/","twitter_misc":{"Written by":"pascal iakovou","Est. reading time":"1 minute"},"schema":{"@context":"https:\/\/schema.org","@graph":[{"@type":"Article","@id":"https:\/\/www.luxsure.fr\/en\/2022\/01\/03\/a-la-rencontre-du-petit-prince-from-february-17-2022-at-the-musee-des-arts-decoratifs\/#article","isPartOf":{"@id":"https:\/\/www.luxsure.fr\/en\/2022\/01\/03\/a-la-rencontre-du-petit-prince-from-february-17-2022-at-the-musee-des-arts-decoratifs\/"},"author":{"name":"pascal iakovou","@id":"https:\/\/www.luxsure.fr\/#\/schema\/person\/e3e28d08083f4cbc258957c924e39423"},"headline":"\u00c0 la rencontre du petit prince&#8217; from February 17, 2022 at the Mus\u00e9e des Arts D\u00e9coratifs","datePublished":"2022-01-03T12:00:00+00:00","dateModified":"2026-04-27T06:22:50+00:00","mainEntityOfPage":{"@id":"https:\/\/www.luxsure.fr\/en\/2022\/01\/03\/a-la-rencontre-du-petit-prince-from-february-17-2022-at-the-musee-des-arts-decoratifs\/"},"wordCount":216,"publisher":{"@id":"https:\/\/www.luxsure.fr\/#organization"},"image":{"@id":"https:\/\/www.luxsure.fr\/en\/2022\/01\/03\/a-la-rencontre-du-petit-prince-from-february-17-2022-at-the-musee-des-arts-decoratifs\/#primaryimage"},"thumbnailUrl":"https:\/\/www.luxsure.fr\/wp-content\/uploads\/2021\/12\/Roses.jpg","keywords":["mus\u00e9e des arts d\u00e9coratifs"],"articleSection":["Culture"],"inLanguage":"en-US"},{"@type":"WebPage","@id":"https:\/\/www.luxsure.fr\/en\/2022\/01\/03\/a-la-rencontre-du-petit-prince-from-february-17-2022-at-the-musee-des-arts-decoratifs\/","url":"https:\/\/www.luxsure.fr\/en\/2022\/01\/03\/a-la-rencontre-du-petit-prince-from-february-17-2022-at-the-musee-des-arts-decoratifs\/","name":"\u00c0 la rencontre du petit prince' from February 17, 2022 at the Mus\u00e9e des Arts D\u00e9coratifs - Luxsure","isPartOf":{"@id":"https:\/\/www.luxsure.fr\/#website"},"primaryImageOfPage":{"@id":"https:\/\/www.luxsure.fr\/en\/2022\/01\/03\/a-la-rencontre-du-petit-prince-from-february-17-2022-at-the-musee-des-arts-decoratifs\/#primaryimage"},"image":{"@id":"https:\/\/www.luxsure.fr\/en\/2022\/01\/03\/a-la-rencontre-du-petit-prince-from-february-17-2022-at-the-musee-des-arts-decoratifs\/#primaryimage"},"thumbnailUrl":"https:\/\/www.luxsure.fr\/wp-content\/uploads\/2021\/12\/Roses.jpg","datePublished":"2022-01-03T12:00:00+00:00","dateModified":"2026-04-27T06:22:50+00:00","breadcrumb":{"@id":"https:\/\/www.luxsure.fr\/en\/2022\/01\/03\/a-la-rencontre-du-petit-prince-from-february-17-2022-at-the-musee-des-arts-decoratifs\/#breadcrumb"},"inLanguage":"en-US","potentialAction":[{"@type":"ReadAction","target":["https:\/\/www.luxsure.fr\/en\/2022\/01\/03\/a-la-rencontre-du-petit-prince-from-february-17-2022-at-the-musee-des-arts-decoratifs\/"]}]},{"@type":"ImageObject","inLanguage":"en-US","@id":"https:\/\/www.luxsure.fr\/en\/2022\/01\/03\/a-la-rencontre-du-petit-prince-from-february-17-2022-at-the-musee-des-arts-decoratifs\/#primaryimage","url":"https:\/\/www.luxsure.fr\/wp-content\/uploads\/2021\/12\/Roses.jpg","contentUrl":"https:\/\/www.luxsure.fr\/wp-content\/uploads\/2021\/12\/Roses.jpg","width":1169,"height":618,"caption":"Le petit prince dans la roseraie \u00a9 \u00c9ditions Gallimard"},{"@type":"BreadcrumbList","@id":"https:\/\/www.luxsure.fr\/en\/2022\/01\/03\/a-la-rencontre-du-petit-prince-from-february-17-2022-at-the-musee-des-arts-decoratifs\/#breadcrumb","itemListElement":[{"@type":"ListItem","position":1,"name":"Accueil","item":"https:\/\/www.luxsure.fr\/"},{"@type":"ListItem","position":2,"name":"\u00c0 la rencontre du petit prince&#8217; from February 17, 2022 at the Mus\u00e9e des Arts D\u00e9coratifs"}]},{"@type":"WebSite","@id":"https:\/\/www.luxsure.fr\/#website","url":"https:\/\/www.luxsure.fr\/","name":"Luxsure","description":"UNE CERTAINE VISION DU LUXE","publisher":{"@id":"https:\/\/www.luxsure.fr\/#organization"},"potentialAction":[{"@type":"SearchAction","target":{"@type":"EntryPoint","urlTemplate":"https:\/\/www.luxsure.fr\/?s={search_term_string}"},"query-input":{"@type":"PropertyValueSpecification","valueRequired":true,"valueName":"search_term_string"}}],"inLanguage":"en-US"},{"@type":"Organization","@id":"https:\/\/www.luxsure.fr\/#organization","name":"Luxsure","url":"https:\/\/www.luxsure.fr\/","logo":{"@type":"ImageObject","inLanguage":"en-US","@id":"https:\/\/www.luxsure.fr\/#\/schema\/logo\/image\/","url":"https:\/\/i0.wp.com\/www.luxsure.fr\/wp-content\/uploads\/2015\/10\/Capture-d\u2019\u00e9cran-2015-08-19-\u00e0-10.51.48.png?fit=551%2C400&ssl=1","contentUrl":"https:\/\/i0.wp.com\/www.luxsure.fr\/wp-content\/uploads\/2015\/10\/Capture-d\u2019\u00e9cran-2015-08-19-\u00e0-10.51.48.png?fit=551%2C400&ssl=1","width":551,"height":400,"caption":"Luxsure"},"image":{"@id":"https:\/\/www.luxsure.fr\/#\/schema\/logo\/image\/"}},{"@type":"Person","@id":"https:\/\/www.luxsure.fr\/#\/schema\/person\/e3e28d08083f4cbc258957c924e39423","name":"pascal iakovou","image":{"@type":"ImageObject","inLanguage":"en-US","@id":"https:\/\/secure.gravatar.com\/avatar\/358546e9ab7afafbb35961f747089b93cb88ca12b7a9fcd0c7922cc45f092613?s=96&d=mm&r=g","url":"https:\/\/secure.gravatar.com\/avatar\/358546e9ab7afafbb35961f747089b93cb88ca12b7a9fcd0c7922cc45f092613?s=96&d=mm&r=g","contentUrl":"https:\/\/secure.gravatar.com\/avatar\/358546e9ab7afafbb35961f747089b93cb88ca12b7a9fcd0c7922cc45f092613?s=96&d=mm&r=g","caption":"pascal iakovou"},"sameAs":["http:\/\/www.luxsure.Fr"],"url":"https:\/\/www.luxsure.fr\/en\/author\/pascal\/"}]}},"_links":{"self":[{"href":"https:\/\/www.luxsure.fr\/en\/wp-json\/wp\/v2\/posts\/2032191","targetHints":{"allow":["GET"]}}],"collection":[{"href":"https:\/\/www.luxsure.fr\/en\/wp-json\/wp\/v2\/posts"}],"about":[{"href":"https:\/\/www.luxsure.fr\/en\/wp-json\/wp\/v2\/types\/post"}],"author":[{"embeddable":true,"href":"https:\/\/www.luxsure.fr\/en\/wp-json\/wp\/v2\/users\/2"}],"replies":[{"embeddable":true,"href":"https:\/\/www.luxsure.fr\/en\/wp-json\/wp\/v2\/comments?post=2032191"}],"version-history":[{"count":0,"href":"https:\/\/www.luxsure.fr\/en\/wp-json\/wp\/v2\/posts\/2032191\/revisions"}],"wp:featuredmedia":[{"embeddable":true,"href":"https:\/\/www.luxsure.fr\/en\/wp-json\/wp\/v2\/media\/1673273"}],"wp:attachment":[{"href":"https:\/\/www.luxsure.fr\/en\/wp-json\/wp\/v2\/media?parent=2032191"}],"wp:term":[{"taxonomy":"category","embeddable":true,"href":"https:\/\/www.luxsure.fr\/en\/wp-json\/wp\/v2\/categories?post=2032191"},{"taxonomy":"post_tag","embeddable":true,"href":"https:\/\/www.luxsure.fr\/en\/wp-json\/wp\/v2\/tags?post=2032191"}],"curies":[{"name":"wp","href":"https:\/\/api.w.org\/{rel}","templated":true}]}}