{"id":2032171,"date":"2021-07-15T09:29:00","date_gmt":"2021-07-15T07:29:00","guid":{"rendered":"https:\/\/www.luxsure.fr\/2021\/07\/15\/irene-jacob-wore-chanel-joaillerie-to-the-premiere-of-paul-verhoevens-film-benedetta\/"},"modified":"2026-04-27T08:14:24","modified_gmt":"2026-04-27T06:14:24","slug":"irene-jacob-wore-chanel-joaillerie-to-the-premiere-of-paul-verhoevens-film-benedetta","status":"publish","type":"post","link":"https:\/\/www.luxsure.fr\/en\/2021\/07\/15\/irene-jacob-wore-chanel-joaillerie-to-the-premiere-of-paul-verhoevens-film-benedetta\/","title":{"rendered":"Irene Jacob wore CHANEL Joaillerie to the premiere of Paul Verhoeven&#8217;s film &#8220;Benedetta&#8221;."},"content":{"rendered":"\n<p>Ir\u00e8ne Jacob, French actress, wore Champ de Bl\u00e9 earrings in 18K yellow gold and CHANEL Haute Joaillerie diamonds, and a Premi\u00e8re Velours watch in yellow gold and titanium, with a velvet-touch black rubber strap and a dial set with CHANEL Horlogerie diamonds.she was dressed in CHANEL.make-up by CHANEL.<\/p>\n\n<p><\/p>\n\n<figure class=\"wp-block-image size-large\"><img decoding=\"async\" width=\"682\" height=\"1024\" data-src=\"https:\/\/www.luxsure.fr\/wp-content\/uploads\/2021\/07\/Irene_Jacob_portait_CHANEL_Joaillerie_a_la_premiere_du_film_Benedetta_de_Paul_Verhoeven-682x1024.jpg\" alt=\"\" class=\"wp-image-400974 lazyload\" data-srcset=\"https:\/\/www.luxsure.fr\/wp-content\/uploads\/2021\/07\/Irene_Jacob_portait_CHANEL_Joaillerie_a_la_premiere_du_film_Benedetta_de_Paul_Verhoeven-682x1024.jpg 682w, https:\/\/www.luxsure.fr\/wp-content\/uploads\/2021\/07\/Irene_Jacob_portait_CHANEL_Joaillerie_a_la_premiere_du_film_Benedetta_de_Paul_Verhoeven-200x300.jpg 200w, https:\/\/www.luxsure.fr\/wp-content\/uploads\/2021\/07\/Irene_Jacob_portait_CHANEL_Joaillerie_a_la_premiere_du_film_Benedetta_de_Paul_Verhoeven-768x1154.jpg 768w, https:\/\/www.luxsure.fr\/wp-content\/uploads\/2021\/07\/Irene_Jacob_portait_CHANEL_Joaillerie_a_la_premiere_du_film_Benedetta_de_Paul_Verhoeven-600x901.jpg 600w, https:\/\/www.luxsure.fr\/wp-content\/uploads\/2021\/07\/Irene_Jacob_portait_CHANEL_Joaillerie_a_la_premiere_du_film_Benedetta_de_Paul_Verhoeven-1023x1536.jpg 1023w, https:\/\/www.luxsure.fr\/wp-content\/uploads\/2021\/07\/Irene_Jacob_portait_CHANEL_Joaillerie_a_la_premiere_du_film_Benedetta_de_Paul_Verhoeven-1363x2048.jpg 1363w, https:\/\/www.luxsure.fr\/wp-content\/uploads\/2021\/07\/Irene_Jacob_portait_CHANEL_Joaillerie_a_la_premiere_du_film_Benedetta_de_Paul_Verhoeven-1920x2884.jpg 1920w, https:\/\/www.luxsure.fr\/wp-content\/uploads\/2021\/07\/Irene_Jacob_portait_CHANEL_Joaillerie_a_la_premiere_du_film_Benedetta_de_Paul_Verhoeven-1170x1757.jpg 1170w, https:\/\/www.luxsure.fr\/wp-content\/uploads\/2021\/07\/Irene_Jacob_portait_CHANEL_Joaillerie_a_la_premiere_du_film_Benedetta_de_Paul_Verhoeven-585x879.jpg 585w, https:\/\/www.luxsure.fr\/wp-content\/uploads\/2021\/07\/Irene_Jacob_portait_CHANEL_Joaillerie_a_la_premiere_du_film_Benedetta_de_Paul_Verhoeven-scaled.jpg 1704w\" data-sizes=\"(max-width: 682px) 100vw, 682px\" src=\"data:image\/svg+xml;base64,PHN2ZyB3aWR0aD0iMSIgaGVpZ2h0PSIxIiB4bWxucz0iaHR0cDovL3d3dy53My5vcmcvMjAwMC9zdmciPjwvc3ZnPg==\" style=\"--smush-placeholder-width: 682px; --smush-placeholder-aspect-ratio: 682\/1024;\" \/><figcaption>CANNES, FRANCE &#8211; JULY 09: Irene Jacob attends the &#8220;Benedetta&#8221; screening during the 74th annual Cannes Film Festival on July 09, 2021 in Cannes, France. (Photo by Dominique Charriau\/WireImage)<\/figcaption><\/figure>\n","protected":false},"excerpt":{"rendered":"<p>Ir\u00e8ne Jacob, French actress, wore Champ de Bl\u00e9 earrings in 18K yellow gold and CHANEL Haute Joaillerie diamonds, and a Premi\u00e8re Velours watch in yellow gold and titanium, with a&hellip;<\/p>\n","protected":false},"author":2,"featured_media":1612735,"comment_status":"closed","ping_status":"closed","sticky":false,"template":"","format":"standard","meta":{"_lmt_disableupdate":"","_lmt_disable":"","footnotes":""},"categories":[30127,30122],"tags":[57031,53570],"class_list":["post-2032171","post","type-post","status-publish","format-standard","has-post-thumbnail","hentry","category-redcarpet-en","category-watches-and-jewelry","tag-cannes","tag-chanel-jewelry"],"yoast_head":"<!-- This site is optimized with the Yoast SEO plugin v27.5 - https:\/\/yoast.com\/product\/yoast-seo-wordpress\/ -->\n<title>Irene Jacob wore CHANEL Joaillerie to the premiere of Paul Verhoeven&#039;s film &quot;Benedetta&quot;. - Luxsure<\/title>\n<meta name=\"robots\" content=\"index, follow, max-snippet:-1, max-image-preview:large, max-video-preview:-1\" \/>\n<link rel=\"canonical\" href=\"https:\/\/www.luxsure.fr\/2021\/07\/15\/irene-jacob-wore-chanel-joaillerie-to-the-premiere-of-paul-verhoevens-film-benedetta\/\" \/>\n<meta name=\"twitter:label1\" content=\"Written by\" \/>\n\t<meta name=\"twitter:data1\" content=\"pascal iakovou\" \/>\n<script type=\"application\/ld+json\" class=\"yoast-schema-graph\">{\"@context\":\"https:\\\/\\\/schema.org\",\"@graph\":[{\"@type\":\"Article\",\"@id\":\"https:\\\/\\\/www.luxsure.fr\\\/2021\\\/07\\\/15\\\/irene-jacob-wore-chanel-joaillerie-to-the-premiere-of-paul-verhoevens-film-benedetta\\\/#article\",\"isPartOf\":{\"@id\":\"https:\\\/\\\/www.luxsure.fr\\\/2021\\\/07\\\/15\\\/irene-jacob-wore-chanel-joaillerie-to-the-premiere-of-paul-verhoevens-film-benedetta\\\/\"},\"author\":{\"name\":\"pascal iakovou\",\"@id\":\"https:\\\/\\\/www.luxsure.fr\\\/#\\\/schema\\\/person\\\/e3e28d08083f4cbc258957c924e39423\"},\"headline\":\"Irene Jacob wore CHANEL Joaillerie to the premiere of Paul Verhoeven&#8217;s film &#8220;Benedetta&#8221;.\",\"datePublished\":\"2021-07-15T07:29:00+00:00\",\"dateModified\":\"2026-04-27T06:14:24+00:00\",\"mainEntityOfPage\":{\"@id\":\"https:\\\/\\\/www.luxsure.fr\\\/2021\\\/07\\\/15\\\/irene-jacob-wore-chanel-joaillerie-to-the-premiere-of-paul-verhoevens-film-benedetta\\\/\"},\"wordCount\":93,\"publisher\":{\"@id\":\"https:\\\/\\\/www.luxsure.fr\\\/#organization\"},\"image\":{\"@id\":\"https:\\\/\\\/www.luxsure.fr\\\/2021\\\/07\\\/15\\\/irene-jacob-wore-chanel-joaillerie-to-the-premiere-of-paul-verhoevens-film-benedetta\\\/#primaryimage\"},\"thumbnailUrl\":\"https:\\\/\\\/www.luxsure.fr\\\/wp-content\\\/uploads\\\/2021\\\/07\\\/Irene_Jacob_portait_CHANEL_Joaillerie_a_la_premiere_du_film_Benedetta_de_Paul_Verhoeven-scaled.jpg\",\"keywords\":[\"Cannes\",\"chanel jewelry\"],\"articleSection\":[\"Redcarpet\",\"Watches and Jewelry\"],\"inLanguage\":\"en-US\"},{\"@type\":\"WebPage\",\"@id\":\"https:\\\/\\\/www.luxsure.fr\\\/2021\\\/07\\\/15\\\/irene-jacob-wore-chanel-joaillerie-to-the-premiere-of-paul-verhoevens-film-benedetta\\\/\",\"url\":\"https:\\\/\\\/www.luxsure.fr\\\/2021\\\/07\\\/15\\\/irene-jacob-wore-chanel-joaillerie-to-the-premiere-of-paul-verhoevens-film-benedetta\\\/\",\"name\":\"Irene Jacob wore CHANEL Joaillerie to the premiere of Paul Verhoeven's film \\\"Benedetta\\\". - Luxsure\",\"isPartOf\":{\"@id\":\"https:\\\/\\\/www.luxsure.fr\\\/#website\"},\"primaryImageOfPage\":{\"@id\":\"https:\\\/\\\/www.luxsure.fr\\\/2021\\\/07\\\/15\\\/irene-jacob-wore-chanel-joaillerie-to-the-premiere-of-paul-verhoevens-film-benedetta\\\/#primaryimage\"},\"image\":{\"@id\":\"https:\\\/\\\/www.luxsure.fr\\\/2021\\\/07\\\/15\\\/irene-jacob-wore-chanel-joaillerie-to-the-premiere-of-paul-verhoevens-film-benedetta\\\/#primaryimage\"},\"thumbnailUrl\":\"https:\\\/\\\/www.luxsure.fr\\\/wp-content\\\/uploads\\\/2021\\\/07\\\/Irene_Jacob_portait_CHANEL_Joaillerie_a_la_premiere_du_film_Benedetta_de_Paul_Verhoeven-scaled.jpg\",\"datePublished\":\"2021-07-15T07:29:00+00:00\",\"dateModified\":\"2026-04-27T06:14:24+00:00\",\"breadcrumb\":{\"@id\":\"https:\\\/\\\/www.luxsure.fr\\\/2021\\\/07\\\/15\\\/irene-jacob-wore-chanel-joaillerie-to-the-premiere-of-paul-verhoevens-film-benedetta\\\/#breadcrumb\"},\"inLanguage\":\"en-US\",\"potentialAction\":[{\"@type\":\"ReadAction\",\"target\":[\"https:\\\/\\\/www.luxsure.fr\\\/2021\\\/07\\\/15\\\/irene-jacob-wore-chanel-joaillerie-to-the-premiere-of-paul-verhoevens-film-benedetta\\\/\"]}]},{\"@type\":\"ImageObject\",\"inLanguage\":\"en-US\",\"@id\":\"https:\\\/\\\/www.luxsure.fr\\\/2021\\\/07\\\/15\\\/irene-jacob-wore-chanel-joaillerie-to-the-premiere-of-paul-verhoevens-film-benedetta\\\/#primaryimage\",\"url\":\"https:\\\/\\\/www.luxsure.fr\\\/wp-content\\\/uploads\\\/2021\\\/07\\\/Irene_Jacob_portait_CHANEL_Joaillerie_a_la_premiere_du_film_Benedetta_de_Paul_Verhoeven-scaled.jpg\",\"contentUrl\":\"https:\\\/\\\/www.luxsure.fr\\\/wp-content\\\/uploads\\\/2021\\\/07\\\/Irene_Jacob_portait_CHANEL_Joaillerie_a_la_premiere_du_film_Benedetta_de_Paul_Verhoeven-scaled.jpg\",\"width\":1704,\"height\":2560,\"caption\":\"CANNES, FRANCE - JULY 09: Irene Jacob attends the \\\"Benedetta\\\" screening during the 74th annual Cannes Film Festival on July 09, 2021 in Cannes, France. (Photo by Dominique Charriau\\\/WireImage)\"},{\"@type\":\"BreadcrumbList\",\"@id\":\"https:\\\/\\\/www.luxsure.fr\\\/2021\\\/07\\\/15\\\/irene-jacob-wore-chanel-joaillerie-to-the-premiere-of-paul-verhoevens-film-benedetta\\\/#breadcrumb\",\"itemListElement\":[{\"@type\":\"ListItem\",\"position\":1,\"name\":\"Accueil\",\"item\":\"https:\\\/\\\/www.luxsure.fr\\\/\"},{\"@type\":\"ListItem\",\"position\":2,\"name\":\"Irene Jacob wore CHANEL Joaillerie to the premiere of Paul Verhoeven&#8217;s film &#8220;Benedetta&#8221;.\"}]},{\"@type\":\"WebSite\",\"@id\":\"https:\\\/\\\/www.luxsure.fr\\\/#website\",\"url\":\"https:\\\/\\\/www.luxsure.fr\\\/\",\"name\":\"Luxsure\",\"description\":\"UNE CERTAINE VISION DU LUXE\",\"publisher\":{\"@id\":\"https:\\\/\\\/www.luxsure.fr\\\/#organization\"},\"potentialAction\":[{\"@type\":\"SearchAction\",\"target\":{\"@type\":\"EntryPoint\",\"urlTemplate\":\"https:\\\/\\\/www.luxsure.fr\\\/?s={search_term_string}\"},\"query-input\":{\"@type\":\"PropertyValueSpecification\",\"valueRequired\":true,\"valueName\":\"search_term_string\"}}],\"inLanguage\":\"en-US\"},{\"@type\":\"Organization\",\"@id\":\"https:\\\/\\\/www.luxsure.fr\\\/#organization\",\"name\":\"Luxsure\",\"url\":\"https:\\\/\\\/www.luxsure.fr\\\/\",\"logo\":{\"@type\":\"ImageObject\",\"inLanguage\":\"en-US\",\"@id\":\"https:\\\/\\\/www.luxsure.fr\\\/#\\\/schema\\\/logo\\\/image\\\/\",\"url\":\"https:\\\/\\\/i0.wp.com\\\/www.luxsure.fr\\\/wp-content\\\/uploads\\\/2015\\\/10\\\/Capture-d\u2019\u00e9cran-2015-08-19-\u00e0-10.51.48.png?fit=551%2C400&ssl=1\",\"contentUrl\":\"https:\\\/\\\/i0.wp.com\\\/www.luxsure.fr\\\/wp-content\\\/uploads\\\/2015\\\/10\\\/Capture-d\u2019\u00e9cran-2015-08-19-\u00e0-10.51.48.png?fit=551%2C400&ssl=1\",\"width\":551,\"height\":400,\"caption\":\"Luxsure\"},\"image\":{\"@id\":\"https:\\\/\\\/www.luxsure.fr\\\/#\\\/schema\\\/logo\\\/image\\\/\"}},{\"@type\":\"Person\",\"@id\":\"https:\\\/\\\/www.luxsure.fr\\\/#\\\/schema\\\/person\\\/e3e28d08083f4cbc258957c924e39423\",\"name\":\"pascal iakovou\",\"image\":{\"@type\":\"ImageObject\",\"inLanguage\":\"en-US\",\"@id\":\"https:\\\/\\\/secure.gravatar.com\\\/avatar\\\/358546e9ab7afafbb35961f747089b93cb88ca12b7a9fcd0c7922cc45f092613?s=96&d=mm&r=g\",\"url\":\"https:\\\/\\\/secure.gravatar.com\\\/avatar\\\/358546e9ab7afafbb35961f747089b93cb88ca12b7a9fcd0c7922cc45f092613?s=96&d=mm&r=g\",\"contentUrl\":\"https:\\\/\\\/secure.gravatar.com\\\/avatar\\\/358546e9ab7afafbb35961f747089b93cb88ca12b7a9fcd0c7922cc45f092613?s=96&d=mm&r=g\",\"caption\":\"pascal iakovou\"},\"sameAs\":[\"http:\\\/\\\/www.luxsure.Fr\"],\"url\":\"https:\\\/\\\/www.luxsure.fr\\\/en\\\/author\\\/pascal\\\/\"}]}<\/script>\n<!-- \/ Yoast SEO plugin. -->","yoast_head_json":{"title":"Irene Jacob wore CHANEL Joaillerie to the premiere of Paul Verhoeven's film \"Benedetta\". - Luxsure","robots":{"index":"index","follow":"follow","max-snippet":"max-snippet:-1","max-image-preview":"max-image-preview:large","max-video-preview":"max-video-preview:-1"},"canonical":"https:\/\/www.luxsure.fr\/2021\/07\/15\/irene-jacob-wore-chanel-joaillerie-to-the-premiere-of-paul-verhoevens-film-benedetta\/","twitter_misc":{"Written by":"pascal iakovou"},"schema":{"@context":"https:\/\/schema.org","@graph":[{"@type":"Article","@id":"https:\/\/www.luxsure.fr\/2021\/07\/15\/irene-jacob-wore-chanel-joaillerie-to-the-premiere-of-paul-verhoevens-film-benedetta\/#article","isPartOf":{"@id":"https:\/\/www.luxsure.fr\/2021\/07\/15\/irene-jacob-wore-chanel-joaillerie-to-the-premiere-of-paul-verhoevens-film-benedetta\/"},"author":{"name":"pascal iakovou","@id":"https:\/\/www.luxsure.fr\/#\/schema\/person\/e3e28d08083f4cbc258957c924e39423"},"headline":"Irene Jacob wore CHANEL Joaillerie to the premiere of Paul Verhoeven&#8217;s film &#8220;Benedetta&#8221;.","datePublished":"2021-07-15T07:29:00+00:00","dateModified":"2026-04-27T06:14:24+00:00","mainEntityOfPage":{"@id":"https:\/\/www.luxsure.fr\/2021\/07\/15\/irene-jacob-wore-chanel-joaillerie-to-the-premiere-of-paul-verhoevens-film-benedetta\/"},"wordCount":93,"publisher":{"@id":"https:\/\/www.luxsure.fr\/#organization"},"image":{"@id":"https:\/\/www.luxsure.fr\/2021\/07\/15\/irene-jacob-wore-chanel-joaillerie-to-the-premiere-of-paul-verhoevens-film-benedetta\/#primaryimage"},"thumbnailUrl":"https:\/\/www.luxsure.fr\/wp-content\/uploads\/2021\/07\/Irene_Jacob_portait_CHANEL_Joaillerie_a_la_premiere_du_film_Benedetta_de_Paul_Verhoeven-scaled.jpg","keywords":["Cannes","chanel jewelry"],"articleSection":["Redcarpet","Watches and Jewelry"],"inLanguage":"en-US"},{"@type":"WebPage","@id":"https:\/\/www.luxsure.fr\/2021\/07\/15\/irene-jacob-wore-chanel-joaillerie-to-the-premiere-of-paul-verhoevens-film-benedetta\/","url":"https:\/\/www.luxsure.fr\/2021\/07\/15\/irene-jacob-wore-chanel-joaillerie-to-the-premiere-of-paul-verhoevens-film-benedetta\/","name":"Irene Jacob wore CHANEL Joaillerie to the premiere of Paul Verhoeven's film \"Benedetta\". - Luxsure","isPartOf":{"@id":"https:\/\/www.luxsure.fr\/#website"},"primaryImageOfPage":{"@id":"https:\/\/www.luxsure.fr\/2021\/07\/15\/irene-jacob-wore-chanel-joaillerie-to-the-premiere-of-paul-verhoevens-film-benedetta\/#primaryimage"},"image":{"@id":"https:\/\/www.luxsure.fr\/2021\/07\/15\/irene-jacob-wore-chanel-joaillerie-to-the-premiere-of-paul-verhoevens-film-benedetta\/#primaryimage"},"thumbnailUrl":"https:\/\/www.luxsure.fr\/wp-content\/uploads\/2021\/07\/Irene_Jacob_portait_CHANEL_Joaillerie_a_la_premiere_du_film_Benedetta_de_Paul_Verhoeven-scaled.jpg","datePublished":"2021-07-15T07:29:00+00:00","dateModified":"2026-04-27T06:14:24+00:00","breadcrumb":{"@id":"https:\/\/www.luxsure.fr\/2021\/07\/15\/irene-jacob-wore-chanel-joaillerie-to-the-premiere-of-paul-verhoevens-film-benedetta\/#breadcrumb"},"inLanguage":"en-US","potentialAction":[{"@type":"ReadAction","target":["https:\/\/www.luxsure.fr\/2021\/07\/15\/irene-jacob-wore-chanel-joaillerie-to-the-premiere-of-paul-verhoevens-film-benedetta\/"]}]},{"@type":"ImageObject","inLanguage":"en-US","@id":"https:\/\/www.luxsure.fr\/2021\/07\/15\/irene-jacob-wore-chanel-joaillerie-to-the-premiere-of-paul-verhoevens-film-benedetta\/#primaryimage","url":"https:\/\/www.luxsure.fr\/wp-content\/uploads\/2021\/07\/Irene_Jacob_portait_CHANEL_Joaillerie_a_la_premiere_du_film_Benedetta_de_Paul_Verhoeven-scaled.jpg","contentUrl":"https:\/\/www.luxsure.fr\/wp-content\/uploads\/2021\/07\/Irene_Jacob_portait_CHANEL_Joaillerie_a_la_premiere_du_film_Benedetta_de_Paul_Verhoeven-scaled.jpg","width":1704,"height":2560,"caption":"CANNES, FRANCE - JULY 09: Irene Jacob attends the \"Benedetta\" screening during the 74th annual Cannes Film Festival on July 09, 2021 in Cannes, France. (Photo by Dominique Charriau\/WireImage)"},{"@type":"BreadcrumbList","@id":"https:\/\/www.luxsure.fr\/2021\/07\/15\/irene-jacob-wore-chanel-joaillerie-to-the-premiere-of-paul-verhoevens-film-benedetta\/#breadcrumb","itemListElement":[{"@type":"ListItem","position":1,"name":"Accueil","item":"https:\/\/www.luxsure.fr\/"},{"@type":"ListItem","position":2,"name":"Irene Jacob wore CHANEL Joaillerie to the premiere of Paul Verhoeven&#8217;s film &#8220;Benedetta&#8221;."}]},{"@type":"WebSite","@id":"https:\/\/www.luxsure.fr\/#website","url":"https:\/\/www.luxsure.fr\/","name":"Luxsure","description":"UNE CERTAINE VISION DU LUXE","publisher":{"@id":"https:\/\/www.luxsure.fr\/#organization"},"potentialAction":[{"@type":"SearchAction","target":{"@type":"EntryPoint","urlTemplate":"https:\/\/www.luxsure.fr\/?s={search_term_string}"},"query-input":{"@type":"PropertyValueSpecification","valueRequired":true,"valueName":"search_term_string"}}],"inLanguage":"en-US"},{"@type":"Organization","@id":"https:\/\/www.luxsure.fr\/#organization","name":"Luxsure","url":"https:\/\/www.luxsure.fr\/","logo":{"@type":"ImageObject","inLanguage":"en-US","@id":"https:\/\/www.luxsure.fr\/#\/schema\/logo\/image\/","url":"https:\/\/i0.wp.com\/www.luxsure.fr\/wp-content\/uploads\/2015\/10\/Capture-d\u2019\u00e9cran-2015-08-19-\u00e0-10.51.48.png?fit=551%2C400&ssl=1","contentUrl":"https:\/\/i0.wp.com\/www.luxsure.fr\/wp-content\/uploads\/2015\/10\/Capture-d\u2019\u00e9cran-2015-08-19-\u00e0-10.51.48.png?fit=551%2C400&ssl=1","width":551,"height":400,"caption":"Luxsure"},"image":{"@id":"https:\/\/www.luxsure.fr\/#\/schema\/logo\/image\/"}},{"@type":"Person","@id":"https:\/\/www.luxsure.fr\/#\/schema\/person\/e3e28d08083f4cbc258957c924e39423","name":"pascal iakovou","image":{"@type":"ImageObject","inLanguage":"en-US","@id":"https:\/\/secure.gravatar.com\/avatar\/358546e9ab7afafbb35961f747089b93cb88ca12b7a9fcd0c7922cc45f092613?s=96&d=mm&r=g","url":"https:\/\/secure.gravatar.com\/avatar\/358546e9ab7afafbb35961f747089b93cb88ca12b7a9fcd0c7922cc45f092613?s=96&d=mm&r=g","contentUrl":"https:\/\/secure.gravatar.com\/avatar\/358546e9ab7afafbb35961f747089b93cb88ca12b7a9fcd0c7922cc45f092613?s=96&d=mm&r=g","caption":"pascal iakovou"},"sameAs":["http:\/\/www.luxsure.Fr"],"url":"https:\/\/www.luxsure.fr\/en\/author\/pascal\/"}]}},"_links":{"self":[{"href":"https:\/\/www.luxsure.fr\/en\/wp-json\/wp\/v2\/posts\/2032171","targetHints":{"allow":["GET"]}}],"collection":[{"href":"https:\/\/www.luxsure.fr\/en\/wp-json\/wp\/v2\/posts"}],"about":[{"href":"https:\/\/www.luxsure.fr\/en\/wp-json\/wp\/v2\/types\/post"}],"author":[{"embeddable":true,"href":"https:\/\/www.luxsure.fr\/en\/wp-json\/wp\/v2\/users\/2"}],"replies":[{"embeddable":true,"href":"https:\/\/www.luxsure.fr\/en\/wp-json\/wp\/v2\/comments?post=2032171"}],"version-history":[{"count":0,"href":"https:\/\/www.luxsure.fr\/en\/wp-json\/wp\/v2\/posts\/2032171\/revisions"}],"wp:featuredmedia":[{"embeddable":true,"href":"https:\/\/www.luxsure.fr\/en\/wp-json\/wp\/v2\/media\/1612735"}],"wp:attachment":[{"href":"https:\/\/www.luxsure.fr\/en\/wp-json\/wp\/v2\/media?parent=2032171"}],"wp:term":[{"taxonomy":"category","embeddable":true,"href":"https:\/\/www.luxsure.fr\/en\/wp-json\/wp\/v2\/categories?post=2032171"},{"taxonomy":"post_tag","embeddable":true,"href":"https:\/\/www.luxsure.fr\/en\/wp-json\/wp\/v2\/tags?post=2032171"}],"curies":[{"name":"wp","href":"https:\/\/api.w.org\/{rel}","templated":true}]}}