{"id":2032160,"date":"2024-06-30T12:52:00","date_gmt":"2024-06-30T10:52:00","guid":{"rendered":"https:\/\/www.luxsure.fr\/2024\/06\/30\/les-fleurs-dyves-saint-laurent-a-floral-and-couture-exhibition-at-the-musee-yves-saint-laurent-paris\/"},"modified":"2026-04-27T08:08:13","modified_gmt":"2026-04-27T06:08:13","slug":"les-fleurs-dyves-saint-laurent-a-floral-and-couture-exhibition-at-the-musee-yves-saint-laurent-paris","status":"publish","type":"post","link":"https:\/\/www.luxsure.fr\/en\/2024\/06\/30\/les-fleurs-dyves-saint-laurent-a-floral-and-couture-exhibition-at-the-musee-yves-saint-laurent-paris\/","title":{"rendered":"&#8220;Les Fleurs d&#8217;Yves Saint Laurent&#8221;: A Floral and Couture Exhibition at the Mus\u00e9e Yves Saint Laurent Paris"},"content":{"rendered":"<div class=\"postie-post\">\n<div dir=\"ltr\">\n<div>\n<div class=\"gmail_signature\" dir=\"ltr\" data-smartmail=\"gmail_signature\">\n<div dir=\"ltr\">\n<div>\n<div dir=\"ltr\">\n<div>\n<div dir=\"ltr\">\n<div>\n<div dir=\"ltr\">\n<div>\n<div dir=\"ltr\">\n<div>\n<div>\n<div>\n<div style=\"font-size: 12.8px;\">\n<div>\n<p>From September 20, 2024 to May 4, 2025, the Mus\u00e9e Yves Saint Laurent Paris presents &#8220;Les Fleurs d&#8217;Yves Saint Laurent&#8221;, an exhibition exploring the intimate relationship between couturier Yves Saint Laurent and the world of flowers. Orchestrated by curators Olivier Saillard and Ga\u00ebl Mamine, the exhibition highlights the floral inspiration that marked Yves Saint Laurent&#8217;s entire career. <\/p>\n<p>This retrospective follows a first chapter held at the Mus\u00e9e Yves Saint Laurent Marrakech, demonstrating the international dimension of this project. For the first time, the two museums have joined forces for a joint program, enriching the discourse on the importance of flowers in the couturier&#8217;s work. <\/p>\n<h3>A Tribute to the Floral World<\/h3>\n<p>At the heart of the exhibition, visitors will discover some 30 iconic silhouettes, drawings and accessories that illustrate how flowers were a constant source of inspiration for the designer. These works are set in dialogue with quotations from Marcel Proust, another figure who profoundly influenced Yves Saint Laurent, in particular his way of comparing women to flowers. <\/p>\n<h3>Unique Works and Installations<\/h3>\n<p>In addition to Yves Saint Laurent&#8217;s creations, the exhibition will be punctuated by works by American artist Sam Falls, whose artistic practice engages a reflection on time and mortality through nature. His works, using natural pigments and direct impressions of flora, will create a contemporary echo to the couturier&#8217;s creations, offering a renewed vision of floral beauty. <\/p>\n<h3>Dresses Like Gardens<\/h3>\n<p>Visitors will be invited to stroll through the exhibition as if in a garden, with each section offering a different sensory experience. From delicate embroideries to vibrant prints, each creation reflects the couturier&#8217;s commitment to transforming fabrics into veritable works of art. <\/p>\n<h3>Practical information<\/h3>\n<p>The &#8220;Les Fleurs d&#8217;Yves Saint Laurent&#8221; exhibition will be on view from September 20, 2024 to May 4, 2025 at the Mus\u00e9e Yves Saint Laurent Paris, located at 5, avenue Marceau, 75116 Paris. Tickets are available from the museum&#8217;s online ticketing service at \u20ac10 full price and \u20ac7 reduced price, with free access for several categories of visitor. <\/p>\n<p>For more information on the exhibition and to book your tickets, visit <a href=\"http:\/\/www.museeyslparis.com\/\" target=\"_new\" rel=\"noreferrer noopener\">www.museeyslparis.com.<\/a> Also follow the museum on social networks for regular updates and exclusive previews of the exhibition. <\/p>\n<div id=\"attachment_1895020\" style=\"width: 1010px\" class=\"wp-caption alignnone\"><img decoding=\"async\" aria-describedby=\"caption-attachment-1895020\" class=\"size-full wp-image-1895020 lazyload\" data-src=\"https:\/\/www.luxsure.fr\/wp-content\/uploads\/2024\/05\/unnamed-1.png\" alt=\"\" width=\"1000\" height=\"1211\" data-srcset=\"https:\/\/www.luxsure.fr\/wp-content\/uploads\/2024\/05\/unnamed-1.png 1000w, https:\/\/www.luxsure.fr\/wp-content\/uploads\/2024\/05\/unnamed-1-248x300.png 248w, https:\/\/www.luxsure.fr\/wp-content\/uploads\/2024\/05\/unnamed-1-846x1024.png 846w, https:\/\/www.luxsure.fr\/wp-content\/uploads\/2024\/05\/unnamed-1-768x930.png 768w, https:\/\/www.luxsure.fr\/wp-content\/uploads\/2024\/05\/unnamed-1-600x727.png 600w, https:\/\/www.luxsure.fr\/wp-content\/uploads\/2024\/05\/unnamed-1-585x708.png 585w\" data-sizes=\"(max-width: 1000px) 100vw, 1000px\" src=\"data:image\/svg+xml;base64,PHN2ZyB3aWR0aD0iMSIgaGVpZ2h0PSIxIiB4bWxucz0iaHR0cDovL3d3dy53My5vcmcvMjAwMC9zdmciPjwvc3ZnPg==\" style=\"--smush-placeholder-width: 1000px; --smush-placeholder-aspect-ratio: 1000\/1211;\" \/><p id=\"caption-attachment-1895020\" class=\"wp-caption-text\">Evening dress worn by Pattie Boyd, Autumn-Winter 1969 Haute Couture Collection.<br \/>Photograph by David Bailey published in Vogue (Great Britain), detail.<\/p><\/div>\n<\/div>\n<\/div>\n<\/div>\n<\/div>\n<\/div>\n<\/div>\n<\/div>\n<\/div>\n<\/div>\n<\/div>\n<\/div>\n<\/div>\n<\/div>\n<\/div>\n<\/div>\n<\/div>\n<\/div>\n<\/div>\n","protected":false},"excerpt":{"rendered":"<p>From September 20, 2024 to May 4, 2025, the Mus\u00e9e Yves Saint Laurent Paris presents &#8220;Les Fleurs d&#8217;Yves Saint Laurent&#8221;, an exhibition exploring the intimate relationship between couturier Yves Saint&hellip;<\/p>\n","protected":false},"author":2,"featured_media":0,"comment_status":"closed","ping_status":"closed","sticky":false,"template":"","format":"standard","meta":{"_lmt_disableupdate":"","_lmt_disable":"","footnotes":""},"categories":[30094,30776,52709],"tags":[68529],"class_list":["post-2032160","post","type-post","status-publish","format-standard","hentry","category-culture-en","category-mode-en","category-thefashion","tag-olivier-saillard"],"yoast_head":"<!-- This site is optimized with the Yoast SEO plugin v27.4 - https:\/\/yoast.com\/product\/yoast-seo-wordpress\/ -->\n<title>&quot;Les Fleurs d&#039;Yves Saint Laurent&quot;: A Floral and Couture Exhibition at the Mus\u00e9e Yves Saint Laurent Paris - Luxsure<\/title>\n<meta name=\"description\" content=\"Exhibition Yves Saint Laurent, Les Fleurs d&#039;YSL, Mus\u00e9e YSL Paris, couture and flowers, Olivier Saillard, Ga\u00ebl Mamine\" \/>\n<meta name=\"robots\" content=\"index, follow, max-snippet:-1, max-image-preview:large, max-video-preview:-1\" \/>\n<link rel=\"canonical\" href=\"https:\/\/www.luxsure.fr\/en\/2024\/06\/30\/les-fleurs-dyves-saint-laurent-a-floral-and-couture-exhibition-at-the-musee-yves-saint-laurent-paris\/\" \/>\n<meta name=\"twitter:label1\" content=\"Written by\" \/>\n\t<meta name=\"twitter:data1\" content=\"pascal iakovou\" \/>\n\t<meta name=\"twitter:label2\" content=\"Est. reading time\" \/>\n\t<meta name=\"twitter:data2\" content=\"2 minutes\" \/>\n<script type=\"application\/ld+json\" class=\"yoast-schema-graph\">{\"@context\":\"https:\\\/\\\/schema.org\",\"@graph\":[{\"@type\":\"Article\",\"@id\":\"https:\\\/\\\/www.luxsure.fr\\\/en\\\/2024\\\/06\\\/30\\\/les-fleurs-dyves-saint-laurent-a-floral-and-couture-exhibition-at-the-musee-yves-saint-laurent-paris\\\/#article\",\"isPartOf\":{\"@id\":\"https:\\\/\\\/www.luxsure.fr\\\/en\\\/2024\\\/06\\\/30\\\/les-fleurs-dyves-saint-laurent-a-floral-and-couture-exhibition-at-the-musee-yves-saint-laurent-paris\\\/\"},\"author\":{\"name\":\"pascal iakovou\",\"@id\":\"https:\\\/\\\/www.luxsure.fr\\\/#\\\/schema\\\/person\\\/e3e28d08083f4cbc258957c924e39423\"},\"headline\":\"&#8220;Les Fleurs d&#8217;Yves Saint Laurent&#8221;: A Floral and Couture Exhibition at the Mus\u00e9e Yves Saint Laurent Paris\",\"datePublished\":\"2024-06-30T10:52:00+00:00\",\"dateModified\":\"2026-04-27T06:08:13+00:00\",\"mainEntityOfPage\":{\"@id\":\"https:\\\/\\\/www.luxsure.fr\\\/en\\\/2024\\\/06\\\/30\\\/les-fleurs-dyves-saint-laurent-a-floral-and-couture-exhibition-at-the-musee-yves-saint-laurent-paris\\\/\"},\"wordCount\":409,\"publisher\":{\"@id\":\"https:\\\/\\\/www.luxsure.fr\\\/#organization\"},\"image\":{\"@id\":\"https:\\\/\\\/www.luxsure.fr\\\/en\\\/2024\\\/06\\\/30\\\/les-fleurs-dyves-saint-laurent-a-floral-and-couture-exhibition-at-the-musee-yves-saint-laurent-paris\\\/#primaryimage\"},\"thumbnailUrl\":\"https:\\\/\\\/www.luxsure.fr\\\/wp-content\\\/uploads\\\/2024\\\/05\\\/unnamed-1.png\",\"keywords\":[\"Olivier Saillard\"],\"articleSection\":[\"Culture\",\"Mode\",\"The Fashion\"],\"inLanguage\":\"en-US\"},{\"@type\":\"WebPage\",\"@id\":\"https:\\\/\\\/www.luxsure.fr\\\/en\\\/2024\\\/06\\\/30\\\/les-fleurs-dyves-saint-laurent-a-floral-and-couture-exhibition-at-the-musee-yves-saint-laurent-paris\\\/\",\"url\":\"https:\\\/\\\/www.luxsure.fr\\\/en\\\/2024\\\/06\\\/30\\\/les-fleurs-dyves-saint-laurent-a-floral-and-couture-exhibition-at-the-musee-yves-saint-laurent-paris\\\/\",\"name\":\"\\\"Les Fleurs d'Yves Saint Laurent\\\": A Floral and Couture Exhibition at the Mus\u00e9e Yves Saint Laurent Paris - Luxsure\",\"isPartOf\":{\"@id\":\"https:\\\/\\\/www.luxsure.fr\\\/#website\"},\"primaryImageOfPage\":{\"@id\":\"https:\\\/\\\/www.luxsure.fr\\\/en\\\/2024\\\/06\\\/30\\\/les-fleurs-dyves-saint-laurent-a-floral-and-couture-exhibition-at-the-musee-yves-saint-laurent-paris\\\/#primaryimage\"},\"image\":{\"@id\":\"https:\\\/\\\/www.luxsure.fr\\\/en\\\/2024\\\/06\\\/30\\\/les-fleurs-dyves-saint-laurent-a-floral-and-couture-exhibition-at-the-musee-yves-saint-laurent-paris\\\/#primaryimage\"},\"thumbnailUrl\":\"https:\\\/\\\/www.luxsure.fr\\\/wp-content\\\/uploads\\\/2024\\\/05\\\/unnamed-1.png\",\"datePublished\":\"2024-06-30T10:52:00+00:00\",\"dateModified\":\"2026-04-27T06:08:13+00:00\",\"description\":\"Exhibition Yves Saint Laurent, Les Fleurs d'YSL, Mus\u00e9e YSL Paris, couture and flowers, Olivier Saillard, Ga\u00ebl Mamine\",\"breadcrumb\":{\"@id\":\"https:\\\/\\\/www.luxsure.fr\\\/en\\\/2024\\\/06\\\/30\\\/les-fleurs-dyves-saint-laurent-a-floral-and-couture-exhibition-at-the-musee-yves-saint-laurent-paris\\\/#breadcrumb\"},\"inLanguage\":\"en-US\",\"potentialAction\":[{\"@type\":\"ReadAction\",\"target\":[\"https:\\\/\\\/www.luxsure.fr\\\/en\\\/2024\\\/06\\\/30\\\/les-fleurs-dyves-saint-laurent-a-floral-and-couture-exhibition-at-the-musee-yves-saint-laurent-paris\\\/\"]}]},{\"@type\":\"ImageObject\",\"inLanguage\":\"en-US\",\"@id\":\"https:\\\/\\\/www.luxsure.fr\\\/en\\\/2024\\\/06\\\/30\\\/les-fleurs-dyves-saint-laurent-a-floral-and-couture-exhibition-at-the-musee-yves-saint-laurent-paris\\\/#primaryimage\",\"url\":\"https:\\\/\\\/www.luxsure.fr\\\/wp-content\\\/uploads\\\/2024\\\/05\\\/unnamed-1.png\",\"contentUrl\":\"https:\\\/\\\/www.luxsure.fr\\\/wp-content\\\/uploads\\\/2024\\\/05\\\/unnamed-1.png\"},{\"@type\":\"BreadcrumbList\",\"@id\":\"https:\\\/\\\/www.luxsure.fr\\\/en\\\/2024\\\/06\\\/30\\\/les-fleurs-dyves-saint-laurent-a-floral-and-couture-exhibition-at-the-musee-yves-saint-laurent-paris\\\/#breadcrumb\",\"itemListElement\":[{\"@type\":\"ListItem\",\"position\":1,\"name\":\"Accueil\",\"item\":\"https:\\\/\\\/www.luxsure.fr\\\/\"},{\"@type\":\"ListItem\",\"position\":2,\"name\":\"&#8220;Les Fleurs d&#8217;Yves Saint Laurent&#8221;: A Floral and Couture Exhibition at the Mus\u00e9e Yves Saint Laurent Paris\"}]},{\"@type\":\"WebSite\",\"@id\":\"https:\\\/\\\/www.luxsure.fr\\\/#website\",\"url\":\"https:\\\/\\\/www.luxsure.fr\\\/\",\"name\":\"Luxsure\",\"description\":\"UNE CERTAINE VISION DU LUXE\",\"publisher\":{\"@id\":\"https:\\\/\\\/www.luxsure.fr\\\/#organization\"},\"potentialAction\":[{\"@type\":\"SearchAction\",\"target\":{\"@type\":\"EntryPoint\",\"urlTemplate\":\"https:\\\/\\\/www.luxsure.fr\\\/?s={search_term_string}\"},\"query-input\":{\"@type\":\"PropertyValueSpecification\",\"valueRequired\":true,\"valueName\":\"search_term_string\"}}],\"inLanguage\":\"en-US\"},{\"@type\":\"Organization\",\"@id\":\"https:\\\/\\\/www.luxsure.fr\\\/#organization\",\"name\":\"Luxsure\",\"url\":\"https:\\\/\\\/www.luxsure.fr\\\/\",\"logo\":{\"@type\":\"ImageObject\",\"inLanguage\":\"en-US\",\"@id\":\"https:\\\/\\\/www.luxsure.fr\\\/#\\\/schema\\\/logo\\\/image\\\/\",\"url\":\"https:\\\/\\\/i0.wp.com\\\/www.luxsure.fr\\\/wp-content\\\/uploads\\\/2015\\\/10\\\/Capture-d\u2019\u00e9cran-2015-08-19-\u00e0-10.51.48.png?fit=551%2C400&ssl=1\",\"contentUrl\":\"https:\\\/\\\/i0.wp.com\\\/www.luxsure.fr\\\/wp-content\\\/uploads\\\/2015\\\/10\\\/Capture-d\u2019\u00e9cran-2015-08-19-\u00e0-10.51.48.png?fit=551%2C400&ssl=1\",\"width\":551,\"height\":400,\"caption\":\"Luxsure\"},\"image\":{\"@id\":\"https:\\\/\\\/www.luxsure.fr\\\/#\\\/schema\\\/logo\\\/image\\\/\"}},{\"@type\":\"Person\",\"@id\":\"https:\\\/\\\/www.luxsure.fr\\\/#\\\/schema\\\/person\\\/e3e28d08083f4cbc258957c924e39423\",\"name\":\"pascal iakovou\",\"image\":{\"@type\":\"ImageObject\",\"inLanguage\":\"en-US\",\"@id\":\"https:\\\/\\\/secure.gravatar.com\\\/avatar\\\/358546e9ab7afafbb35961f747089b93cb88ca12b7a9fcd0c7922cc45f092613?s=96&d=mm&r=g\",\"url\":\"https:\\\/\\\/secure.gravatar.com\\\/avatar\\\/358546e9ab7afafbb35961f747089b93cb88ca12b7a9fcd0c7922cc45f092613?s=96&d=mm&r=g\",\"contentUrl\":\"https:\\\/\\\/secure.gravatar.com\\\/avatar\\\/358546e9ab7afafbb35961f747089b93cb88ca12b7a9fcd0c7922cc45f092613?s=96&d=mm&r=g\",\"caption\":\"pascal iakovou\"},\"sameAs\":[\"http:\\\/\\\/www.luxsure.Fr\"],\"url\":\"https:\\\/\\\/www.luxsure.fr\\\/en\\\/author\\\/pascal\\\/\"}]}<\/script>\n<!-- \/ Yoast SEO plugin. -->","yoast_head_json":{"title":"\"Les Fleurs d'Yves Saint Laurent\": A Floral and Couture Exhibition at the Mus\u00e9e Yves Saint Laurent Paris - Luxsure","description":"Exhibition Yves Saint Laurent, Les Fleurs d'YSL, Mus\u00e9e YSL Paris, couture and flowers, Olivier Saillard, Ga\u00ebl Mamine","robots":{"index":"index","follow":"follow","max-snippet":"max-snippet:-1","max-image-preview":"max-image-preview:large","max-video-preview":"max-video-preview:-1"},"canonical":"https:\/\/www.luxsure.fr\/en\/2024\/06\/30\/les-fleurs-dyves-saint-laurent-a-floral-and-couture-exhibition-at-the-musee-yves-saint-laurent-paris\/","twitter_misc":{"Written by":"pascal iakovou","Est. reading time":"2 minutes"},"schema":{"@context":"https:\/\/schema.org","@graph":[{"@type":"Article","@id":"https:\/\/www.luxsure.fr\/en\/2024\/06\/30\/les-fleurs-dyves-saint-laurent-a-floral-and-couture-exhibition-at-the-musee-yves-saint-laurent-paris\/#article","isPartOf":{"@id":"https:\/\/www.luxsure.fr\/en\/2024\/06\/30\/les-fleurs-dyves-saint-laurent-a-floral-and-couture-exhibition-at-the-musee-yves-saint-laurent-paris\/"},"author":{"name":"pascal iakovou","@id":"https:\/\/www.luxsure.fr\/#\/schema\/person\/e3e28d08083f4cbc258957c924e39423"},"headline":"&#8220;Les Fleurs d&#8217;Yves Saint Laurent&#8221;: A Floral and Couture Exhibition at the Mus\u00e9e Yves Saint Laurent Paris","datePublished":"2024-06-30T10:52:00+00:00","dateModified":"2026-04-27T06:08:13+00:00","mainEntityOfPage":{"@id":"https:\/\/www.luxsure.fr\/en\/2024\/06\/30\/les-fleurs-dyves-saint-laurent-a-floral-and-couture-exhibition-at-the-musee-yves-saint-laurent-paris\/"},"wordCount":409,"publisher":{"@id":"https:\/\/www.luxsure.fr\/#organization"},"image":{"@id":"https:\/\/www.luxsure.fr\/en\/2024\/06\/30\/les-fleurs-dyves-saint-laurent-a-floral-and-couture-exhibition-at-the-musee-yves-saint-laurent-paris\/#primaryimage"},"thumbnailUrl":"https:\/\/www.luxsure.fr\/wp-content\/uploads\/2024\/05\/unnamed-1.png","keywords":["Olivier Saillard"],"articleSection":["Culture","Mode","The Fashion"],"inLanguage":"en-US"},{"@type":"WebPage","@id":"https:\/\/www.luxsure.fr\/en\/2024\/06\/30\/les-fleurs-dyves-saint-laurent-a-floral-and-couture-exhibition-at-the-musee-yves-saint-laurent-paris\/","url":"https:\/\/www.luxsure.fr\/en\/2024\/06\/30\/les-fleurs-dyves-saint-laurent-a-floral-and-couture-exhibition-at-the-musee-yves-saint-laurent-paris\/","name":"\"Les Fleurs d'Yves Saint Laurent\": A Floral and Couture Exhibition at the Mus\u00e9e Yves Saint Laurent Paris - Luxsure","isPartOf":{"@id":"https:\/\/www.luxsure.fr\/#website"},"primaryImageOfPage":{"@id":"https:\/\/www.luxsure.fr\/en\/2024\/06\/30\/les-fleurs-dyves-saint-laurent-a-floral-and-couture-exhibition-at-the-musee-yves-saint-laurent-paris\/#primaryimage"},"image":{"@id":"https:\/\/www.luxsure.fr\/en\/2024\/06\/30\/les-fleurs-dyves-saint-laurent-a-floral-and-couture-exhibition-at-the-musee-yves-saint-laurent-paris\/#primaryimage"},"thumbnailUrl":"https:\/\/www.luxsure.fr\/wp-content\/uploads\/2024\/05\/unnamed-1.png","datePublished":"2024-06-30T10:52:00+00:00","dateModified":"2026-04-27T06:08:13+00:00","description":"Exhibition Yves Saint Laurent, Les Fleurs d'YSL, Mus\u00e9e YSL Paris, couture and flowers, Olivier Saillard, Ga\u00ebl Mamine","breadcrumb":{"@id":"https:\/\/www.luxsure.fr\/en\/2024\/06\/30\/les-fleurs-dyves-saint-laurent-a-floral-and-couture-exhibition-at-the-musee-yves-saint-laurent-paris\/#breadcrumb"},"inLanguage":"en-US","potentialAction":[{"@type":"ReadAction","target":["https:\/\/www.luxsure.fr\/en\/2024\/06\/30\/les-fleurs-dyves-saint-laurent-a-floral-and-couture-exhibition-at-the-musee-yves-saint-laurent-paris\/"]}]},{"@type":"ImageObject","inLanguage":"en-US","@id":"https:\/\/www.luxsure.fr\/en\/2024\/06\/30\/les-fleurs-dyves-saint-laurent-a-floral-and-couture-exhibition-at-the-musee-yves-saint-laurent-paris\/#primaryimage","url":"https:\/\/www.luxsure.fr\/wp-content\/uploads\/2024\/05\/unnamed-1.png","contentUrl":"https:\/\/www.luxsure.fr\/wp-content\/uploads\/2024\/05\/unnamed-1.png"},{"@type":"BreadcrumbList","@id":"https:\/\/www.luxsure.fr\/en\/2024\/06\/30\/les-fleurs-dyves-saint-laurent-a-floral-and-couture-exhibition-at-the-musee-yves-saint-laurent-paris\/#breadcrumb","itemListElement":[{"@type":"ListItem","position":1,"name":"Accueil","item":"https:\/\/www.luxsure.fr\/"},{"@type":"ListItem","position":2,"name":"&#8220;Les Fleurs d&#8217;Yves Saint Laurent&#8221;: A Floral and Couture Exhibition at the Mus\u00e9e Yves Saint Laurent Paris"}]},{"@type":"WebSite","@id":"https:\/\/www.luxsure.fr\/#website","url":"https:\/\/www.luxsure.fr\/","name":"Luxsure","description":"UNE CERTAINE VISION DU LUXE","publisher":{"@id":"https:\/\/www.luxsure.fr\/#organization"},"potentialAction":[{"@type":"SearchAction","target":{"@type":"EntryPoint","urlTemplate":"https:\/\/www.luxsure.fr\/?s={search_term_string}"},"query-input":{"@type":"PropertyValueSpecification","valueRequired":true,"valueName":"search_term_string"}}],"inLanguage":"en-US"},{"@type":"Organization","@id":"https:\/\/www.luxsure.fr\/#organization","name":"Luxsure","url":"https:\/\/www.luxsure.fr\/","logo":{"@type":"ImageObject","inLanguage":"en-US","@id":"https:\/\/www.luxsure.fr\/#\/schema\/logo\/image\/","url":"https:\/\/i0.wp.com\/www.luxsure.fr\/wp-content\/uploads\/2015\/10\/Capture-d\u2019\u00e9cran-2015-08-19-\u00e0-10.51.48.png?fit=551%2C400&ssl=1","contentUrl":"https:\/\/i0.wp.com\/www.luxsure.fr\/wp-content\/uploads\/2015\/10\/Capture-d\u2019\u00e9cran-2015-08-19-\u00e0-10.51.48.png?fit=551%2C400&ssl=1","width":551,"height":400,"caption":"Luxsure"},"image":{"@id":"https:\/\/www.luxsure.fr\/#\/schema\/logo\/image\/"}},{"@type":"Person","@id":"https:\/\/www.luxsure.fr\/#\/schema\/person\/e3e28d08083f4cbc258957c924e39423","name":"pascal iakovou","image":{"@type":"ImageObject","inLanguage":"en-US","@id":"https:\/\/secure.gravatar.com\/avatar\/358546e9ab7afafbb35961f747089b93cb88ca12b7a9fcd0c7922cc45f092613?s=96&d=mm&r=g","url":"https:\/\/secure.gravatar.com\/avatar\/358546e9ab7afafbb35961f747089b93cb88ca12b7a9fcd0c7922cc45f092613?s=96&d=mm&r=g","contentUrl":"https:\/\/secure.gravatar.com\/avatar\/358546e9ab7afafbb35961f747089b93cb88ca12b7a9fcd0c7922cc45f092613?s=96&d=mm&r=g","caption":"pascal iakovou"},"sameAs":["http:\/\/www.luxsure.Fr"],"url":"https:\/\/www.luxsure.fr\/en\/author\/pascal\/"}]}},"_links":{"self":[{"href":"https:\/\/www.luxsure.fr\/en\/wp-json\/wp\/v2\/posts\/2032160","targetHints":{"allow":["GET"]}}],"collection":[{"href":"https:\/\/www.luxsure.fr\/en\/wp-json\/wp\/v2\/posts"}],"about":[{"href":"https:\/\/www.luxsure.fr\/en\/wp-json\/wp\/v2\/types\/post"}],"author":[{"embeddable":true,"href":"https:\/\/www.luxsure.fr\/en\/wp-json\/wp\/v2\/users\/2"}],"replies":[{"embeddable":true,"href":"https:\/\/www.luxsure.fr\/en\/wp-json\/wp\/v2\/comments?post=2032160"}],"version-history":[{"count":0,"href":"https:\/\/www.luxsure.fr\/en\/wp-json\/wp\/v2\/posts\/2032160\/revisions"}],"wp:attachment":[{"href":"https:\/\/www.luxsure.fr\/en\/wp-json\/wp\/v2\/media?parent=2032160"}],"wp:term":[{"taxonomy":"category","embeddable":true,"href":"https:\/\/www.luxsure.fr\/en\/wp-json\/wp\/v2\/categories?post=2032160"},{"taxonomy":"post_tag","embeddable":true,"href":"https:\/\/www.luxsure.fr\/en\/wp-json\/wp\/v2\/tags?post=2032160"}],"curies":[{"name":"wp","href":"https:\/\/api.w.org\/{rel}","templated":true}]}}