{"id":2031929,"date":"2022-04-29T13:04:00","date_gmt":"2022-04-29T11:04:00","guid":{"rendered":"https:\/\/www.luxsure.fr\/2022\/04\/29\/parisian-terraces-and-rooftops-are-ready-to-welcome-the-sunny-days\/"},"modified":"2026-04-27T06:47:10","modified_gmt":"2026-04-27T04:47:10","slug":"parisian-terraces-and-rooftops-are-ready-to-welcome-the-sunny-days","status":"publish","type":"post","link":"https:\/\/www.luxsure.fr\/en\/2022\/04\/29\/parisian-terraces-and-rooftops-are-ready-to-welcome-the-sunny-days\/","title":{"rendered":"Parisian terraces and rooftops are ready to welcome the sunny days!"},"content":{"rendered":"<p><strong>Parisian terraces and rooftops open for the summer season  <\/strong><\/p>\n<p><em>Spring is just around the corner, and restaurant terraces are ready to welcome Parisians and tourists alike to enjoy a meal or cocktail in the open air.<\/em><\/p>\n<p><strong>Les Jardins du Presbourg (Beaumarly)<\/strong><\/p>\n\n\t\t<style type=\"text\/css\">\n\t\t\t#gallery-1 {\n\t\t\t\tmargin: auto;\n\t\t\t}\n\t\t\t#gallery-1 .gallery-item {\n\t\t\t\tfloat: left;\n\t\t\t\tmargin-top: 10px;\n\t\t\t\ttext-align: center;\n\t\t\t\twidth: 33%;\n\t\t\t}\n\t\t\t#gallery-1 img {\n\t\t\t\tborder: 2px solid #cfcfcf;\n\t\t\t}\n\t\t\t#gallery-1 .gallery-caption {\n\t\t\t\tmargin-left: 0;\n\t\t\t}\n\t\t\t\/* see gallery_shortcode() in wp-includes\/media.php *\/\n\t\t<\/style>\n\t\t<div id='gallery-1' class='gallery galleryid-2031929 gallery-columns-3 gallery-size-full'><dl class='gallery-item'>\n\t\t\t<dt class='gallery-icon portrait'>\n\t\t\t\t<a href='https:\/\/www.luxsure.fr\/en\/image002-3161-2\/'><img decoding=\"async\" width=\"408\" height=\"612\" data-src=\"https:\/\/www.luxsure.fr\/wp-content\/uploads\/2022\/04\/image002-2.jpg\" class=\"attachment-full size-full lazyload\" alt=\"\" data-srcset=\"https:\/\/www.luxsure.fr\/wp-content\/uploads\/2022\/04\/image002-2.jpg 408w, https:\/\/www.luxsure.fr\/wp-content\/uploads\/2022\/04\/image002-2-200x300.jpg 200w\" data-sizes=\"(max-width: 408px) 100vw, 408px\" src=\"data:image\/svg+xml;base64,PHN2ZyB3aWR0aD0iMSIgaGVpZ2h0PSIxIiB4bWxucz0iaHR0cDovL3d3dy53My5vcmcvMjAwMC9zdmciPjwvc3ZnPg==\" style=\"--smush-placeholder-width: 408px; --smush-placeholder-aspect-ratio: 408\/612;\" \/><\/a>\n\t\t\t<\/dt><\/dl><dl class='gallery-item'>\n\t\t\t<dt class='gallery-icon portrait'>\n\t\t\t\t<a href='https:\/\/www.luxsure.fr\/en\/image003-2757-2\/'><img decoding=\"async\" width=\"404\" height=\"608\" data-src=\"https:\/\/www.luxsure.fr\/wp-content\/uploads\/2022\/04\/image003-2.jpg\" class=\"attachment-full size-full lazyload\" alt=\"\" data-srcset=\"https:\/\/www.luxsure.fr\/wp-content\/uploads\/2022\/04\/image003-2.jpg 404w, https:\/\/www.luxsure.fr\/wp-content\/uploads\/2022\/04\/image003-2-199x300.jpg 199w\" data-sizes=\"(max-width: 404px) 100vw, 404px\" src=\"data:image\/svg+xml;base64,PHN2ZyB3aWR0aD0iMSIgaGVpZ2h0PSIxIiB4bWxucz0iaHR0cDovL3d3dy53My5vcmcvMjAwMC9zdmciPjwvc3ZnPg==\" style=\"--smush-placeholder-width: 404px; --smush-placeholder-aspect-ratio: 404\/608;\" \/><\/a>\n\t\t\t<\/dt><\/dl><dl class='gallery-item'>\n\t\t\t<dt class='gallery-icon portrait'>\n\t\t\t\t<a href='https:\/\/www.luxsure.fr\/en\/image004-2177-2\/'><img decoding=\"async\" width=\"407\" height=\"611\" data-src=\"https:\/\/www.luxsure.fr\/wp-content\/uploads\/2022\/04\/image004-1.jpg\" class=\"attachment-full size-full lazyload\" alt=\"\" data-srcset=\"https:\/\/www.luxsure.fr\/wp-content\/uploads\/2022\/04\/image004-1.jpg 407w, https:\/\/www.luxsure.fr\/wp-content\/uploads\/2022\/04\/image004-1-200x300.jpg 200w\" data-sizes=\"(max-width: 407px) 100vw, 407px\" src=\"data:image\/svg+xml;base64,PHN2ZyB3aWR0aD0iMSIgaGVpZ2h0PSIxIiB4bWxucz0iaHR0cDovL3d3dy53My5vcmcvMjAwMC9zdmciPjwvc3ZnPg==\" style=\"--smush-placeholder-width: 407px; --smush-placeholder-aspect-ratio: 407\/611;\" \/><\/a>\n\t\t\t<\/dt><\/dl><br style=\"clear: both\" \/>\n\t\t<\/div>\n\n<p><em>photo credit: Angela di Paolo<\/em><\/p>\n<p>Conceived as an interior garden by architect-designer Martin Brudnizki, Les Jardins du Presbourg has just opened at the foot of the Arc de Triomphe. From breakfast to dinner, this new pastel address offers light, refined gourmet cuisine. In the evening, this dreamy place offers cocktails with floral and vegetal notes that echo the universe of the place. The experience is lived from the walls to the plates. Paris has a new garden.    <\/p>\n<p>3 Avenue de la Grande Arm\u00e9e 75116 Paris Metro L1 Argentine Metro L1 L2 &amp; L6 Charles de Gaulle &#8211; \u00c9toile RER A Parking \u00c9toile Foch<\/p>\n<p><a href=\"https:\/\/lesjardinsdupresbourg.com\/fr\/\">https:\/\/lesjardinsdupresbourg.com\/fr\/  <\/a><\/p>\n<p>Open every day Continuous service from 8 a.m. to 2 a.m.<\/p>\n<p><strong>La Plage Parisienne (Beaumarly)<\/strong><\/p>\n<p>Design by Martin Brudnizki Design Studio<\/p>\n\n\t\t<style type=\"text\/css\">\n\t\t\t#gallery-2 {\n\t\t\t\tmargin: auto;\n\t\t\t}\n\t\t\t#gallery-2 .gallery-item {\n\t\t\t\tfloat: left;\n\t\t\t\tmargin-top: 10px;\n\t\t\t\ttext-align: center;\n\t\t\t\twidth: 33%;\n\t\t\t}\n\t\t\t#gallery-2 img {\n\t\t\t\tborder: 2px solid #cfcfcf;\n\t\t\t}\n\t\t\t#gallery-2 .gallery-caption {\n\t\t\t\tmargin-left: 0;\n\t\t\t}\n\t\t\t\/* see gallery_shortcode() in wp-includes\/media.php *\/\n\t\t<\/style>\n\t\t<div id='gallery-2' class='gallery galleryid-2031929 gallery-columns-3 gallery-size-full'><dl class='gallery-item'>\n\t\t\t<dt class='gallery-icon portrait'>\n\t\t\t\t<a href='https:\/\/www.luxsure.fr\/en\/image005-1789-2\/'><img decoding=\"async\" width=\"591\" height=\"740\" data-src=\"https:\/\/www.luxsure.fr\/wp-content\/uploads\/2022\/04\/image005-2.png\" class=\"attachment-full size-full lazyload\" alt=\"\" data-srcset=\"https:\/\/www.luxsure.fr\/wp-content\/uploads\/2022\/04\/image005-2.png 591w, https:\/\/www.luxsure.fr\/wp-content\/uploads\/2022\/04\/image005-2-240x300.png 240w, https:\/\/www.luxsure.fr\/wp-content\/uploads\/2022\/04\/image005-2-585x732.png 585w\" data-sizes=\"(max-width: 591px) 100vw, 591px\" src=\"data:image\/svg+xml;base64,PHN2ZyB3aWR0aD0iMSIgaGVpZ2h0PSIxIiB4bWxucz0iaHR0cDovL3d3dy53My5vcmcvMjAwMC9zdmciPjwvc3ZnPg==\" style=\"--smush-placeholder-width: 591px; --smush-placeholder-aspect-ratio: 591\/740;\" \/><\/a>\n\t\t\t<\/dt><\/dl><dl class='gallery-item'>\n\t\t\t<dt class='gallery-icon portrait'>\n\t\t\t\t<a href='https:\/\/www.luxsure.fr\/en\/image006-1530-2\/'><img decoding=\"async\" width=\"602\" height=\"747\" data-src=\"https:\/\/www.luxsure.fr\/wp-content\/uploads\/2022\/04\/image006-1.png\" class=\"attachment-full size-full lazyload\" alt=\"\" data-srcset=\"https:\/\/www.luxsure.fr\/wp-content\/uploads\/2022\/04\/image006-1.png 602w, https:\/\/www.luxsure.fr\/wp-content\/uploads\/2022\/04\/image006-1-242x300.png 242w, https:\/\/www.luxsure.fr\/wp-content\/uploads\/2022\/04\/image006-1-600x745.png 600w, https:\/\/www.luxsure.fr\/wp-content\/uploads\/2022\/04\/image006-1-585x726.png 585w\" data-sizes=\"(max-width: 602px) 100vw, 602px\" src=\"data:image\/svg+xml;base64,PHN2ZyB3aWR0aD0iMSIgaGVpZ2h0PSIxIiB4bWxucz0iaHR0cDovL3d3dy53My5vcmcvMjAwMC9zdmciPjwvc3ZnPg==\" style=\"--smush-placeholder-width: 602px; --smush-placeholder-aspect-ratio: 602\/747;\" \/><\/a>\n\t\t\t<\/dt><\/dl>\n\t\t\t<br style='clear: both' \/>\n\t\t<\/div>\n\n<p>Inspired by the spirit of the guinguette, where people of all ages met, socialized, drank and danced, La Plage Parisienne has written a chic, colorful version. Located on the quays of Beaugrenelle, a district that continues to gain in prominence, talented interior designer Martin Brudnizki (already behind the flamboyant decor of Annabel&#8217;s private club and Sexy Fish in London, as well as the Jardins du Presbourg in Paris) is responsible for the decor. <\/p>\n<p>La Plage Parisienne is adorned with plant frescoes in tones reminiscent of Auguste Renoir&#8217;s D\u00e9jeuner des Canotiers. The place evokes the Roaring Twenties of a fantasized Paris, the frivolity of its cabarets and the heady atmosphere of endless nights of partying. Precious carmine-hued fabrics by Pierre Frey sit alongside verdant plants, incandescent trellises, vintage lighting and flea-market rugs on which a Josephine Baker could sway at any moment. Completely out of the ordinary, this soaring spot also boasts a beautiful terrace to be discovered on sunny days, with a plunging view over the Seine like few others in Paris.   <\/p>\n<p>LA PLAGE PARISIENNE Port de Javel Haut, 75015 Paris<\/p>\n<p>laplageparisienne@beaumarly.com T: +33 1 82 82 00 89<\/p>\n<p>Website: www.laplageparisienne.com Instagram : @laplageparisienne<\/p>\n<p><strong>The 39V<\/strong><\/p>\n<p>The 39V with its hanging garden<\/p>\n\n\t\t<style type=\"text\/css\">\n\t\t\t#gallery-3 {\n\t\t\t\tmargin: auto;\n\t\t\t}\n\t\t\t#gallery-3 .gallery-item {\n\t\t\t\tfloat: left;\n\t\t\t\tmargin-top: 10px;\n\t\t\t\ttext-align: center;\n\t\t\t\twidth: 33%;\n\t\t\t}\n\t\t\t#gallery-3 img {\n\t\t\t\tborder: 2px solid #cfcfcf;\n\t\t\t}\n\t\t\t#gallery-3 .gallery-caption {\n\t\t\t\tmargin-left: 0;\n\t\t\t}\n\t\t\t\/* see gallery_shortcode() in wp-includes\/media.php *\/\n\t\t<\/style>\n\t\t<div id='gallery-3' class='gallery galleryid-2031929 gallery-columns-3 gallery-size-full'><dl class='gallery-item'>\n\t\t\t<dt class='gallery-icon portrait'>\n\t\t\t\t<a href='https:\/\/www.luxsure.fr\/en\/image007-1127-2\/'><img decoding=\"async\" width=\"394\" height=\"589\" data-src=\"https:\/\/www.luxsure.fr\/wp-content\/uploads\/2022\/04\/image007-2.jpg\" class=\"attachment-full size-full lazyload\" alt=\"\" data-srcset=\"https:\/\/www.luxsure.fr\/wp-content\/uploads\/2022\/04\/image007-2.jpg 394w, https:\/\/www.luxsure.fr\/wp-content\/uploads\/2022\/04\/image007-2-201x300.jpg 201w\" data-sizes=\"(max-width: 394px) 100vw, 394px\" src=\"data:image\/svg+xml;base64,PHN2ZyB3aWR0aD0iMSIgaGVpZ2h0PSIxIiB4bWxucz0iaHR0cDovL3d3dy53My5vcmcvMjAwMC9zdmciPjwvc3ZnPg==\" style=\"--smush-placeholder-width: 394px; --smush-placeholder-aspect-ratio: 394\/589;\" \/><\/a>\n\t\t\t<\/dt><\/dl><dl class='gallery-item'>\n\t\t\t<dt class='gallery-icon landscape'>\n\t\t\t\t<a href='https:\/\/www.luxsure.fr\/en\/image008-934-2\/'><img decoding=\"async\" width=\"854\" height=\"570\" data-src=\"https:\/\/www.luxsure.fr\/wp-content\/uploads\/2022\/04\/image008-1.jpg\" class=\"attachment-full size-full lazyload\" alt=\"\" data-srcset=\"https:\/\/www.luxsure.fr\/wp-content\/uploads\/2022\/04\/image008-1.jpg 854w, https:\/\/www.luxsure.fr\/wp-content\/uploads\/2022\/04\/image008-1-300x200.jpg 300w, https:\/\/www.luxsure.fr\/wp-content\/uploads\/2022\/04\/image008-1-768x513.jpg 768w, https:\/\/www.luxsure.fr\/wp-content\/uploads\/2022\/04\/image008-1-600x400.jpg 600w, https:\/\/www.luxsure.fr\/wp-content\/uploads\/2022\/04\/image008-1-585x390.jpg 585w, https:\/\/www.luxsure.fr\/wp-content\/uploads\/2022\/04\/image008-1-263x175.jpg 263w\" data-sizes=\"(max-width: 854px) 100vw, 854px\" src=\"data:image\/svg+xml;base64,PHN2ZyB3aWR0aD0iMSIgaGVpZ2h0PSIxIiB4bWxucz0iaHR0cDovL3d3dy53My5vcmcvMjAwMC9zdmciPjwvc3ZnPg==\" style=\"--smush-placeholder-width: 854px; --smush-placeholder-aspect-ratio: 854\/570;\" \/><\/a>\n\t\t\t<\/dt><\/dl>\n\t\t\t<br style='clear: both' \/>\n\t\t<\/div>\n\n<p><em>photo credit: Yann Deret<\/em><\/p>\n<p>The restaurant opens naturally, through huge sliding glass windows, onto a sublime garden suspended over the rooftops of Paris. Imagined by Raphael Navot as the prow of a ship, with a century-old olive tree floating at its summit, it reflects the beauty of nature and the elements. Sheltered from the hustle and bustle of Paris, this unique garden, peaceful and comfortable, offers the chance to enjoy the fine bubbles of a grand cru Champagne, a colorful cocktail or simply a coffee, with a panoramic view of the kitchens and bar.  <\/p>\n<p>Le 39V 39 Avenue George V 75008 Paris (Entrance at 17 rue Quentin Bauchart)<\/p>\n<p>Tel: +33 (0)1 56 62 39 05 restaurant@le39v.com<\/p>\n<p><a href=\"https:\/\/www.le39v.com\/\">https:\/\/www.le39v.com\/  <\/a><\/p>\n<p>Metro: George V or Alma Marceau Public parking lot (Indigo George V)<\/p>\n<p>Open Monday to Friday for lunch (from 12.15pm to 2pm) and dinner (from 7.30pm to 10pm). Menus from 49.50 to 145 euros Lunch menu from 49.50 euros <\/p>\n<p>4-course tasting menu: 95 euros 6-course tasting menu: 145 euros<\/p>\n<p><strong>H\u00f4tel National des arts et m\u00e9tiers (La Cl\u00e9 Group)<\/strong><\/p>\n<p>A terrace bar and rooftop overlooking Paris open to all<\/p>\n\n\t\t<style type=\"text\/css\">\n\t\t\t#gallery-4 {\n\t\t\t\tmargin: auto;\n\t\t\t}\n\t\t\t#gallery-4 .gallery-item {\n\t\t\t\tfloat: left;\n\t\t\t\tmargin-top: 10px;\n\t\t\t\ttext-align: center;\n\t\t\t\twidth: 33%;\n\t\t\t}\n\t\t\t#gallery-4 img {\n\t\t\t\tborder: 2px solid #cfcfcf;\n\t\t\t}\n\t\t\t#gallery-4 .gallery-caption {\n\t\t\t\tmargin-left: 0;\n\t\t\t}\n\t\t\t\/* see gallery_shortcode() in wp-includes\/media.php *\/\n\t\t<\/style>\n\t\t<div id='gallery-4' class='gallery galleryid-2031929 gallery-columns-3 gallery-size-full'><dl class='gallery-item'>\n\t\t\t<dt class='gallery-icon landscape'>\n\t\t\t\t<a href='https:\/\/www.luxsure.fr\/en\/image009-839-2\/'><img decoding=\"async\" width=\"2048\" height=\"1406\" data-src=\"https:\/\/www.luxsure.fr\/wp-content\/uploads\/2022\/04\/image009.jpg\" class=\"attachment-full size-full lazyload\" alt=\"\" data-srcset=\"https:\/\/www.luxsure.fr\/wp-content\/uploads\/2022\/04\/image009.jpg 2048w, https:\/\/www.luxsure.fr\/wp-content\/uploads\/2022\/04\/image009-300x206.jpg 300w, https:\/\/www.luxsure.fr\/wp-content\/uploads\/2022\/04\/image009-1024x703.jpg 1024w, https:\/\/www.luxsure.fr\/wp-content\/uploads\/2022\/04\/image009-768x527.jpg 768w, https:\/\/www.luxsure.fr\/wp-content\/uploads\/2022\/04\/image009-600x412.jpg 600w, https:\/\/www.luxsure.fr\/wp-content\/uploads\/2022\/04\/image009-1536x1055.jpg 1536w, https:\/\/www.luxsure.fr\/wp-content\/uploads\/2022\/04\/image009-1920x1318.jpg 1920w, https:\/\/www.luxsure.fr\/wp-content\/uploads\/2022\/04\/image009-1170x803.jpg 1170w, https:\/\/www.luxsure.fr\/wp-content\/uploads\/2022\/04\/image009-585x402.jpg 585w\" data-sizes=\"(max-width: 2048px) 100vw, 2048px\" src=\"data:image\/svg+xml;base64,PHN2ZyB3aWR0aD0iMSIgaGVpZ2h0PSIxIiB4bWxucz0iaHR0cDovL3d3dy53My5vcmcvMjAwMC9zdmciPjwvc3ZnPg==\" style=\"--smush-placeholder-width: 2048px; --smush-placeholder-aspect-ratio: 2048\/1406;\" \/><\/a>\n\t\t\t<\/dt><\/dl><dl class='gallery-item'>\n\t\t\t<dt class='gallery-icon portrait'>\n\t\t\t\t<a href='https:\/\/www.luxsure.fr\/en\/image010-660-2\/'><img decoding=\"async\" width=\"220\" height=\"221\" data-src=\"https:\/\/www.luxsure.fr\/wp-content\/uploads\/2022\/04\/image010.png\" class=\"attachment-full size-full lazyload\" alt=\"\" src=\"data:image\/svg+xml;base64,PHN2ZyB3aWR0aD0iMSIgaGVpZ2h0PSIxIiB4bWxucz0iaHR0cDovL3d3dy53My5vcmcvMjAwMC9zdmciPjwvc3ZnPg==\" style=\"--smush-placeholder-width: 220px; --smush-placeholder-aspect-ratio: 220\/221;\" \/><\/a>\n\t\t\t<\/dt><\/dl>\n\t\t\t<br style='clear: both' \/>\n\t\t<\/div>\n\n<p><em>  photo credit: J\u00e9r\u00f4me Galland photo credit: Paul Bowyer<\/em><\/p>\n<p>Our rooftop bar terrace is the ideal place to unwind after a day&#8217;s work or sightseeing, whether you&#8217;re staying at our hotel for a business trip or a Parisian vacation. Our rooftop bar in Paris is open both to our resident clientele and to those wishing to enjoy an exceptional place to share a drink with friends, while enjoying a superb view of the exceptional city of Paris. <\/p>\n<p>Set on the top floor, our rooftop bar in Paris boasts a magnificent view of the city, which you can enjoy with a tasty cocktail concocted with brio by one of our bartenders. Open weekdays from 5 p.m. to midnight and weekends from 3 p.m. to midnight, it&#8217;s the perfect place to punctuate your day. <\/p>\n<p>HOTEL NATIONAL DES ARTS ET M\u00c9TIERS 243 Rue Saint Martin 75003 Paris<\/p>\n<p>+ 33 (0) 1 80 97 22 80<\/p>\n<p><a href=\"https:\/\/www.hotelnational.paris\/\">https:\/\/www.hotelnational.paris\/  <\/a><\/p>\n<p>NEAREST METROS: Arts &amp; M\u00e9tiers: lines 3 and 11, 4 minutes R\u00e9aumur S\u00e9bastopol: line 4, 3 minutes<\/p>\n<p><strong>Hotel Bachaumont (La Cl\u00e9 Group)<\/strong><\/p>\n<p>The Bachaumont restaurant terrace<\/p>\n<p><strong><a href=\"https:\/\/www.luxsure.fr\/wp-content\/uploads\/2022\/04\/image011.jpg\" data-rel=\"penci-gallery-image-content\"  rel=\"attachment wp-att-438432\"><img decoding=\"async\" class=\"alignnone size-full wp-image-438432 lazyload\" title=\"image011-jpg\" data-src=\"https:\/\/www.luxsure.fr\/wp-content\/uploads\/2022\/04\/image011.jpg\" alt=\"\" width=\"1024\" height=\"1024\" src=\"data:image\/svg+xml;base64,PHN2ZyB3aWR0aD0iMSIgaGVpZ2h0PSIxIiB4bWxucz0iaHR0cDovL3d3dy53My5vcmcvMjAwMC9zdmciPjwvc3ZnPg==\" style=\"--smush-placeholder-width: 1024px; --smush-placeholder-aspect-ratio: 1024\/1024;\" \/><\/a><\/strong><\/p>\n<p><em>photo credit: Nicolas Buisson<\/em><\/p>\n<p>The Restaurant Bachaumont transforms with the passing hours to capture the moments of the day and the moods of the neighborhood, with a desire for elegance and refinement, it is a place of life open to all. Cosmopolitan par excellence, it is above all a Parisian address. <\/p>\n<p>The Restaurant Bachaumont on the first floor of the hotel offers generous, French-inspired cuisine using local, seasonal produce. Our chef, Baptiste David, restores the classics of French cuisine while adding his own creative touch. The experience continues with pastries and desserts by Sophie Coulombel throughout the day. <\/p>\n<p>Last but not least, Le Bar Chaumont offers a selection of creative cocktails and revisits to the Bar&#8217;s great classics.<\/p>\n<p>H\u00d4TEL BACHAUMONT 18 rue Bachaumont 75002 Paris<\/p>\n<p>+ 33 (0) 1 81 66 47 00<\/p>\n<p><a href=\"https:\/\/www.hotelbachaumont.com\/\">https:\/\/www.hotelbachaumont.com\/  <\/a><\/p>\n<p>Open Tuesday to Saturday: Lunch service: 12:00 &#8211; 14:30 Evening service: 19:00 &#8211; 22:00<\/p>\n<p><strong>Loulou, Paris Rivoli<\/strong><\/p>\n\n\t\t<style type=\"text\/css\">\n\t\t\t#gallery-5 {\n\t\t\t\tmargin: auto;\n\t\t\t}\n\t\t\t#gallery-5 .gallery-item {\n\t\t\t\tfloat: left;\n\t\t\t\tmargin-top: 10px;\n\t\t\t\ttext-align: center;\n\t\t\t\twidth: 33%;\n\t\t\t}\n\t\t\t#gallery-5 img {\n\t\t\t\tborder: 2px solid #cfcfcf;\n\t\t\t}\n\t\t\t#gallery-5 .gallery-caption {\n\t\t\t\tmargin-left: 0;\n\t\t\t}\n\t\t\t\/* see gallery_shortcode() in wp-includes\/media.php *\/\n\t\t<\/style>\n\t\t<div id='gallery-5' class='gallery galleryid-2031929 gallery-columns-3 gallery-size-full'><dl class='gallery-item'>\n\t\t\t<dt class='gallery-icon landscape'>\n\t\t\t\t<a href='https:\/\/www.luxsure.fr\/en\/image012-509-2\/'><img decoding=\"async\" width=\"2000\" height=\"1363\" data-src=\"https:\/\/www.luxsure.fr\/wp-content\/uploads\/2022\/04\/image012.jpg\" class=\"attachment-full size-full lazyload\" alt=\"\" data-srcset=\"https:\/\/www.luxsure.fr\/wp-content\/uploads\/2022\/04\/image012.jpg 2000w, https:\/\/www.luxsure.fr\/wp-content\/uploads\/2022\/04\/image012-300x204.jpg 300w, https:\/\/www.luxsure.fr\/wp-content\/uploads\/2022\/04\/image012-1024x698.jpg 1024w, https:\/\/www.luxsure.fr\/wp-content\/uploads\/2022\/04\/image012-768x523.jpg 768w, https:\/\/www.luxsure.fr\/wp-content\/uploads\/2022\/04\/image012-600x409.jpg 600w, https:\/\/www.luxsure.fr\/wp-content\/uploads\/2022\/04\/image012-1536x1047.jpg 1536w, https:\/\/www.luxsure.fr\/wp-content\/uploads\/2022\/04\/image012-1920x1308.jpg 1920w, https:\/\/www.luxsure.fr\/wp-content\/uploads\/2022\/04\/image012-1170x797.jpg 1170w, https:\/\/www.luxsure.fr\/wp-content\/uploads\/2022\/04\/image012-585x399.jpg 585w\" data-sizes=\"(max-width: 2000px) 100vw, 2000px\" src=\"data:image\/svg+xml;base64,PHN2ZyB3aWR0aD0iMSIgaGVpZ2h0PSIxIiB4bWxucz0iaHR0cDovL3d3dy53My5vcmcvMjAwMC9zdmciPjwvc3ZnPg==\" style=\"--smush-placeholder-width: 2000px; --smush-placeholder-aspect-ratio: 2000\/1363;\" \/><\/a>\n\t\t\t<\/dt><\/dl><dl class='gallery-item'>\n\t\t\t<dt class='gallery-icon portrait'>\n\t\t\t\t<a href='https:\/\/www.luxsure.fr\/en\/image013-402-2\/'><img decoding=\"async\" width=\"360\" height=\"539\" data-src=\"https:\/\/www.luxsure.fr\/wp-content\/uploads\/2022\/04\/image013.jpg\" class=\"attachment-full size-full lazyload\" alt=\"\" data-srcset=\"https:\/\/www.luxsure.fr\/wp-content\/uploads\/2022\/04\/image013.jpg 360w, https:\/\/www.luxsure.fr\/wp-content\/uploads\/2022\/04\/image013-200x300.jpg 200w\" data-sizes=\"(max-width: 360px) 100vw, 360px\" src=\"data:image\/svg+xml;base64,PHN2ZyB3aWR0aD0iMSIgaGVpZ2h0PSIxIiB4bWxucz0iaHR0cDovL3d3dy53My5vcmcvMjAwMC9zdmciPjwvc3ZnPg==\" style=\"--smush-placeholder-width: 360px; --smush-placeholder-aspect-ratio: 360\/539;\" \/><\/a>\n\t\t\t<\/dt><\/dl>\n\t\t\t<br style='clear: both' \/>\n\t\t<\/div>\n\n<p><em>  photo credit: Michel Trehet (left) \/ Annica Eklund (right)<\/em><\/p>\n<p>Enjoy the spring menu concocted by chef Beno\u00eet Darg\u00e8re on Loulou&#8217;s terrace in an artistic setting. Indeed, Loulou has chosen the most beautiful site in Paris&#8217; architectural heritage to welcome friends for moments of Dolce Vita over lunch, dinner, an Aperitivo or an open-air cocktail. <\/p>\n<p>Designed by interior architect Joseph Dirand, the Loulou Paris restaurant celebrates the French art of living in a place that is both refined and joyful.<\/p>\n<p>From the restaurant to the gardens, Loulou spreads his vision of timeless elegance.<\/p>\n<p>Loulou &#8211; Mus\u00e9e des Arts D\u00e9coratifs 107, rue de Rivoli &#8211; 75001 Paris<\/p>\n<p>+33 (0)1 42 60 41 96 &#8211;<\/p>\n<p><a href=\"http:\/\/loulou-paris.com\">loulou-paris.com  <\/a><\/p>\n<p>Open 7\/7 Lunch Monday to Sunday: 12pm &#8211; 4:30pm Dinner Sunday to Wednesday: 7pm &#8211; 11pm Thursday to Saturday: 7pm &#8211; 11:30pm<\/p>\n<p><strong>Caf\u00e9 Beaubourg (Beaumarly)<\/strong><\/p>\n\n\t\t<style type=\"text\/css\">\n\t\t\t#gallery-6 {\n\t\t\t\tmargin: auto;\n\t\t\t}\n\t\t\t#gallery-6 .gallery-item {\n\t\t\t\tfloat: left;\n\t\t\t\tmargin-top: 10px;\n\t\t\t\ttext-align: center;\n\t\t\t\twidth: 33%;\n\t\t\t}\n\t\t\t#gallery-6 img {\n\t\t\t\tborder: 2px solid #cfcfcf;\n\t\t\t}\n\t\t\t#gallery-6 .gallery-caption {\n\t\t\t\tmargin-left: 0;\n\t\t\t}\n\t\t\t\/* see gallery_shortcode() in wp-includes\/media.php *\/\n\t\t<\/style>\n\t\t<div id='gallery-6' class='gallery galleryid-2031929 gallery-columns-3 gallery-size-full'><dl class='gallery-item'>\n\t\t\t<dt class='gallery-icon portrait'>\n\t\t\t\t<a href='https:\/\/www.luxsure.fr\/en\/image014-380-2\/'><img decoding=\"async\" width=\"516\" height=\"773\" data-src=\"https:\/\/www.luxsure.fr\/wp-content\/uploads\/2022\/04\/image014.jpg\" class=\"attachment-full size-full lazyload\" alt=\"\" data-srcset=\"https:\/\/www.luxsure.fr\/wp-content\/uploads\/2022\/04\/image014.jpg 516w, https:\/\/www.luxsure.fr\/wp-content\/uploads\/2022\/04\/image014-200x300.jpg 200w\" data-sizes=\"(max-width: 516px) 100vw, 516px\" src=\"data:image\/svg+xml;base64,PHN2ZyB3aWR0aD0iMSIgaGVpZ2h0PSIxIiB4bWxucz0iaHR0cDovL3d3dy53My5vcmcvMjAwMC9zdmciPjwvc3ZnPg==\" style=\"--smush-placeholder-width: 516px; --smush-placeholder-aspect-ratio: 516\/773;\" \/><\/a>\n\t\t\t<\/dt><\/dl><dl class='gallery-item'>\n\t\t\t<dt class='gallery-icon portrait'>\n\t\t\t\t<a href='https:\/\/www.luxsure.fr\/en\/image015-325-2\/'><img decoding=\"async\" width=\"524\" height=\"786\" data-src=\"https:\/\/www.luxsure.fr\/wp-content\/uploads\/2022\/04\/image015.jpg\" class=\"attachment-full size-full lazyload\" alt=\"\" data-srcset=\"https:\/\/www.luxsure.fr\/wp-content\/uploads\/2022\/04\/image015.jpg 524w, https:\/\/www.luxsure.fr\/wp-content\/uploads\/2022\/04\/image015-200x300.jpg 200w\" data-sizes=\"(max-width: 524px) 100vw, 524px\" src=\"data:image\/svg+xml;base64,PHN2ZyB3aWR0aD0iMSIgaGVpZ2h0PSIxIiB4bWxucz0iaHR0cDovL3d3dy53My5vcmcvMjAwMC9zdmciPjwvc3ZnPg==\" style=\"--smush-placeholder-width: 524px; --smush-placeholder-aspect-ratio: 524\/786;\" \/><\/a>\n\t\t\t<\/dt><\/dl>\n\t\t\t<br style='clear: both' \/>\n\t\t<\/div>\n\n<p>Photo credit: Florian Leger<\/p>\n<p>Facing the bustling Place du Centre Pompidou from morning to night, Caf\u00e9 Beaubourg offers the conviviality of a literary caf\u00e9, a business meeting or a privileged observatory of Parisian life at any hour of the day or night. Timeless, the Caf\u00e9 Beaubourg is a place to live, with vast spaces and architecture by Christian de Portzamparc. Artists know this, and many have left their mark here, from Daniel Buren to Jean-Michel Othoniel. At Caf\u00e9 Beaubourg, you can sunbathe on the terrace and observe Paris and its energy, sit on the mezzanine for a quiet lunch, or enjoy a French brasserie menu in the restaurant&#8217;s lively dining room.   <\/p>\n<p>Telephone +33 1 48 87 63 96 Address 43 rue Saint-Merri 75004 Paris<\/p>\n<p>Opening hours 7\/7, continuous service until midnight from 8am to 2am Facilities Parking Indigo, 31 rue de Beaubourg Parking Georges Pompidou, 41\/47 rue Rambuteau Metro L11 Rambuteau L1 H\u00f4tel de Ville RER A, B et D Ch\u00e2telet<\/p>\n<p><strong>Le Caf\u00e9 Fran\u00e7ais (Beaumarly)<\/strong><\/p>\n<p><a href=\"https:\/\/www.luxsure.fr\/wp-content\/uploads\/2022\/04\/image016.jpg\" data-rel=\"penci-gallery-image-content\"  rel=\"attachment wp-att-438438\"><img decoding=\"async\" class=\"alignnone wp-image-438438 size-full lazyload\" title=\"image016-jpg\" data-src=\"https:\/\/www.luxsure.fr\/wp-content\/uploads\/2022\/04\/image016.jpg\" alt=\"\" width=\"444\" height=\"665\" data-srcset=\"https:\/\/www.luxsure.fr\/wp-content\/uploads\/2022\/04\/image016.jpg 444w, https:\/\/www.luxsure.fr\/wp-content\/uploads\/2022\/04\/image016-200x300.jpg 200w\" data-sizes=\"(max-width: 444px) 100vw, 444px\" src=\"data:image\/svg+xml;base64,PHN2ZyB3aWR0aD0iMSIgaGVpZ2h0PSIxIiB4bWxucz0iaHR0cDovL3d3dy53My5vcmcvMjAwMC9zdmciPjwvc3ZnPg==\" style=\"--smush-placeholder-width: 444px; --smush-placeholder-aspect-ratio: 444\/665;\" \/><\/a><\/p>\n<p>Photo credit: Charlyreux<\/p>\n<p>Nestled in the Marais district and facing the Bastille, the Caf\u00e9 Fran\u00e7ais is an establishment with vast spaces: from the bar to the lounges, from the terrace to the winter garden, you can sit back and enjoy Parisian life. From the sunny terrace in summer to the winter garden in colder weather, the exterior of Caf\u00e9 Fran\u00e7ais offers a 360\u00b0 view while facing the Op\u00e9ra Bastille. The plates are gourmet, and the meticulous cuisine features traditional dishes revisited and prepared with selected fresh produce, all accompanied by a wine list selected by Beaumarly sommelier. With attentive service, the atmosphere at Caf\u00e9 Fran\u00e7ais is lively, and it&#8217;s not unusual for the establishment to invite jazz bands to add to the dynamic, pleasant atmosphere so dear to the art of living in Paris.   <\/p>\n<p>Phone +33 1 40 29 04 02 Address 1-3 Place de la Bastille 75004 Paris Opening hours 7\/7, continuous service until midnight, 8am to 2am Parking Op\u00e9ra Bastille Metro L1, L5, L8 Bastille<\/p>\n<p><strong>Caf\u00e9 Marly (Beaumarly)  <\/strong><\/p>\n\n\t\t<style type=\"text\/css\">\n\t\t\t#gallery-7 {\n\t\t\t\tmargin: auto;\n\t\t\t}\n\t\t\t#gallery-7 .gallery-item {\n\t\t\t\tfloat: left;\n\t\t\t\tmargin-top: 10px;\n\t\t\t\ttext-align: center;\n\t\t\t\twidth: 33%;\n\t\t\t}\n\t\t\t#gallery-7 img {\n\t\t\t\tborder: 2px solid #cfcfcf;\n\t\t\t}\n\t\t\t#gallery-7 .gallery-caption {\n\t\t\t\tmargin-left: 0;\n\t\t\t}\n\t\t\t\/* see gallery_shortcode() in wp-includes\/media.php *\/\n\t\t<\/style>\n\t\t<div id='gallery-7' class='gallery galleryid-2031929 gallery-columns-3 gallery-size-full'><dl class='gallery-item'>\n\t\t\t<dt class='gallery-icon portrait'>\n\t\t\t\t<a href='https:\/\/www.luxsure.fr\/en\/image018-214-2\/'><img decoding=\"async\" width=\"507\" height=\"676\" data-src=\"https:\/\/www.luxsure.fr\/wp-content\/uploads\/2022\/04\/image018.jpg\" class=\"attachment-full size-full lazyload\" alt=\"\" data-srcset=\"https:\/\/www.luxsure.fr\/wp-content\/uploads\/2022\/04\/image018.jpg 507w, https:\/\/www.luxsure.fr\/wp-content\/uploads\/2022\/04\/image018-225x300.jpg 225w\" data-sizes=\"(max-width: 507px) 100vw, 507px\" src=\"data:image\/svg+xml;base64,PHN2ZyB3aWR0aD0iMSIgaGVpZ2h0PSIxIiB4bWxucz0iaHR0cDovL3d3dy53My5vcmcvMjAwMC9zdmciPjwvc3ZnPg==\" style=\"--smush-placeholder-width: 507px; --smush-placeholder-aspect-ratio: 507\/676;\" \/><\/a>\n\t\t\t<\/dt><\/dl><dl class='gallery-item'>\n\t\t\t<dt class='gallery-icon portrait'>\n\t\t\t\t<a href='https:\/\/www.luxsure.fr\/en\/image019-184-2\/'><img decoding=\"async\" width=\"454\" height=\"681\" data-src=\"https:\/\/www.luxsure.fr\/wp-content\/uploads\/2022\/04\/image019.jpg\" class=\"attachment-full size-full lazyload\" alt=\"\" data-srcset=\"https:\/\/www.luxsure.fr\/wp-content\/uploads\/2022\/04\/image019.jpg 454w, https:\/\/www.luxsure.fr\/wp-content\/uploads\/2022\/04\/image019-200x300.jpg 200w\" data-sizes=\"(max-width: 454px) 100vw, 454px\" src=\"data:image\/svg+xml;base64,PHN2ZyB3aWR0aD0iMSIgaGVpZ2h0PSIxIiB4bWxucz0iaHR0cDovL3d3dy53My5vcmcvMjAwMC9zdmciPjwvc3ZnPg==\" style=\"--smush-placeholder-width: 454px; --smush-placeholder-aspect-ratio: 454\/681;\" \/><\/a>\n\t\t\t<\/dt><\/dl>\n\t\t\t<br style='clear: both' \/>\n\t\t<\/div>\n\n<p>Photo credit: Tristan Aurouet (left) \/ Angela Di Paolo (right)<\/p>\n<p>Located under the arcades of the Louvre, it&#8217;s the perfect meeting of a Parisian brasserie and a literary caf\u00e9, where you can relax on the terrace and enjoy the view of the pyramid. A unique and iconic venue with strong links to culture and luxury, Caf\u00e9 Marly is part of Beaumarly&#8217;s DNA. In summer, the terrace offers a view of the finest Paris has to offer, in the shade under the arcades of the Palais du Louvre or just a few steps from the sun-drenched pyramid. One of Paris&#8217;s most beautiful and best-kept secrets&#8230; On the menu, French cuisine featuring quality products selected for their taste. Enjoy grilled meats and fish from the lounges overlooking the sculpture halls of the Louvre Museum, or appreciate Pavlova with red fruits in an exceptional setting.    <\/p>\n<p>Phone +33 1 49 26 06 60 Address 93 rue de Rivoli 75001 Paris Opening hours 7\/7, continuous service until midnight, open from 8am to 2am Parking Parking Le Louvre, 1 rue de Marengo Parking Seames Pyramides, 15 rue des Pyramides Metro L1 &amp; L7 Palais Royal &#8211; Mus\u00e9e du Louvre<\/p>\n<p><strong>Le Georges (Beaumarly)<\/strong><\/p>\n\n\t\t<style type=\"text\/css\">\n\t\t\t#gallery-8 {\n\t\t\t\tmargin: auto;\n\t\t\t}\n\t\t\t#gallery-8 .gallery-item {\n\t\t\t\tfloat: left;\n\t\t\t\tmargin-top: 10px;\n\t\t\t\ttext-align: center;\n\t\t\t\twidth: 33%;\n\t\t\t}\n\t\t\t#gallery-8 img {\n\t\t\t\tborder: 2px solid #cfcfcf;\n\t\t\t}\n\t\t\t#gallery-8 .gallery-caption {\n\t\t\t\tmargin-left: 0;\n\t\t\t}\n\t\t\t\/* see gallery_shortcode() in wp-includes\/media.php *\/\n\t\t<\/style>\n\t\t<div id='gallery-8' class='gallery galleryid-2031929 gallery-columns-3 gallery-size-full'><dl class='gallery-item'>\n\t\t\t<dt class='gallery-icon portrait'>\n\t\t\t\t<a href='https:\/\/www.luxsure.fr\/en\/image020-163-2\/'><img decoding=\"async\" width=\"437\" height=\"655\" data-src=\"https:\/\/www.luxsure.fr\/wp-content\/uploads\/2022\/04\/image020.jpg\" class=\"attachment-full size-full lazyload\" alt=\"\" data-srcset=\"https:\/\/www.luxsure.fr\/wp-content\/uploads\/2022\/04\/image020.jpg 437w, https:\/\/www.luxsure.fr\/wp-content\/uploads\/2022\/04\/image020-200x300.jpg 200w\" data-sizes=\"(max-width: 437px) 100vw, 437px\" src=\"data:image\/svg+xml;base64,PHN2ZyB3aWR0aD0iMSIgaGVpZ2h0PSIxIiB4bWxucz0iaHR0cDovL3d3dy53My5vcmcvMjAwMC9zdmciPjwvc3ZnPg==\" style=\"--smush-placeholder-width: 437px; --smush-placeholder-aspect-ratio: 437\/655;\" \/><\/a>\n\t\t\t<\/dt><\/dl><dl class='gallery-item'>\n\t\t\t<dt class='gallery-icon portrait'>\n\t\t\t\t<a href='https:\/\/www.luxsure.fr\/en\/image021-159-2\/'><img decoding=\"async\" width=\"495\" height=\"660\" data-src=\"https:\/\/www.luxsure.fr\/wp-content\/uploads\/2022\/04\/image021.jpg\" class=\"attachment-full size-full lazyload\" alt=\"\" data-srcset=\"https:\/\/www.luxsure.fr\/wp-content\/uploads\/2022\/04\/image021.jpg 495w, https:\/\/www.luxsure.fr\/wp-content\/uploads\/2022\/04\/image021-225x300.jpg 225w\" data-sizes=\"(max-width: 495px) 100vw, 495px\" src=\"data:image\/svg+xml;base64,PHN2ZyB3aWR0aD0iMSIgaGVpZ2h0PSIxIiB4bWxucz0iaHR0cDovL3d3dy53My5vcmcvMjAwMC9zdmciPjwvc3ZnPg==\" style=\"--smush-placeholder-width: 495px; --smush-placeholder-aspect-ratio: 495\/660;\" \/><\/a>\n\t\t\t<\/dt><\/dl>\n\t\t\t<br style='clear: both' \/>\n\t\t<\/div>\n\n<p>Photo credit: Angela Di Paolo (left) \/ Tristan Aurouet (right)<\/p>\n<p>Right in the heart of Paris, on the top floor of the Centre Pompidou, Restaurant Georges boasts an ideal rooftop with a view over the whole of Paris. Whether on the terrace or inside, you can enjoy the sunset and the lights of Paris at your leisure. After an exhibition at the Centre Pompidou, for a family lunch, a romantic dinner or a drink with friends, the Restaurant Georges experience is unique, the setting idyllic and the site remarkable. In the kitchen, chef Claude Demoncuit offers inventive dishes with refined presentations, and selects a few exceptional products. Healthy and delicate, the menu at Restaurant Georges is contemporary and tangy.    <\/p>\n<p>Phone +33 1 42 60 97 54 Address 159 rue Saint-Honor\u00e9 75001 Paris Opening hours 7\/7, continuous service until midnight, from 8am to 2am Parking Q-Park Rivoli Pont Neuf, 2 Rue Boucher 75001 Paris Metro L1 &amp; L7 Palais Royal Mus\u00e9e du Louvre<\/p>\n","protected":false},"excerpt":{"rendered":"<p>Parisian terraces and rooftops open for the summer season Spring is just around the corner, and restaurant terraces are ready to welcome Parisians and tourists alike to enjoy a meal&hellip;<\/p>\n","protected":false},"author":2,"featured_media":1731603,"comment_status":"closed","ping_status":"closed","sticky":false,"template":"","format":"standard","meta":{"_lmt_disableupdate":"","_lmt_disable":"","footnotes":""},"categories":[30494,30409,30493],"tags":[68413],"class_list":["post-2031929","post","type-post","status-publish","format-standard","has-post-thumbnail","hentry","category-food-and-wine-en","category-gastronomy","category-wines-and-spirits","tag-parisian-rooftops"],"yoast_head":"<!-- This site is optimized with the Yoast SEO plugin v27.5 - https:\/\/yoast.com\/product\/yoast-seo-wordpress\/ -->\n<title>Parisian terraces and rooftops are ready to welcome the sunny days! - Luxsure<\/title>\n<meta name=\"robots\" content=\"index, follow, max-snippet:-1, max-image-preview:large, max-video-preview:-1\" \/>\n<link rel=\"canonical\" href=\"https:\/\/www.luxsure.fr\/en\/2022\/04\/29\/parisian-terraces-and-rooftops-are-ready-to-welcome-the-sunny-days\/\" \/>\n<meta name=\"twitter:label1\" content=\"Written by\" \/>\n\t<meta name=\"twitter:data1\" content=\"pascal iakovou\" \/>\n\t<meta name=\"twitter:label2\" content=\"Est. reading time\" \/>\n\t<meta name=\"twitter:data2\" content=\"9 minutes\" \/>\n<script type=\"application\/ld+json\" class=\"yoast-schema-graph\">{\"@context\":\"https:\\\/\\\/schema.org\",\"@graph\":[{\"@type\":\"Article\",\"@id\":\"https:\\\/\\\/www.luxsure.fr\\\/en\\\/2022\\\/04\\\/29\\\/parisian-terraces-and-rooftops-are-ready-to-welcome-the-sunny-days\\\/#article\",\"isPartOf\":{\"@id\":\"https:\\\/\\\/www.luxsure.fr\\\/en\\\/2022\\\/04\\\/29\\\/parisian-terraces-and-rooftops-are-ready-to-welcome-the-sunny-days\\\/\"},\"author\":{\"name\":\"pascal iakovou\",\"@id\":\"https:\\\/\\\/www.luxsure.fr\\\/#\\\/schema\\\/person\\\/e3e28d08083f4cbc258957c924e39423\"},\"headline\":\"Parisian terraces and rooftops are ready to welcome the sunny days!\",\"datePublished\":\"2022-04-29T11:04:00+00:00\",\"dateModified\":\"2026-04-27T04:47:10+00:00\",\"mainEntityOfPage\":{\"@id\":\"https:\\\/\\\/www.luxsure.fr\\\/en\\\/2022\\\/04\\\/29\\\/parisian-terraces-and-rooftops-are-ready-to-welcome-the-sunny-days\\\/\"},\"wordCount\":1723,\"publisher\":{\"@id\":\"https:\\\/\\\/www.luxsure.fr\\\/#organization\"},\"image\":{\"@id\":\"https:\\\/\\\/www.luxsure.fr\\\/en\\\/2022\\\/04\\\/29\\\/parisian-terraces-and-rooftops-are-ready-to-welcome-the-sunny-days\\\/#primaryimage\"},\"thumbnailUrl\":\"https:\\\/\\\/www.luxsure.fr\\\/wp-content\\\/uploads\\\/2022\\\/04\\\/image007-2.jpg\",\"keywords\":[\"Parisian rooftops\"],\"articleSection\":[\"Food and Wine\",\"Gastronomy\",\"Wines and Spirits\"],\"inLanguage\":\"en-US\"},{\"@type\":\"WebPage\",\"@id\":\"https:\\\/\\\/www.luxsure.fr\\\/en\\\/2022\\\/04\\\/29\\\/parisian-terraces-and-rooftops-are-ready-to-welcome-the-sunny-days\\\/\",\"url\":\"https:\\\/\\\/www.luxsure.fr\\\/en\\\/2022\\\/04\\\/29\\\/parisian-terraces-and-rooftops-are-ready-to-welcome-the-sunny-days\\\/\",\"name\":\"Parisian terraces and rooftops are ready to welcome the sunny days! - Luxsure\",\"isPartOf\":{\"@id\":\"https:\\\/\\\/www.luxsure.fr\\\/#website\"},\"primaryImageOfPage\":{\"@id\":\"https:\\\/\\\/www.luxsure.fr\\\/en\\\/2022\\\/04\\\/29\\\/parisian-terraces-and-rooftops-are-ready-to-welcome-the-sunny-days\\\/#primaryimage\"},\"image\":{\"@id\":\"https:\\\/\\\/www.luxsure.fr\\\/en\\\/2022\\\/04\\\/29\\\/parisian-terraces-and-rooftops-are-ready-to-welcome-the-sunny-days\\\/#primaryimage\"},\"thumbnailUrl\":\"https:\\\/\\\/www.luxsure.fr\\\/wp-content\\\/uploads\\\/2022\\\/04\\\/image007-2.jpg\",\"datePublished\":\"2022-04-29T11:04:00+00:00\",\"dateModified\":\"2026-04-27T04:47:10+00:00\",\"breadcrumb\":{\"@id\":\"https:\\\/\\\/www.luxsure.fr\\\/en\\\/2022\\\/04\\\/29\\\/parisian-terraces-and-rooftops-are-ready-to-welcome-the-sunny-days\\\/#breadcrumb\"},\"inLanguage\":\"en-US\",\"potentialAction\":[{\"@type\":\"ReadAction\",\"target\":[\"https:\\\/\\\/www.luxsure.fr\\\/en\\\/2022\\\/04\\\/29\\\/parisian-terraces-and-rooftops-are-ready-to-welcome-the-sunny-days\\\/\"]}]},{\"@type\":\"ImageObject\",\"inLanguage\":\"en-US\",\"@id\":\"https:\\\/\\\/www.luxsure.fr\\\/en\\\/2022\\\/04\\\/29\\\/parisian-terraces-and-rooftops-are-ready-to-welcome-the-sunny-days\\\/#primaryimage\",\"url\":\"https:\\\/\\\/www.luxsure.fr\\\/wp-content\\\/uploads\\\/2022\\\/04\\\/image007-2.jpg\",\"contentUrl\":\"https:\\\/\\\/www.luxsure.fr\\\/wp-content\\\/uploads\\\/2022\\\/04\\\/image007-2.jpg\",\"width\":394,\"height\":589},{\"@type\":\"BreadcrumbList\",\"@id\":\"https:\\\/\\\/www.luxsure.fr\\\/en\\\/2022\\\/04\\\/29\\\/parisian-terraces-and-rooftops-are-ready-to-welcome-the-sunny-days\\\/#breadcrumb\",\"itemListElement\":[{\"@type\":\"ListItem\",\"position\":1,\"name\":\"Accueil\",\"item\":\"https:\\\/\\\/www.luxsure.fr\\\/\"},{\"@type\":\"ListItem\",\"position\":2,\"name\":\"Parisian terraces and rooftops are ready to welcome the sunny days!\"}]},{\"@type\":\"WebSite\",\"@id\":\"https:\\\/\\\/www.luxsure.fr\\\/#website\",\"url\":\"https:\\\/\\\/www.luxsure.fr\\\/\",\"name\":\"Luxsure\",\"description\":\"UNE CERTAINE VISION DU LUXE\",\"publisher\":{\"@id\":\"https:\\\/\\\/www.luxsure.fr\\\/#organization\"},\"potentialAction\":[{\"@type\":\"SearchAction\",\"target\":{\"@type\":\"EntryPoint\",\"urlTemplate\":\"https:\\\/\\\/www.luxsure.fr\\\/?s={search_term_string}\"},\"query-input\":{\"@type\":\"PropertyValueSpecification\",\"valueRequired\":true,\"valueName\":\"search_term_string\"}}],\"inLanguage\":\"en-US\"},{\"@type\":\"Organization\",\"@id\":\"https:\\\/\\\/www.luxsure.fr\\\/#organization\",\"name\":\"Luxsure\",\"url\":\"https:\\\/\\\/www.luxsure.fr\\\/\",\"logo\":{\"@type\":\"ImageObject\",\"inLanguage\":\"en-US\",\"@id\":\"https:\\\/\\\/www.luxsure.fr\\\/#\\\/schema\\\/logo\\\/image\\\/\",\"url\":\"https:\\\/\\\/i0.wp.com\\\/www.luxsure.fr\\\/wp-content\\\/uploads\\\/2015\\\/10\\\/Capture-d\u2019\u00e9cran-2015-08-19-\u00e0-10.51.48.png?fit=551%2C400&ssl=1\",\"contentUrl\":\"https:\\\/\\\/i0.wp.com\\\/www.luxsure.fr\\\/wp-content\\\/uploads\\\/2015\\\/10\\\/Capture-d\u2019\u00e9cran-2015-08-19-\u00e0-10.51.48.png?fit=551%2C400&ssl=1\",\"width\":551,\"height\":400,\"caption\":\"Luxsure\"},\"image\":{\"@id\":\"https:\\\/\\\/www.luxsure.fr\\\/#\\\/schema\\\/logo\\\/image\\\/\"}},{\"@type\":\"Person\",\"@id\":\"https:\\\/\\\/www.luxsure.fr\\\/#\\\/schema\\\/person\\\/e3e28d08083f4cbc258957c924e39423\",\"name\":\"pascal iakovou\",\"image\":{\"@type\":\"ImageObject\",\"inLanguage\":\"en-US\",\"@id\":\"https:\\\/\\\/secure.gravatar.com\\\/avatar\\\/358546e9ab7afafbb35961f747089b93cb88ca12b7a9fcd0c7922cc45f092613?s=96&d=mm&r=g\",\"url\":\"https:\\\/\\\/secure.gravatar.com\\\/avatar\\\/358546e9ab7afafbb35961f747089b93cb88ca12b7a9fcd0c7922cc45f092613?s=96&d=mm&r=g\",\"contentUrl\":\"https:\\\/\\\/secure.gravatar.com\\\/avatar\\\/358546e9ab7afafbb35961f747089b93cb88ca12b7a9fcd0c7922cc45f092613?s=96&d=mm&r=g\",\"caption\":\"pascal iakovou\"},\"sameAs\":[\"http:\\\/\\\/www.luxsure.Fr\"],\"url\":\"https:\\\/\\\/www.luxsure.fr\\\/en\\\/author\\\/pascal\\\/\"}]}<\/script>\n<!-- \/ Yoast SEO plugin. -->","yoast_head_json":{"title":"Parisian terraces and rooftops are ready to welcome the sunny days! - Luxsure","robots":{"index":"index","follow":"follow","max-snippet":"max-snippet:-1","max-image-preview":"max-image-preview:large","max-video-preview":"max-video-preview:-1"},"canonical":"https:\/\/www.luxsure.fr\/en\/2022\/04\/29\/parisian-terraces-and-rooftops-are-ready-to-welcome-the-sunny-days\/","twitter_misc":{"Written by":"pascal iakovou","Est. reading time":"9 minutes"},"schema":{"@context":"https:\/\/schema.org","@graph":[{"@type":"Article","@id":"https:\/\/www.luxsure.fr\/en\/2022\/04\/29\/parisian-terraces-and-rooftops-are-ready-to-welcome-the-sunny-days\/#article","isPartOf":{"@id":"https:\/\/www.luxsure.fr\/en\/2022\/04\/29\/parisian-terraces-and-rooftops-are-ready-to-welcome-the-sunny-days\/"},"author":{"name":"pascal iakovou","@id":"https:\/\/www.luxsure.fr\/#\/schema\/person\/e3e28d08083f4cbc258957c924e39423"},"headline":"Parisian terraces and rooftops are ready to welcome the sunny days!","datePublished":"2022-04-29T11:04:00+00:00","dateModified":"2026-04-27T04:47:10+00:00","mainEntityOfPage":{"@id":"https:\/\/www.luxsure.fr\/en\/2022\/04\/29\/parisian-terraces-and-rooftops-are-ready-to-welcome-the-sunny-days\/"},"wordCount":1723,"publisher":{"@id":"https:\/\/www.luxsure.fr\/#organization"},"image":{"@id":"https:\/\/www.luxsure.fr\/en\/2022\/04\/29\/parisian-terraces-and-rooftops-are-ready-to-welcome-the-sunny-days\/#primaryimage"},"thumbnailUrl":"https:\/\/www.luxsure.fr\/wp-content\/uploads\/2022\/04\/image007-2.jpg","keywords":["Parisian rooftops"],"articleSection":["Food and Wine","Gastronomy","Wines and Spirits"],"inLanguage":"en-US"},{"@type":"WebPage","@id":"https:\/\/www.luxsure.fr\/en\/2022\/04\/29\/parisian-terraces-and-rooftops-are-ready-to-welcome-the-sunny-days\/","url":"https:\/\/www.luxsure.fr\/en\/2022\/04\/29\/parisian-terraces-and-rooftops-are-ready-to-welcome-the-sunny-days\/","name":"Parisian terraces and rooftops are ready to welcome the sunny days! - Luxsure","isPartOf":{"@id":"https:\/\/www.luxsure.fr\/#website"},"primaryImageOfPage":{"@id":"https:\/\/www.luxsure.fr\/en\/2022\/04\/29\/parisian-terraces-and-rooftops-are-ready-to-welcome-the-sunny-days\/#primaryimage"},"image":{"@id":"https:\/\/www.luxsure.fr\/en\/2022\/04\/29\/parisian-terraces-and-rooftops-are-ready-to-welcome-the-sunny-days\/#primaryimage"},"thumbnailUrl":"https:\/\/www.luxsure.fr\/wp-content\/uploads\/2022\/04\/image007-2.jpg","datePublished":"2022-04-29T11:04:00+00:00","dateModified":"2026-04-27T04:47:10+00:00","breadcrumb":{"@id":"https:\/\/www.luxsure.fr\/en\/2022\/04\/29\/parisian-terraces-and-rooftops-are-ready-to-welcome-the-sunny-days\/#breadcrumb"},"inLanguage":"en-US","potentialAction":[{"@type":"ReadAction","target":["https:\/\/www.luxsure.fr\/en\/2022\/04\/29\/parisian-terraces-and-rooftops-are-ready-to-welcome-the-sunny-days\/"]}]},{"@type":"ImageObject","inLanguage":"en-US","@id":"https:\/\/www.luxsure.fr\/en\/2022\/04\/29\/parisian-terraces-and-rooftops-are-ready-to-welcome-the-sunny-days\/#primaryimage","url":"https:\/\/www.luxsure.fr\/wp-content\/uploads\/2022\/04\/image007-2.jpg","contentUrl":"https:\/\/www.luxsure.fr\/wp-content\/uploads\/2022\/04\/image007-2.jpg","width":394,"height":589},{"@type":"BreadcrumbList","@id":"https:\/\/www.luxsure.fr\/en\/2022\/04\/29\/parisian-terraces-and-rooftops-are-ready-to-welcome-the-sunny-days\/#breadcrumb","itemListElement":[{"@type":"ListItem","position":1,"name":"Accueil","item":"https:\/\/www.luxsure.fr\/"},{"@type":"ListItem","position":2,"name":"Parisian terraces and rooftops are ready to welcome the sunny days!"}]},{"@type":"WebSite","@id":"https:\/\/www.luxsure.fr\/#website","url":"https:\/\/www.luxsure.fr\/","name":"Luxsure","description":"UNE CERTAINE VISION DU LUXE","publisher":{"@id":"https:\/\/www.luxsure.fr\/#organization"},"potentialAction":[{"@type":"SearchAction","target":{"@type":"EntryPoint","urlTemplate":"https:\/\/www.luxsure.fr\/?s={search_term_string}"},"query-input":{"@type":"PropertyValueSpecification","valueRequired":true,"valueName":"search_term_string"}}],"inLanguage":"en-US"},{"@type":"Organization","@id":"https:\/\/www.luxsure.fr\/#organization","name":"Luxsure","url":"https:\/\/www.luxsure.fr\/","logo":{"@type":"ImageObject","inLanguage":"en-US","@id":"https:\/\/www.luxsure.fr\/#\/schema\/logo\/image\/","url":"https:\/\/i0.wp.com\/www.luxsure.fr\/wp-content\/uploads\/2015\/10\/Capture-d\u2019\u00e9cran-2015-08-19-\u00e0-10.51.48.png?fit=551%2C400&ssl=1","contentUrl":"https:\/\/i0.wp.com\/www.luxsure.fr\/wp-content\/uploads\/2015\/10\/Capture-d\u2019\u00e9cran-2015-08-19-\u00e0-10.51.48.png?fit=551%2C400&ssl=1","width":551,"height":400,"caption":"Luxsure"},"image":{"@id":"https:\/\/www.luxsure.fr\/#\/schema\/logo\/image\/"}},{"@type":"Person","@id":"https:\/\/www.luxsure.fr\/#\/schema\/person\/e3e28d08083f4cbc258957c924e39423","name":"pascal iakovou","image":{"@type":"ImageObject","inLanguage":"en-US","@id":"https:\/\/secure.gravatar.com\/avatar\/358546e9ab7afafbb35961f747089b93cb88ca12b7a9fcd0c7922cc45f092613?s=96&d=mm&r=g","url":"https:\/\/secure.gravatar.com\/avatar\/358546e9ab7afafbb35961f747089b93cb88ca12b7a9fcd0c7922cc45f092613?s=96&d=mm&r=g","contentUrl":"https:\/\/secure.gravatar.com\/avatar\/358546e9ab7afafbb35961f747089b93cb88ca12b7a9fcd0c7922cc45f092613?s=96&d=mm&r=g","caption":"pascal iakovou"},"sameAs":["http:\/\/www.luxsure.Fr"],"url":"https:\/\/www.luxsure.fr\/en\/author\/pascal\/"}]}},"_links":{"self":[{"href":"https:\/\/www.luxsure.fr\/en\/wp-json\/wp\/v2\/posts\/2031929","targetHints":{"allow":["GET"]}}],"collection":[{"href":"https:\/\/www.luxsure.fr\/en\/wp-json\/wp\/v2\/posts"}],"about":[{"href":"https:\/\/www.luxsure.fr\/en\/wp-json\/wp\/v2\/types\/post"}],"author":[{"embeddable":true,"href":"https:\/\/www.luxsure.fr\/en\/wp-json\/wp\/v2\/users\/2"}],"replies":[{"embeddable":true,"href":"https:\/\/www.luxsure.fr\/en\/wp-json\/wp\/v2\/comments?post=2031929"}],"version-history":[{"count":0,"href":"https:\/\/www.luxsure.fr\/en\/wp-json\/wp\/v2\/posts\/2031929\/revisions"}],"wp:featuredmedia":[{"embeddable":true,"href":"https:\/\/www.luxsure.fr\/en\/wp-json\/wp\/v2\/media\/1731603"}],"wp:attachment":[{"href":"https:\/\/www.luxsure.fr\/en\/wp-json\/wp\/v2\/media?parent=2031929"}],"wp:term":[{"taxonomy":"category","embeddable":true,"href":"https:\/\/www.luxsure.fr\/en\/wp-json\/wp\/v2\/categories?post=2031929"},{"taxonomy":"post_tag","embeddable":true,"href":"https:\/\/www.luxsure.fr\/en\/wp-json\/wp\/v2\/tags?post=2031929"}],"curies":[{"name":"wp","href":"https:\/\/api.w.org\/{rel}","templated":true}]}}