{"id":2031926,"date":"2022-04-06T11:05:00","date_gmt":"2022-04-06T09:05:00","guid":{"rendered":"https:\/\/www.luxsure.fr\/2022\/04\/06\/figuiere-celebrates-its-thirtieth-anniversary-and-dresses-its-iconic-premiere-range-in-the-colors-of-this-celebration\/"},"modified":"2026-04-27T06:47:01","modified_gmt":"2026-04-27T04:47:01","slug":"figuiere-celebrates-its-thirtieth-anniversary-and-dresses-its-iconic-premiere-range-in-the-colors-of-this-celebration","status":"publish","type":"post","link":"https:\/\/www.luxsure.fr\/en\/2022\/04\/06\/figuiere-celebrates-its-thirtieth-anniversary-and-dresses-its-iconic-premiere-range-in-the-colors-of-this-celebration\/","title":{"rendered":"Figui\u00e8re celebrates its thirtieth anniversary and dresses its iconic Premi\u00e8re range in the colors of this celebration"},"content":{"rendered":"<p>FIGUI\u00c8RE IS CELEBRATING ITS THIRTIETH ANNIVERSARY THIS YEAR, AND IS DRESSING UP ITS ICONIC PREMI\u00c8RE RANGE IN THE COLORS OF THIS CELEBRATION!<\/p>\n<p><strong>The Combard family, owners of Figui\u00e8re in the C\u00f4tes-de-Provence region, are celebrating their thirtieth anniversary at the helm of the estate with the creation of a limited edition of their iconic cuv\u00e9e: Premi\u00e8re.<\/strong><\/p>\n<p><img decoding=\"async\" class=\"alignnone size-large wp-image-436965 lazyload\" data-src=\"https:\/\/www.luxsure.fr\/wp-content\/uploads\/2022\/03\/Premiere-Rose-30ans-2021-683x1024.jpg\" alt=\"\" width=\"683\" height=\"1024\" data-srcset=\"https:\/\/www.luxsure.fr\/wp-content\/uploads\/2022\/03\/Premiere-Rose-30ans-2021-683x1024.jpg 683w, https:\/\/www.luxsure.fr\/wp-content\/uploads\/2022\/03\/Premiere-Rose-30ans-2021-200x300.jpg 200w, https:\/\/www.luxsure.fr\/wp-content\/uploads\/2022\/03\/Premiere-Rose-30ans-2021-768x1152.jpg 768w, https:\/\/www.luxsure.fr\/wp-content\/uploads\/2022\/03\/Premiere-Rose-30ans-2021-600x900.jpg 600w, https:\/\/www.luxsure.fr\/wp-content\/uploads\/2022\/03\/Premiere-Rose-30ans-2021-1024x1536.jpg 1024w, https:\/\/www.luxsure.fr\/wp-content\/uploads\/2022\/03\/Premiere-Rose-30ans-2021-1365x2048.jpg 1365w, https:\/\/www.luxsure.fr\/wp-content\/uploads\/2022\/03\/Premiere-Rose-30ans-2021-1920x2880.jpg 1920w, https:\/\/www.luxsure.fr\/wp-content\/uploads\/2022\/03\/Premiere-Rose-30ans-2021-1170x1755.jpg 1170w, https:\/\/www.luxsure.fr\/wp-content\/uploads\/2022\/03\/Premiere-Rose-30ans-2021-585x878.jpg 585w, https:\/\/www.luxsure.fr\/wp-content\/uploads\/2022\/03\/Premiere-Rose-30ans-2021-scaled.jpg 1707w\" data-sizes=\"(max-width: 683px) 100vw, 683px\" src=\"data:image\/svg+xml;base64,PHN2ZyB3aWR0aD0iMSIgaGVpZ2h0PSIxIiB4bWxucz0iaHR0cDovL3d3dy53My5vcmcvMjAwMC9zdmciPjwvc3ZnPg==\" style=\"--smush-placeholder-width: 683px; --smush-placeholder-aspect-ratio: 683\/1024;\" \/><\/p>\n<p>To celebrate its thirtieth anniversary at the helm of Figui\u00e8re, the Combard family has once again turned to what moves it: Art, and created an edition reserved exclusively for its Premi\u00e8re range in the 2021 vintage. The estate&#8217;s iconic cuv\u00e9e naturally assumes this representative role. Created by young Marseilles artist Sophia Lemon, the festive, light-hearted label is made up of sketches with distinctive pencil strokes. It features a host of winks recounting the family&#8217;s history, marked by a loved and respected nature. Naturally inspired, Figui\u00e8re is a place of creation, imagination and composition. Premi\u00e8re 2021 embodies this vinous and artistic signature, the surprising expression of a well-deserved celebration.     <\/p>\n<p>RETAIL PRICE EX-CELLAR \u20ac15.90<\/p>\n<p>Available in the finest restaurants, brasseries, independent wine merchants and e-boutiques.<\/p>\n","protected":false},"excerpt":{"rendered":"<p>FIGUI\u00c8RE IS CELEBRATING ITS THIRTIETH ANNIVERSARY THIS YEAR, AND IS DRESSING UP ITS ICONIC PREMI\u00c8RE RANGE IN THE COLORS OF THIS CELEBRATION! The Combard family, owners of Figui\u00e8re in the&hellip;<\/p>\n","protected":false},"author":2,"featured_media":1727051,"comment_status":"closed","ping_status":"closed","sticky":false,"template":"","format":"standard","meta":{"_lmt_disableupdate":"","_lmt_disable":"","footnotes":""},"categories":[30494,30409,30493],"tags":[68397],"class_list":["post-2031926","post","type-post","status-publish","format-standard","has-post-thumbnail","hentry","category-food-and-wine-en","category-gastronomy","category-wines-and-spirits","tag-figuiere"],"yoast_head":"<!-- This site is optimized with the Yoast SEO plugin v27.5 - https:\/\/yoast.com\/product\/yoast-seo-wordpress\/ -->\n<title>Figui\u00e8re celebrates its thirtieth anniversary and dresses its iconic Premi\u00e8re range in the colors of this celebration - Luxsure<\/title>\n<meta name=\"robots\" content=\"index, follow, max-snippet:-1, max-image-preview:large, max-video-preview:-1\" \/>\n<link rel=\"canonical\" href=\"https:\/\/www.luxsure.fr\/en\/2022\/04\/06\/figuiere-celebrates-its-thirtieth-anniversary-and-dresses-its-iconic-premiere-range-in-the-colors-of-this-celebration\/\" \/>\n<meta name=\"twitter:label1\" content=\"Written by\" \/>\n\t<meta name=\"twitter:data1\" content=\"pascal iakovou\" \/>\n\t<meta name=\"twitter:label2\" content=\"Est. reading time\" \/>\n\t<meta name=\"twitter:data2\" content=\"1 minute\" \/>\n<script type=\"application\/ld+json\" class=\"yoast-schema-graph\">{\"@context\":\"https:\\\/\\\/schema.org\",\"@graph\":[{\"@type\":\"Article\",\"@id\":\"https:\\\/\\\/www.luxsure.fr\\\/en\\\/2022\\\/04\\\/06\\\/figuiere-celebrates-its-thirtieth-anniversary-and-dresses-its-iconic-premiere-range-in-the-colors-of-this-celebration\\\/#article\",\"isPartOf\":{\"@id\":\"https:\\\/\\\/www.luxsure.fr\\\/en\\\/2022\\\/04\\\/06\\\/figuiere-celebrates-its-thirtieth-anniversary-and-dresses-its-iconic-premiere-range-in-the-colors-of-this-celebration\\\/\"},\"author\":{\"name\":\"pascal iakovou\",\"@id\":\"https:\\\/\\\/www.luxsure.fr\\\/#\\\/schema\\\/person\\\/e3e28d08083f4cbc258957c924e39423\"},\"headline\":\"Figui\u00e8re celebrates its thirtieth anniversary and dresses its iconic Premi\u00e8re range in the colors of this celebration\",\"datePublished\":\"2022-04-06T09:05:00+00:00\",\"dateModified\":\"2026-04-27T04:47:01+00:00\",\"mainEntityOfPage\":{\"@id\":\"https:\\\/\\\/www.luxsure.fr\\\/en\\\/2022\\\/04\\\/06\\\/figuiere-celebrates-its-thirtieth-anniversary-and-dresses-its-iconic-premiere-range-in-the-colors-of-this-celebration\\\/\"},\"wordCount\":207,\"publisher\":{\"@id\":\"https:\\\/\\\/www.luxsure.fr\\\/#organization\"},\"image\":{\"@id\":\"https:\\\/\\\/www.luxsure.fr\\\/en\\\/2022\\\/04\\\/06\\\/figuiere-celebrates-its-thirtieth-anniversary-and-dresses-its-iconic-premiere-range-in-the-colors-of-this-celebration\\\/#primaryimage\"},\"thumbnailUrl\":\"https:\\\/\\\/www.luxsure.fr\\\/wp-content\\\/uploads\\\/2022\\\/03\\\/Premiere-Rose-30ans-2021-scaled.jpg\",\"keywords\":[\"Figui\u00e8re\"],\"articleSection\":[\"Food and Wine\",\"Gastronomy\",\"Wines and Spirits\"],\"inLanguage\":\"en-US\"},{\"@type\":\"WebPage\",\"@id\":\"https:\\\/\\\/www.luxsure.fr\\\/en\\\/2022\\\/04\\\/06\\\/figuiere-celebrates-its-thirtieth-anniversary-and-dresses-its-iconic-premiere-range-in-the-colors-of-this-celebration\\\/\",\"url\":\"https:\\\/\\\/www.luxsure.fr\\\/en\\\/2022\\\/04\\\/06\\\/figuiere-celebrates-its-thirtieth-anniversary-and-dresses-its-iconic-premiere-range-in-the-colors-of-this-celebration\\\/\",\"name\":\"Figui\u00e8re celebrates its thirtieth anniversary and dresses its iconic Premi\u00e8re range in the colors of this celebration - Luxsure\",\"isPartOf\":{\"@id\":\"https:\\\/\\\/www.luxsure.fr\\\/#website\"},\"primaryImageOfPage\":{\"@id\":\"https:\\\/\\\/www.luxsure.fr\\\/en\\\/2022\\\/04\\\/06\\\/figuiere-celebrates-its-thirtieth-anniversary-and-dresses-its-iconic-premiere-range-in-the-colors-of-this-celebration\\\/#primaryimage\"},\"image\":{\"@id\":\"https:\\\/\\\/www.luxsure.fr\\\/en\\\/2022\\\/04\\\/06\\\/figuiere-celebrates-its-thirtieth-anniversary-and-dresses-its-iconic-premiere-range-in-the-colors-of-this-celebration\\\/#primaryimage\"},\"thumbnailUrl\":\"https:\\\/\\\/www.luxsure.fr\\\/wp-content\\\/uploads\\\/2022\\\/03\\\/Premiere-Rose-30ans-2021-scaled.jpg\",\"datePublished\":\"2022-04-06T09:05:00+00:00\",\"dateModified\":\"2026-04-27T04:47:01+00:00\",\"breadcrumb\":{\"@id\":\"https:\\\/\\\/www.luxsure.fr\\\/en\\\/2022\\\/04\\\/06\\\/figuiere-celebrates-its-thirtieth-anniversary-and-dresses-its-iconic-premiere-range-in-the-colors-of-this-celebration\\\/#breadcrumb\"},\"inLanguage\":\"en-US\",\"potentialAction\":[{\"@type\":\"ReadAction\",\"target\":[\"https:\\\/\\\/www.luxsure.fr\\\/en\\\/2022\\\/04\\\/06\\\/figuiere-celebrates-its-thirtieth-anniversary-and-dresses-its-iconic-premiere-range-in-the-colors-of-this-celebration\\\/\"]}]},{\"@type\":\"ImageObject\",\"inLanguage\":\"en-US\",\"@id\":\"https:\\\/\\\/www.luxsure.fr\\\/en\\\/2022\\\/04\\\/06\\\/figuiere-celebrates-its-thirtieth-anniversary-and-dresses-its-iconic-premiere-range-in-the-colors-of-this-celebration\\\/#primaryimage\",\"url\":\"https:\\\/\\\/www.luxsure.fr\\\/wp-content\\\/uploads\\\/2022\\\/03\\\/Premiere-Rose-30ans-2021-scaled.jpg\",\"contentUrl\":\"https:\\\/\\\/www.luxsure.fr\\\/wp-content\\\/uploads\\\/2022\\\/03\\\/Premiere-Rose-30ans-2021-scaled.jpg\",\"width\":1707,\"height\":2560},{\"@type\":\"BreadcrumbList\",\"@id\":\"https:\\\/\\\/www.luxsure.fr\\\/en\\\/2022\\\/04\\\/06\\\/figuiere-celebrates-its-thirtieth-anniversary-and-dresses-its-iconic-premiere-range-in-the-colors-of-this-celebration\\\/#breadcrumb\",\"itemListElement\":[{\"@type\":\"ListItem\",\"position\":1,\"name\":\"Accueil\",\"item\":\"https:\\\/\\\/www.luxsure.fr\\\/\"},{\"@type\":\"ListItem\",\"position\":2,\"name\":\"Figui\u00e8re celebrates its thirtieth anniversary and dresses its iconic Premi\u00e8re range in the colors of this celebration\"}]},{\"@type\":\"WebSite\",\"@id\":\"https:\\\/\\\/www.luxsure.fr\\\/#website\",\"url\":\"https:\\\/\\\/www.luxsure.fr\\\/\",\"name\":\"Luxsure\",\"description\":\"UNE CERTAINE VISION DU LUXE\",\"publisher\":{\"@id\":\"https:\\\/\\\/www.luxsure.fr\\\/#organization\"},\"potentialAction\":[{\"@type\":\"SearchAction\",\"target\":{\"@type\":\"EntryPoint\",\"urlTemplate\":\"https:\\\/\\\/www.luxsure.fr\\\/?s={search_term_string}\"},\"query-input\":{\"@type\":\"PropertyValueSpecification\",\"valueRequired\":true,\"valueName\":\"search_term_string\"}}],\"inLanguage\":\"en-US\"},{\"@type\":\"Organization\",\"@id\":\"https:\\\/\\\/www.luxsure.fr\\\/#organization\",\"name\":\"Luxsure\",\"url\":\"https:\\\/\\\/www.luxsure.fr\\\/\",\"logo\":{\"@type\":\"ImageObject\",\"inLanguage\":\"en-US\",\"@id\":\"https:\\\/\\\/www.luxsure.fr\\\/#\\\/schema\\\/logo\\\/image\\\/\",\"url\":\"https:\\\/\\\/i0.wp.com\\\/www.luxsure.fr\\\/wp-content\\\/uploads\\\/2015\\\/10\\\/Capture-d\u2019\u00e9cran-2015-08-19-\u00e0-10.51.48.png?fit=551%2C400&ssl=1\",\"contentUrl\":\"https:\\\/\\\/i0.wp.com\\\/www.luxsure.fr\\\/wp-content\\\/uploads\\\/2015\\\/10\\\/Capture-d\u2019\u00e9cran-2015-08-19-\u00e0-10.51.48.png?fit=551%2C400&ssl=1\",\"width\":551,\"height\":400,\"caption\":\"Luxsure\"},\"image\":{\"@id\":\"https:\\\/\\\/www.luxsure.fr\\\/#\\\/schema\\\/logo\\\/image\\\/\"}},{\"@type\":\"Person\",\"@id\":\"https:\\\/\\\/www.luxsure.fr\\\/#\\\/schema\\\/person\\\/e3e28d08083f4cbc258957c924e39423\",\"name\":\"pascal iakovou\",\"image\":{\"@type\":\"ImageObject\",\"inLanguage\":\"en-US\",\"@id\":\"https:\\\/\\\/secure.gravatar.com\\\/avatar\\\/358546e9ab7afafbb35961f747089b93cb88ca12b7a9fcd0c7922cc45f092613?s=96&d=mm&r=g\",\"url\":\"https:\\\/\\\/secure.gravatar.com\\\/avatar\\\/358546e9ab7afafbb35961f747089b93cb88ca12b7a9fcd0c7922cc45f092613?s=96&d=mm&r=g\",\"contentUrl\":\"https:\\\/\\\/secure.gravatar.com\\\/avatar\\\/358546e9ab7afafbb35961f747089b93cb88ca12b7a9fcd0c7922cc45f092613?s=96&d=mm&r=g\",\"caption\":\"pascal iakovou\"},\"sameAs\":[\"http:\\\/\\\/www.luxsure.Fr\"],\"url\":\"https:\\\/\\\/www.luxsure.fr\\\/en\\\/author\\\/pascal\\\/\"}]}<\/script>\n<!-- \/ Yoast SEO plugin. -->","yoast_head_json":{"title":"Figui\u00e8re celebrates its thirtieth anniversary and dresses its iconic Premi\u00e8re range in the colors of this celebration - Luxsure","robots":{"index":"index","follow":"follow","max-snippet":"max-snippet:-1","max-image-preview":"max-image-preview:large","max-video-preview":"max-video-preview:-1"},"canonical":"https:\/\/www.luxsure.fr\/en\/2022\/04\/06\/figuiere-celebrates-its-thirtieth-anniversary-and-dresses-its-iconic-premiere-range-in-the-colors-of-this-celebration\/","twitter_misc":{"Written by":"pascal iakovou","Est. reading time":"1 minute"},"schema":{"@context":"https:\/\/schema.org","@graph":[{"@type":"Article","@id":"https:\/\/www.luxsure.fr\/en\/2022\/04\/06\/figuiere-celebrates-its-thirtieth-anniversary-and-dresses-its-iconic-premiere-range-in-the-colors-of-this-celebration\/#article","isPartOf":{"@id":"https:\/\/www.luxsure.fr\/en\/2022\/04\/06\/figuiere-celebrates-its-thirtieth-anniversary-and-dresses-its-iconic-premiere-range-in-the-colors-of-this-celebration\/"},"author":{"name":"pascal iakovou","@id":"https:\/\/www.luxsure.fr\/#\/schema\/person\/e3e28d08083f4cbc258957c924e39423"},"headline":"Figui\u00e8re celebrates its thirtieth anniversary and dresses its iconic Premi\u00e8re range in the colors of this celebration","datePublished":"2022-04-06T09:05:00+00:00","dateModified":"2026-04-27T04:47:01+00:00","mainEntityOfPage":{"@id":"https:\/\/www.luxsure.fr\/en\/2022\/04\/06\/figuiere-celebrates-its-thirtieth-anniversary-and-dresses-its-iconic-premiere-range-in-the-colors-of-this-celebration\/"},"wordCount":207,"publisher":{"@id":"https:\/\/www.luxsure.fr\/#organization"},"image":{"@id":"https:\/\/www.luxsure.fr\/en\/2022\/04\/06\/figuiere-celebrates-its-thirtieth-anniversary-and-dresses-its-iconic-premiere-range-in-the-colors-of-this-celebration\/#primaryimage"},"thumbnailUrl":"https:\/\/www.luxsure.fr\/wp-content\/uploads\/2022\/03\/Premiere-Rose-30ans-2021-scaled.jpg","keywords":["Figui\u00e8re"],"articleSection":["Food and Wine","Gastronomy","Wines and Spirits"],"inLanguage":"en-US"},{"@type":"WebPage","@id":"https:\/\/www.luxsure.fr\/en\/2022\/04\/06\/figuiere-celebrates-its-thirtieth-anniversary-and-dresses-its-iconic-premiere-range-in-the-colors-of-this-celebration\/","url":"https:\/\/www.luxsure.fr\/en\/2022\/04\/06\/figuiere-celebrates-its-thirtieth-anniversary-and-dresses-its-iconic-premiere-range-in-the-colors-of-this-celebration\/","name":"Figui\u00e8re celebrates its thirtieth anniversary and dresses its iconic Premi\u00e8re range in the colors of this celebration - Luxsure","isPartOf":{"@id":"https:\/\/www.luxsure.fr\/#website"},"primaryImageOfPage":{"@id":"https:\/\/www.luxsure.fr\/en\/2022\/04\/06\/figuiere-celebrates-its-thirtieth-anniversary-and-dresses-its-iconic-premiere-range-in-the-colors-of-this-celebration\/#primaryimage"},"image":{"@id":"https:\/\/www.luxsure.fr\/en\/2022\/04\/06\/figuiere-celebrates-its-thirtieth-anniversary-and-dresses-its-iconic-premiere-range-in-the-colors-of-this-celebration\/#primaryimage"},"thumbnailUrl":"https:\/\/www.luxsure.fr\/wp-content\/uploads\/2022\/03\/Premiere-Rose-30ans-2021-scaled.jpg","datePublished":"2022-04-06T09:05:00+00:00","dateModified":"2026-04-27T04:47:01+00:00","breadcrumb":{"@id":"https:\/\/www.luxsure.fr\/en\/2022\/04\/06\/figuiere-celebrates-its-thirtieth-anniversary-and-dresses-its-iconic-premiere-range-in-the-colors-of-this-celebration\/#breadcrumb"},"inLanguage":"en-US","potentialAction":[{"@type":"ReadAction","target":["https:\/\/www.luxsure.fr\/en\/2022\/04\/06\/figuiere-celebrates-its-thirtieth-anniversary-and-dresses-its-iconic-premiere-range-in-the-colors-of-this-celebration\/"]}]},{"@type":"ImageObject","inLanguage":"en-US","@id":"https:\/\/www.luxsure.fr\/en\/2022\/04\/06\/figuiere-celebrates-its-thirtieth-anniversary-and-dresses-its-iconic-premiere-range-in-the-colors-of-this-celebration\/#primaryimage","url":"https:\/\/www.luxsure.fr\/wp-content\/uploads\/2022\/03\/Premiere-Rose-30ans-2021-scaled.jpg","contentUrl":"https:\/\/www.luxsure.fr\/wp-content\/uploads\/2022\/03\/Premiere-Rose-30ans-2021-scaled.jpg","width":1707,"height":2560},{"@type":"BreadcrumbList","@id":"https:\/\/www.luxsure.fr\/en\/2022\/04\/06\/figuiere-celebrates-its-thirtieth-anniversary-and-dresses-its-iconic-premiere-range-in-the-colors-of-this-celebration\/#breadcrumb","itemListElement":[{"@type":"ListItem","position":1,"name":"Accueil","item":"https:\/\/www.luxsure.fr\/"},{"@type":"ListItem","position":2,"name":"Figui\u00e8re celebrates its thirtieth anniversary and dresses its iconic Premi\u00e8re range in the colors of this celebration"}]},{"@type":"WebSite","@id":"https:\/\/www.luxsure.fr\/#website","url":"https:\/\/www.luxsure.fr\/","name":"Luxsure","description":"UNE CERTAINE VISION DU LUXE","publisher":{"@id":"https:\/\/www.luxsure.fr\/#organization"},"potentialAction":[{"@type":"SearchAction","target":{"@type":"EntryPoint","urlTemplate":"https:\/\/www.luxsure.fr\/?s={search_term_string}"},"query-input":{"@type":"PropertyValueSpecification","valueRequired":true,"valueName":"search_term_string"}}],"inLanguage":"en-US"},{"@type":"Organization","@id":"https:\/\/www.luxsure.fr\/#organization","name":"Luxsure","url":"https:\/\/www.luxsure.fr\/","logo":{"@type":"ImageObject","inLanguage":"en-US","@id":"https:\/\/www.luxsure.fr\/#\/schema\/logo\/image\/","url":"https:\/\/i0.wp.com\/www.luxsure.fr\/wp-content\/uploads\/2015\/10\/Capture-d\u2019\u00e9cran-2015-08-19-\u00e0-10.51.48.png?fit=551%2C400&ssl=1","contentUrl":"https:\/\/i0.wp.com\/www.luxsure.fr\/wp-content\/uploads\/2015\/10\/Capture-d\u2019\u00e9cran-2015-08-19-\u00e0-10.51.48.png?fit=551%2C400&ssl=1","width":551,"height":400,"caption":"Luxsure"},"image":{"@id":"https:\/\/www.luxsure.fr\/#\/schema\/logo\/image\/"}},{"@type":"Person","@id":"https:\/\/www.luxsure.fr\/#\/schema\/person\/e3e28d08083f4cbc258957c924e39423","name":"pascal iakovou","image":{"@type":"ImageObject","inLanguage":"en-US","@id":"https:\/\/secure.gravatar.com\/avatar\/358546e9ab7afafbb35961f747089b93cb88ca12b7a9fcd0c7922cc45f092613?s=96&d=mm&r=g","url":"https:\/\/secure.gravatar.com\/avatar\/358546e9ab7afafbb35961f747089b93cb88ca12b7a9fcd0c7922cc45f092613?s=96&d=mm&r=g","contentUrl":"https:\/\/secure.gravatar.com\/avatar\/358546e9ab7afafbb35961f747089b93cb88ca12b7a9fcd0c7922cc45f092613?s=96&d=mm&r=g","caption":"pascal iakovou"},"sameAs":["http:\/\/www.luxsure.Fr"],"url":"https:\/\/www.luxsure.fr\/en\/author\/pascal\/"}]}},"_links":{"self":[{"href":"https:\/\/www.luxsure.fr\/en\/wp-json\/wp\/v2\/posts\/2031926","targetHints":{"allow":["GET"]}}],"collection":[{"href":"https:\/\/www.luxsure.fr\/en\/wp-json\/wp\/v2\/posts"}],"about":[{"href":"https:\/\/www.luxsure.fr\/en\/wp-json\/wp\/v2\/types\/post"}],"author":[{"embeddable":true,"href":"https:\/\/www.luxsure.fr\/en\/wp-json\/wp\/v2\/users\/2"}],"replies":[{"embeddable":true,"href":"https:\/\/www.luxsure.fr\/en\/wp-json\/wp\/v2\/comments?post=2031926"}],"version-history":[{"count":0,"href":"https:\/\/www.luxsure.fr\/en\/wp-json\/wp\/v2\/posts\/2031926\/revisions"}],"wp:featuredmedia":[{"embeddable":true,"href":"https:\/\/www.luxsure.fr\/en\/wp-json\/wp\/v2\/media\/1727051"}],"wp:attachment":[{"href":"https:\/\/www.luxsure.fr\/en\/wp-json\/wp\/v2\/media?parent=2031926"}],"wp:term":[{"taxonomy":"category","embeddable":true,"href":"https:\/\/www.luxsure.fr\/en\/wp-json\/wp\/v2\/categories?post=2031926"},{"taxonomy":"post_tag","embeddable":true,"href":"https:\/\/www.luxsure.fr\/en\/wp-json\/wp\/v2\/tags?post=2031926"}],"curies":[{"name":"wp","href":"https:\/\/api.w.org\/{rel}","templated":true}]}}