{"id":2031924,"date":"2019-03-12T16:32:10","date_gmt":"2019-03-12T15:32:10","guid":{"rendered":"https:\/\/www.luxsure.fr\/2019\/03\/12\/a-fruity-first-birthday-for-patisserie-du-meurice-by-cedric-grolet\/"},"modified":"2026-04-27T06:47:01","modified_gmt":"2026-04-27T04:47:01","slug":"a-fruity-first-birthday-for-patisserie-du-meurice-by-cedric-grolet","status":"publish","type":"post","link":"https:\/\/www.luxsure.fr\/en\/2019\/03\/12\/a-fruity-first-birthday-for-patisserie-du-meurice-by-cedric-grolet\/","title":{"rendered":"A fruity first birthday for P\u00e2tisserie du Meurice by C\u00e9dric Grolet"},"content":{"rendered":"<p><a rel=\"attachment wp-att-298882\"><img class=\"alignnone size-full wp-image-298882\" title=\"picto_link_pdf-jpg\" alt=\"\" width=\"1024\" height=\"1024\"\/><\/a><\/p>\n<p>A fruity first birthday for C\u00e9dric Grolet&#8217;s P\u00e2tisserie du Meurice!<\/p>\n<p>On March 23 and 24, Le Meurice pastry chef C\u00e9dric Grolet is celebrating the 1-year anniversary of his highly acclaimed patisserie with a colorful array of sculpted fruits. It&#8217;s also an opportunity to introduce you to the 2.0 version of the fruits that have made him such a success! <\/p>\n<p><a href=\"https:\/\/www.luxsure.fr\/wp-content\/uploads\/2019\/03\/cp_anniversaire_patisserie_2019.002.png\" data-rel=\"penci-gallery-image-content\"  rel=\"attachment wp-att-298884\"><img decoding=\"async\" class=\"alignnone wp-image-298884 size-full lazyload\" title=\"cp_anniversaire_patisserie_2019-002-png\" data-src=\"https:\/\/www.luxsure.fr\/wp-content\/uploads\/2019\/03\/cp_anniversaire_patisserie_2019.002.png\" alt=\"\" width=\"602\" height=\"402\" data-srcset=\"https:\/\/www.luxsure.fr\/wp-content\/uploads\/2019\/03\/cp_anniversaire_patisserie_2019.002.png 602w, https:\/\/www.luxsure.fr\/wp-content\/uploads\/2019\/03\/cp_anniversaire_patisserie_2019.002-300x200.png 300w, https:\/\/www.luxsure.fr\/wp-content\/uploads\/2019\/03\/cp_anniversaire_patisserie_2019.002-600x401.png 600w, https:\/\/www.luxsure.fr\/wp-content\/uploads\/2019\/03\/cp_anniversaire_patisserie_2019.002-585x391.png 585w, https:\/\/www.luxsure.fr\/wp-content\/uploads\/2019\/03\/cp_anniversaire_patisserie_2019.002-263x175.png 263w\" data-sizes=\"(max-width: 602px) 100vw, 602px\" src=\"data:image\/svg+xml;base64,PHN2ZyB3aWR0aD0iMSIgaGVpZ2h0PSIxIiB4bWxucz0iaHR0cDovL3d3dy53My5vcmcvMjAwMC9zdmciPjwvc3ZnPg==\" style=\"--smush-placeholder-width: 602px; --smush-placeholder-aspect-ratio: 602\/402;\" \/><\/a><\/p>\n<p>For this first anniversary, C\u00e9dric Grolet wanted to please his customers with a menu featuring 100% carved fruit, his flagship creations! We&#8217;ll be featuring his iconic Noisette Or, as well as a number of classics and new products such as the 2.0 collection. <\/p>\n<p>2.0: New recipes, new pairings, beyond the challenge of reinventing itself, these new creations were generated by the desire to produce 100% natural desserts. In order to use only the best products, 100% of the fruit is organically grown. What&#8217;s more, the colors used are derived from dehydrated fruit and vegetables, an intense powder in both color and taste.  <\/p>\n<p>During this anniversary weekend, no less than 12 different fruits will be offered on the menu, including :<\/p>\n<p>La Noisette Or<\/p>\n<p>La Noisette 2.0<\/p>\n<p>Grapefruit<\/p>\n<p>Le Citron jaune 2.0<\/p>\n<p>Lime<\/p>\n<p>Black lemon<\/p>\n<p>Le Marron<\/p>\n<p>La Poire 2.0<\/p>\n<p>Passion fruit<\/p>\n<p>The Red Apple 2.0<\/p>\n<p>The Green Apple<\/p>\n<p>Le Litchi<\/p>\n<p>Take advantage of this exceptional weekend to experience gourmet, straightforward flavors, as close as possible to the raw product.<\/p>\n<p>To thank all the pastry lovers who have followed him over the years, C\u00e9dric Grolet decided to give away 10 of his embroidered chef&#8217;s jackets for the occasion, as a way of sharing a little more of his world and provoking the human encounters that are so dear to his heart.<\/p>\n<p>Keep an eye on the chef&#8217;s Instagram account!<\/p>\n<p>La P\u00e2tisserie du Meurice by C\u00e9dric Grolet, 6 rue de Castiglione 75001, Paris<\/p>\n<p>Tuesday to Sunday, from midday.<\/p>\n<p>Exceptionally, La P\u00e2tisserie du Meurice by C\u00e9dric Grolet will be open from 10:00 am.<\/p>\n","protected":false},"excerpt":{"rendered":"<p>A fruity first birthday for C\u00e9dric Grolet&#8217;s P\u00e2tisserie du Meurice! On March 23 and 24, Le Meurice pastry chef C\u00e9dric Grolet is celebrating the 1-year anniversary of his highly acclaimed&hellip;<\/p>\n","protected":false},"author":2,"featured_media":1286293,"comment_status":"closed","ping_status":"closed","sticky":false,"template":"","format":"standard","meta":{"_lmt_disableupdate":"","_lmt_disable":"","footnotes":""},"categories":[30494,30409],"tags":[56409],"class_list":["post-2031924","post","type-post","status-publish","format-standard","has-post-thumbnail","hentry","category-food-and-wine-en","category-gastronomy","tag-meurice"],"yoast_head":"<!-- This site is optimized with the Yoast SEO plugin v27.5 - https:\/\/yoast.com\/product\/yoast-seo-wordpress\/ -->\n<title>A fruity first birthday for P\u00e2tisserie du Meurice by C\u00e9dric Grolet - Luxsure<\/title>\n<meta name=\"robots\" content=\"index, follow, max-snippet:-1, max-image-preview:large, max-video-preview:-1\" \/>\n<link rel=\"canonical\" href=\"https:\/\/www.luxsure.fr\/en\/2019\/03\/12\/a-fruity-first-birthday-for-patisserie-du-meurice-by-cedric-grolet\/\" \/>\n<meta name=\"twitter:label1\" content=\"Written by\" \/>\n\t<meta name=\"twitter:data1\" content=\"pascal iakovou\" \/>\n\t<meta name=\"twitter:label2\" content=\"Est. reading time\" \/>\n\t<meta name=\"twitter:data2\" content=\"2 minutes\" \/>\n<script type=\"application\/ld+json\" class=\"yoast-schema-graph\">{\"@context\":\"https:\\\/\\\/schema.org\",\"@graph\":[{\"@type\":\"Article\",\"@id\":\"https:\\\/\\\/www.luxsure.fr\\\/en\\\/2019\\\/03\\\/12\\\/a-fruity-first-birthday-for-patisserie-du-meurice-by-cedric-grolet\\\/#article\",\"isPartOf\":{\"@id\":\"https:\\\/\\\/www.luxsure.fr\\\/en\\\/2019\\\/03\\\/12\\\/a-fruity-first-birthday-for-patisserie-du-meurice-by-cedric-grolet\\\/\"},\"author\":{\"name\":\"pascal iakovou\",\"@id\":\"https:\\\/\\\/www.luxsure.fr\\\/#\\\/schema\\\/person\\\/e3e28d08083f4cbc258957c924e39423\"},\"headline\":\"A fruity first birthday for P\u00e2tisserie du Meurice by C\u00e9dric Grolet\",\"datePublished\":\"2019-03-12T15:32:10+00:00\",\"dateModified\":\"2026-04-27T04:47:01+00:00\",\"mainEntityOfPage\":{\"@id\":\"https:\\\/\\\/www.luxsure.fr\\\/en\\\/2019\\\/03\\\/12\\\/a-fruity-first-birthday-for-patisserie-du-meurice-by-cedric-grolet\\\/\"},\"wordCount\":329,\"publisher\":{\"@id\":\"https:\\\/\\\/www.luxsure.fr\\\/#organization\"},\"image\":{\"@id\":\"https:\\\/\\\/www.luxsure.fr\\\/en\\\/2019\\\/03\\\/12\\\/a-fruity-first-birthday-for-patisserie-du-meurice-by-cedric-grolet\\\/#primaryimage\"},\"thumbnailUrl\":\"https:\\\/\\\/www.luxsure.fr\\\/wp-content\\\/uploads\\\/2019\\\/03\\\/cp_anniversaire_patisserie_2019.002.png\",\"keywords\":[\"Meurice\"],\"articleSection\":[\"Food and Wine\",\"Gastronomy\"],\"inLanguage\":\"en-US\"},{\"@type\":\"WebPage\",\"@id\":\"https:\\\/\\\/www.luxsure.fr\\\/en\\\/2019\\\/03\\\/12\\\/a-fruity-first-birthday-for-patisserie-du-meurice-by-cedric-grolet\\\/\",\"url\":\"https:\\\/\\\/www.luxsure.fr\\\/en\\\/2019\\\/03\\\/12\\\/a-fruity-first-birthday-for-patisserie-du-meurice-by-cedric-grolet\\\/\",\"name\":\"A fruity first birthday for P\u00e2tisserie du Meurice by C\u00e9dric Grolet - Luxsure\",\"isPartOf\":{\"@id\":\"https:\\\/\\\/www.luxsure.fr\\\/#website\"},\"primaryImageOfPage\":{\"@id\":\"https:\\\/\\\/www.luxsure.fr\\\/en\\\/2019\\\/03\\\/12\\\/a-fruity-first-birthday-for-patisserie-du-meurice-by-cedric-grolet\\\/#primaryimage\"},\"image\":{\"@id\":\"https:\\\/\\\/www.luxsure.fr\\\/en\\\/2019\\\/03\\\/12\\\/a-fruity-first-birthday-for-patisserie-du-meurice-by-cedric-grolet\\\/#primaryimage\"},\"thumbnailUrl\":\"https:\\\/\\\/www.luxsure.fr\\\/wp-content\\\/uploads\\\/2019\\\/03\\\/cp_anniversaire_patisserie_2019.002.png\",\"datePublished\":\"2019-03-12T15:32:10+00:00\",\"dateModified\":\"2026-04-27T04:47:01+00:00\",\"breadcrumb\":{\"@id\":\"https:\\\/\\\/www.luxsure.fr\\\/en\\\/2019\\\/03\\\/12\\\/a-fruity-first-birthday-for-patisserie-du-meurice-by-cedric-grolet\\\/#breadcrumb\"},\"inLanguage\":\"en-US\",\"potentialAction\":[{\"@type\":\"ReadAction\",\"target\":[\"https:\\\/\\\/www.luxsure.fr\\\/en\\\/2019\\\/03\\\/12\\\/a-fruity-first-birthday-for-patisserie-du-meurice-by-cedric-grolet\\\/\"]}]},{\"@type\":\"ImageObject\",\"inLanguage\":\"en-US\",\"@id\":\"https:\\\/\\\/www.luxsure.fr\\\/en\\\/2019\\\/03\\\/12\\\/a-fruity-first-birthday-for-patisserie-du-meurice-by-cedric-grolet\\\/#primaryimage\",\"url\":\"https:\\\/\\\/www.luxsure.fr\\\/wp-content\\\/uploads\\\/2019\\\/03\\\/cp_anniversaire_patisserie_2019.002.png\",\"contentUrl\":\"https:\\\/\\\/www.luxsure.fr\\\/wp-content\\\/uploads\\\/2019\\\/03\\\/cp_anniversaire_patisserie_2019.002.png\",\"width\":602,\"height\":402},{\"@type\":\"BreadcrumbList\",\"@id\":\"https:\\\/\\\/www.luxsure.fr\\\/en\\\/2019\\\/03\\\/12\\\/a-fruity-first-birthday-for-patisserie-du-meurice-by-cedric-grolet\\\/#breadcrumb\",\"itemListElement\":[{\"@type\":\"ListItem\",\"position\":1,\"name\":\"Accueil\",\"item\":\"https:\\\/\\\/www.luxsure.fr\\\/\"},{\"@type\":\"ListItem\",\"position\":2,\"name\":\"A fruity first birthday for P\u00e2tisserie du Meurice by C\u00e9dric Grolet\"}]},{\"@type\":\"WebSite\",\"@id\":\"https:\\\/\\\/www.luxsure.fr\\\/#website\",\"url\":\"https:\\\/\\\/www.luxsure.fr\\\/\",\"name\":\"Luxsure\",\"description\":\"UNE CERTAINE VISION DU LUXE\",\"publisher\":{\"@id\":\"https:\\\/\\\/www.luxsure.fr\\\/#organization\"},\"potentialAction\":[{\"@type\":\"SearchAction\",\"target\":{\"@type\":\"EntryPoint\",\"urlTemplate\":\"https:\\\/\\\/www.luxsure.fr\\\/?s={search_term_string}\"},\"query-input\":{\"@type\":\"PropertyValueSpecification\",\"valueRequired\":true,\"valueName\":\"search_term_string\"}}],\"inLanguage\":\"en-US\"},{\"@type\":\"Organization\",\"@id\":\"https:\\\/\\\/www.luxsure.fr\\\/#organization\",\"name\":\"Luxsure\",\"url\":\"https:\\\/\\\/www.luxsure.fr\\\/\",\"logo\":{\"@type\":\"ImageObject\",\"inLanguage\":\"en-US\",\"@id\":\"https:\\\/\\\/www.luxsure.fr\\\/#\\\/schema\\\/logo\\\/image\\\/\",\"url\":\"https:\\\/\\\/i0.wp.com\\\/www.luxsure.fr\\\/wp-content\\\/uploads\\\/2015\\\/10\\\/Capture-d\u2019\u00e9cran-2015-08-19-\u00e0-10.51.48.png?fit=551%2C400&ssl=1\",\"contentUrl\":\"https:\\\/\\\/i0.wp.com\\\/www.luxsure.fr\\\/wp-content\\\/uploads\\\/2015\\\/10\\\/Capture-d\u2019\u00e9cran-2015-08-19-\u00e0-10.51.48.png?fit=551%2C400&ssl=1\",\"width\":551,\"height\":400,\"caption\":\"Luxsure\"},\"image\":{\"@id\":\"https:\\\/\\\/www.luxsure.fr\\\/#\\\/schema\\\/logo\\\/image\\\/\"}},{\"@type\":\"Person\",\"@id\":\"https:\\\/\\\/www.luxsure.fr\\\/#\\\/schema\\\/person\\\/e3e28d08083f4cbc258957c924e39423\",\"name\":\"pascal iakovou\",\"image\":{\"@type\":\"ImageObject\",\"inLanguage\":\"en-US\",\"@id\":\"https:\\\/\\\/secure.gravatar.com\\\/avatar\\\/358546e9ab7afafbb35961f747089b93cb88ca12b7a9fcd0c7922cc45f092613?s=96&d=mm&r=g\",\"url\":\"https:\\\/\\\/secure.gravatar.com\\\/avatar\\\/358546e9ab7afafbb35961f747089b93cb88ca12b7a9fcd0c7922cc45f092613?s=96&d=mm&r=g\",\"contentUrl\":\"https:\\\/\\\/secure.gravatar.com\\\/avatar\\\/358546e9ab7afafbb35961f747089b93cb88ca12b7a9fcd0c7922cc45f092613?s=96&d=mm&r=g\",\"caption\":\"pascal iakovou\"},\"sameAs\":[\"http:\\\/\\\/www.luxsure.Fr\"],\"url\":\"https:\\\/\\\/www.luxsure.fr\\\/en\\\/author\\\/pascal\\\/\"}]}<\/script>\n<!-- \/ Yoast SEO plugin. -->","yoast_head_json":{"title":"A fruity first birthday for P\u00e2tisserie du Meurice by C\u00e9dric Grolet - Luxsure","robots":{"index":"index","follow":"follow","max-snippet":"max-snippet:-1","max-image-preview":"max-image-preview:large","max-video-preview":"max-video-preview:-1"},"canonical":"https:\/\/www.luxsure.fr\/en\/2019\/03\/12\/a-fruity-first-birthday-for-patisserie-du-meurice-by-cedric-grolet\/","twitter_misc":{"Written by":"pascal iakovou","Est. reading time":"2 minutes"},"schema":{"@context":"https:\/\/schema.org","@graph":[{"@type":"Article","@id":"https:\/\/www.luxsure.fr\/en\/2019\/03\/12\/a-fruity-first-birthday-for-patisserie-du-meurice-by-cedric-grolet\/#article","isPartOf":{"@id":"https:\/\/www.luxsure.fr\/en\/2019\/03\/12\/a-fruity-first-birthday-for-patisserie-du-meurice-by-cedric-grolet\/"},"author":{"name":"pascal iakovou","@id":"https:\/\/www.luxsure.fr\/#\/schema\/person\/e3e28d08083f4cbc258957c924e39423"},"headline":"A fruity first birthday for P\u00e2tisserie du Meurice by C\u00e9dric Grolet","datePublished":"2019-03-12T15:32:10+00:00","dateModified":"2026-04-27T04:47:01+00:00","mainEntityOfPage":{"@id":"https:\/\/www.luxsure.fr\/en\/2019\/03\/12\/a-fruity-first-birthday-for-patisserie-du-meurice-by-cedric-grolet\/"},"wordCount":329,"publisher":{"@id":"https:\/\/www.luxsure.fr\/#organization"},"image":{"@id":"https:\/\/www.luxsure.fr\/en\/2019\/03\/12\/a-fruity-first-birthday-for-patisserie-du-meurice-by-cedric-grolet\/#primaryimage"},"thumbnailUrl":"https:\/\/www.luxsure.fr\/wp-content\/uploads\/2019\/03\/cp_anniversaire_patisserie_2019.002.png","keywords":["Meurice"],"articleSection":["Food and Wine","Gastronomy"],"inLanguage":"en-US"},{"@type":"WebPage","@id":"https:\/\/www.luxsure.fr\/en\/2019\/03\/12\/a-fruity-first-birthday-for-patisserie-du-meurice-by-cedric-grolet\/","url":"https:\/\/www.luxsure.fr\/en\/2019\/03\/12\/a-fruity-first-birthday-for-patisserie-du-meurice-by-cedric-grolet\/","name":"A fruity first birthday for P\u00e2tisserie du Meurice by C\u00e9dric Grolet - Luxsure","isPartOf":{"@id":"https:\/\/www.luxsure.fr\/#website"},"primaryImageOfPage":{"@id":"https:\/\/www.luxsure.fr\/en\/2019\/03\/12\/a-fruity-first-birthday-for-patisserie-du-meurice-by-cedric-grolet\/#primaryimage"},"image":{"@id":"https:\/\/www.luxsure.fr\/en\/2019\/03\/12\/a-fruity-first-birthday-for-patisserie-du-meurice-by-cedric-grolet\/#primaryimage"},"thumbnailUrl":"https:\/\/www.luxsure.fr\/wp-content\/uploads\/2019\/03\/cp_anniversaire_patisserie_2019.002.png","datePublished":"2019-03-12T15:32:10+00:00","dateModified":"2026-04-27T04:47:01+00:00","breadcrumb":{"@id":"https:\/\/www.luxsure.fr\/en\/2019\/03\/12\/a-fruity-first-birthday-for-patisserie-du-meurice-by-cedric-grolet\/#breadcrumb"},"inLanguage":"en-US","potentialAction":[{"@type":"ReadAction","target":["https:\/\/www.luxsure.fr\/en\/2019\/03\/12\/a-fruity-first-birthday-for-patisserie-du-meurice-by-cedric-grolet\/"]}]},{"@type":"ImageObject","inLanguage":"en-US","@id":"https:\/\/www.luxsure.fr\/en\/2019\/03\/12\/a-fruity-first-birthday-for-patisserie-du-meurice-by-cedric-grolet\/#primaryimage","url":"https:\/\/www.luxsure.fr\/wp-content\/uploads\/2019\/03\/cp_anniversaire_patisserie_2019.002.png","contentUrl":"https:\/\/www.luxsure.fr\/wp-content\/uploads\/2019\/03\/cp_anniversaire_patisserie_2019.002.png","width":602,"height":402},{"@type":"BreadcrumbList","@id":"https:\/\/www.luxsure.fr\/en\/2019\/03\/12\/a-fruity-first-birthday-for-patisserie-du-meurice-by-cedric-grolet\/#breadcrumb","itemListElement":[{"@type":"ListItem","position":1,"name":"Accueil","item":"https:\/\/www.luxsure.fr\/"},{"@type":"ListItem","position":2,"name":"A fruity first birthday for P\u00e2tisserie du Meurice by C\u00e9dric Grolet"}]},{"@type":"WebSite","@id":"https:\/\/www.luxsure.fr\/#website","url":"https:\/\/www.luxsure.fr\/","name":"Luxsure","description":"UNE CERTAINE VISION DU LUXE","publisher":{"@id":"https:\/\/www.luxsure.fr\/#organization"},"potentialAction":[{"@type":"SearchAction","target":{"@type":"EntryPoint","urlTemplate":"https:\/\/www.luxsure.fr\/?s={search_term_string}"},"query-input":{"@type":"PropertyValueSpecification","valueRequired":true,"valueName":"search_term_string"}}],"inLanguage":"en-US"},{"@type":"Organization","@id":"https:\/\/www.luxsure.fr\/#organization","name":"Luxsure","url":"https:\/\/www.luxsure.fr\/","logo":{"@type":"ImageObject","inLanguage":"en-US","@id":"https:\/\/www.luxsure.fr\/#\/schema\/logo\/image\/","url":"https:\/\/i0.wp.com\/www.luxsure.fr\/wp-content\/uploads\/2015\/10\/Capture-d\u2019\u00e9cran-2015-08-19-\u00e0-10.51.48.png?fit=551%2C400&ssl=1","contentUrl":"https:\/\/i0.wp.com\/www.luxsure.fr\/wp-content\/uploads\/2015\/10\/Capture-d\u2019\u00e9cran-2015-08-19-\u00e0-10.51.48.png?fit=551%2C400&ssl=1","width":551,"height":400,"caption":"Luxsure"},"image":{"@id":"https:\/\/www.luxsure.fr\/#\/schema\/logo\/image\/"}},{"@type":"Person","@id":"https:\/\/www.luxsure.fr\/#\/schema\/person\/e3e28d08083f4cbc258957c924e39423","name":"pascal iakovou","image":{"@type":"ImageObject","inLanguage":"en-US","@id":"https:\/\/secure.gravatar.com\/avatar\/358546e9ab7afafbb35961f747089b93cb88ca12b7a9fcd0c7922cc45f092613?s=96&d=mm&r=g","url":"https:\/\/secure.gravatar.com\/avatar\/358546e9ab7afafbb35961f747089b93cb88ca12b7a9fcd0c7922cc45f092613?s=96&d=mm&r=g","contentUrl":"https:\/\/secure.gravatar.com\/avatar\/358546e9ab7afafbb35961f747089b93cb88ca12b7a9fcd0c7922cc45f092613?s=96&d=mm&r=g","caption":"pascal iakovou"},"sameAs":["http:\/\/www.luxsure.Fr"],"url":"https:\/\/www.luxsure.fr\/en\/author\/pascal\/"}]}},"_links":{"self":[{"href":"https:\/\/www.luxsure.fr\/en\/wp-json\/wp\/v2\/posts\/2031924","targetHints":{"allow":["GET"]}}],"collection":[{"href":"https:\/\/www.luxsure.fr\/en\/wp-json\/wp\/v2\/posts"}],"about":[{"href":"https:\/\/www.luxsure.fr\/en\/wp-json\/wp\/v2\/types\/post"}],"author":[{"embeddable":true,"href":"https:\/\/www.luxsure.fr\/en\/wp-json\/wp\/v2\/users\/2"}],"replies":[{"embeddable":true,"href":"https:\/\/www.luxsure.fr\/en\/wp-json\/wp\/v2\/comments?post=2031924"}],"version-history":[{"count":0,"href":"https:\/\/www.luxsure.fr\/en\/wp-json\/wp\/v2\/posts\/2031924\/revisions"}],"wp:featuredmedia":[{"embeddable":true,"href":"https:\/\/www.luxsure.fr\/en\/wp-json\/wp\/v2\/media\/1286293"}],"wp:attachment":[{"href":"https:\/\/www.luxsure.fr\/en\/wp-json\/wp\/v2\/media?parent=2031924"}],"wp:term":[{"taxonomy":"category","embeddable":true,"href":"https:\/\/www.luxsure.fr\/en\/wp-json\/wp\/v2\/categories?post=2031924"},{"taxonomy":"post_tag","embeddable":true,"href":"https:\/\/www.luxsure.fr\/en\/wp-json\/wp\/v2\/tags?post=2031924"}],"curies":[{"name":"wp","href":"https:\/\/api.w.org\/{rel}","templated":true}]}}