{"id":2031843,"date":"2021-12-25T11:58:00","date_gmt":"2021-12-25T10:58:00","guid":{"rendered":"https:\/\/www.luxsure.fr\/2021\/12\/25\/duo-of-cuvees-by-maison-edouard-delaunay\/"},"modified":"2026-04-27T06:25:03","modified_gmt":"2026-04-27T04:25:03","slug":"duo-of-cuvees-by-maison-edouard-delaunay","status":"publish","type":"post","link":"https:\/\/www.luxsure.fr\/en\/2021\/12\/25\/duo-of-cuvees-by-maison-edouard-delaunay\/","title":{"rendered":"Duo of cuv\u00e9es by Maison Edouard Delaunay"},"content":{"rendered":"<p><strong>An exceptional duo between C\u00f4te de Beaune and C\u00f4te de Nuits&#8230;<\/strong> <strong>Now recognized as one of Burgundy&#8217;s great houses, Edouard Delaunay unveils two cuv\u00e9es from prestigious appellations&#8230;<\/strong> <strong>Puligny-Montrachet Le Village 2019 <\/strong> <\/p>\n<p>The <strong>Puligny-Montrachet Le Village <\/strong>cuv\u00e9e comes mainly from the <em>Corv\u00e9e des vignes <\/em>area to the north of the appellation, where vines grow on the lower slopes.<\/p>\n<p>While the entire vinification process is carried out in barrels (20% of which are new), only part of the cuv\u00e9e undergoes malolactic fermentation. During ageing, regular stirring of the lees enriches the wine&#8217;s texture. <\/p>\n<p>Pale gold in color. On the nose, minerality is followed by brioche, fresh pineapple, apple and candied lemon. On the palate, the attack reveals lovely acidity and freshness, accompanied by a slight salinity. The whole is delicately enveloped by subtle aromas of vanilla and fresh hazelnut.   <\/p>\n<p><em>Pair with scallops or foie gras royale.<\/em><\/p>\n<p><img decoding=\"async\" class=\"alignnone size-full wp-image-408515 lazyload\" data-src=\"https:\/\/www.luxsure.fr\/wp-content\/uploads\/2021\/09\/image003-39.png\" alt=\"\" width=\"502\" height=\"905\" data-srcset=\"https:\/\/www.luxsure.fr\/wp-content\/uploads\/2021\/09\/image003-39.png 502w, https:\/\/www.luxsure.fr\/wp-content\/uploads\/2021\/09\/image003-39-166x300.png 166w\" data-sizes=\"(max-width: 502px) 100vw, 502px\" src=\"data:image\/svg+xml;base64,PHN2ZyB3aWR0aD0iMSIgaGVpZ2h0PSIxIiB4bWxucz0iaHR0cDovL3d3dy53My5vcmcvMjAwMC9zdmciPjwvc3ZnPg==\" style=\"--smush-placeholder-width: 502px; --smush-placeholder-aspect-ratio: 502\/905;\" \/><\/p>\n<p><strong>62\u20ac, <\/strong>Available on <a href=\"https:\/\/boutique.edouard-delaunay.com\/\">e-boutique<\/a> and in CHR network <strong>Nuits-Saint-Georges Le Village 2018, Vieilles Vignes<\/strong><\/p>\n<p>A blend of three parcels of old vines in the foothills of the C\u00f4tes de Nuits, this cuv\u00e9e is rooted in limestone soil mixed with clay and marl. This gives the wine finesse and minerality, but also power and richness. A duality characteristic of the Nuits-Saint-Georges appellation.  <\/p>\n<p>After hand-picking, the grapes are destemmed and carefully selected to retain only the finest berries. Fermentation, naturally carried out using indigenous yeasts, is followed by 15 to 18 months of barrel ageing (30% of which is new). <\/p>\n<p>This wine is immediately seductive, with its cherry-red color and fine, complex nose of Morello cherry and tangy wild berries. On the palate, full and velvety, the wine&#8217;s rich aromas evoke wood, spices and a touch of minerality. The finish gives way to beautiful notes of licorice and violet.  <\/p>\n<p><em>Serve with a truffle omelette or duck fillet with orange sauce.<\/em><\/p>\n<p><img decoding=\"async\" class=\"alignnone size-full wp-image-408516 lazyload\" data-src=\"https:\/\/www.luxsure.fr\/wp-content\/uploads\/2021\/09\/image005-29.png\" alt=\"\" width=\"487\" height=\"875\" data-srcset=\"https:\/\/www.luxsure.fr\/wp-content\/uploads\/2021\/09\/image005-29.png 487w, https:\/\/www.luxsure.fr\/wp-content\/uploads\/2021\/09\/image005-29-167x300.png 167w\" data-sizes=\"(max-width: 487px) 100vw, 487px\" src=\"data:image\/svg+xml;base64,PHN2ZyB3aWR0aD0iMSIgaGVpZ2h0PSIxIiB4bWxucz0iaHR0cDovL3d3dy53My5vcmcvMjAwMC9zdmciPjwvc3ZnPg==\" style=\"--smush-placeholder-width: 487px; --smush-placeholder-aspect-ratio: 487\/875;\" \/><\/p>\n<p><strong>47\u20ac, <\/strong>Available on the <a href=\"https:\/\/boutique.edouard-delaunay.com\/\">e-boutique<\/a> and in the CHR network<\/p>\n","protected":false},"excerpt":{"rendered":"<p>An exceptional duo between C\u00f4te de Beaune and C\u00f4te de Nuits&#8230; Now recognized as one of Burgundy&#8217;s great houses, Edouard Delaunay unveils two cuv\u00e9es from prestigious appellations&#8230; Puligny-Montrachet Le Village&hellip;<\/p>\n","protected":false},"author":2,"featured_media":1634939,"comment_status":"closed","ping_status":"closed","sticky":false,"template":"","format":"standard","meta":{"_lmt_disableupdate":"","_lmt_disable":"","footnotes":""},"categories":[30493],"tags":[68342],"class_list":["post-2031843","post","type-post","status-publish","format-standard","has-post-thumbnail","hentry","category-wines-and-spirits","tag-edouard-delaunay-house"],"yoast_head":"<!-- This site is optimized with the Yoast SEO plugin v27.5 - https:\/\/yoast.com\/product\/yoast-seo-wordpress\/ -->\n<title>Duo of cuv\u00e9es by Maison Edouard Delaunay - Luxsure<\/title>\n<meta name=\"robots\" content=\"index, follow, max-snippet:-1, max-image-preview:large, max-video-preview:-1\" \/>\n<link rel=\"canonical\" href=\"https:\/\/www.luxsure.fr\/en\/2021\/12\/25\/duo-of-cuvees-by-maison-edouard-delaunay\/\" \/>\n<meta name=\"twitter:label1\" content=\"Written by\" \/>\n\t<meta name=\"twitter:data1\" content=\"pascal iakovou\" \/>\n\t<meta name=\"twitter:label2\" content=\"Est. reading time\" \/>\n\t<meta name=\"twitter:data2\" content=\"2 minutes\" \/>\n<script type=\"application\/ld+json\" class=\"yoast-schema-graph\">{\"@context\":\"https:\\\/\\\/schema.org\",\"@graph\":[{\"@type\":\"Article\",\"@id\":\"https:\\\/\\\/www.luxsure.fr\\\/en\\\/2021\\\/12\\\/25\\\/duo-of-cuvees-by-maison-edouard-delaunay\\\/#article\",\"isPartOf\":{\"@id\":\"https:\\\/\\\/www.luxsure.fr\\\/en\\\/2021\\\/12\\\/25\\\/duo-of-cuvees-by-maison-edouard-delaunay\\\/\"},\"author\":{\"name\":\"pascal iakovou\",\"@id\":\"https:\\\/\\\/www.luxsure.fr\\\/#\\\/schema\\\/person\\\/e3e28d08083f4cbc258957c924e39423\"},\"headline\":\"Duo of cuv\u00e9es by Maison Edouard Delaunay\",\"datePublished\":\"2021-12-25T10:58:00+00:00\",\"dateModified\":\"2026-04-27T04:25:03+00:00\",\"mainEntityOfPage\":{\"@id\":\"https:\\\/\\\/www.luxsure.fr\\\/en\\\/2021\\\/12\\\/25\\\/duo-of-cuvees-by-maison-edouard-delaunay\\\/\"},\"wordCount\":323,\"publisher\":{\"@id\":\"https:\\\/\\\/www.luxsure.fr\\\/#organization\"},\"image\":{\"@id\":\"https:\\\/\\\/www.luxsure.fr\\\/en\\\/2021\\\/12\\\/25\\\/duo-of-cuvees-by-maison-edouard-delaunay\\\/#primaryimage\"},\"thumbnailUrl\":\"https:\\\/\\\/www.luxsure.fr\\\/wp-content\\\/uploads\\\/2021\\\/09\\\/image005-29.png\",\"keywords\":[\"Edouard Delaunay House\"],\"articleSection\":[\"Wines and Spirits\"],\"inLanguage\":\"en-US\"},{\"@type\":\"WebPage\",\"@id\":\"https:\\\/\\\/www.luxsure.fr\\\/en\\\/2021\\\/12\\\/25\\\/duo-of-cuvees-by-maison-edouard-delaunay\\\/\",\"url\":\"https:\\\/\\\/www.luxsure.fr\\\/en\\\/2021\\\/12\\\/25\\\/duo-of-cuvees-by-maison-edouard-delaunay\\\/\",\"name\":\"Duo of cuv\u00e9es by Maison Edouard Delaunay - Luxsure\",\"isPartOf\":{\"@id\":\"https:\\\/\\\/www.luxsure.fr\\\/#website\"},\"primaryImageOfPage\":{\"@id\":\"https:\\\/\\\/www.luxsure.fr\\\/en\\\/2021\\\/12\\\/25\\\/duo-of-cuvees-by-maison-edouard-delaunay\\\/#primaryimage\"},\"image\":{\"@id\":\"https:\\\/\\\/www.luxsure.fr\\\/en\\\/2021\\\/12\\\/25\\\/duo-of-cuvees-by-maison-edouard-delaunay\\\/#primaryimage\"},\"thumbnailUrl\":\"https:\\\/\\\/www.luxsure.fr\\\/wp-content\\\/uploads\\\/2021\\\/09\\\/image005-29.png\",\"datePublished\":\"2021-12-25T10:58:00+00:00\",\"dateModified\":\"2026-04-27T04:25:03+00:00\",\"breadcrumb\":{\"@id\":\"https:\\\/\\\/www.luxsure.fr\\\/en\\\/2021\\\/12\\\/25\\\/duo-of-cuvees-by-maison-edouard-delaunay\\\/#breadcrumb\"},\"inLanguage\":\"en-US\",\"potentialAction\":[{\"@type\":\"ReadAction\",\"target\":[\"https:\\\/\\\/www.luxsure.fr\\\/en\\\/2021\\\/12\\\/25\\\/duo-of-cuvees-by-maison-edouard-delaunay\\\/\"]}]},{\"@type\":\"ImageObject\",\"inLanguage\":\"en-US\",\"@id\":\"https:\\\/\\\/www.luxsure.fr\\\/en\\\/2021\\\/12\\\/25\\\/duo-of-cuvees-by-maison-edouard-delaunay\\\/#primaryimage\",\"url\":\"https:\\\/\\\/www.luxsure.fr\\\/wp-content\\\/uploads\\\/2021\\\/09\\\/image005-29.png\",\"contentUrl\":\"https:\\\/\\\/www.luxsure.fr\\\/wp-content\\\/uploads\\\/2021\\\/09\\\/image005-29.png\",\"width\":487,\"height\":875},{\"@type\":\"BreadcrumbList\",\"@id\":\"https:\\\/\\\/www.luxsure.fr\\\/en\\\/2021\\\/12\\\/25\\\/duo-of-cuvees-by-maison-edouard-delaunay\\\/#breadcrumb\",\"itemListElement\":[{\"@type\":\"ListItem\",\"position\":1,\"name\":\"Accueil\",\"item\":\"https:\\\/\\\/www.luxsure.fr\\\/\"},{\"@type\":\"ListItem\",\"position\":2,\"name\":\"Duo of cuv\u00e9es by Maison Edouard Delaunay\"}]},{\"@type\":\"WebSite\",\"@id\":\"https:\\\/\\\/www.luxsure.fr\\\/#website\",\"url\":\"https:\\\/\\\/www.luxsure.fr\\\/\",\"name\":\"Luxsure\",\"description\":\"UNE CERTAINE VISION DU LUXE\",\"publisher\":{\"@id\":\"https:\\\/\\\/www.luxsure.fr\\\/#organization\"},\"potentialAction\":[{\"@type\":\"SearchAction\",\"target\":{\"@type\":\"EntryPoint\",\"urlTemplate\":\"https:\\\/\\\/www.luxsure.fr\\\/?s={search_term_string}\"},\"query-input\":{\"@type\":\"PropertyValueSpecification\",\"valueRequired\":true,\"valueName\":\"search_term_string\"}}],\"inLanguage\":\"en-US\"},{\"@type\":\"Organization\",\"@id\":\"https:\\\/\\\/www.luxsure.fr\\\/#organization\",\"name\":\"Luxsure\",\"url\":\"https:\\\/\\\/www.luxsure.fr\\\/\",\"logo\":{\"@type\":\"ImageObject\",\"inLanguage\":\"en-US\",\"@id\":\"https:\\\/\\\/www.luxsure.fr\\\/#\\\/schema\\\/logo\\\/image\\\/\",\"url\":\"https:\\\/\\\/i0.wp.com\\\/www.luxsure.fr\\\/wp-content\\\/uploads\\\/2015\\\/10\\\/Capture-d\u2019\u00e9cran-2015-08-19-\u00e0-10.51.48.png?fit=551%2C400&ssl=1\",\"contentUrl\":\"https:\\\/\\\/i0.wp.com\\\/www.luxsure.fr\\\/wp-content\\\/uploads\\\/2015\\\/10\\\/Capture-d\u2019\u00e9cran-2015-08-19-\u00e0-10.51.48.png?fit=551%2C400&ssl=1\",\"width\":551,\"height\":400,\"caption\":\"Luxsure\"},\"image\":{\"@id\":\"https:\\\/\\\/www.luxsure.fr\\\/#\\\/schema\\\/logo\\\/image\\\/\"}},{\"@type\":\"Person\",\"@id\":\"https:\\\/\\\/www.luxsure.fr\\\/#\\\/schema\\\/person\\\/e3e28d08083f4cbc258957c924e39423\",\"name\":\"pascal iakovou\",\"image\":{\"@type\":\"ImageObject\",\"inLanguage\":\"en-US\",\"@id\":\"https:\\\/\\\/secure.gravatar.com\\\/avatar\\\/358546e9ab7afafbb35961f747089b93cb88ca12b7a9fcd0c7922cc45f092613?s=96&d=mm&r=g\",\"url\":\"https:\\\/\\\/secure.gravatar.com\\\/avatar\\\/358546e9ab7afafbb35961f747089b93cb88ca12b7a9fcd0c7922cc45f092613?s=96&d=mm&r=g\",\"contentUrl\":\"https:\\\/\\\/secure.gravatar.com\\\/avatar\\\/358546e9ab7afafbb35961f747089b93cb88ca12b7a9fcd0c7922cc45f092613?s=96&d=mm&r=g\",\"caption\":\"pascal iakovou\"},\"sameAs\":[\"http:\\\/\\\/www.luxsure.Fr\"],\"url\":\"https:\\\/\\\/www.luxsure.fr\\\/en\\\/author\\\/pascal\\\/\"}]}<\/script>\n<!-- \/ Yoast SEO plugin. -->","yoast_head_json":{"title":"Duo of cuv\u00e9es by Maison Edouard Delaunay - Luxsure","robots":{"index":"index","follow":"follow","max-snippet":"max-snippet:-1","max-image-preview":"max-image-preview:large","max-video-preview":"max-video-preview:-1"},"canonical":"https:\/\/www.luxsure.fr\/en\/2021\/12\/25\/duo-of-cuvees-by-maison-edouard-delaunay\/","twitter_misc":{"Written by":"pascal iakovou","Est. reading time":"2 minutes"},"schema":{"@context":"https:\/\/schema.org","@graph":[{"@type":"Article","@id":"https:\/\/www.luxsure.fr\/en\/2021\/12\/25\/duo-of-cuvees-by-maison-edouard-delaunay\/#article","isPartOf":{"@id":"https:\/\/www.luxsure.fr\/en\/2021\/12\/25\/duo-of-cuvees-by-maison-edouard-delaunay\/"},"author":{"name":"pascal iakovou","@id":"https:\/\/www.luxsure.fr\/#\/schema\/person\/e3e28d08083f4cbc258957c924e39423"},"headline":"Duo of cuv\u00e9es by Maison Edouard Delaunay","datePublished":"2021-12-25T10:58:00+00:00","dateModified":"2026-04-27T04:25:03+00:00","mainEntityOfPage":{"@id":"https:\/\/www.luxsure.fr\/en\/2021\/12\/25\/duo-of-cuvees-by-maison-edouard-delaunay\/"},"wordCount":323,"publisher":{"@id":"https:\/\/www.luxsure.fr\/#organization"},"image":{"@id":"https:\/\/www.luxsure.fr\/en\/2021\/12\/25\/duo-of-cuvees-by-maison-edouard-delaunay\/#primaryimage"},"thumbnailUrl":"https:\/\/www.luxsure.fr\/wp-content\/uploads\/2021\/09\/image005-29.png","keywords":["Edouard Delaunay House"],"articleSection":["Wines and Spirits"],"inLanguage":"en-US"},{"@type":"WebPage","@id":"https:\/\/www.luxsure.fr\/en\/2021\/12\/25\/duo-of-cuvees-by-maison-edouard-delaunay\/","url":"https:\/\/www.luxsure.fr\/en\/2021\/12\/25\/duo-of-cuvees-by-maison-edouard-delaunay\/","name":"Duo of cuv\u00e9es by Maison Edouard Delaunay - Luxsure","isPartOf":{"@id":"https:\/\/www.luxsure.fr\/#website"},"primaryImageOfPage":{"@id":"https:\/\/www.luxsure.fr\/en\/2021\/12\/25\/duo-of-cuvees-by-maison-edouard-delaunay\/#primaryimage"},"image":{"@id":"https:\/\/www.luxsure.fr\/en\/2021\/12\/25\/duo-of-cuvees-by-maison-edouard-delaunay\/#primaryimage"},"thumbnailUrl":"https:\/\/www.luxsure.fr\/wp-content\/uploads\/2021\/09\/image005-29.png","datePublished":"2021-12-25T10:58:00+00:00","dateModified":"2026-04-27T04:25:03+00:00","breadcrumb":{"@id":"https:\/\/www.luxsure.fr\/en\/2021\/12\/25\/duo-of-cuvees-by-maison-edouard-delaunay\/#breadcrumb"},"inLanguage":"en-US","potentialAction":[{"@type":"ReadAction","target":["https:\/\/www.luxsure.fr\/en\/2021\/12\/25\/duo-of-cuvees-by-maison-edouard-delaunay\/"]}]},{"@type":"ImageObject","inLanguage":"en-US","@id":"https:\/\/www.luxsure.fr\/en\/2021\/12\/25\/duo-of-cuvees-by-maison-edouard-delaunay\/#primaryimage","url":"https:\/\/www.luxsure.fr\/wp-content\/uploads\/2021\/09\/image005-29.png","contentUrl":"https:\/\/www.luxsure.fr\/wp-content\/uploads\/2021\/09\/image005-29.png","width":487,"height":875},{"@type":"BreadcrumbList","@id":"https:\/\/www.luxsure.fr\/en\/2021\/12\/25\/duo-of-cuvees-by-maison-edouard-delaunay\/#breadcrumb","itemListElement":[{"@type":"ListItem","position":1,"name":"Accueil","item":"https:\/\/www.luxsure.fr\/"},{"@type":"ListItem","position":2,"name":"Duo of cuv\u00e9es by Maison Edouard Delaunay"}]},{"@type":"WebSite","@id":"https:\/\/www.luxsure.fr\/#website","url":"https:\/\/www.luxsure.fr\/","name":"Luxsure","description":"UNE CERTAINE VISION DU LUXE","publisher":{"@id":"https:\/\/www.luxsure.fr\/#organization"},"potentialAction":[{"@type":"SearchAction","target":{"@type":"EntryPoint","urlTemplate":"https:\/\/www.luxsure.fr\/?s={search_term_string}"},"query-input":{"@type":"PropertyValueSpecification","valueRequired":true,"valueName":"search_term_string"}}],"inLanguage":"en-US"},{"@type":"Organization","@id":"https:\/\/www.luxsure.fr\/#organization","name":"Luxsure","url":"https:\/\/www.luxsure.fr\/","logo":{"@type":"ImageObject","inLanguage":"en-US","@id":"https:\/\/www.luxsure.fr\/#\/schema\/logo\/image\/","url":"https:\/\/i0.wp.com\/www.luxsure.fr\/wp-content\/uploads\/2015\/10\/Capture-d\u2019\u00e9cran-2015-08-19-\u00e0-10.51.48.png?fit=551%2C400&ssl=1","contentUrl":"https:\/\/i0.wp.com\/www.luxsure.fr\/wp-content\/uploads\/2015\/10\/Capture-d\u2019\u00e9cran-2015-08-19-\u00e0-10.51.48.png?fit=551%2C400&ssl=1","width":551,"height":400,"caption":"Luxsure"},"image":{"@id":"https:\/\/www.luxsure.fr\/#\/schema\/logo\/image\/"}},{"@type":"Person","@id":"https:\/\/www.luxsure.fr\/#\/schema\/person\/e3e28d08083f4cbc258957c924e39423","name":"pascal iakovou","image":{"@type":"ImageObject","inLanguage":"en-US","@id":"https:\/\/secure.gravatar.com\/avatar\/358546e9ab7afafbb35961f747089b93cb88ca12b7a9fcd0c7922cc45f092613?s=96&d=mm&r=g","url":"https:\/\/secure.gravatar.com\/avatar\/358546e9ab7afafbb35961f747089b93cb88ca12b7a9fcd0c7922cc45f092613?s=96&d=mm&r=g","contentUrl":"https:\/\/secure.gravatar.com\/avatar\/358546e9ab7afafbb35961f747089b93cb88ca12b7a9fcd0c7922cc45f092613?s=96&d=mm&r=g","caption":"pascal iakovou"},"sameAs":["http:\/\/www.luxsure.Fr"],"url":"https:\/\/www.luxsure.fr\/en\/author\/pascal\/"}]}},"_links":{"self":[{"href":"https:\/\/www.luxsure.fr\/en\/wp-json\/wp\/v2\/posts\/2031843","targetHints":{"allow":["GET"]}}],"collection":[{"href":"https:\/\/www.luxsure.fr\/en\/wp-json\/wp\/v2\/posts"}],"about":[{"href":"https:\/\/www.luxsure.fr\/en\/wp-json\/wp\/v2\/types\/post"}],"author":[{"embeddable":true,"href":"https:\/\/www.luxsure.fr\/en\/wp-json\/wp\/v2\/users\/2"}],"replies":[{"embeddable":true,"href":"https:\/\/www.luxsure.fr\/en\/wp-json\/wp\/v2\/comments?post=2031843"}],"version-history":[{"count":0,"href":"https:\/\/www.luxsure.fr\/en\/wp-json\/wp\/v2\/posts\/2031843\/revisions"}],"wp:featuredmedia":[{"embeddable":true,"href":"https:\/\/www.luxsure.fr\/en\/wp-json\/wp\/v2\/media\/1634939"}],"wp:attachment":[{"href":"https:\/\/www.luxsure.fr\/en\/wp-json\/wp\/v2\/media?parent=2031843"}],"wp:term":[{"taxonomy":"category","embeddable":true,"href":"https:\/\/www.luxsure.fr\/en\/wp-json\/wp\/v2\/categories?post=2031843"},{"taxonomy":"post_tag","embeddable":true,"href":"https:\/\/www.luxsure.fr\/en\/wp-json\/wp\/v2\/tags?post=2031843"}],"curies":[{"name":"wp","href":"https:\/\/api.w.org\/{rel}","templated":true}]}}