{"id":2031771,"date":"2018-02-12T12:12:11","date_gmt":"2018-02-12T11:12:11","guid":{"rendered":"https:\/\/www.luxsure.fr\/2018\/02\/12\/valentines-nocturne-at-the-grand-musee-du-parfum\/"},"modified":"2026-04-27T06:11:08","modified_gmt":"2026-04-27T04:11:08","slug":"valentines-nocturne-at-the-grand-musee-du-parfum","status":"publish","type":"post","link":"https:\/\/www.luxsure.fr\/en\/2018\/02\/12\/valentines-nocturne-at-the-grand-musee-du-parfum\/","title":{"rendered":"Valentine&#8217;s Nocturne at the Grand Mus\u00e9e du Parfum"},"content":{"rendered":"<p>For Valentine&#8217;s Day, join us on rue du Faubourg Saint-Honor\u00e9 in the Grand Mus\u00e9e du Parfum mansion for a sensory experience for two.<\/p>\n<p>Take an intimate tour of the Museum, glass of champagne in hand, take part in a duo olfactory workshop to create your own perfume pairing, or offer her an olfactory portrait and the perfume that matches her. An original experience for two! <\/p>\n<p>3 suggested tours:<\/p>\n<p><strong>A romantic duo tour <\/strong>with a glass of champagne &amp; a scented snack<\/p>\n<p><strong>The Romantic Duo Tour and a 4-Hand<\/strong> Rose Accord <strong>Creation Workshop<\/strong> where participants leave with their own composition.<\/p>\n<p><strong>The &#8220;Romance and Perfume&#8221; tour:<\/strong> a romantic duo tour and olfactory portrait to discover and offer the perfume that matches your tastes and personality.<\/p>\n<p>Valentine&#8217;s Nocturne &#8211; Wednesday, February 14 7:30 pm &#8211; 10 pm<\/p>\n<p>Le Grand Mus\u00e9e du Parfum 73, rue du Faubourg Saint-Honor\u00e9 &#8211; 75008 Paris<\/p>\n<p>+33 (0)1 42 65 25 44<\/p>\n<p><a href=\"http:\/\/grandmuseeduparfum.fr\">grandmuseeduparfum.fr<\/a><\/p>\n","protected":false},"excerpt":{"rendered":"<p>For Valentine&#8217;s Day, join us on rue du Faubourg Saint-Honor\u00e9 in the Grand Mus\u00e9e du Parfum mansion for a sensory experience for two. Take an intimate tour of the Museum,&hellip;<\/p>\n","protected":false},"author":2,"featured_media":1121640,"comment_status":"closed","ping_status":"closed","sticky":false,"template":"","format":"standard","meta":{"_lmt_disableupdate":"","_lmt_disable":"","footnotes":""},"categories":[30114],"tags":[68306],"class_list":["post-2031771","post","type-post","status-publish","format-standard","has-post-thumbnail","hentry","category-beauty-and-perfumes","tag-grand-musee-du-parfum"],"yoast_head":"<!-- This site is optimized with the Yoast SEO plugin v27.5 - https:\/\/yoast.com\/product\/yoast-seo-wordpress\/ -->\n<title>Valentine&#039;s Nocturne at the Grand Mus\u00e9e du Parfum - Luxsure<\/title>\n<meta name=\"robots\" content=\"index, follow, max-snippet:-1, max-image-preview:large, max-video-preview:-1\" \/>\n<link rel=\"canonical\" href=\"https:\/\/www.luxsure.fr\/en\/2018\/02\/12\/valentines-nocturne-at-the-grand-musee-du-parfum\/\" \/>\n<meta name=\"twitter:label1\" content=\"Written by\" \/>\n\t<meta name=\"twitter:data1\" content=\"pascal iakovou\" \/>\n\t<meta name=\"twitter:label2\" content=\"Est. reading time\" \/>\n\t<meta name=\"twitter:data2\" content=\"1 minute\" \/>\n<script type=\"application\/ld+json\" class=\"yoast-schema-graph\">{\"@context\":\"https:\\\/\\\/schema.org\",\"@graph\":[{\"@type\":\"Article\",\"@id\":\"https:\\\/\\\/www.luxsure.fr\\\/en\\\/2018\\\/02\\\/12\\\/valentines-nocturne-at-the-grand-musee-du-parfum\\\/#article\",\"isPartOf\":{\"@id\":\"https:\\\/\\\/www.luxsure.fr\\\/en\\\/2018\\\/02\\\/12\\\/valentines-nocturne-at-the-grand-musee-du-parfum\\\/\"},\"author\":{\"name\":\"pascal iakovou\",\"@id\":\"https:\\\/\\\/www.luxsure.fr\\\/#\\\/schema\\\/person\\\/e3e28d08083f4cbc258957c924e39423\"},\"headline\":\"Valentine&#8217;s Nocturne at the Grand Mus\u00e9e du Parfum\",\"datePublished\":\"2018-02-12T11:12:11+00:00\",\"dateModified\":\"2026-04-27T04:11:08+00:00\",\"mainEntityOfPage\":{\"@id\":\"https:\\\/\\\/www.luxsure.fr\\\/en\\\/2018\\\/02\\\/12\\\/valentines-nocturne-at-the-grand-musee-du-parfum\\\/\"},\"wordCount\":157,\"publisher\":{\"@id\":\"https:\\\/\\\/www.luxsure.fr\\\/#organization\"},\"image\":{\"@id\":\"https:\\\/\\\/www.luxsure.fr\\\/en\\\/2018\\\/02\\\/12\\\/valentines-nocturne-at-the-grand-musee-du-parfum\\\/#primaryimage\"},\"thumbnailUrl\":\"https:\\\/\\\/www.luxsure.fr\\\/wp-content\\\/uploads\\\/2018\\\/01\\\/Grand_Musee_du_Parfum_Irene-de-Rosen-Concept-Store-3.jpg\",\"keywords\":[\"Grand Mus\u00e9e du Parfum\"],\"articleSection\":[\"Beauty and perfumes\"],\"inLanguage\":\"en-US\"},{\"@type\":\"WebPage\",\"@id\":\"https:\\\/\\\/www.luxsure.fr\\\/en\\\/2018\\\/02\\\/12\\\/valentines-nocturne-at-the-grand-musee-du-parfum\\\/\",\"url\":\"https:\\\/\\\/www.luxsure.fr\\\/en\\\/2018\\\/02\\\/12\\\/valentines-nocturne-at-the-grand-musee-du-parfum\\\/\",\"name\":\"Valentine's Nocturne at the Grand Mus\u00e9e du Parfum - Luxsure\",\"isPartOf\":{\"@id\":\"https:\\\/\\\/www.luxsure.fr\\\/#website\"},\"primaryImageOfPage\":{\"@id\":\"https:\\\/\\\/www.luxsure.fr\\\/en\\\/2018\\\/02\\\/12\\\/valentines-nocturne-at-the-grand-musee-du-parfum\\\/#primaryimage\"},\"image\":{\"@id\":\"https:\\\/\\\/www.luxsure.fr\\\/en\\\/2018\\\/02\\\/12\\\/valentines-nocturne-at-the-grand-musee-du-parfum\\\/#primaryimage\"},\"thumbnailUrl\":\"https:\\\/\\\/www.luxsure.fr\\\/wp-content\\\/uploads\\\/2018\\\/01\\\/Grand_Musee_du_Parfum_Irene-de-Rosen-Concept-Store-3.jpg\",\"datePublished\":\"2018-02-12T11:12:11+00:00\",\"dateModified\":\"2026-04-27T04:11:08+00:00\",\"breadcrumb\":{\"@id\":\"https:\\\/\\\/www.luxsure.fr\\\/en\\\/2018\\\/02\\\/12\\\/valentines-nocturne-at-the-grand-musee-du-parfum\\\/#breadcrumb\"},\"inLanguage\":\"en-US\",\"potentialAction\":[{\"@type\":\"ReadAction\",\"target\":[\"https:\\\/\\\/www.luxsure.fr\\\/en\\\/2018\\\/02\\\/12\\\/valentines-nocturne-at-the-grand-musee-du-parfum\\\/\"]}]},{\"@type\":\"ImageObject\",\"inLanguage\":\"en-US\",\"@id\":\"https:\\\/\\\/www.luxsure.fr\\\/en\\\/2018\\\/02\\\/12\\\/valentines-nocturne-at-the-grand-musee-du-parfum\\\/#primaryimage\",\"url\":\"https:\\\/\\\/www.luxsure.fr\\\/wp-content\\\/uploads\\\/2018\\\/01\\\/Grand_Musee_du_Parfum_Irene-de-Rosen-Concept-Store-3.jpg\",\"contentUrl\":\"https:\\\/\\\/www.luxsure.fr\\\/wp-content\\\/uploads\\\/2018\\\/01\\\/Grand_Musee_du_Parfum_Irene-de-Rosen-Concept-Store-3.jpg\",\"width\":\"640\",\"height\":\"427\"},{\"@type\":\"BreadcrumbList\",\"@id\":\"https:\\\/\\\/www.luxsure.fr\\\/en\\\/2018\\\/02\\\/12\\\/valentines-nocturne-at-the-grand-musee-du-parfum\\\/#breadcrumb\",\"itemListElement\":[{\"@type\":\"ListItem\",\"position\":1,\"name\":\"Accueil\",\"item\":\"https:\\\/\\\/www.luxsure.fr\\\/\"},{\"@type\":\"ListItem\",\"position\":2,\"name\":\"Valentine&#8217;s Nocturne at the Grand Mus\u00e9e du Parfum\"}]},{\"@type\":\"WebSite\",\"@id\":\"https:\\\/\\\/www.luxsure.fr\\\/#website\",\"url\":\"https:\\\/\\\/www.luxsure.fr\\\/\",\"name\":\"Luxsure\",\"description\":\"UNE CERTAINE VISION DU LUXE\",\"publisher\":{\"@id\":\"https:\\\/\\\/www.luxsure.fr\\\/#organization\"},\"potentialAction\":[{\"@type\":\"SearchAction\",\"target\":{\"@type\":\"EntryPoint\",\"urlTemplate\":\"https:\\\/\\\/www.luxsure.fr\\\/?s={search_term_string}\"},\"query-input\":{\"@type\":\"PropertyValueSpecification\",\"valueRequired\":true,\"valueName\":\"search_term_string\"}}],\"inLanguage\":\"en-US\"},{\"@type\":\"Organization\",\"@id\":\"https:\\\/\\\/www.luxsure.fr\\\/#organization\",\"name\":\"Luxsure\",\"url\":\"https:\\\/\\\/www.luxsure.fr\\\/\",\"logo\":{\"@type\":\"ImageObject\",\"inLanguage\":\"en-US\",\"@id\":\"https:\\\/\\\/www.luxsure.fr\\\/#\\\/schema\\\/logo\\\/image\\\/\",\"url\":\"https:\\\/\\\/i0.wp.com\\\/www.luxsure.fr\\\/wp-content\\\/uploads\\\/2015\\\/10\\\/Capture-d\u2019\u00e9cran-2015-08-19-\u00e0-10.51.48.png?fit=551%2C400&ssl=1\",\"contentUrl\":\"https:\\\/\\\/i0.wp.com\\\/www.luxsure.fr\\\/wp-content\\\/uploads\\\/2015\\\/10\\\/Capture-d\u2019\u00e9cran-2015-08-19-\u00e0-10.51.48.png?fit=551%2C400&ssl=1\",\"width\":551,\"height\":400,\"caption\":\"Luxsure\"},\"image\":{\"@id\":\"https:\\\/\\\/www.luxsure.fr\\\/#\\\/schema\\\/logo\\\/image\\\/\"}},{\"@type\":\"Person\",\"@id\":\"https:\\\/\\\/www.luxsure.fr\\\/#\\\/schema\\\/person\\\/e3e28d08083f4cbc258957c924e39423\",\"name\":\"pascal iakovou\",\"image\":{\"@type\":\"ImageObject\",\"inLanguage\":\"en-US\",\"@id\":\"https:\\\/\\\/secure.gravatar.com\\\/avatar\\\/358546e9ab7afafbb35961f747089b93cb88ca12b7a9fcd0c7922cc45f092613?s=96&d=mm&r=g\",\"url\":\"https:\\\/\\\/secure.gravatar.com\\\/avatar\\\/358546e9ab7afafbb35961f747089b93cb88ca12b7a9fcd0c7922cc45f092613?s=96&d=mm&r=g\",\"contentUrl\":\"https:\\\/\\\/secure.gravatar.com\\\/avatar\\\/358546e9ab7afafbb35961f747089b93cb88ca12b7a9fcd0c7922cc45f092613?s=96&d=mm&r=g\",\"caption\":\"pascal iakovou\"},\"sameAs\":[\"http:\\\/\\\/www.luxsure.Fr\"],\"url\":\"https:\\\/\\\/www.luxsure.fr\\\/en\\\/author\\\/pascal\\\/\"}]}<\/script>\n<!-- \/ Yoast SEO plugin. -->","yoast_head_json":{"title":"Valentine's Nocturne at the Grand Mus\u00e9e du Parfum - Luxsure","robots":{"index":"index","follow":"follow","max-snippet":"max-snippet:-1","max-image-preview":"max-image-preview:large","max-video-preview":"max-video-preview:-1"},"canonical":"https:\/\/www.luxsure.fr\/en\/2018\/02\/12\/valentines-nocturne-at-the-grand-musee-du-parfum\/","twitter_misc":{"Written by":"pascal iakovou","Est. reading time":"1 minute"},"schema":{"@context":"https:\/\/schema.org","@graph":[{"@type":"Article","@id":"https:\/\/www.luxsure.fr\/en\/2018\/02\/12\/valentines-nocturne-at-the-grand-musee-du-parfum\/#article","isPartOf":{"@id":"https:\/\/www.luxsure.fr\/en\/2018\/02\/12\/valentines-nocturne-at-the-grand-musee-du-parfum\/"},"author":{"name":"pascal iakovou","@id":"https:\/\/www.luxsure.fr\/#\/schema\/person\/e3e28d08083f4cbc258957c924e39423"},"headline":"Valentine&#8217;s Nocturne at the Grand Mus\u00e9e du Parfum","datePublished":"2018-02-12T11:12:11+00:00","dateModified":"2026-04-27T04:11:08+00:00","mainEntityOfPage":{"@id":"https:\/\/www.luxsure.fr\/en\/2018\/02\/12\/valentines-nocturne-at-the-grand-musee-du-parfum\/"},"wordCount":157,"publisher":{"@id":"https:\/\/www.luxsure.fr\/#organization"},"image":{"@id":"https:\/\/www.luxsure.fr\/en\/2018\/02\/12\/valentines-nocturne-at-the-grand-musee-du-parfum\/#primaryimage"},"thumbnailUrl":"https:\/\/www.luxsure.fr\/wp-content\/uploads\/2018\/01\/Grand_Musee_du_Parfum_Irene-de-Rosen-Concept-Store-3.jpg","keywords":["Grand Mus\u00e9e du Parfum"],"articleSection":["Beauty and perfumes"],"inLanguage":"en-US"},{"@type":"WebPage","@id":"https:\/\/www.luxsure.fr\/en\/2018\/02\/12\/valentines-nocturne-at-the-grand-musee-du-parfum\/","url":"https:\/\/www.luxsure.fr\/en\/2018\/02\/12\/valentines-nocturne-at-the-grand-musee-du-parfum\/","name":"Valentine's Nocturne at the Grand Mus\u00e9e du Parfum - Luxsure","isPartOf":{"@id":"https:\/\/www.luxsure.fr\/#website"},"primaryImageOfPage":{"@id":"https:\/\/www.luxsure.fr\/en\/2018\/02\/12\/valentines-nocturne-at-the-grand-musee-du-parfum\/#primaryimage"},"image":{"@id":"https:\/\/www.luxsure.fr\/en\/2018\/02\/12\/valentines-nocturne-at-the-grand-musee-du-parfum\/#primaryimage"},"thumbnailUrl":"https:\/\/www.luxsure.fr\/wp-content\/uploads\/2018\/01\/Grand_Musee_du_Parfum_Irene-de-Rosen-Concept-Store-3.jpg","datePublished":"2018-02-12T11:12:11+00:00","dateModified":"2026-04-27T04:11:08+00:00","breadcrumb":{"@id":"https:\/\/www.luxsure.fr\/en\/2018\/02\/12\/valentines-nocturne-at-the-grand-musee-du-parfum\/#breadcrumb"},"inLanguage":"en-US","potentialAction":[{"@type":"ReadAction","target":["https:\/\/www.luxsure.fr\/en\/2018\/02\/12\/valentines-nocturne-at-the-grand-musee-du-parfum\/"]}]},{"@type":"ImageObject","inLanguage":"en-US","@id":"https:\/\/www.luxsure.fr\/en\/2018\/02\/12\/valentines-nocturne-at-the-grand-musee-du-parfum\/#primaryimage","url":"https:\/\/www.luxsure.fr\/wp-content\/uploads\/2018\/01\/Grand_Musee_du_Parfum_Irene-de-Rosen-Concept-Store-3.jpg","contentUrl":"https:\/\/www.luxsure.fr\/wp-content\/uploads\/2018\/01\/Grand_Musee_du_Parfum_Irene-de-Rosen-Concept-Store-3.jpg","width":"640","height":"427"},{"@type":"BreadcrumbList","@id":"https:\/\/www.luxsure.fr\/en\/2018\/02\/12\/valentines-nocturne-at-the-grand-musee-du-parfum\/#breadcrumb","itemListElement":[{"@type":"ListItem","position":1,"name":"Accueil","item":"https:\/\/www.luxsure.fr\/"},{"@type":"ListItem","position":2,"name":"Valentine&#8217;s Nocturne at the Grand Mus\u00e9e du Parfum"}]},{"@type":"WebSite","@id":"https:\/\/www.luxsure.fr\/#website","url":"https:\/\/www.luxsure.fr\/","name":"Luxsure","description":"UNE CERTAINE VISION DU LUXE","publisher":{"@id":"https:\/\/www.luxsure.fr\/#organization"},"potentialAction":[{"@type":"SearchAction","target":{"@type":"EntryPoint","urlTemplate":"https:\/\/www.luxsure.fr\/?s={search_term_string}"},"query-input":{"@type":"PropertyValueSpecification","valueRequired":true,"valueName":"search_term_string"}}],"inLanguage":"en-US"},{"@type":"Organization","@id":"https:\/\/www.luxsure.fr\/#organization","name":"Luxsure","url":"https:\/\/www.luxsure.fr\/","logo":{"@type":"ImageObject","inLanguage":"en-US","@id":"https:\/\/www.luxsure.fr\/#\/schema\/logo\/image\/","url":"https:\/\/i0.wp.com\/www.luxsure.fr\/wp-content\/uploads\/2015\/10\/Capture-d\u2019\u00e9cran-2015-08-19-\u00e0-10.51.48.png?fit=551%2C400&ssl=1","contentUrl":"https:\/\/i0.wp.com\/www.luxsure.fr\/wp-content\/uploads\/2015\/10\/Capture-d\u2019\u00e9cran-2015-08-19-\u00e0-10.51.48.png?fit=551%2C400&ssl=1","width":551,"height":400,"caption":"Luxsure"},"image":{"@id":"https:\/\/www.luxsure.fr\/#\/schema\/logo\/image\/"}},{"@type":"Person","@id":"https:\/\/www.luxsure.fr\/#\/schema\/person\/e3e28d08083f4cbc258957c924e39423","name":"pascal iakovou","image":{"@type":"ImageObject","inLanguage":"en-US","@id":"https:\/\/secure.gravatar.com\/avatar\/358546e9ab7afafbb35961f747089b93cb88ca12b7a9fcd0c7922cc45f092613?s=96&d=mm&r=g","url":"https:\/\/secure.gravatar.com\/avatar\/358546e9ab7afafbb35961f747089b93cb88ca12b7a9fcd0c7922cc45f092613?s=96&d=mm&r=g","contentUrl":"https:\/\/secure.gravatar.com\/avatar\/358546e9ab7afafbb35961f747089b93cb88ca12b7a9fcd0c7922cc45f092613?s=96&d=mm&r=g","caption":"pascal iakovou"},"sameAs":["http:\/\/www.luxsure.Fr"],"url":"https:\/\/www.luxsure.fr\/en\/author\/pascal\/"}]}},"_links":{"self":[{"href":"https:\/\/www.luxsure.fr\/en\/wp-json\/wp\/v2\/posts\/2031771","targetHints":{"allow":["GET"]}}],"collection":[{"href":"https:\/\/www.luxsure.fr\/en\/wp-json\/wp\/v2\/posts"}],"about":[{"href":"https:\/\/www.luxsure.fr\/en\/wp-json\/wp\/v2\/types\/post"}],"author":[{"embeddable":true,"href":"https:\/\/www.luxsure.fr\/en\/wp-json\/wp\/v2\/users\/2"}],"replies":[{"embeddable":true,"href":"https:\/\/www.luxsure.fr\/en\/wp-json\/wp\/v2\/comments?post=2031771"}],"version-history":[{"count":0,"href":"https:\/\/www.luxsure.fr\/en\/wp-json\/wp\/v2\/posts\/2031771\/revisions"}],"wp:featuredmedia":[{"embeddable":true,"href":"https:\/\/www.luxsure.fr\/en\/wp-json\/wp\/v2\/media\/1121640"}],"wp:attachment":[{"href":"https:\/\/www.luxsure.fr\/en\/wp-json\/wp\/v2\/media?parent=2031771"}],"wp:term":[{"taxonomy":"category","embeddable":true,"href":"https:\/\/www.luxsure.fr\/en\/wp-json\/wp\/v2\/categories?post=2031771"},{"taxonomy":"post_tag","embeddable":true,"href":"https:\/\/www.luxsure.fr\/en\/wp-json\/wp\/v2\/tags?post=2031771"}],"curies":[{"name":"wp","href":"https:\/\/api.w.org\/{rel}","templated":true}]}}