{"id":2031670,"date":"2024-04-27T10:40:32","date_gmt":"2024-04-27T08:40:32","guid":{"rendered":"https:\/\/www.luxsure.fr\/2024\/04\/27\/carita-presents-its-new-baume-de-nuit-or-rejuvenic-and-its-new-skincare-protocol\/"},"modified":"2026-04-27T05:50:47","modified_gmt":"2026-04-27T03:50:47","slug":"carita-presents-its-new-baume-de-nuit-or-rejuvenic-and-its-new-skincare-protocol","status":"publish","type":"post","link":"https:\/\/www.luxsure.fr\/en\/2024\/04\/27\/carita-presents-its-new-baume-de-nuit-or-rejuvenic-and-its-new-skincare-protocol\/","title":{"rendered":"Carita presents its new Baume de Nuit Or Rejuvenic and its new skincare protocol"},"content":{"rendered":"<p>In a world where time and external aggressions put our skin&#8217;s health to the test, Carita reinvents itself with the long-awaited release of Baume de Nuit \u00c9nerg\u00e9tique Multi-Strate R\u00e9g\u00e9n\u00e9rant, a high-tech masterpiece of bio-active &#8220;Rejuvenic Gold&#8221;.<\/p>\n<p><strong>A Revolutionary Step:<\/strong><\/p>\n<p>In 2022, Carita was already astonishing the beauty world with its new collection of protocols and treatments, including the radiant Rejuvenic Gold range. Today, a new era begins with the introduction of this energetic night balm, a true technological feat that promises an unparalleled sensory experience. <\/p>\n<p><strong>The Power of Mitochondria :<\/strong><\/p>\n<p>At the heart of cell regeneration are the mitochondria, the energy powerhouses that maintain our cells&#8217; vitality. However, under the onslaught of external and internal factors, such as stress or pollution, these mitochondria can become weakened, impacting the nocturnal regeneration process. This is where the magic of Multi-Strate Regenerating Energy Night Balm lies: by boosting cellular energy, it awakens the skin in depth, offering optimal regeneration.  <\/p>\n<p><strong>Biotech 24K Gold: The Key to Eternal Youth:<\/strong><\/p>\n<p>At the heart of this revolutionary formula is Biotech 24K Gold, a micro-organism with prodigious powers. Combined with niacinamide and essential minerals such as copper, zinc and magnesium, it stimulates the production of ATP, the very essence of cellular vitality. This unique combination multiplies the skin&#8217;s bioenergetic capacities by up to 78%, offering renewed youthfulness.  <\/p>\n<p><strong>An Unparalleled Sensory Experience :<\/strong><\/p>\n<p>But there&#8217;s more to this night balm than its exceptional performance. Thanks to a relaxing active fragrance, developed after years of research in collaboration with neuroscience experts, it soothes the mind and promotes restful sleep. Its ultra-fine, melting texture caresses the skin, offering an enveloping sensory experience.  <\/p>\n<p><strong>A Holistic Approach to Care:<\/strong><\/p>\n<p>Finally, for the ultimate in luxury, Carita offers a 1h45 regeneration facial protocol, a polysensory experience that realigns body and mind, delivering radiant skin and a soothed aura.<\/p>\n\n\t\t<style type=\"text\/css\">\n\t\t\t#gallery-1 {\n\t\t\t\tmargin: auto;\n\t\t\t}\n\t\t\t#gallery-1 .gallery-item {\n\t\t\t\tfloat: left;\n\t\t\t\tmargin-top: 10px;\n\t\t\t\ttext-align: center;\n\t\t\t\twidth: 33%;\n\t\t\t}\n\t\t\t#gallery-1 img {\n\t\t\t\tborder: 2px solid #cfcfcf;\n\t\t\t}\n\t\t\t#gallery-1 .gallery-caption {\n\t\t\t\tmargin-left: 0;\n\t\t\t}\n\t\t\t\/* see gallery_shortcode() in wp-includes\/media.php *\/\n\t\t<\/style>\n\t\t<div id='gallery-1' class='gallery galleryid-2031670 gallery-columns-3 gallery-size-large'><dl class='gallery-item'>\n\t\t\t<dt class='gallery-icon portrait'>\n\t\t\t\t<a href='https:\/\/www.luxsure.fr\/en\/2024\/04\/27\/carita-presente-son-nouveau-baume-de-nuit-or-rejuvenic-et-son-nouveau-protocole-de-soin\/baume-de-nuit-energetique-carita-nouveaute-fevrier-2024\/'><img decoding=\"async\" width=\"687\" height=\"1024\" data-src=\"https:\/\/www.luxsure.fr\/wp-content\/uploads\/2024\/02\/Baume-de-Nuit-Energetique-CARITA-nouveaute-fevrier-2024-687x1024.png\" class=\"attachment-large size-large lazyload\" alt=\"\" data-srcset=\"https:\/\/www.luxsure.fr\/wp-content\/uploads\/2024\/02\/Baume-de-Nuit-Energetique-CARITA-nouveaute-fevrier-2024-687x1024.png 687w, https:\/\/www.luxsure.fr\/wp-content\/uploads\/2024\/02\/Baume-de-Nuit-Energetique-CARITA-nouveaute-fevrier-2024-201x300.png 201w, https:\/\/www.luxsure.fr\/wp-content\/uploads\/2024\/02\/Baume-de-Nuit-Energetique-CARITA-nouveaute-fevrier-2024-768x1145.png 768w, https:\/\/www.luxsure.fr\/wp-content\/uploads\/2024\/02\/Baume-de-Nuit-Energetique-CARITA-nouveaute-fevrier-2024-600x895.png 600w, https:\/\/www.luxsure.fr\/wp-content\/uploads\/2024\/02\/Baume-de-Nuit-Energetique-CARITA-nouveaute-fevrier-2024-1030x1536.png 1030w, https:\/\/www.luxsure.fr\/wp-content\/uploads\/2024\/02\/Baume-de-Nuit-Energetique-CARITA-nouveaute-fevrier-2024-585x873.png 585w, https:\/\/www.luxsure.fr\/wp-content\/uploads\/2024\/02\/Baume-de-Nuit-Energetique-CARITA-nouveaute-fevrier-2024.png 1056w\" data-sizes=\"(max-width: 687px) 100vw, 687px\" src=\"data:image\/svg+xml;base64,PHN2ZyB3aWR0aD0iMSIgaGVpZ2h0PSIxIiB4bWxucz0iaHR0cDovL3d3dy53My5vcmcvMjAwMC9zdmciPjwvc3ZnPg==\" style=\"--smush-placeholder-width: 687px; --smush-placeholder-aspect-ratio: 687\/1024;\" \/><\/a>\n\t\t\t<\/dt><\/dl><dl class='gallery-item'>\n\t\t\t<dt class='gallery-icon landscape'>\n\t\t\t\t<a href='https:\/\/www.luxsure.fr\/en\/2024\/04\/27\/carita-presente-son-nouveau-baume-de-nuit-or-rejuvenic-et-son-nouveau-protocole-de-soin\/carita-baume-de-nuit-or-rejuvenic-nouveaute-fevrier-2024-fond-noir\/'><img decoding=\"async\" width=\"1024\" height=\"1005\" data-src=\"https:\/\/www.luxsure.fr\/wp-content\/uploads\/2024\/02\/Carita-Baume-de-Nuit-Or-Rejuvenic-nouveaute-fevrier-2024-fond-noir-1024x1005.jpg\" class=\"attachment-large size-large lazyload\" alt=\"\" data-srcset=\"https:\/\/www.luxsure.fr\/wp-content\/uploads\/2024\/02\/Carita-Baume-de-Nuit-Or-Rejuvenic-nouveaute-fevrier-2024-fond-noir-1024x1005.jpg 1024w, https:\/\/www.luxsure.fr\/wp-content\/uploads\/2024\/02\/Carita-Baume-de-Nuit-Or-Rejuvenic-nouveaute-fevrier-2024-fond-noir-300x294.jpg 300w, https:\/\/www.luxsure.fr\/wp-content\/uploads\/2024\/02\/Carita-Baume-de-Nuit-Or-Rejuvenic-nouveaute-fevrier-2024-fond-noir-768x754.jpg 768w, https:\/\/www.luxsure.fr\/wp-content\/uploads\/2024\/02\/Carita-Baume-de-Nuit-Or-Rejuvenic-nouveaute-fevrier-2024-fond-noir-600x589.jpg 600w, https:\/\/www.luxsure.fr\/wp-content\/uploads\/2024\/02\/Carita-Baume-de-Nuit-Or-Rejuvenic-nouveaute-fevrier-2024-fond-noir-1536x1507.jpg 1536w, https:\/\/www.luxsure.fr\/wp-content\/uploads\/2024\/02\/Carita-Baume-de-Nuit-Or-Rejuvenic-nouveaute-fevrier-2024-fond-noir-2048x2009.jpg 2048w, https:\/\/www.luxsure.fr\/wp-content\/uploads\/2024\/02\/Carita-Baume-de-Nuit-Or-Rejuvenic-nouveaute-fevrier-2024-fond-noir-1920x1884.jpg 1920w, https:\/\/www.luxsure.fr\/wp-content\/uploads\/2024\/02\/Carita-Baume-de-Nuit-Or-Rejuvenic-nouveaute-fevrier-2024-fond-noir-1170x1148.jpg 1170w, https:\/\/www.luxsure.fr\/wp-content\/uploads\/2024\/02\/Carita-Baume-de-Nuit-Or-Rejuvenic-nouveaute-fevrier-2024-fond-noir-585x574.jpg 585w\" data-sizes=\"(max-width: 1024px) 100vw, 1024px\" src=\"data:image\/svg+xml;base64,PHN2ZyB3aWR0aD0iMSIgaGVpZ2h0PSIxIiB4bWxucz0iaHR0cDovL3d3dy53My5vcmcvMjAwMC9zdmciPjwvc3ZnPg==\" style=\"--smush-placeholder-width: 1024px; --smush-placeholder-aspect-ratio: 1024\/1005;\" \/><\/a>\n\t\t\t<\/dt><\/dl><dl class='gallery-item'>\n\t\t\t<dt class='gallery-icon landscape'>\n\t\t\t\t<a href='https:\/\/www.luxsure.fr\/en\/2024\/04\/27\/carita-presente-son-nouveau-baume-de-nuit-or-rejuvenic-et-son-nouveau-protocole-de-soin\/carita-baume-de-nuit-or-rejuvenic-texture\/'><img decoding=\"async\" width=\"1024\" height=\"1024\" data-src=\"https:\/\/www.luxsure.fr\/wp-content\/uploads\/2024\/02\/Carita-Baume-de-Nuit-Or-Rejuvenic-Texture-1024x1024.jpg\" class=\"attachment-large size-large lazyload\" alt=\"\" data-srcset=\"https:\/\/www.luxsure.fr\/wp-content\/uploads\/2024\/02\/Carita-Baume-de-Nuit-Or-Rejuvenic-Texture-1024x1024.jpg 1024w, https:\/\/www.luxsure.fr\/wp-content\/uploads\/2024\/02\/Carita-Baume-de-Nuit-Or-Rejuvenic-Texture-300x300.jpg 300w, https:\/\/www.luxsure.fr\/wp-content\/uploads\/2024\/02\/Carita-Baume-de-Nuit-Or-Rejuvenic-Texture-768x768.jpg 768w, https:\/\/www.luxsure.fr\/wp-content\/uploads\/2024\/02\/Carita-Baume-de-Nuit-Or-Rejuvenic-Texture-600x600.jpg 600w, https:\/\/www.luxsure.fr\/wp-content\/uploads\/2024\/02\/Carita-Baume-de-Nuit-Or-Rejuvenic-Texture-585x585.jpg 585w, https:\/\/www.luxsure.fr\/wp-content\/uploads\/2024\/02\/Carita-Baume-de-Nuit-Or-Rejuvenic-Texture.jpg 1080w\" data-sizes=\"(max-width: 1024px) 100vw, 1024px\" src=\"data:image\/svg+xml;base64,PHN2ZyB3aWR0aD0iMSIgaGVpZ2h0PSIxIiB4bWxucz0iaHR0cDovL3d3dy53My5vcmcvMjAwMC9zdmciPjwvc3ZnPg==\" style=\"--smush-placeholder-width: 1024px; --smush-placeholder-aspect-ratio: 1024\/1024;\" \/><\/a>\n\t\t\t<\/dt><\/dl><br style=\"clear: both\" \/><dl class='gallery-item'>\n\t\t\t<dt class='gallery-icon landscape'>\n\t\t\t\t<a href='https:\/\/www.luxsure.fr\/en\/2024\/04\/27\/carita-presente-son-nouveau-baume-de-nuit-or-rejuvenic-et-son-nouveau-protocole-de-soin\/carita-or-nuit-paillettes\/'><img decoding=\"async\" width=\"1024\" height=\"1024\" data-src=\"https:\/\/www.luxsure.fr\/wp-content\/uploads\/2024\/02\/Carita-Or-Nuit-Paillettes-1024x1024.jpg\" class=\"attachment-large size-large lazyload\" alt=\"\" data-srcset=\"https:\/\/www.luxsure.fr\/wp-content\/uploads\/2024\/02\/Carita-Or-Nuit-Paillettes-1024x1024.jpg 1024w, https:\/\/www.luxsure.fr\/wp-content\/uploads\/2024\/02\/Carita-Or-Nuit-Paillettes-300x300.jpg 300w, https:\/\/www.luxsure.fr\/wp-content\/uploads\/2024\/02\/Carita-Or-Nuit-Paillettes-768x768.jpg 768w, https:\/\/www.luxsure.fr\/wp-content\/uploads\/2024\/02\/Carita-Or-Nuit-Paillettes-600x600.jpg 600w, https:\/\/www.luxsure.fr\/wp-content\/uploads\/2024\/02\/Carita-Or-Nuit-Paillettes-585x585.jpg 585w, https:\/\/www.luxsure.fr\/wp-content\/uploads\/2024\/02\/Carita-Or-Nuit-Paillettes.jpg 1080w\" data-sizes=\"(max-width: 1024px) 100vw, 1024px\" src=\"data:image\/svg+xml;base64,PHN2ZyB3aWR0aD0iMSIgaGVpZ2h0PSIxIiB4bWxucz0iaHR0cDovL3d3dy53My5vcmcvMjAwMC9zdmciPjwvc3ZnPg==\" style=\"--smush-placeholder-width: 1024px; --smush-placeholder-aspect-ratio: 1024\/1024;\" \/><\/a>\n\t\t\t<\/dt><\/dl><dl class='gallery-item'>\n\t\t\t<dt class='gallery-icon landscape'>\n\t\t\t\t<a href='https:\/\/www.luxsure.fr\/en\/2024\/04\/27\/carita-presente-son-nouveau-baume-de-nuit-or-rejuvenic-et-son-nouveau-protocole-de-soin\/carita_or_nuit_screen_cellule\/'><img decoding=\"async\" width=\"1024\" height=\"1024\" data-src=\"https:\/\/www.luxsure.fr\/wp-content\/uploads\/2024\/02\/carita_or_nuit_screen_cellule-1024x1024.jpg\" class=\"attachment-large size-large lazyload\" alt=\"\" data-srcset=\"https:\/\/www.luxsure.fr\/wp-content\/uploads\/2024\/02\/carita_or_nuit_screen_cellule-1024x1024.jpg 1024w, https:\/\/www.luxsure.fr\/wp-content\/uploads\/2024\/02\/carita_or_nuit_screen_cellule-300x300.jpg 300w, https:\/\/www.luxsure.fr\/wp-content\/uploads\/2024\/02\/carita_or_nuit_screen_cellule-768x768.jpg 768w, https:\/\/www.luxsure.fr\/wp-content\/uploads\/2024\/02\/carita_or_nuit_screen_cellule-600x600.jpg 600w, https:\/\/www.luxsure.fr\/wp-content\/uploads\/2024\/02\/carita_or_nuit_screen_cellule-585x585.jpg 585w, https:\/\/www.luxsure.fr\/wp-content\/uploads\/2024\/02\/carita_or_nuit_screen_cellule.jpg 1080w\" data-sizes=\"(max-width: 1024px) 100vw, 1024px\" src=\"data:image\/svg+xml;base64,PHN2ZyB3aWR0aD0iMSIgaGVpZ2h0PSIxIiB4bWxucz0iaHR0cDovL3d3dy53My5vcmcvMjAwMC9zdmciPjwvc3ZnPg==\" style=\"--smush-placeholder-width: 1024px; --smush-placeholder-aspect-ratio: 1024\/1024;\" \/><\/a>\n\t\t\t<\/dt><\/dl><dl class='gallery-item'>\n\t\t\t<dt class='gallery-icon landscape'>\n\t\t\t\t<a href='https:\/\/www.luxsure.fr\/en\/2024\/04\/27\/carita-presente-son-nouveau-baume-de-nuit-or-rejuvenic-et-son-nouveau-protocole-de-soin\/carita_or_nuit_screen_cerveau\/'><img decoding=\"async\" width=\"1024\" height=\"1024\" data-src=\"https:\/\/www.luxsure.fr\/wp-content\/uploads\/2024\/02\/carita_or_nuit_screen_cerveau-1024x1024.jpg\" class=\"attachment-large size-large lazyload\" alt=\"\" data-srcset=\"https:\/\/www.luxsure.fr\/wp-content\/uploads\/2024\/02\/carita_or_nuit_screen_cerveau-1024x1024.jpg 1024w, https:\/\/www.luxsure.fr\/wp-content\/uploads\/2024\/02\/carita_or_nuit_screen_cerveau-300x300.jpg 300w, https:\/\/www.luxsure.fr\/wp-content\/uploads\/2024\/02\/carita_or_nuit_screen_cerveau-768x768.jpg 768w, https:\/\/www.luxsure.fr\/wp-content\/uploads\/2024\/02\/carita_or_nuit_screen_cerveau-600x600.jpg 600w, https:\/\/www.luxsure.fr\/wp-content\/uploads\/2024\/02\/carita_or_nuit_screen_cerveau-585x585.jpg 585w, https:\/\/www.luxsure.fr\/wp-content\/uploads\/2024\/02\/carita_or_nuit_screen_cerveau.jpg 1080w\" data-sizes=\"(max-width: 1024px) 100vw, 1024px\" src=\"data:image\/svg+xml;base64,PHN2ZyB3aWR0aD0iMSIgaGVpZ2h0PSIxIiB4bWxucz0iaHR0cDovL3d3dy53My5vcmcvMjAwMC9zdmciPjwvc3ZnPg==\" style=\"--smush-placeholder-width: 1024px; --smush-placeholder-aspect-ratio: 1024\/1024;\" \/><\/a>\n\t\t\t<\/dt><\/dl><br style=\"clear: both\" \/><dl class='gallery-item'>\n\t\t\t<dt class='gallery-icon landscape'>\n\t\t\t\t<a href='https:\/\/www.luxsure.fr\/en\/2024\/04\/27\/carita-presente-son-nouveau-baume-de-nuit-or-rejuvenic-et-son-nouveau-protocole-de-soin\/routine-or-rejuvenic-carita\/'><img decoding=\"async\" width=\"1024\" height=\"636\" data-src=\"https:\/\/www.luxsure.fr\/wp-content\/uploads\/2024\/02\/Routine-Or-Rejuvenic-Carita-1024x636.jpg\" class=\"attachment-large size-large lazyload\" alt=\"\" data-srcset=\"https:\/\/www.luxsure.fr\/wp-content\/uploads\/2024\/02\/Routine-Or-Rejuvenic-Carita-1024x636.jpg 1024w, https:\/\/www.luxsure.fr\/wp-content\/uploads\/2024\/02\/Routine-Or-Rejuvenic-Carita-300x186.jpg 300w, https:\/\/www.luxsure.fr\/wp-content\/uploads\/2024\/02\/Routine-Or-Rejuvenic-Carita-768x477.jpg 768w, https:\/\/www.luxsure.fr\/wp-content\/uploads\/2024\/02\/Routine-Or-Rejuvenic-Carita-600x373.jpg 600w, https:\/\/www.luxsure.fr\/wp-content\/uploads\/2024\/02\/Routine-Or-Rejuvenic-Carita-1536x954.jpg 1536w, https:\/\/www.luxsure.fr\/wp-content\/uploads\/2024\/02\/Routine-Or-Rejuvenic-Carita-2048x1272.jpg 2048w, https:\/\/www.luxsure.fr\/wp-content\/uploads\/2024\/02\/Routine-Or-Rejuvenic-Carita-1920x1192.jpg 1920w, https:\/\/www.luxsure.fr\/wp-content\/uploads\/2024\/02\/Routine-Or-Rejuvenic-Carita-1170x727.jpg 1170w, https:\/\/www.luxsure.fr\/wp-content\/uploads\/2024\/02\/Routine-Or-Rejuvenic-Carita-585x363.jpg 585w\" data-sizes=\"(max-width: 1024px) 100vw, 1024px\" src=\"data:image\/svg+xml;base64,PHN2ZyB3aWR0aD0iMSIgaGVpZ2h0PSIxIiB4bWxucz0iaHR0cDovL3d3dy53My5vcmcvMjAwMC9zdmciPjwvc3ZnPg==\" style=\"--smush-placeholder-width: 1024px; --smush-placeholder-aspect-ratio: 1024\/636;\" \/><\/a>\n\t\t\t<\/dt><\/dl><dl class='gallery-item'>\n\t\t\t<dt class='gallery-icon landscape'>\n\t\t\t\t<a href='https:\/\/www.luxsure.fr\/en\/2024\/04\/27\/carita-presente-son-nouveau-baume-de-nuit-or-rejuvenic-et-son-nouveau-protocole-de-soin\/visuel-visage-1-baume-de-nuit-carita-nouveaute-fevrier-2024\/'><img decoding=\"async\" width=\"1024\" height=\"768\" data-src=\"https:\/\/www.luxsure.fr\/wp-content\/uploads\/2024\/02\/Visuel-visage-1-Baume-de-Nuit-Carita-nouveaute-fevrier-2024-1024x768.jpg\" class=\"attachment-large size-large lazyload\" alt=\"\" data-srcset=\"https:\/\/www.luxsure.fr\/wp-content\/uploads\/2024\/02\/Visuel-visage-1-Baume-de-Nuit-Carita-nouveaute-fevrier-2024-1024x768.jpg 1024w, https:\/\/www.luxsure.fr\/wp-content\/uploads\/2024\/02\/Visuel-visage-1-Baume-de-Nuit-Carita-nouveaute-fevrier-2024-300x225.jpg 300w, https:\/\/www.luxsure.fr\/wp-content\/uploads\/2024\/02\/Visuel-visage-1-Baume-de-Nuit-Carita-nouveaute-fevrier-2024-768x576.jpg 768w, https:\/\/www.luxsure.fr\/wp-content\/uploads\/2024\/02\/Visuel-visage-1-Baume-de-Nuit-Carita-nouveaute-fevrier-2024-600x450.jpg 600w, https:\/\/www.luxsure.fr\/wp-content\/uploads\/2024\/02\/Visuel-visage-1-Baume-de-Nuit-Carita-nouveaute-fevrier-2024-1536x1152.jpg 1536w, https:\/\/www.luxsure.fr\/wp-content\/uploads\/2024\/02\/Visuel-visage-1-Baume-de-Nuit-Carita-nouveaute-fevrier-2024-2048x1536.jpg 2048w, https:\/\/www.luxsure.fr\/wp-content\/uploads\/2024\/02\/Visuel-visage-1-Baume-de-Nuit-Carita-nouveaute-fevrier-2024-1920x1440.jpg 1920w, https:\/\/www.luxsure.fr\/wp-content\/uploads\/2024\/02\/Visuel-visage-1-Baume-de-Nuit-Carita-nouveaute-fevrier-2024-1170x877.jpg 1170w, https:\/\/www.luxsure.fr\/wp-content\/uploads\/2024\/02\/Visuel-visage-1-Baume-de-Nuit-Carita-nouveaute-fevrier-2024-585x439.jpg 585w\" data-sizes=\"(max-width: 1024px) 100vw, 1024px\" src=\"data:image\/svg+xml;base64,PHN2ZyB3aWR0aD0iMSIgaGVpZ2h0PSIxIiB4bWxucz0iaHR0cDovL3d3dy53My5vcmcvMjAwMC9zdmciPjwvc3ZnPg==\" style=\"--smush-placeholder-width: 1024px; --smush-placeholder-aspect-ratio: 1024\/768;\" \/><\/a>\n\t\t\t<\/dt><\/dl><dl class='gallery-item'>\n\t\t\t<dt class='gallery-icon landscape'>\n\t\t\t\t<a href='https:\/\/www.luxsure.fr\/en\/2024\/04\/27\/carita-presente-son-nouveau-baume-de-nuit-or-rejuvenic-et-son-nouveau-protocole-de-soin\/visuel-visage-2-baume-de-nuit-carita-nouveaute-fevrier-2024\/'><img decoding=\"async\" width=\"1024\" height=\"1024\" data-src=\"https:\/\/www.luxsure.fr\/wp-content\/uploads\/2024\/02\/Visuel-visage-2-Baume-de-Nuit-Carita-nouveaute-fevrier-2024-1024x1024.jpg\" class=\"attachment-large size-large lazyload\" alt=\"\" data-srcset=\"https:\/\/www.luxsure.fr\/wp-content\/uploads\/2024\/02\/Visuel-visage-2-Baume-de-Nuit-Carita-nouveaute-fevrier-2024-1024x1024.jpg 1024w, https:\/\/www.luxsure.fr\/wp-content\/uploads\/2024\/02\/Visuel-visage-2-Baume-de-Nuit-Carita-nouveaute-fevrier-2024-300x300.jpg 300w, https:\/\/www.luxsure.fr\/wp-content\/uploads\/2024\/02\/Visuel-visage-2-Baume-de-Nuit-Carita-nouveaute-fevrier-2024-768x768.jpg 768w, https:\/\/www.luxsure.fr\/wp-content\/uploads\/2024\/02\/Visuel-visage-2-Baume-de-Nuit-Carita-nouveaute-fevrier-2024-600x600.jpg 600w, https:\/\/www.luxsure.fr\/wp-content\/uploads\/2024\/02\/Visuel-visage-2-Baume-de-Nuit-Carita-nouveaute-fevrier-2024-585x585.jpg 585w, https:\/\/www.luxsure.fr\/wp-content\/uploads\/2024\/02\/Visuel-visage-2-Baume-de-Nuit-Carita-nouveaute-fevrier-2024.jpg 1080w\" data-sizes=\"(max-width: 1024px) 100vw, 1024px\" src=\"data:image\/svg+xml;base64,PHN2ZyB3aWR0aD0iMSIgaGVpZ2h0PSIxIiB4bWxucz0iaHR0cDovL3d3dy53My5vcmcvMjAwMC9zdmciPjwvc3ZnPg==\" style=\"--smush-placeholder-width: 1024px; --smush-placeholder-aspect-ratio: 1024\/1024;\" \/><\/a>\n\t\t\t<\/dt><\/dl><br style=\"clear: both\" \/><dl class='gallery-item'>\n\t\t\t<dt class='gallery-icon portrait'>\n\t\t\t\t<a href='https:\/\/www.luxsure.fr\/en\/2024\/04\/27\/carita-presente-son-nouveau-baume-de-nuit-or-rejuvenic-et-son-nouveau-protocole-de-soin\/visuel-visage-3-baume-de-nuit-carita-nouveaute-fevrier-2024\/'><img decoding=\"async\" width=\"819\" height=\"1024\" data-src=\"https:\/\/www.luxsure.fr\/wp-content\/uploads\/2024\/02\/Visuel-visage-3-Baume-de-Nuit-Carita-nouveaute-fevrier-2024-819x1024.jpg\" class=\"attachment-large size-large lazyload\" alt=\"\" data-srcset=\"https:\/\/www.luxsure.fr\/wp-content\/uploads\/2024\/02\/Visuel-visage-3-Baume-de-Nuit-Carita-nouveaute-fevrier-2024-819x1024.jpg 819w, https:\/\/www.luxsure.fr\/wp-content\/uploads\/2024\/02\/Visuel-visage-3-Baume-de-Nuit-Carita-nouveaute-fevrier-2024-240x300.jpg 240w, https:\/\/www.luxsure.fr\/wp-content\/uploads\/2024\/02\/Visuel-visage-3-Baume-de-Nuit-Carita-nouveaute-fevrier-2024-768x960.jpg 768w, https:\/\/www.luxsure.fr\/wp-content\/uploads\/2024\/02\/Visuel-visage-3-Baume-de-Nuit-Carita-nouveaute-fevrier-2024-600x750.jpg 600w, https:\/\/www.luxsure.fr\/wp-content\/uploads\/2024\/02\/Visuel-visage-3-Baume-de-Nuit-Carita-nouveaute-fevrier-2024-585x731.jpg 585w, https:\/\/www.luxsure.fr\/wp-content\/uploads\/2024\/02\/Visuel-visage-3-Baume-de-Nuit-Carita-nouveaute-fevrier-2024.jpg 1080w\" data-sizes=\"(max-width: 819px) 100vw, 819px\" src=\"data:image\/svg+xml;base64,PHN2ZyB3aWR0aD0iMSIgaGVpZ2h0PSIxIiB4bWxucz0iaHR0cDovL3d3dy53My5vcmcvMjAwMC9zdmciPjwvc3ZnPg==\" style=\"--smush-placeholder-width: 819px; --smush-placeholder-aspect-ratio: 819\/1024;\" \/><\/a>\n\t\t\t<\/dt><\/dl><dl class='gallery-item'>\n\t\t\t<dt class='gallery-icon portrait'>\n\t\t\t\t<a href='https:\/\/www.luxsure.fr\/en\/2024\/04\/27\/carita-presente-son-nouveau-baume-de-nuit-or-rejuvenic-et-son-nouveau-protocole-de-soin\/visuel-visage-4-baume-de-nuit-carita-nouveaute-fevrier-2024\/'><img decoding=\"async\" width=\"847\" height=\"1024\" data-src=\"https:\/\/www.luxsure.fr\/wp-content\/uploads\/2024\/02\/Visuel-visage-4-Baume-de-Nuit-Carita-nouveaute-fevrier-2024-847x1024.jpg\" class=\"attachment-large size-large lazyload\" alt=\"\" data-srcset=\"https:\/\/www.luxsure.fr\/wp-content\/uploads\/2024\/02\/Visuel-visage-4-Baume-de-Nuit-Carita-nouveaute-fevrier-2024-847x1024.jpg 847w, https:\/\/www.luxsure.fr\/wp-content\/uploads\/2024\/02\/Visuel-visage-4-Baume-de-Nuit-Carita-nouveaute-fevrier-2024-248x300.jpg 248w, https:\/\/www.luxsure.fr\/wp-content\/uploads\/2024\/02\/Visuel-visage-4-Baume-de-Nuit-Carita-nouveaute-fevrier-2024-768x929.jpg 768w, https:\/\/www.luxsure.fr\/wp-content\/uploads\/2024\/02\/Visuel-visage-4-Baume-de-Nuit-Carita-nouveaute-fevrier-2024-600x726.jpg 600w, https:\/\/www.luxsure.fr\/wp-content\/uploads\/2024\/02\/Visuel-visage-4-Baume-de-Nuit-Carita-nouveaute-fevrier-2024-585x707.jpg 585w, https:\/\/www.luxsure.fr\/wp-content\/uploads\/2024\/02\/Visuel-visage-4-Baume-de-Nuit-Carita-nouveaute-fevrier-2024.jpg 1080w\" data-sizes=\"(max-width: 847px) 100vw, 847px\" src=\"data:image\/svg+xml;base64,PHN2ZyB3aWR0aD0iMSIgaGVpZ2h0PSIxIiB4bWxucz0iaHR0cDovL3d3dy53My5vcmcvMjAwMC9zdmciPjwvc3ZnPg==\" style=\"--smush-placeholder-width: 847px; --smush-placeholder-aspect-ratio: 847\/1024;\" \/><\/a>\n\t\t\t<\/dt><\/dl>\n\t\t\t<br style='clear: both' \/>\n\t\t<\/div>\n\n<p>With Baume de Nuit \u00c9nerg\u00e9tique Multi-Strate R\u00e9g\u00e9n\u00e9rant, Carita invites us to plunge into a unique sensorial journey, where science and sensoriality meet to offer regenerated beauty and total relaxation.<\/p>\n","protected":false},"excerpt":{"rendered":"<p>In a world where time and external aggressions put our skin&#8217;s health to the test, Carita reinvents itself with the long-awaited release of Baume de Nuit \u00c9nerg\u00e9tique Multi-Strate R\u00e9g\u00e9n\u00e9rant, a&hellip;<\/p>\n","protected":false},"author":2,"featured_media":0,"comment_status":"closed","ping_status":"closed","sticky":false,"template":"","format":"standard","meta":{"_lmt_disableupdate":"","_lmt_disable":"","footnotes":""},"categories":[30114],"tags":[67990],"class_list":["post-2031670","post","type-post","status-publish","format-standard","hentry","category-beauty-and-perfumes","tag-carita"],"yoast_head":"<!-- This site is optimized with the Yoast SEO plugin v27.4 - https:\/\/yoast.com\/product\/yoast-seo-wordpress\/ -->\n<title>Carita presents its new Baume de Nuit Or Rejuvenic and its new skincare protocol - Luxsure<\/title>\n<meta name=\"robots\" content=\"index, follow, max-snippet:-1, max-image-preview:large, max-video-preview:-1\" \/>\n<link rel=\"canonical\" href=\"https:\/\/www.luxsure.fr\/en\/2024\/04\/27\/carita-presents-its-new-baume-de-nuit-or-rejuvenic-and-its-new-skincare-protocol\/\" \/>\n<meta name=\"twitter:label1\" content=\"Written by\" \/>\n\t<meta name=\"twitter:data1\" content=\"pascal iakovou\" \/>\n\t<meta name=\"twitter:label2\" content=\"Est. reading time\" \/>\n\t<meta name=\"twitter:data2\" content=\"2 minutes\" \/>\n<script type=\"application\/ld+json\" class=\"yoast-schema-graph\">{\"@context\":\"https:\\\/\\\/schema.org\",\"@graph\":[{\"@type\":\"Article\",\"@id\":\"https:\\\/\\\/www.luxsure.fr\\\/en\\\/2024\\\/04\\\/27\\\/carita-presents-its-new-baume-de-nuit-or-rejuvenic-and-its-new-skincare-protocol\\\/#article\",\"isPartOf\":{\"@id\":\"https:\\\/\\\/www.luxsure.fr\\\/en\\\/2024\\\/04\\\/27\\\/carita-presents-its-new-baume-de-nuit-or-rejuvenic-and-its-new-skincare-protocol\\\/\"},\"author\":{\"name\":\"pascal iakovou\",\"@id\":\"https:\\\/\\\/www.luxsure.fr\\\/#\\\/schema\\\/person\\\/e3e28d08083f4cbc258957c924e39423\"},\"headline\":\"Carita presents its new Baume de Nuit Or Rejuvenic and its new skincare protocol\",\"datePublished\":\"2024-04-27T08:40:32+00:00\",\"dateModified\":\"2026-04-27T03:50:47+00:00\",\"mainEntityOfPage\":{\"@id\":\"https:\\\/\\\/www.luxsure.fr\\\/en\\\/2024\\\/04\\\/27\\\/carita-presents-its-new-baume-de-nuit-or-rejuvenic-and-its-new-skincare-protocol\\\/\"},\"wordCount\":360,\"publisher\":{\"@id\":\"https:\\\/\\\/www.luxsure.fr\\\/#organization\"},\"keywords\":[\"Carita\"],\"articleSection\":[\"Beauty and perfumes\"],\"inLanguage\":\"en-US\"},{\"@type\":\"WebPage\",\"@id\":\"https:\\\/\\\/www.luxsure.fr\\\/en\\\/2024\\\/04\\\/27\\\/carita-presents-its-new-baume-de-nuit-or-rejuvenic-and-its-new-skincare-protocol\\\/\",\"url\":\"https:\\\/\\\/www.luxsure.fr\\\/en\\\/2024\\\/04\\\/27\\\/carita-presents-its-new-baume-de-nuit-or-rejuvenic-and-its-new-skincare-protocol\\\/\",\"name\":\"Carita presents its new Baume de Nuit Or Rejuvenic and its new skincare protocol - Luxsure\",\"isPartOf\":{\"@id\":\"https:\\\/\\\/www.luxsure.fr\\\/#website\"},\"datePublished\":\"2024-04-27T08:40:32+00:00\",\"dateModified\":\"2026-04-27T03:50:47+00:00\",\"breadcrumb\":{\"@id\":\"https:\\\/\\\/www.luxsure.fr\\\/en\\\/2024\\\/04\\\/27\\\/carita-presents-its-new-baume-de-nuit-or-rejuvenic-and-its-new-skincare-protocol\\\/#breadcrumb\"},\"inLanguage\":\"en-US\",\"potentialAction\":[{\"@type\":\"ReadAction\",\"target\":[\"https:\\\/\\\/www.luxsure.fr\\\/en\\\/2024\\\/04\\\/27\\\/carita-presents-its-new-baume-de-nuit-or-rejuvenic-and-its-new-skincare-protocol\\\/\"]}]},{\"@type\":\"BreadcrumbList\",\"@id\":\"https:\\\/\\\/www.luxsure.fr\\\/en\\\/2024\\\/04\\\/27\\\/carita-presents-its-new-baume-de-nuit-or-rejuvenic-and-its-new-skincare-protocol\\\/#breadcrumb\",\"itemListElement\":[{\"@type\":\"ListItem\",\"position\":1,\"name\":\"Accueil\",\"item\":\"https:\\\/\\\/www.luxsure.fr\\\/\"},{\"@type\":\"ListItem\",\"position\":2,\"name\":\"Carita presents its new Baume de Nuit Or Rejuvenic and its new skincare protocol\"}]},{\"@type\":\"WebSite\",\"@id\":\"https:\\\/\\\/www.luxsure.fr\\\/#website\",\"url\":\"https:\\\/\\\/www.luxsure.fr\\\/\",\"name\":\"Luxsure\",\"description\":\"UNE CERTAINE VISION DU LUXE\",\"publisher\":{\"@id\":\"https:\\\/\\\/www.luxsure.fr\\\/#organization\"},\"potentialAction\":[{\"@type\":\"SearchAction\",\"target\":{\"@type\":\"EntryPoint\",\"urlTemplate\":\"https:\\\/\\\/www.luxsure.fr\\\/?s={search_term_string}\"},\"query-input\":{\"@type\":\"PropertyValueSpecification\",\"valueRequired\":true,\"valueName\":\"search_term_string\"}}],\"inLanguage\":\"en-US\"},{\"@type\":\"Organization\",\"@id\":\"https:\\\/\\\/www.luxsure.fr\\\/#organization\",\"name\":\"Luxsure\",\"url\":\"https:\\\/\\\/www.luxsure.fr\\\/\",\"logo\":{\"@type\":\"ImageObject\",\"inLanguage\":\"en-US\",\"@id\":\"https:\\\/\\\/www.luxsure.fr\\\/#\\\/schema\\\/logo\\\/image\\\/\",\"url\":\"https:\\\/\\\/i0.wp.com\\\/www.luxsure.fr\\\/wp-content\\\/uploads\\\/2015\\\/10\\\/Capture-d\u2019\u00e9cran-2015-08-19-\u00e0-10.51.48.png?fit=551%2C400&ssl=1\",\"contentUrl\":\"https:\\\/\\\/i0.wp.com\\\/www.luxsure.fr\\\/wp-content\\\/uploads\\\/2015\\\/10\\\/Capture-d\u2019\u00e9cran-2015-08-19-\u00e0-10.51.48.png?fit=551%2C400&ssl=1\",\"width\":551,\"height\":400,\"caption\":\"Luxsure\"},\"image\":{\"@id\":\"https:\\\/\\\/www.luxsure.fr\\\/#\\\/schema\\\/logo\\\/image\\\/\"}},{\"@type\":\"Person\",\"@id\":\"https:\\\/\\\/www.luxsure.fr\\\/#\\\/schema\\\/person\\\/e3e28d08083f4cbc258957c924e39423\",\"name\":\"pascal iakovou\",\"image\":{\"@type\":\"ImageObject\",\"inLanguage\":\"en-US\",\"@id\":\"https:\\\/\\\/secure.gravatar.com\\\/avatar\\\/358546e9ab7afafbb35961f747089b93cb88ca12b7a9fcd0c7922cc45f092613?s=96&d=mm&r=g\",\"url\":\"https:\\\/\\\/secure.gravatar.com\\\/avatar\\\/358546e9ab7afafbb35961f747089b93cb88ca12b7a9fcd0c7922cc45f092613?s=96&d=mm&r=g\",\"contentUrl\":\"https:\\\/\\\/secure.gravatar.com\\\/avatar\\\/358546e9ab7afafbb35961f747089b93cb88ca12b7a9fcd0c7922cc45f092613?s=96&d=mm&r=g\",\"caption\":\"pascal iakovou\"},\"sameAs\":[\"http:\\\/\\\/www.luxsure.Fr\"],\"url\":\"https:\\\/\\\/www.luxsure.fr\\\/en\\\/author\\\/pascal\\\/\"}]}<\/script>\n<!-- \/ Yoast SEO plugin. -->","yoast_head_json":{"title":"Carita presents its new Baume de Nuit Or Rejuvenic and its new skincare protocol - Luxsure","robots":{"index":"index","follow":"follow","max-snippet":"max-snippet:-1","max-image-preview":"max-image-preview:large","max-video-preview":"max-video-preview:-1"},"canonical":"https:\/\/www.luxsure.fr\/en\/2024\/04\/27\/carita-presents-its-new-baume-de-nuit-or-rejuvenic-and-its-new-skincare-protocol\/","twitter_misc":{"Written by":"pascal iakovou","Est. reading time":"2 minutes"},"schema":{"@context":"https:\/\/schema.org","@graph":[{"@type":"Article","@id":"https:\/\/www.luxsure.fr\/en\/2024\/04\/27\/carita-presents-its-new-baume-de-nuit-or-rejuvenic-and-its-new-skincare-protocol\/#article","isPartOf":{"@id":"https:\/\/www.luxsure.fr\/en\/2024\/04\/27\/carita-presents-its-new-baume-de-nuit-or-rejuvenic-and-its-new-skincare-protocol\/"},"author":{"name":"pascal iakovou","@id":"https:\/\/www.luxsure.fr\/#\/schema\/person\/e3e28d08083f4cbc258957c924e39423"},"headline":"Carita presents its new Baume de Nuit Or Rejuvenic and its new skincare protocol","datePublished":"2024-04-27T08:40:32+00:00","dateModified":"2026-04-27T03:50:47+00:00","mainEntityOfPage":{"@id":"https:\/\/www.luxsure.fr\/en\/2024\/04\/27\/carita-presents-its-new-baume-de-nuit-or-rejuvenic-and-its-new-skincare-protocol\/"},"wordCount":360,"publisher":{"@id":"https:\/\/www.luxsure.fr\/#organization"},"keywords":["Carita"],"articleSection":["Beauty and perfumes"],"inLanguage":"en-US"},{"@type":"WebPage","@id":"https:\/\/www.luxsure.fr\/en\/2024\/04\/27\/carita-presents-its-new-baume-de-nuit-or-rejuvenic-and-its-new-skincare-protocol\/","url":"https:\/\/www.luxsure.fr\/en\/2024\/04\/27\/carita-presents-its-new-baume-de-nuit-or-rejuvenic-and-its-new-skincare-protocol\/","name":"Carita presents its new Baume de Nuit Or Rejuvenic and its new skincare protocol - Luxsure","isPartOf":{"@id":"https:\/\/www.luxsure.fr\/#website"},"datePublished":"2024-04-27T08:40:32+00:00","dateModified":"2026-04-27T03:50:47+00:00","breadcrumb":{"@id":"https:\/\/www.luxsure.fr\/en\/2024\/04\/27\/carita-presents-its-new-baume-de-nuit-or-rejuvenic-and-its-new-skincare-protocol\/#breadcrumb"},"inLanguage":"en-US","potentialAction":[{"@type":"ReadAction","target":["https:\/\/www.luxsure.fr\/en\/2024\/04\/27\/carita-presents-its-new-baume-de-nuit-or-rejuvenic-and-its-new-skincare-protocol\/"]}]},{"@type":"BreadcrumbList","@id":"https:\/\/www.luxsure.fr\/en\/2024\/04\/27\/carita-presents-its-new-baume-de-nuit-or-rejuvenic-and-its-new-skincare-protocol\/#breadcrumb","itemListElement":[{"@type":"ListItem","position":1,"name":"Accueil","item":"https:\/\/www.luxsure.fr\/"},{"@type":"ListItem","position":2,"name":"Carita presents its new Baume de Nuit Or Rejuvenic and its new skincare protocol"}]},{"@type":"WebSite","@id":"https:\/\/www.luxsure.fr\/#website","url":"https:\/\/www.luxsure.fr\/","name":"Luxsure","description":"UNE CERTAINE VISION DU LUXE","publisher":{"@id":"https:\/\/www.luxsure.fr\/#organization"},"potentialAction":[{"@type":"SearchAction","target":{"@type":"EntryPoint","urlTemplate":"https:\/\/www.luxsure.fr\/?s={search_term_string}"},"query-input":{"@type":"PropertyValueSpecification","valueRequired":true,"valueName":"search_term_string"}}],"inLanguage":"en-US"},{"@type":"Organization","@id":"https:\/\/www.luxsure.fr\/#organization","name":"Luxsure","url":"https:\/\/www.luxsure.fr\/","logo":{"@type":"ImageObject","inLanguage":"en-US","@id":"https:\/\/www.luxsure.fr\/#\/schema\/logo\/image\/","url":"https:\/\/i0.wp.com\/www.luxsure.fr\/wp-content\/uploads\/2015\/10\/Capture-d\u2019\u00e9cran-2015-08-19-\u00e0-10.51.48.png?fit=551%2C400&ssl=1","contentUrl":"https:\/\/i0.wp.com\/www.luxsure.fr\/wp-content\/uploads\/2015\/10\/Capture-d\u2019\u00e9cran-2015-08-19-\u00e0-10.51.48.png?fit=551%2C400&ssl=1","width":551,"height":400,"caption":"Luxsure"},"image":{"@id":"https:\/\/www.luxsure.fr\/#\/schema\/logo\/image\/"}},{"@type":"Person","@id":"https:\/\/www.luxsure.fr\/#\/schema\/person\/e3e28d08083f4cbc258957c924e39423","name":"pascal iakovou","image":{"@type":"ImageObject","inLanguage":"en-US","@id":"https:\/\/secure.gravatar.com\/avatar\/358546e9ab7afafbb35961f747089b93cb88ca12b7a9fcd0c7922cc45f092613?s=96&d=mm&r=g","url":"https:\/\/secure.gravatar.com\/avatar\/358546e9ab7afafbb35961f747089b93cb88ca12b7a9fcd0c7922cc45f092613?s=96&d=mm&r=g","contentUrl":"https:\/\/secure.gravatar.com\/avatar\/358546e9ab7afafbb35961f747089b93cb88ca12b7a9fcd0c7922cc45f092613?s=96&d=mm&r=g","caption":"pascal iakovou"},"sameAs":["http:\/\/www.luxsure.Fr"],"url":"https:\/\/www.luxsure.fr\/en\/author\/pascal\/"}]}},"_links":{"self":[{"href":"https:\/\/www.luxsure.fr\/en\/wp-json\/wp\/v2\/posts\/2031670","targetHints":{"allow":["GET"]}}],"collection":[{"href":"https:\/\/www.luxsure.fr\/en\/wp-json\/wp\/v2\/posts"}],"about":[{"href":"https:\/\/www.luxsure.fr\/en\/wp-json\/wp\/v2\/types\/post"}],"author":[{"embeddable":true,"href":"https:\/\/www.luxsure.fr\/en\/wp-json\/wp\/v2\/users\/2"}],"replies":[{"embeddable":true,"href":"https:\/\/www.luxsure.fr\/en\/wp-json\/wp\/v2\/comments?post=2031670"}],"version-history":[{"count":0,"href":"https:\/\/www.luxsure.fr\/en\/wp-json\/wp\/v2\/posts\/2031670\/revisions"}],"wp:attachment":[{"href":"https:\/\/www.luxsure.fr\/en\/wp-json\/wp\/v2\/media?parent=2031670"}],"wp:term":[{"taxonomy":"category","embeddable":true,"href":"https:\/\/www.luxsure.fr\/en\/wp-json\/wp\/v2\/categories?post=2031670"},{"taxonomy":"post_tag","embeddable":true,"href":"https:\/\/www.luxsure.fr\/en\/wp-json\/wp\/v2\/tags?post=2031670"}],"curies":[{"name":"wp","href":"https:\/\/api.w.org\/{rel}","templated":true}]}}