{"id":2031400,"date":"2022-01-11T16:48:00","date_gmt":"2022-01-11T15:48:00","guid":{"rendered":"https:\/\/www.luxsure.fr\/2022\/01\/11\/lorena-vergani-launches-her-perfume-with-the-nose-of-stephanie-de-brujin\/"},"modified":"2026-04-27T04:57:49","modified_gmt":"2026-04-27T02:57:49","slug":"lorena-vergani-launches-her-perfume-with-the-nose-of-stephanie-de-brujin","status":"publish","type":"post","link":"https:\/\/www.luxsure.fr\/en\/2022\/01\/11\/lorena-vergani-launches-her-perfume-with-the-nose-of-stephanie-de-brujin\/","title":{"rendered":"LORENA VERGANI LAUNCHES HER PERFUME WITH THE NOSE OF STEPHANIE DE BRUJIN"},"content":{"rendered":"<p>LORENA VERGANI LAUNCHES HER PERFUME WITH THE NOSE OF STEPHANIE DE BRUJIN<\/p>\n<p>A few days ago, Lorena Vergani launched her first fragrance, the result of a meeting with nose St\u00e9phanie de Brujin.<\/p>\n<p><img decoding=\"async\" data-src=\"https:\/\/refresh-bee-production.s3.amazonaws.com\/beefree\/images\/c23cb9a75b8e9c6d6a82be63afe51e82ca5332be63f02255a1c0afbb1eeb637a\/editor_images\/1_61.jpg\" alt=\"1_61.jpg\" width=\"495\" src=\"data:image\/svg+xml;base64,PHN2ZyB3aWR0aD0iMSIgaGVpZ2h0PSIxIiB4bWxucz0iaHR0cDovL3d3dy53My5vcmcvMjAwMC9zdmciPjwvc3ZnPg==\" class=\"lazyload\" \/><\/p>\n<p>First come the tangy notes of the citrus, orange and lemon trees that populate the sunny garden. Then come scents of rose,<br \/>\nfeminine and delicate, reminiscent of the fresh flowers that perfume the house. Finally, oud wood, carnal and enveloping, which<br \/>\nimmediately evokes the Orient, its mysteries and secrets.  <\/p>\n<p>For her first olfactory creation, Lorena Vergani unveils a fragrance that recounts her childhood in Spain, but also<br \/>\nher travels in Egypt. This subtle composition, created with nose St\u00e9phanie De Bruijn, transforms as the<br \/>\nday progresses, while the freshness of citrus gives way to the sensuality of oud wood and rose. It leaves an intoxicating trail,<br \/>\nan indelible imprint.  <\/p>\n<p>Lorena perfume by Lorena Vergani and St\u00e9phanie De Bruijn will be available at St\u00e9phanie De Bruijn, 52 rue de l&#8217;Universit\u00e9, and at Jovoy, 4 rue de Castiglione.<\/p>\n","protected":false},"excerpt":{"rendered":"<p>LORENA VERGANI LAUNCHES HER PERFUME WITH THE NOSE OF STEPHANIE DE BRUJIN A few days ago, Lorena Vergani launched her first fragrance, the result of a meeting with nose St\u00e9phanie&hellip;<\/p>\n","protected":false},"author":2,"featured_media":1677965,"comment_status":"closed","ping_status":"closed","sticky":false,"template":"","format":"standard","meta":{"_lmt_disableupdate":"","_lmt_disable":"","footnotes":""},"categories":[30114],"tags":[68020],"class_list":["post-2031400","post","type-post","status-publish","format-standard","has-post-thumbnail","hentry","category-beauty-and-perfumes","tag-lorena-vergani"],"yoast_head":"<!-- This site is optimized with the Yoast SEO plugin v27.5 - https:\/\/yoast.com\/product\/yoast-seo-wordpress\/ -->\n<title>LORENA VERGANI LAUNCHES HER PERFUME WITH THE NOSE OF STEPHANIE DE BRUJIN - Luxsure<\/title>\n<meta name=\"robots\" content=\"index, follow, max-snippet:-1, max-image-preview:large, max-video-preview:-1\" \/>\n<link rel=\"canonical\" href=\"https:\/\/www.luxsure.fr\/en\/2022\/01\/11\/lorena-vergani-launches-her-perfume-with-the-nose-of-stephanie-de-brujin\/\" \/>\n<meta name=\"twitter:label1\" content=\"Written by\" \/>\n\t<meta name=\"twitter:data1\" content=\"pascal iakovou\" \/>\n\t<meta name=\"twitter:label2\" content=\"Est. reading time\" \/>\n\t<meta name=\"twitter:data2\" content=\"1 minute\" \/>\n<script type=\"application\/ld+json\" class=\"yoast-schema-graph\">{\"@context\":\"https:\\\/\\\/schema.org\",\"@graph\":[{\"@type\":\"Article\",\"@id\":\"https:\\\/\\\/www.luxsure.fr\\\/en\\\/2022\\\/01\\\/11\\\/lorena-vergani-launches-her-perfume-with-the-nose-of-stephanie-de-brujin\\\/#article\",\"isPartOf\":{\"@id\":\"https:\\\/\\\/www.luxsure.fr\\\/en\\\/2022\\\/01\\\/11\\\/lorena-vergani-launches-her-perfume-with-the-nose-of-stephanie-de-brujin\\\/\"},\"author\":{\"name\":\"pascal iakovou\",\"@id\":\"https:\\\/\\\/www.luxsure.fr\\\/#\\\/schema\\\/person\\\/e3e28d08083f4cbc258957c924e39423\"},\"headline\":\"LORENA VERGANI LAUNCHES HER PERFUME WITH THE NOSE OF STEPHANIE DE BRUJIN\",\"datePublished\":\"2022-01-11T15:48:00+00:00\",\"dateModified\":\"2026-04-27T02:57:49+00:00\",\"mainEntityOfPage\":{\"@id\":\"https:\\\/\\\/www.luxsure.fr\\\/en\\\/2022\\\/01\\\/11\\\/lorena-vergani-launches-her-perfume-with-the-nose-of-stephanie-de-brujin\\\/\"},\"wordCount\":182,\"publisher\":{\"@id\":\"https:\\\/\\\/www.luxsure.fr\\\/#organization\"},\"image\":{\"@id\":\"https:\\\/\\\/www.luxsure.fr\\\/en\\\/2022\\\/01\\\/11\\\/lorena-vergani-launches-her-perfume-with-the-nose-of-stephanie-de-brujin\\\/#primaryimage\"},\"thumbnailUrl\":\"https:\\\/\\\/www.luxsure.fr\\\/wp-content\\\/uploads\\\/2021\\\/12\\\/unnamed.jpg\",\"keywords\":[\"LORENA VERGANI\"],\"articleSection\":[\"Beauty and perfumes\"],\"inLanguage\":\"en-US\"},{\"@type\":\"WebPage\",\"@id\":\"https:\\\/\\\/www.luxsure.fr\\\/en\\\/2022\\\/01\\\/11\\\/lorena-vergani-launches-her-perfume-with-the-nose-of-stephanie-de-brujin\\\/\",\"url\":\"https:\\\/\\\/www.luxsure.fr\\\/en\\\/2022\\\/01\\\/11\\\/lorena-vergani-launches-her-perfume-with-the-nose-of-stephanie-de-brujin\\\/\",\"name\":\"LORENA VERGANI LAUNCHES HER PERFUME WITH THE NOSE OF STEPHANIE DE BRUJIN - Luxsure\",\"isPartOf\":{\"@id\":\"https:\\\/\\\/www.luxsure.fr\\\/#website\"},\"primaryImageOfPage\":{\"@id\":\"https:\\\/\\\/www.luxsure.fr\\\/en\\\/2022\\\/01\\\/11\\\/lorena-vergani-launches-her-perfume-with-the-nose-of-stephanie-de-brujin\\\/#primaryimage\"},\"image\":{\"@id\":\"https:\\\/\\\/www.luxsure.fr\\\/en\\\/2022\\\/01\\\/11\\\/lorena-vergani-launches-her-perfume-with-the-nose-of-stephanie-de-brujin\\\/#primaryimage\"},\"thumbnailUrl\":\"https:\\\/\\\/www.luxsure.fr\\\/wp-content\\\/uploads\\\/2021\\\/12\\\/unnamed.jpg\",\"datePublished\":\"2022-01-11T15:48:00+00:00\",\"dateModified\":\"2026-04-27T02:57:49+00:00\",\"breadcrumb\":{\"@id\":\"https:\\\/\\\/www.luxsure.fr\\\/en\\\/2022\\\/01\\\/11\\\/lorena-vergani-launches-her-perfume-with-the-nose-of-stephanie-de-brujin\\\/#breadcrumb\"},\"inLanguage\":\"en-US\",\"potentialAction\":[{\"@type\":\"ReadAction\",\"target\":[\"https:\\\/\\\/www.luxsure.fr\\\/en\\\/2022\\\/01\\\/11\\\/lorena-vergani-launches-her-perfume-with-the-nose-of-stephanie-de-brujin\\\/\"]}]},{\"@type\":\"ImageObject\",\"inLanguage\":\"en-US\",\"@id\":\"https:\\\/\\\/www.luxsure.fr\\\/en\\\/2022\\\/01\\\/11\\\/lorena-vergani-launches-her-perfume-with-the-nose-of-stephanie-de-brujin\\\/#primaryimage\",\"url\":\"https:\\\/\\\/www.luxsure.fr\\\/wp-content\\\/uploads\\\/2021\\\/12\\\/unnamed.jpg\",\"contentUrl\":\"https:\\\/\\\/www.luxsure.fr\\\/wp-content\\\/uploads\\\/2021\\\/12\\\/unnamed.jpg\",\"width\":879,\"height\":584},{\"@type\":\"BreadcrumbList\",\"@id\":\"https:\\\/\\\/www.luxsure.fr\\\/en\\\/2022\\\/01\\\/11\\\/lorena-vergani-launches-her-perfume-with-the-nose-of-stephanie-de-brujin\\\/#breadcrumb\",\"itemListElement\":[{\"@type\":\"ListItem\",\"position\":1,\"name\":\"Accueil\",\"item\":\"https:\\\/\\\/www.luxsure.fr\\\/\"},{\"@type\":\"ListItem\",\"position\":2,\"name\":\"LORENA VERGANI LAUNCHES HER PERFUME WITH THE NOSE OF STEPHANIE DE BRUJIN\"}]},{\"@type\":\"WebSite\",\"@id\":\"https:\\\/\\\/www.luxsure.fr\\\/#website\",\"url\":\"https:\\\/\\\/www.luxsure.fr\\\/\",\"name\":\"Luxsure\",\"description\":\"UNE CERTAINE VISION DU LUXE\",\"publisher\":{\"@id\":\"https:\\\/\\\/www.luxsure.fr\\\/#organization\"},\"potentialAction\":[{\"@type\":\"SearchAction\",\"target\":{\"@type\":\"EntryPoint\",\"urlTemplate\":\"https:\\\/\\\/www.luxsure.fr\\\/?s={search_term_string}\"},\"query-input\":{\"@type\":\"PropertyValueSpecification\",\"valueRequired\":true,\"valueName\":\"search_term_string\"}}],\"inLanguage\":\"en-US\"},{\"@type\":\"Organization\",\"@id\":\"https:\\\/\\\/www.luxsure.fr\\\/#organization\",\"name\":\"Luxsure\",\"url\":\"https:\\\/\\\/www.luxsure.fr\\\/\",\"logo\":{\"@type\":\"ImageObject\",\"inLanguage\":\"en-US\",\"@id\":\"https:\\\/\\\/www.luxsure.fr\\\/#\\\/schema\\\/logo\\\/image\\\/\",\"url\":\"https:\\\/\\\/i0.wp.com\\\/www.luxsure.fr\\\/wp-content\\\/uploads\\\/2015\\\/10\\\/Capture-d\u2019\u00e9cran-2015-08-19-\u00e0-10.51.48.png?fit=551%2C400&ssl=1\",\"contentUrl\":\"https:\\\/\\\/i0.wp.com\\\/www.luxsure.fr\\\/wp-content\\\/uploads\\\/2015\\\/10\\\/Capture-d\u2019\u00e9cran-2015-08-19-\u00e0-10.51.48.png?fit=551%2C400&ssl=1\",\"width\":551,\"height\":400,\"caption\":\"Luxsure\"},\"image\":{\"@id\":\"https:\\\/\\\/www.luxsure.fr\\\/#\\\/schema\\\/logo\\\/image\\\/\"}},{\"@type\":\"Person\",\"@id\":\"https:\\\/\\\/www.luxsure.fr\\\/#\\\/schema\\\/person\\\/e3e28d08083f4cbc258957c924e39423\",\"name\":\"pascal iakovou\",\"image\":{\"@type\":\"ImageObject\",\"inLanguage\":\"en-US\",\"@id\":\"https:\\\/\\\/secure.gravatar.com\\\/avatar\\\/358546e9ab7afafbb35961f747089b93cb88ca12b7a9fcd0c7922cc45f092613?s=96&d=mm&r=g\",\"url\":\"https:\\\/\\\/secure.gravatar.com\\\/avatar\\\/358546e9ab7afafbb35961f747089b93cb88ca12b7a9fcd0c7922cc45f092613?s=96&d=mm&r=g\",\"contentUrl\":\"https:\\\/\\\/secure.gravatar.com\\\/avatar\\\/358546e9ab7afafbb35961f747089b93cb88ca12b7a9fcd0c7922cc45f092613?s=96&d=mm&r=g\",\"caption\":\"pascal iakovou\"},\"sameAs\":[\"http:\\\/\\\/www.luxsure.Fr\"],\"url\":\"https:\\\/\\\/www.luxsure.fr\\\/en\\\/author\\\/pascal\\\/\"}]}<\/script>\n<!-- \/ Yoast SEO plugin. -->","yoast_head_json":{"title":"LORENA VERGANI LAUNCHES HER PERFUME WITH THE NOSE OF STEPHANIE DE BRUJIN - Luxsure","robots":{"index":"index","follow":"follow","max-snippet":"max-snippet:-1","max-image-preview":"max-image-preview:large","max-video-preview":"max-video-preview:-1"},"canonical":"https:\/\/www.luxsure.fr\/en\/2022\/01\/11\/lorena-vergani-launches-her-perfume-with-the-nose-of-stephanie-de-brujin\/","twitter_misc":{"Written by":"pascal iakovou","Est. reading time":"1 minute"},"schema":{"@context":"https:\/\/schema.org","@graph":[{"@type":"Article","@id":"https:\/\/www.luxsure.fr\/en\/2022\/01\/11\/lorena-vergani-launches-her-perfume-with-the-nose-of-stephanie-de-brujin\/#article","isPartOf":{"@id":"https:\/\/www.luxsure.fr\/en\/2022\/01\/11\/lorena-vergani-launches-her-perfume-with-the-nose-of-stephanie-de-brujin\/"},"author":{"name":"pascal iakovou","@id":"https:\/\/www.luxsure.fr\/#\/schema\/person\/e3e28d08083f4cbc258957c924e39423"},"headline":"LORENA VERGANI LAUNCHES HER PERFUME WITH THE NOSE OF STEPHANIE DE BRUJIN","datePublished":"2022-01-11T15:48:00+00:00","dateModified":"2026-04-27T02:57:49+00:00","mainEntityOfPage":{"@id":"https:\/\/www.luxsure.fr\/en\/2022\/01\/11\/lorena-vergani-launches-her-perfume-with-the-nose-of-stephanie-de-brujin\/"},"wordCount":182,"publisher":{"@id":"https:\/\/www.luxsure.fr\/#organization"},"image":{"@id":"https:\/\/www.luxsure.fr\/en\/2022\/01\/11\/lorena-vergani-launches-her-perfume-with-the-nose-of-stephanie-de-brujin\/#primaryimage"},"thumbnailUrl":"https:\/\/www.luxsure.fr\/wp-content\/uploads\/2021\/12\/unnamed.jpg","keywords":["LORENA VERGANI"],"articleSection":["Beauty and perfumes"],"inLanguage":"en-US"},{"@type":"WebPage","@id":"https:\/\/www.luxsure.fr\/en\/2022\/01\/11\/lorena-vergani-launches-her-perfume-with-the-nose-of-stephanie-de-brujin\/","url":"https:\/\/www.luxsure.fr\/en\/2022\/01\/11\/lorena-vergani-launches-her-perfume-with-the-nose-of-stephanie-de-brujin\/","name":"LORENA VERGANI LAUNCHES HER PERFUME WITH THE NOSE OF STEPHANIE DE BRUJIN - Luxsure","isPartOf":{"@id":"https:\/\/www.luxsure.fr\/#website"},"primaryImageOfPage":{"@id":"https:\/\/www.luxsure.fr\/en\/2022\/01\/11\/lorena-vergani-launches-her-perfume-with-the-nose-of-stephanie-de-brujin\/#primaryimage"},"image":{"@id":"https:\/\/www.luxsure.fr\/en\/2022\/01\/11\/lorena-vergani-launches-her-perfume-with-the-nose-of-stephanie-de-brujin\/#primaryimage"},"thumbnailUrl":"https:\/\/www.luxsure.fr\/wp-content\/uploads\/2021\/12\/unnamed.jpg","datePublished":"2022-01-11T15:48:00+00:00","dateModified":"2026-04-27T02:57:49+00:00","breadcrumb":{"@id":"https:\/\/www.luxsure.fr\/en\/2022\/01\/11\/lorena-vergani-launches-her-perfume-with-the-nose-of-stephanie-de-brujin\/#breadcrumb"},"inLanguage":"en-US","potentialAction":[{"@type":"ReadAction","target":["https:\/\/www.luxsure.fr\/en\/2022\/01\/11\/lorena-vergani-launches-her-perfume-with-the-nose-of-stephanie-de-brujin\/"]}]},{"@type":"ImageObject","inLanguage":"en-US","@id":"https:\/\/www.luxsure.fr\/en\/2022\/01\/11\/lorena-vergani-launches-her-perfume-with-the-nose-of-stephanie-de-brujin\/#primaryimage","url":"https:\/\/www.luxsure.fr\/wp-content\/uploads\/2021\/12\/unnamed.jpg","contentUrl":"https:\/\/www.luxsure.fr\/wp-content\/uploads\/2021\/12\/unnamed.jpg","width":879,"height":584},{"@type":"BreadcrumbList","@id":"https:\/\/www.luxsure.fr\/en\/2022\/01\/11\/lorena-vergani-launches-her-perfume-with-the-nose-of-stephanie-de-brujin\/#breadcrumb","itemListElement":[{"@type":"ListItem","position":1,"name":"Accueil","item":"https:\/\/www.luxsure.fr\/"},{"@type":"ListItem","position":2,"name":"LORENA VERGANI LAUNCHES HER PERFUME WITH THE NOSE OF STEPHANIE DE BRUJIN"}]},{"@type":"WebSite","@id":"https:\/\/www.luxsure.fr\/#website","url":"https:\/\/www.luxsure.fr\/","name":"Luxsure","description":"UNE CERTAINE VISION DU LUXE","publisher":{"@id":"https:\/\/www.luxsure.fr\/#organization"},"potentialAction":[{"@type":"SearchAction","target":{"@type":"EntryPoint","urlTemplate":"https:\/\/www.luxsure.fr\/?s={search_term_string}"},"query-input":{"@type":"PropertyValueSpecification","valueRequired":true,"valueName":"search_term_string"}}],"inLanguage":"en-US"},{"@type":"Organization","@id":"https:\/\/www.luxsure.fr\/#organization","name":"Luxsure","url":"https:\/\/www.luxsure.fr\/","logo":{"@type":"ImageObject","inLanguage":"en-US","@id":"https:\/\/www.luxsure.fr\/#\/schema\/logo\/image\/","url":"https:\/\/i0.wp.com\/www.luxsure.fr\/wp-content\/uploads\/2015\/10\/Capture-d\u2019\u00e9cran-2015-08-19-\u00e0-10.51.48.png?fit=551%2C400&ssl=1","contentUrl":"https:\/\/i0.wp.com\/www.luxsure.fr\/wp-content\/uploads\/2015\/10\/Capture-d\u2019\u00e9cran-2015-08-19-\u00e0-10.51.48.png?fit=551%2C400&ssl=1","width":551,"height":400,"caption":"Luxsure"},"image":{"@id":"https:\/\/www.luxsure.fr\/#\/schema\/logo\/image\/"}},{"@type":"Person","@id":"https:\/\/www.luxsure.fr\/#\/schema\/person\/e3e28d08083f4cbc258957c924e39423","name":"pascal iakovou","image":{"@type":"ImageObject","inLanguage":"en-US","@id":"https:\/\/secure.gravatar.com\/avatar\/358546e9ab7afafbb35961f747089b93cb88ca12b7a9fcd0c7922cc45f092613?s=96&d=mm&r=g","url":"https:\/\/secure.gravatar.com\/avatar\/358546e9ab7afafbb35961f747089b93cb88ca12b7a9fcd0c7922cc45f092613?s=96&d=mm&r=g","contentUrl":"https:\/\/secure.gravatar.com\/avatar\/358546e9ab7afafbb35961f747089b93cb88ca12b7a9fcd0c7922cc45f092613?s=96&d=mm&r=g","caption":"pascal iakovou"},"sameAs":["http:\/\/www.luxsure.Fr"],"url":"https:\/\/www.luxsure.fr\/en\/author\/pascal\/"}]}},"_links":{"self":[{"href":"https:\/\/www.luxsure.fr\/en\/wp-json\/wp\/v2\/posts\/2031400","targetHints":{"allow":["GET"]}}],"collection":[{"href":"https:\/\/www.luxsure.fr\/en\/wp-json\/wp\/v2\/posts"}],"about":[{"href":"https:\/\/www.luxsure.fr\/en\/wp-json\/wp\/v2\/types\/post"}],"author":[{"embeddable":true,"href":"https:\/\/www.luxsure.fr\/en\/wp-json\/wp\/v2\/users\/2"}],"replies":[{"embeddable":true,"href":"https:\/\/www.luxsure.fr\/en\/wp-json\/wp\/v2\/comments?post=2031400"}],"version-history":[{"count":0,"href":"https:\/\/www.luxsure.fr\/en\/wp-json\/wp\/v2\/posts\/2031400\/revisions"}],"wp:featuredmedia":[{"embeddable":true,"href":"https:\/\/www.luxsure.fr\/en\/wp-json\/wp\/v2\/media\/1677965"}],"wp:attachment":[{"href":"https:\/\/www.luxsure.fr\/en\/wp-json\/wp\/v2\/media?parent=2031400"}],"wp:term":[{"taxonomy":"category","embeddable":true,"href":"https:\/\/www.luxsure.fr\/en\/wp-json\/wp\/v2\/categories?post=2031400"},{"taxonomy":"post_tag","embeddable":true,"href":"https:\/\/www.luxsure.fr\/en\/wp-json\/wp\/v2\/tags?post=2031400"}],"curies":[{"name":"wp","href":"https:\/\/api.w.org\/{rel}","templated":true}]}}