{"id":2031137,"date":"2020-06-15T11:37:46","date_gmt":"2020-06-15T09:37:46","guid":{"rendered":"https:\/\/www.luxsure.fr\/2020\/06\/15\/wines-of-the-summer-sebastien-laffittes-rose-s-2019-vintage\/"},"modified":"2026-04-27T04:13:41","modified_gmt":"2026-04-27T02:13:41","slug":"wines-of-the-summer-sebastien-laffittes-rose-s-2019-vintage","status":"publish","type":"post","link":"https:\/\/www.luxsure.fr\/en\/2020\/06\/15\/wines-of-the-summer-sebastien-laffittes-rose-s-2019-vintage\/","title":{"rendered":"Wines of the summer: S\u00e9bastien Laffitte&#8217;s Ros\u00e9 &#8220;S&#8221; &#8211; 2019 vintage"},"content":{"rendered":"<p><strong>S\u00e9bastien Laffitte&#8217;s Ros\u00e9 &#8220;S&#8221; 2019 vintage<\/strong><br \/>\n<em>Simply exceptional<\/em><\/p>\n<p><strong>On May 11, the day of decanting, &#8220;S&#8221; By S\u00e9bastien Laffitte Ros\u00e9, vintage 2019, is launched. A Ros\u00e9 with a pale salmon-pink color, sparkling and crystalline nuances, sensual, gourmand and delicate. A wine that evokes vacations and relaxation wherever you are. To celebrate #d\u00e9confinement, a sort of vacation before its time, this Ros\u00e9, initially priced at \u20ac20, is now offered at a public price of \u20ac12.95, like the rest of the ros\u00e9 range. To order, simply go to the boutique and click on :      <\/strong><a href=\"https:\/\/u2993374.ct.sendgrid.net\/ls\/click?upn=iVbkGEPwLzho0FyWtViy6Kz4qOgEj2dalQHlAwmsSF0gR8ZtB2LCkhC6pOp1aK-2BYqELVcrWJLNSaMlspgYbwR3sJoGi-2FRLcZO5HY9NnfUua3rp4-2FCTzl8GPZvUiLIYPl8pm60TRxMMIMN07nzmQNcg-3D-3DN8V9_YdLQUIKaov6ZWiz5tgGnTnYKMqNmsyQfVC-2BHpOf7LALhiOqI8HiygAGjBCRWS34vzfzklmTuMa8K5dviVVw-2BKta4ZYVhTLdTNB2-2FFt6RJ4SFgGnKdWrawfgVzZr0FnVqWgLNcPDEQ32WTbGZFPEDZm8-2Ff-2BPdDVwjKaVlvcyBhErxp5FzfAA9ht8l3guCSeqfMf7t2YMy7syJZsMy3g0O20X39GH7fEFJ2jOMZSA5Iuo-3D\"><strong>Ros\u00e9 &#8220;S&#8221; 2019<\/strong><\/a><\/p>\n<p>S\u00e9bastien Laffitte imagined and created his Ros\u00e9s with a few ideas in mind: freshness, sharing, gourmet pleasure and vacations. Take your Ros\u00e9, a nice tablecloth, some victuals and relax. For two or more * and whatever the setting, drinking one of his Ros\u00e9s &#8220;S By S\u00e9bastien Laffitte&#8221; is already a vacation.<br \/>\nS\u00e9bastien Laffitte&#8217;s Ros\u00e9s are produced in Monfort-sur-Argens, in the heart of green Provence and its clay-limestone soils.  <\/p>\n<p><strong>A collaboration with Val\u00e9rie Courr\u00e8ges <\/strong><br \/>\nRenowned oenologist and technical director of the Caves du Commandeur, Val\u00e9rie Courr\u00e8ges has been collaborating with S\u00e9bastien Laffitte for several years now. For 2019, they decided to modify the blends used for previous vintages. They concentrated on Grenache and Cinsault. The result is subtle aromas of white flowers (lime blossom and almonds), raspberry and Mara strawberry with the Cinsault grape, mingling with the opulence and spicy aromas of Grenache.   <\/p>\n<p><strong>A sensual, fresh and unctuous wine <\/strong><br \/>\nThe &#8220;S&#8221; By S\u00e9bastien Laffitte vintage 2019 is a sensual wine, like a cascade of pearls you drink: fresh, sensual and unctuous all at once. The greediness of its strawberry and raspberry aromas, the sensuality of its white pepper and pink berry spices, the subtlety of its floral notes married to citrus notes. A broad, well-balanced and delicate aromatic palette.  <\/p>\n<p><img decoding=\"async\" class=\"alignnone size-full wp-image-360782 lazyload\" data-src=\"https:\/\/www.luxsure.fr\/wp-content\/uploads\/2020\/05\/IMG_1603_B_EmmanuelleAmelin_-_Rose2019.jpg\" alt=\"\" width=\"913\" height=\"609\" data-srcset=\"https:\/\/www.luxsure.fr\/wp-content\/uploads\/2020\/05\/IMG_1603_B_EmmanuelleAmelin_-_Rose2019.jpg 913w, https:\/\/www.luxsure.fr\/wp-content\/uploads\/2020\/05\/IMG_1603_B_EmmanuelleAmelin_-_Rose2019-300x200.jpg 300w, https:\/\/www.luxsure.fr\/wp-content\/uploads\/2020\/05\/IMG_1603_B_EmmanuelleAmelin_-_Rose2019-768x512.jpg 768w, https:\/\/www.luxsure.fr\/wp-content\/uploads\/2020\/05\/IMG_1603_B_EmmanuelleAmelin_-_Rose2019-600x400.jpg 600w, https:\/\/www.luxsure.fr\/wp-content\/uploads\/2020\/05\/IMG_1603_B_EmmanuelleAmelin_-_Rose2019-585x390.jpg 585w, https:\/\/www.luxsure.fr\/wp-content\/uploads\/2020\/05\/IMG_1603_B_EmmanuelleAmelin_-_Rose2019-263x175.jpg 263w\" data-sizes=\"(max-width: 913px) 100vw, 913px\" src=\"data:image\/svg+xml;base64,PHN2ZyB3aWR0aD0iMSIgaGVpZ2h0PSIxIiB4bWxucz0iaHR0cDovL3d3dy53My5vcmcvMjAwMC9zdmciPjwvc3ZnPg==\" style=\"--smush-placeholder-width: 913px; --smush-placeholder-aspect-ratio: 913\/609;\" \/><\/p>\n","protected":false},"excerpt":{"rendered":"<p>S\u00e9bastien Laffitte&#8217;s Ros\u00e9 &#8220;S&#8221; 2019 vintage Simply exceptional On May 11, the day of decanting, &#8220;S&#8221; By S\u00e9bastien Laffitte Ros\u00e9, vintage 2019, is launched. A Ros\u00e9 with a pale salmon-pink&hellip;<\/p>\n","protected":false},"author":2,"featured_media":1495603,"comment_status":"closed","ping_status":"closed","sticky":false,"template":"","format":"standard","meta":{"_lmt_disableupdate":"","_lmt_disable":"","footnotes":""},"categories":[30493],"tags":[67786],"class_list":["post-2031137","post","type-post","status-publish","format-standard","has-post-thumbnail","hentry","category-wines-and-spirits","tag-sebastien-laffitte"],"yoast_head":"<!-- This site is optimized with the Yoast SEO plugin v27.5 - https:\/\/yoast.com\/product\/yoast-seo-wordpress\/ -->\n<title>Wines of the summer: S\u00e9bastien Laffitte&#039;s Ros\u00e9 &quot;S&quot; - 2019 vintage - Luxsure<\/title>\n<meta name=\"robots\" content=\"index, follow, max-snippet:-1, max-image-preview:large, max-video-preview:-1\" \/>\n<link rel=\"canonical\" href=\"https:\/\/www.luxsure.fr\/en\/2020\/06\/15\/wines-of-the-summer-sebastien-laffittes-rose-s-2019-vintage\/\" \/>\n<meta name=\"twitter:label1\" content=\"Written by\" \/>\n\t<meta name=\"twitter:data1\" content=\"pascal iakovou\" \/>\n\t<meta name=\"twitter:label2\" content=\"Est. reading time\" \/>\n\t<meta name=\"twitter:data2\" content=\"2 minutes\" \/>\n<script type=\"application\/ld+json\" class=\"yoast-schema-graph\">{\"@context\":\"https:\\\/\\\/schema.org\",\"@graph\":[{\"@type\":\"Article\",\"@id\":\"https:\\\/\\\/www.luxsure.fr\\\/en\\\/2020\\\/06\\\/15\\\/wines-of-the-summer-sebastien-laffittes-rose-s-2019-vintage\\\/#article\",\"isPartOf\":{\"@id\":\"https:\\\/\\\/www.luxsure.fr\\\/en\\\/2020\\\/06\\\/15\\\/wines-of-the-summer-sebastien-laffittes-rose-s-2019-vintage\\\/\"},\"author\":{\"name\":\"pascal iakovou\",\"@id\":\"https:\\\/\\\/www.luxsure.fr\\\/#\\\/schema\\\/person\\\/e3e28d08083f4cbc258957c924e39423\"},\"headline\":\"Wines of the summer: S\u00e9bastien Laffitte&#8217;s Ros\u00e9 &#8220;S&#8221; &#8211; 2019 vintage\",\"datePublished\":\"2020-06-15T09:37:46+00:00\",\"dateModified\":\"2026-04-27T02:13:41+00:00\",\"mainEntityOfPage\":{\"@id\":\"https:\\\/\\\/www.luxsure.fr\\\/en\\\/2020\\\/06\\\/15\\\/wines-of-the-summer-sebastien-laffittes-rose-s-2019-vintage\\\/\"},\"wordCount\":322,\"publisher\":{\"@id\":\"https:\\\/\\\/www.luxsure.fr\\\/#organization\"},\"image\":{\"@id\":\"https:\\\/\\\/www.luxsure.fr\\\/en\\\/2020\\\/06\\\/15\\\/wines-of-the-summer-sebastien-laffittes-rose-s-2019-vintage\\\/#primaryimage\"},\"thumbnailUrl\":\"https:\\\/\\\/www.luxsure.fr\\\/wp-content\\\/uploads\\\/2020\\\/05\\\/IMG_1603_B_EmmanuelleAmelin_-_Rose2019.jpg\",\"keywords\":[\"S\u00e9bastien Laffitte\"],\"articleSection\":[\"Wines and Spirits\"],\"inLanguage\":\"en-US\"},{\"@type\":\"WebPage\",\"@id\":\"https:\\\/\\\/www.luxsure.fr\\\/en\\\/2020\\\/06\\\/15\\\/wines-of-the-summer-sebastien-laffittes-rose-s-2019-vintage\\\/\",\"url\":\"https:\\\/\\\/www.luxsure.fr\\\/en\\\/2020\\\/06\\\/15\\\/wines-of-the-summer-sebastien-laffittes-rose-s-2019-vintage\\\/\",\"name\":\"Wines of the summer: S\u00e9bastien Laffitte's Ros\u00e9 \\\"S\\\" - 2019 vintage - Luxsure\",\"isPartOf\":{\"@id\":\"https:\\\/\\\/www.luxsure.fr\\\/#website\"},\"primaryImageOfPage\":{\"@id\":\"https:\\\/\\\/www.luxsure.fr\\\/en\\\/2020\\\/06\\\/15\\\/wines-of-the-summer-sebastien-laffittes-rose-s-2019-vintage\\\/#primaryimage\"},\"image\":{\"@id\":\"https:\\\/\\\/www.luxsure.fr\\\/en\\\/2020\\\/06\\\/15\\\/wines-of-the-summer-sebastien-laffittes-rose-s-2019-vintage\\\/#primaryimage\"},\"thumbnailUrl\":\"https:\\\/\\\/www.luxsure.fr\\\/wp-content\\\/uploads\\\/2020\\\/05\\\/IMG_1603_B_EmmanuelleAmelin_-_Rose2019.jpg\",\"datePublished\":\"2020-06-15T09:37:46+00:00\",\"dateModified\":\"2026-04-27T02:13:41+00:00\",\"breadcrumb\":{\"@id\":\"https:\\\/\\\/www.luxsure.fr\\\/en\\\/2020\\\/06\\\/15\\\/wines-of-the-summer-sebastien-laffittes-rose-s-2019-vintage\\\/#breadcrumb\"},\"inLanguage\":\"en-US\",\"potentialAction\":[{\"@type\":\"ReadAction\",\"target\":[\"https:\\\/\\\/www.luxsure.fr\\\/en\\\/2020\\\/06\\\/15\\\/wines-of-the-summer-sebastien-laffittes-rose-s-2019-vintage\\\/\"]}]},{\"@type\":\"ImageObject\",\"inLanguage\":\"en-US\",\"@id\":\"https:\\\/\\\/www.luxsure.fr\\\/en\\\/2020\\\/06\\\/15\\\/wines-of-the-summer-sebastien-laffittes-rose-s-2019-vintage\\\/#primaryimage\",\"url\":\"https:\\\/\\\/www.luxsure.fr\\\/wp-content\\\/uploads\\\/2020\\\/05\\\/IMG_1603_B_EmmanuelleAmelin_-_Rose2019.jpg\",\"contentUrl\":\"https:\\\/\\\/www.luxsure.fr\\\/wp-content\\\/uploads\\\/2020\\\/05\\\/IMG_1603_B_EmmanuelleAmelin_-_Rose2019.jpg\",\"width\":913,\"height\":609},{\"@type\":\"BreadcrumbList\",\"@id\":\"https:\\\/\\\/www.luxsure.fr\\\/en\\\/2020\\\/06\\\/15\\\/wines-of-the-summer-sebastien-laffittes-rose-s-2019-vintage\\\/#breadcrumb\",\"itemListElement\":[{\"@type\":\"ListItem\",\"position\":1,\"name\":\"Accueil\",\"item\":\"https:\\\/\\\/www.luxsure.fr\\\/\"},{\"@type\":\"ListItem\",\"position\":2,\"name\":\"Wines of the summer: S\u00e9bastien Laffitte&#8217;s Ros\u00e9 &#8220;S&#8221; &#8211; 2019 vintage\"}]},{\"@type\":\"WebSite\",\"@id\":\"https:\\\/\\\/www.luxsure.fr\\\/#website\",\"url\":\"https:\\\/\\\/www.luxsure.fr\\\/\",\"name\":\"Luxsure\",\"description\":\"UNE CERTAINE VISION DU LUXE\",\"publisher\":{\"@id\":\"https:\\\/\\\/www.luxsure.fr\\\/#organization\"},\"potentialAction\":[{\"@type\":\"SearchAction\",\"target\":{\"@type\":\"EntryPoint\",\"urlTemplate\":\"https:\\\/\\\/www.luxsure.fr\\\/?s={search_term_string}\"},\"query-input\":{\"@type\":\"PropertyValueSpecification\",\"valueRequired\":true,\"valueName\":\"search_term_string\"}}],\"inLanguage\":\"en-US\"},{\"@type\":\"Organization\",\"@id\":\"https:\\\/\\\/www.luxsure.fr\\\/#organization\",\"name\":\"Luxsure\",\"url\":\"https:\\\/\\\/www.luxsure.fr\\\/\",\"logo\":{\"@type\":\"ImageObject\",\"inLanguage\":\"en-US\",\"@id\":\"https:\\\/\\\/www.luxsure.fr\\\/#\\\/schema\\\/logo\\\/image\\\/\",\"url\":\"https:\\\/\\\/i0.wp.com\\\/www.luxsure.fr\\\/wp-content\\\/uploads\\\/2015\\\/10\\\/Capture-d\u2019\u00e9cran-2015-08-19-\u00e0-10.51.48.png?fit=551%2C400&ssl=1\",\"contentUrl\":\"https:\\\/\\\/i0.wp.com\\\/www.luxsure.fr\\\/wp-content\\\/uploads\\\/2015\\\/10\\\/Capture-d\u2019\u00e9cran-2015-08-19-\u00e0-10.51.48.png?fit=551%2C400&ssl=1\",\"width\":551,\"height\":400,\"caption\":\"Luxsure\"},\"image\":{\"@id\":\"https:\\\/\\\/www.luxsure.fr\\\/#\\\/schema\\\/logo\\\/image\\\/\"}},{\"@type\":\"Person\",\"@id\":\"https:\\\/\\\/www.luxsure.fr\\\/#\\\/schema\\\/person\\\/e3e28d08083f4cbc258957c924e39423\",\"name\":\"pascal iakovou\",\"image\":{\"@type\":\"ImageObject\",\"inLanguage\":\"en-US\",\"@id\":\"https:\\\/\\\/secure.gravatar.com\\\/avatar\\\/358546e9ab7afafbb35961f747089b93cb88ca12b7a9fcd0c7922cc45f092613?s=96&d=mm&r=g\",\"url\":\"https:\\\/\\\/secure.gravatar.com\\\/avatar\\\/358546e9ab7afafbb35961f747089b93cb88ca12b7a9fcd0c7922cc45f092613?s=96&d=mm&r=g\",\"contentUrl\":\"https:\\\/\\\/secure.gravatar.com\\\/avatar\\\/358546e9ab7afafbb35961f747089b93cb88ca12b7a9fcd0c7922cc45f092613?s=96&d=mm&r=g\",\"caption\":\"pascal iakovou\"},\"sameAs\":[\"http:\\\/\\\/www.luxsure.Fr\"],\"url\":\"https:\\\/\\\/www.luxsure.fr\\\/en\\\/author\\\/pascal\\\/\"}]}<\/script>\n<!-- \/ Yoast SEO plugin. -->","yoast_head_json":{"title":"Wines of the summer: S\u00e9bastien Laffitte's Ros\u00e9 \"S\" - 2019 vintage - Luxsure","robots":{"index":"index","follow":"follow","max-snippet":"max-snippet:-1","max-image-preview":"max-image-preview:large","max-video-preview":"max-video-preview:-1"},"canonical":"https:\/\/www.luxsure.fr\/en\/2020\/06\/15\/wines-of-the-summer-sebastien-laffittes-rose-s-2019-vintage\/","twitter_misc":{"Written by":"pascal iakovou","Est. reading time":"2 minutes"},"schema":{"@context":"https:\/\/schema.org","@graph":[{"@type":"Article","@id":"https:\/\/www.luxsure.fr\/en\/2020\/06\/15\/wines-of-the-summer-sebastien-laffittes-rose-s-2019-vintage\/#article","isPartOf":{"@id":"https:\/\/www.luxsure.fr\/en\/2020\/06\/15\/wines-of-the-summer-sebastien-laffittes-rose-s-2019-vintage\/"},"author":{"name":"pascal iakovou","@id":"https:\/\/www.luxsure.fr\/#\/schema\/person\/e3e28d08083f4cbc258957c924e39423"},"headline":"Wines of the summer: S\u00e9bastien Laffitte&#8217;s Ros\u00e9 &#8220;S&#8221; &#8211; 2019 vintage","datePublished":"2020-06-15T09:37:46+00:00","dateModified":"2026-04-27T02:13:41+00:00","mainEntityOfPage":{"@id":"https:\/\/www.luxsure.fr\/en\/2020\/06\/15\/wines-of-the-summer-sebastien-laffittes-rose-s-2019-vintage\/"},"wordCount":322,"publisher":{"@id":"https:\/\/www.luxsure.fr\/#organization"},"image":{"@id":"https:\/\/www.luxsure.fr\/en\/2020\/06\/15\/wines-of-the-summer-sebastien-laffittes-rose-s-2019-vintage\/#primaryimage"},"thumbnailUrl":"https:\/\/www.luxsure.fr\/wp-content\/uploads\/2020\/05\/IMG_1603_B_EmmanuelleAmelin_-_Rose2019.jpg","keywords":["S\u00e9bastien Laffitte"],"articleSection":["Wines and Spirits"],"inLanguage":"en-US"},{"@type":"WebPage","@id":"https:\/\/www.luxsure.fr\/en\/2020\/06\/15\/wines-of-the-summer-sebastien-laffittes-rose-s-2019-vintage\/","url":"https:\/\/www.luxsure.fr\/en\/2020\/06\/15\/wines-of-the-summer-sebastien-laffittes-rose-s-2019-vintage\/","name":"Wines of the summer: S\u00e9bastien Laffitte's Ros\u00e9 \"S\" - 2019 vintage - Luxsure","isPartOf":{"@id":"https:\/\/www.luxsure.fr\/#website"},"primaryImageOfPage":{"@id":"https:\/\/www.luxsure.fr\/en\/2020\/06\/15\/wines-of-the-summer-sebastien-laffittes-rose-s-2019-vintage\/#primaryimage"},"image":{"@id":"https:\/\/www.luxsure.fr\/en\/2020\/06\/15\/wines-of-the-summer-sebastien-laffittes-rose-s-2019-vintage\/#primaryimage"},"thumbnailUrl":"https:\/\/www.luxsure.fr\/wp-content\/uploads\/2020\/05\/IMG_1603_B_EmmanuelleAmelin_-_Rose2019.jpg","datePublished":"2020-06-15T09:37:46+00:00","dateModified":"2026-04-27T02:13:41+00:00","breadcrumb":{"@id":"https:\/\/www.luxsure.fr\/en\/2020\/06\/15\/wines-of-the-summer-sebastien-laffittes-rose-s-2019-vintage\/#breadcrumb"},"inLanguage":"en-US","potentialAction":[{"@type":"ReadAction","target":["https:\/\/www.luxsure.fr\/en\/2020\/06\/15\/wines-of-the-summer-sebastien-laffittes-rose-s-2019-vintage\/"]}]},{"@type":"ImageObject","inLanguage":"en-US","@id":"https:\/\/www.luxsure.fr\/en\/2020\/06\/15\/wines-of-the-summer-sebastien-laffittes-rose-s-2019-vintage\/#primaryimage","url":"https:\/\/www.luxsure.fr\/wp-content\/uploads\/2020\/05\/IMG_1603_B_EmmanuelleAmelin_-_Rose2019.jpg","contentUrl":"https:\/\/www.luxsure.fr\/wp-content\/uploads\/2020\/05\/IMG_1603_B_EmmanuelleAmelin_-_Rose2019.jpg","width":913,"height":609},{"@type":"BreadcrumbList","@id":"https:\/\/www.luxsure.fr\/en\/2020\/06\/15\/wines-of-the-summer-sebastien-laffittes-rose-s-2019-vintage\/#breadcrumb","itemListElement":[{"@type":"ListItem","position":1,"name":"Accueil","item":"https:\/\/www.luxsure.fr\/"},{"@type":"ListItem","position":2,"name":"Wines of the summer: S\u00e9bastien Laffitte&#8217;s Ros\u00e9 &#8220;S&#8221; &#8211; 2019 vintage"}]},{"@type":"WebSite","@id":"https:\/\/www.luxsure.fr\/#website","url":"https:\/\/www.luxsure.fr\/","name":"Luxsure","description":"UNE CERTAINE VISION DU LUXE","publisher":{"@id":"https:\/\/www.luxsure.fr\/#organization"},"potentialAction":[{"@type":"SearchAction","target":{"@type":"EntryPoint","urlTemplate":"https:\/\/www.luxsure.fr\/?s={search_term_string}"},"query-input":{"@type":"PropertyValueSpecification","valueRequired":true,"valueName":"search_term_string"}}],"inLanguage":"en-US"},{"@type":"Organization","@id":"https:\/\/www.luxsure.fr\/#organization","name":"Luxsure","url":"https:\/\/www.luxsure.fr\/","logo":{"@type":"ImageObject","inLanguage":"en-US","@id":"https:\/\/www.luxsure.fr\/#\/schema\/logo\/image\/","url":"https:\/\/i0.wp.com\/www.luxsure.fr\/wp-content\/uploads\/2015\/10\/Capture-d\u2019\u00e9cran-2015-08-19-\u00e0-10.51.48.png?fit=551%2C400&ssl=1","contentUrl":"https:\/\/i0.wp.com\/www.luxsure.fr\/wp-content\/uploads\/2015\/10\/Capture-d\u2019\u00e9cran-2015-08-19-\u00e0-10.51.48.png?fit=551%2C400&ssl=1","width":551,"height":400,"caption":"Luxsure"},"image":{"@id":"https:\/\/www.luxsure.fr\/#\/schema\/logo\/image\/"}},{"@type":"Person","@id":"https:\/\/www.luxsure.fr\/#\/schema\/person\/e3e28d08083f4cbc258957c924e39423","name":"pascal iakovou","image":{"@type":"ImageObject","inLanguage":"en-US","@id":"https:\/\/secure.gravatar.com\/avatar\/358546e9ab7afafbb35961f747089b93cb88ca12b7a9fcd0c7922cc45f092613?s=96&d=mm&r=g","url":"https:\/\/secure.gravatar.com\/avatar\/358546e9ab7afafbb35961f747089b93cb88ca12b7a9fcd0c7922cc45f092613?s=96&d=mm&r=g","contentUrl":"https:\/\/secure.gravatar.com\/avatar\/358546e9ab7afafbb35961f747089b93cb88ca12b7a9fcd0c7922cc45f092613?s=96&d=mm&r=g","caption":"pascal iakovou"},"sameAs":["http:\/\/www.luxsure.Fr"],"url":"https:\/\/www.luxsure.fr\/en\/author\/pascal\/"}]}},"_links":{"self":[{"href":"https:\/\/www.luxsure.fr\/en\/wp-json\/wp\/v2\/posts\/2031137","targetHints":{"allow":["GET"]}}],"collection":[{"href":"https:\/\/www.luxsure.fr\/en\/wp-json\/wp\/v2\/posts"}],"about":[{"href":"https:\/\/www.luxsure.fr\/en\/wp-json\/wp\/v2\/types\/post"}],"author":[{"embeddable":true,"href":"https:\/\/www.luxsure.fr\/en\/wp-json\/wp\/v2\/users\/2"}],"replies":[{"embeddable":true,"href":"https:\/\/www.luxsure.fr\/en\/wp-json\/wp\/v2\/comments?post=2031137"}],"version-history":[{"count":0,"href":"https:\/\/www.luxsure.fr\/en\/wp-json\/wp\/v2\/posts\/2031137\/revisions"}],"wp:featuredmedia":[{"embeddable":true,"href":"https:\/\/www.luxsure.fr\/en\/wp-json\/wp\/v2\/media\/1495603"}],"wp:attachment":[{"href":"https:\/\/www.luxsure.fr\/en\/wp-json\/wp\/v2\/media?parent=2031137"}],"wp:term":[{"taxonomy":"category","embeddable":true,"href":"https:\/\/www.luxsure.fr\/en\/wp-json\/wp\/v2\/categories?post=2031137"},{"taxonomy":"post_tag","embeddable":true,"href":"https:\/\/www.luxsure.fr\/en\/wp-json\/wp\/v2\/tags?post=2031137"}],"curies":[{"name":"wp","href":"https:\/\/api.w.org\/{rel}","templated":true}]}}