{"id":2031108,"date":"2018-05-28T15:30:26","date_gmt":"2018-05-28T13:30:26","guid":{"rendered":"https:\/\/www.luxsure.fr\/2018\/05\/28\/champagne-de-vigneron-celebrates-summer-with-its-bar-ephemere\/"},"modified":"2026-04-27T06:15:47","modified_gmt":"2026-04-27T04:15:47","slug":"champagne-de-vigneron-celebrates-summer-with-its-bar-ephemere","status":"publish","type":"post","link":"https:\/\/www.luxsure.fr\/en\/2018\/05\/28\/champagne-de-vigneron-celebrates-summer-with-its-bar-ephemere\/","title":{"rendered":"Champagne de Vigneron celebrates summer with its Bar Eph\u00e9m\u00e8re"},"content":{"rendered":"<p>For the third consecutive year, Champagne de Vigneron is opening its ephemeral tasting space, until<strong> September 2, 2018<\/strong>, in Epernay, on the most beautiful  <a href=\"https:\/\/maps.google.com\/?q=avenue+de+Champagne.+24&amp;entry=gmail&amp;source=g\">avenue de Champagne. 24<\/a>  winemakers from the 4 regions of the appellation will present the richness of their terroir and the authenticity of their know-how in a festive and relaxed atmosphere.<\/p>\n<p>April 27 &#8211; September 2, 2018,<\/p>\n<p>Open from 11:30 am to 8 pm, and until 9 pm on Fridays and Saturdays &#8211;<\/p>\n<p>L&#8217;Et\u00e9 des Vignerons &#8211; the ephemeral bar of Champagnes de Vignerons Syndicat G\u00e9n\u00e9ral des Vignerons de la Champagne<\/p>\n<p>19, Avenue de Champagne 51 200 Epernay<\/p>\n","protected":false},"excerpt":{"rendered":"<p>For the third consecutive year, Champagne de Vigneron is opening its ephemeral tasting space, until September 2, 2018, in Epernay, on the most beautiful avenue de Champagne. 24 winemakers from&hellip;<\/p>\n","protected":false},"author":2,"featured_media":1130865,"comment_status":"closed","ping_status":"closed","sticky":false,"template":"","format":"standard","meta":{"_lmt_disableupdate":"","_lmt_disable":"","footnotes":""},"categories":[30494,30493],"tags":[67770],"class_list":["post-2031108","post","type-post","status-publish","format-standard","has-post-thumbnail","hentry","category-food-and-wine-en","category-wines-and-spirits","tag-winegrowers-champagne"],"yoast_head":"<!-- This site is optimized with the Yoast SEO plugin v27.5 - https:\/\/yoast.com\/product\/yoast-seo-wordpress\/ -->\n<title>Champagne de Vigneron celebrates summer with its Bar Eph\u00e9m\u00e8re - Luxsure<\/title>\n<meta name=\"robots\" content=\"index, follow, max-snippet:-1, max-image-preview:large, max-video-preview:-1\" \/>\n<link rel=\"canonical\" href=\"https:\/\/www.luxsure.fr\/en\/2018\/05\/28\/champagne-de-vigneron-celebrates-summer-with-its-bar-ephemere\/\" \/>\n<meta name=\"twitter:label1\" content=\"Written by\" \/>\n\t<meta name=\"twitter:data1\" content=\"pascal iakovou\" \/>\n<script type=\"application\/ld+json\" class=\"yoast-schema-graph\">{\"@context\":\"https:\\\/\\\/schema.org\",\"@graph\":[{\"@type\":\"Article\",\"@id\":\"https:\\\/\\\/www.luxsure.fr\\\/en\\\/2018\\\/05\\\/28\\\/champagne-de-vigneron-celebrates-summer-with-its-bar-ephemere\\\/#article\",\"isPartOf\":{\"@id\":\"https:\\\/\\\/www.luxsure.fr\\\/en\\\/2018\\\/05\\\/28\\\/champagne-de-vigneron-celebrates-summer-with-its-bar-ephemere\\\/\"},\"author\":{\"name\":\"pascal iakovou\",\"@id\":\"https:\\\/\\\/www.luxsure.fr\\\/#\\\/schema\\\/person\\\/e3e28d08083f4cbc258957c924e39423\"},\"headline\":\"Champagne de Vigneron celebrates summer with its Bar Eph\u00e9m\u00e8re\",\"datePublished\":\"2018-05-28T13:30:26+00:00\",\"dateModified\":\"2026-04-27T04:15:47+00:00\",\"mainEntityOfPage\":{\"@id\":\"https:\\\/\\\/www.luxsure.fr\\\/en\\\/2018\\\/05\\\/28\\\/champagne-de-vigneron-celebrates-summer-with-its-bar-ephemere\\\/\"},\"wordCount\":103,\"publisher\":{\"@id\":\"https:\\\/\\\/www.luxsure.fr\\\/#organization\"},\"image\":{\"@id\":\"https:\\\/\\\/www.luxsure.fr\\\/en\\\/2018\\\/05\\\/28\\\/champagne-de-vigneron-celebrates-summer-with-its-bar-ephemere\\\/#primaryimage\"},\"thumbnailUrl\":\"https:\\\/\\\/www.luxsure.fr\\\/wp-content\\\/uploads\\\/2018\\\/02\\\/LOGO-NEWS-CHAMPAGNE-DE-VIGNERONS.jpg\",\"keywords\":[\"Winegrower's Champagne\"],\"articleSection\":[\"Food and Wine\",\"Wines and Spirits\"],\"inLanguage\":\"en-US\"},{\"@type\":\"WebPage\",\"@id\":\"https:\\\/\\\/www.luxsure.fr\\\/en\\\/2018\\\/05\\\/28\\\/champagne-de-vigneron-celebrates-summer-with-its-bar-ephemere\\\/\",\"url\":\"https:\\\/\\\/www.luxsure.fr\\\/en\\\/2018\\\/05\\\/28\\\/champagne-de-vigneron-celebrates-summer-with-its-bar-ephemere\\\/\",\"name\":\"Champagne de Vigneron celebrates summer with its Bar Eph\u00e9m\u00e8re - Luxsure\",\"isPartOf\":{\"@id\":\"https:\\\/\\\/www.luxsure.fr\\\/#website\"},\"primaryImageOfPage\":{\"@id\":\"https:\\\/\\\/www.luxsure.fr\\\/en\\\/2018\\\/05\\\/28\\\/champagne-de-vigneron-celebrates-summer-with-its-bar-ephemere\\\/#primaryimage\"},\"image\":{\"@id\":\"https:\\\/\\\/www.luxsure.fr\\\/en\\\/2018\\\/05\\\/28\\\/champagne-de-vigneron-celebrates-summer-with-its-bar-ephemere\\\/#primaryimage\"},\"thumbnailUrl\":\"https:\\\/\\\/www.luxsure.fr\\\/wp-content\\\/uploads\\\/2018\\\/02\\\/LOGO-NEWS-CHAMPAGNE-DE-VIGNERONS.jpg\",\"datePublished\":\"2018-05-28T13:30:26+00:00\",\"dateModified\":\"2026-04-27T04:15:47+00:00\",\"breadcrumb\":{\"@id\":\"https:\\\/\\\/www.luxsure.fr\\\/en\\\/2018\\\/05\\\/28\\\/champagne-de-vigneron-celebrates-summer-with-its-bar-ephemere\\\/#breadcrumb\"},\"inLanguage\":\"en-US\",\"potentialAction\":[{\"@type\":\"ReadAction\",\"target\":[\"https:\\\/\\\/www.luxsure.fr\\\/en\\\/2018\\\/05\\\/28\\\/champagne-de-vigneron-celebrates-summer-with-its-bar-ephemere\\\/\"]}]},{\"@type\":\"ImageObject\",\"inLanguage\":\"en-US\",\"@id\":\"https:\\\/\\\/www.luxsure.fr\\\/en\\\/2018\\\/05\\\/28\\\/champagne-de-vigneron-celebrates-summer-with-its-bar-ephemere\\\/#primaryimage\",\"url\":\"https:\\\/\\\/www.luxsure.fr\\\/wp-content\\\/uploads\\\/2018\\\/02\\\/LOGO-NEWS-CHAMPAGNE-DE-VIGNERONS.jpg\",\"contentUrl\":\"https:\\\/\\\/www.luxsure.fr\\\/wp-content\\\/uploads\\\/2018\\\/02\\\/LOGO-NEWS-CHAMPAGNE-DE-VIGNERONS.jpg\",\"width\":\"448\",\"height\":\"488\"},{\"@type\":\"BreadcrumbList\",\"@id\":\"https:\\\/\\\/www.luxsure.fr\\\/en\\\/2018\\\/05\\\/28\\\/champagne-de-vigneron-celebrates-summer-with-its-bar-ephemere\\\/#breadcrumb\",\"itemListElement\":[{\"@type\":\"ListItem\",\"position\":1,\"name\":\"Accueil\",\"item\":\"https:\\\/\\\/www.luxsure.fr\\\/\"},{\"@type\":\"ListItem\",\"position\":2,\"name\":\"Champagne de Vigneron celebrates summer with its Bar Eph\u00e9m\u00e8re\"}]},{\"@type\":\"WebSite\",\"@id\":\"https:\\\/\\\/www.luxsure.fr\\\/#website\",\"url\":\"https:\\\/\\\/www.luxsure.fr\\\/\",\"name\":\"Luxsure\",\"description\":\"UNE CERTAINE VISION DU LUXE\",\"publisher\":{\"@id\":\"https:\\\/\\\/www.luxsure.fr\\\/#organization\"},\"potentialAction\":[{\"@type\":\"SearchAction\",\"target\":{\"@type\":\"EntryPoint\",\"urlTemplate\":\"https:\\\/\\\/www.luxsure.fr\\\/?s={search_term_string}\"},\"query-input\":{\"@type\":\"PropertyValueSpecification\",\"valueRequired\":true,\"valueName\":\"search_term_string\"}}],\"inLanguage\":\"en-US\"},{\"@type\":\"Organization\",\"@id\":\"https:\\\/\\\/www.luxsure.fr\\\/#organization\",\"name\":\"Luxsure\",\"url\":\"https:\\\/\\\/www.luxsure.fr\\\/\",\"logo\":{\"@type\":\"ImageObject\",\"inLanguage\":\"en-US\",\"@id\":\"https:\\\/\\\/www.luxsure.fr\\\/#\\\/schema\\\/logo\\\/image\\\/\",\"url\":\"https:\\\/\\\/i0.wp.com\\\/www.luxsure.fr\\\/wp-content\\\/uploads\\\/2015\\\/10\\\/Capture-d\u2019\u00e9cran-2015-08-19-\u00e0-10.51.48.png?fit=551%2C400&ssl=1\",\"contentUrl\":\"https:\\\/\\\/i0.wp.com\\\/www.luxsure.fr\\\/wp-content\\\/uploads\\\/2015\\\/10\\\/Capture-d\u2019\u00e9cran-2015-08-19-\u00e0-10.51.48.png?fit=551%2C400&ssl=1\",\"width\":551,\"height\":400,\"caption\":\"Luxsure\"},\"image\":{\"@id\":\"https:\\\/\\\/www.luxsure.fr\\\/#\\\/schema\\\/logo\\\/image\\\/\"}},{\"@type\":\"Person\",\"@id\":\"https:\\\/\\\/www.luxsure.fr\\\/#\\\/schema\\\/person\\\/e3e28d08083f4cbc258957c924e39423\",\"name\":\"pascal iakovou\",\"image\":{\"@type\":\"ImageObject\",\"inLanguage\":\"en-US\",\"@id\":\"https:\\\/\\\/secure.gravatar.com\\\/avatar\\\/358546e9ab7afafbb35961f747089b93cb88ca12b7a9fcd0c7922cc45f092613?s=96&d=mm&r=g\",\"url\":\"https:\\\/\\\/secure.gravatar.com\\\/avatar\\\/358546e9ab7afafbb35961f747089b93cb88ca12b7a9fcd0c7922cc45f092613?s=96&d=mm&r=g\",\"contentUrl\":\"https:\\\/\\\/secure.gravatar.com\\\/avatar\\\/358546e9ab7afafbb35961f747089b93cb88ca12b7a9fcd0c7922cc45f092613?s=96&d=mm&r=g\",\"caption\":\"pascal iakovou\"},\"sameAs\":[\"http:\\\/\\\/www.luxsure.Fr\"],\"url\":\"https:\\\/\\\/www.luxsure.fr\\\/en\\\/author\\\/pascal\\\/\"}]}<\/script>\n<!-- \/ Yoast SEO plugin. -->","yoast_head_json":{"title":"Champagne de Vigneron celebrates summer with its Bar Eph\u00e9m\u00e8re - Luxsure","robots":{"index":"index","follow":"follow","max-snippet":"max-snippet:-1","max-image-preview":"max-image-preview:large","max-video-preview":"max-video-preview:-1"},"canonical":"https:\/\/www.luxsure.fr\/en\/2018\/05\/28\/champagne-de-vigneron-celebrates-summer-with-its-bar-ephemere\/","twitter_misc":{"Written by":"pascal iakovou"},"schema":{"@context":"https:\/\/schema.org","@graph":[{"@type":"Article","@id":"https:\/\/www.luxsure.fr\/en\/2018\/05\/28\/champagne-de-vigneron-celebrates-summer-with-its-bar-ephemere\/#article","isPartOf":{"@id":"https:\/\/www.luxsure.fr\/en\/2018\/05\/28\/champagne-de-vigneron-celebrates-summer-with-its-bar-ephemere\/"},"author":{"name":"pascal iakovou","@id":"https:\/\/www.luxsure.fr\/#\/schema\/person\/e3e28d08083f4cbc258957c924e39423"},"headline":"Champagne de Vigneron celebrates summer with its Bar Eph\u00e9m\u00e8re","datePublished":"2018-05-28T13:30:26+00:00","dateModified":"2026-04-27T04:15:47+00:00","mainEntityOfPage":{"@id":"https:\/\/www.luxsure.fr\/en\/2018\/05\/28\/champagne-de-vigneron-celebrates-summer-with-its-bar-ephemere\/"},"wordCount":103,"publisher":{"@id":"https:\/\/www.luxsure.fr\/#organization"},"image":{"@id":"https:\/\/www.luxsure.fr\/en\/2018\/05\/28\/champagne-de-vigneron-celebrates-summer-with-its-bar-ephemere\/#primaryimage"},"thumbnailUrl":"https:\/\/www.luxsure.fr\/wp-content\/uploads\/2018\/02\/LOGO-NEWS-CHAMPAGNE-DE-VIGNERONS.jpg","keywords":["Winegrower's Champagne"],"articleSection":["Food and Wine","Wines and Spirits"],"inLanguage":"en-US"},{"@type":"WebPage","@id":"https:\/\/www.luxsure.fr\/en\/2018\/05\/28\/champagne-de-vigneron-celebrates-summer-with-its-bar-ephemere\/","url":"https:\/\/www.luxsure.fr\/en\/2018\/05\/28\/champagne-de-vigneron-celebrates-summer-with-its-bar-ephemere\/","name":"Champagne de Vigneron celebrates summer with its Bar Eph\u00e9m\u00e8re - Luxsure","isPartOf":{"@id":"https:\/\/www.luxsure.fr\/#website"},"primaryImageOfPage":{"@id":"https:\/\/www.luxsure.fr\/en\/2018\/05\/28\/champagne-de-vigneron-celebrates-summer-with-its-bar-ephemere\/#primaryimage"},"image":{"@id":"https:\/\/www.luxsure.fr\/en\/2018\/05\/28\/champagne-de-vigneron-celebrates-summer-with-its-bar-ephemere\/#primaryimage"},"thumbnailUrl":"https:\/\/www.luxsure.fr\/wp-content\/uploads\/2018\/02\/LOGO-NEWS-CHAMPAGNE-DE-VIGNERONS.jpg","datePublished":"2018-05-28T13:30:26+00:00","dateModified":"2026-04-27T04:15:47+00:00","breadcrumb":{"@id":"https:\/\/www.luxsure.fr\/en\/2018\/05\/28\/champagne-de-vigneron-celebrates-summer-with-its-bar-ephemere\/#breadcrumb"},"inLanguage":"en-US","potentialAction":[{"@type":"ReadAction","target":["https:\/\/www.luxsure.fr\/en\/2018\/05\/28\/champagne-de-vigneron-celebrates-summer-with-its-bar-ephemere\/"]}]},{"@type":"ImageObject","inLanguage":"en-US","@id":"https:\/\/www.luxsure.fr\/en\/2018\/05\/28\/champagne-de-vigneron-celebrates-summer-with-its-bar-ephemere\/#primaryimage","url":"https:\/\/www.luxsure.fr\/wp-content\/uploads\/2018\/02\/LOGO-NEWS-CHAMPAGNE-DE-VIGNERONS.jpg","contentUrl":"https:\/\/www.luxsure.fr\/wp-content\/uploads\/2018\/02\/LOGO-NEWS-CHAMPAGNE-DE-VIGNERONS.jpg","width":"448","height":"488"},{"@type":"BreadcrumbList","@id":"https:\/\/www.luxsure.fr\/en\/2018\/05\/28\/champagne-de-vigneron-celebrates-summer-with-its-bar-ephemere\/#breadcrumb","itemListElement":[{"@type":"ListItem","position":1,"name":"Accueil","item":"https:\/\/www.luxsure.fr\/"},{"@type":"ListItem","position":2,"name":"Champagne de Vigneron celebrates summer with its Bar Eph\u00e9m\u00e8re"}]},{"@type":"WebSite","@id":"https:\/\/www.luxsure.fr\/#website","url":"https:\/\/www.luxsure.fr\/","name":"Luxsure","description":"UNE CERTAINE VISION DU LUXE","publisher":{"@id":"https:\/\/www.luxsure.fr\/#organization"},"potentialAction":[{"@type":"SearchAction","target":{"@type":"EntryPoint","urlTemplate":"https:\/\/www.luxsure.fr\/?s={search_term_string}"},"query-input":{"@type":"PropertyValueSpecification","valueRequired":true,"valueName":"search_term_string"}}],"inLanguage":"en-US"},{"@type":"Organization","@id":"https:\/\/www.luxsure.fr\/#organization","name":"Luxsure","url":"https:\/\/www.luxsure.fr\/","logo":{"@type":"ImageObject","inLanguage":"en-US","@id":"https:\/\/www.luxsure.fr\/#\/schema\/logo\/image\/","url":"https:\/\/i0.wp.com\/www.luxsure.fr\/wp-content\/uploads\/2015\/10\/Capture-d\u2019\u00e9cran-2015-08-19-\u00e0-10.51.48.png?fit=551%2C400&ssl=1","contentUrl":"https:\/\/i0.wp.com\/www.luxsure.fr\/wp-content\/uploads\/2015\/10\/Capture-d\u2019\u00e9cran-2015-08-19-\u00e0-10.51.48.png?fit=551%2C400&ssl=1","width":551,"height":400,"caption":"Luxsure"},"image":{"@id":"https:\/\/www.luxsure.fr\/#\/schema\/logo\/image\/"}},{"@type":"Person","@id":"https:\/\/www.luxsure.fr\/#\/schema\/person\/e3e28d08083f4cbc258957c924e39423","name":"pascal iakovou","image":{"@type":"ImageObject","inLanguage":"en-US","@id":"https:\/\/secure.gravatar.com\/avatar\/358546e9ab7afafbb35961f747089b93cb88ca12b7a9fcd0c7922cc45f092613?s=96&d=mm&r=g","url":"https:\/\/secure.gravatar.com\/avatar\/358546e9ab7afafbb35961f747089b93cb88ca12b7a9fcd0c7922cc45f092613?s=96&d=mm&r=g","contentUrl":"https:\/\/secure.gravatar.com\/avatar\/358546e9ab7afafbb35961f747089b93cb88ca12b7a9fcd0c7922cc45f092613?s=96&d=mm&r=g","caption":"pascal iakovou"},"sameAs":["http:\/\/www.luxsure.Fr"],"url":"https:\/\/www.luxsure.fr\/en\/author\/pascal\/"}]}},"_links":{"self":[{"href":"https:\/\/www.luxsure.fr\/en\/wp-json\/wp\/v2\/posts\/2031108","targetHints":{"allow":["GET"]}}],"collection":[{"href":"https:\/\/www.luxsure.fr\/en\/wp-json\/wp\/v2\/posts"}],"about":[{"href":"https:\/\/www.luxsure.fr\/en\/wp-json\/wp\/v2\/types\/post"}],"author":[{"embeddable":true,"href":"https:\/\/www.luxsure.fr\/en\/wp-json\/wp\/v2\/users\/2"}],"replies":[{"embeddable":true,"href":"https:\/\/www.luxsure.fr\/en\/wp-json\/wp\/v2\/comments?post=2031108"}],"version-history":[{"count":0,"href":"https:\/\/www.luxsure.fr\/en\/wp-json\/wp\/v2\/posts\/2031108\/revisions"}],"wp:featuredmedia":[{"embeddable":true,"href":"https:\/\/www.luxsure.fr\/en\/wp-json\/wp\/v2\/media\/1130865"}],"wp:attachment":[{"href":"https:\/\/www.luxsure.fr\/en\/wp-json\/wp\/v2\/media?parent=2031108"}],"wp:term":[{"taxonomy":"category","embeddable":true,"href":"https:\/\/www.luxsure.fr\/en\/wp-json\/wp\/v2\/categories?post=2031108"},{"taxonomy":"post_tag","embeddable":true,"href":"https:\/\/www.luxsure.fr\/en\/wp-json\/wp\/v2\/tags?post=2031108"}],"curies":[{"name":"wp","href":"https:\/\/api.w.org\/{rel}","templated":true}]}}