{"id":2031057,"date":"2016-10-25T13:11:07","date_gmt":"2016-10-25T11:11:07","guid":{"rendered":"https:\/\/www.luxsure.fr\/2016\/10\/25\/le-cordon-bleu-inaugurated\/"},"modified":"2026-04-27T03:56:06","modified_gmt":"2026-04-27T01:56:06","slug":"le-cordon-bleu-inaugurated","status":"publish","type":"post","link":"https:\/\/www.luxsure.fr\/en\/2016\/10\/25\/le-cordon-bleu-inaugurated\/","title":{"rendered":"Le Cordon Bleu inaugurated"},"content":{"rendered":"<p>Le Cordon Bleu, the world&#8217;s leading network of culinary arts and hospitality management institutes, celebrated the inauguration of its new campus on Monday October 10, bringing together over 600 distinguished guests.<\/p>\n<p>This unique celebration took place a few weeks after Foreign Minister Jean-Marc Ayrault&#8217;s visit as part of Ambassadors&#8217; Week. He was accompanied by over 150 French ambassadors from abroad. <\/p>\n\n\t\t<style type=\"text\/css\">\n\t\t\t#gallery-1 {\n\t\t\t\tmargin: auto;\n\t\t\t}\n\t\t\t#gallery-1 .gallery-item {\n\t\t\t\tfloat: left;\n\t\t\t\tmargin-top: 10px;\n\t\t\t\ttext-align: center;\n\t\t\t\twidth: 33%;\n\t\t\t}\n\t\t\t#gallery-1 img {\n\t\t\t\tborder: 2px solid #cfcfcf;\n\t\t\t}\n\t\t\t#gallery-1 .gallery-caption {\n\t\t\t\tmargin-left: 0;\n\t\t\t}\n\t\t\t\/* see gallery_shortcode() in wp-includes\/media.php *\/\n\t\t<\/style>\n\t\t<div id='gallery-1' class='gallery galleryid-2031057 gallery-columns-3 gallery-size-large'><dl class='gallery-item'>\n\t\t\t<dt class='gallery-icon landscape'>\n\t\t\t\t<a href='https:\/\/www.luxsure.fr\/en\/img_2783-3-2\/'><img decoding=\"async\" width=\"1024\" height=\"683\" data-src=\"https:\/\/www.luxsure.fr\/wp-content\/uploads\/2016\/10\/IMG_2783-1024x683.jpg\" class=\"attachment-large size-large lazyload\" alt=\"\" data-srcset=\"https:\/\/www.luxsure.fr\/wp-content\/uploads\/2016\/10\/IMG_2783.jpg 1024w, https:\/\/www.luxsure.fr\/wp-content\/uploads\/2016\/10\/IMG_2783-300x200.jpg 300w, https:\/\/www.luxsure.fr\/wp-content\/uploads\/2016\/10\/IMG_2783-768x512.jpg 768w, https:\/\/www.luxsure.fr\/wp-content\/uploads\/2016\/10\/IMG_2783-600x400.jpg 600w\" data-sizes=\"(max-width: 1024px) 100vw, 1024px\" src=\"data:image\/svg+xml;base64,PHN2ZyB3aWR0aD0iMSIgaGVpZ2h0PSIxIiB4bWxucz0iaHR0cDovL3d3dy53My5vcmcvMjAwMC9zdmciPjwvc3ZnPg==\" style=\"--smush-placeholder-width: 1024px; --smush-placeholder-aspect-ratio: 1024\/683;\" \/><\/a>\n\t\t\t<\/dt><\/dl><dl class='gallery-item'>\n\t\t\t<dt class='gallery-icon landscape'>\n\t\t\t\t<a href='https:\/\/www.luxsure.fr\/en\/img_2806-2\/'><img decoding=\"async\" width=\"1024\" height=\"683\" data-src=\"https:\/\/www.luxsure.fr\/wp-content\/uploads\/2016\/10\/IMG_2806-1024x683.jpg\" class=\"attachment-large size-large lazyload\" alt=\"\" data-srcset=\"https:\/\/www.luxsure.fr\/wp-content\/uploads\/2016\/10\/IMG_2806.jpg 1024w, https:\/\/www.luxsure.fr\/wp-content\/uploads\/2016\/10\/IMG_2806-300x200.jpg 300w, https:\/\/www.luxsure.fr\/wp-content\/uploads\/2016\/10\/IMG_2806-768x512.jpg 768w, https:\/\/www.luxsure.fr\/wp-content\/uploads\/2016\/10\/IMG_2806-600x400.jpg 600w\" data-sizes=\"(max-width: 1024px) 100vw, 1024px\" src=\"data:image\/svg+xml;base64,PHN2ZyB3aWR0aD0iMSIgaGVpZ2h0PSIxIiB4bWxucz0iaHR0cDovL3d3dy53My5vcmcvMjAwMC9zdmciPjwvc3ZnPg==\" style=\"--smush-placeholder-width: 1024px; --smush-placeholder-aspect-ratio: 1024\/683;\" \/><\/a>\n\t\t\t<\/dt><\/dl><dl class='gallery-item'>\n\t\t\t<dt class='gallery-icon landscape'>\n\t\t\t\t<a href='https:\/\/www.luxsure.fr\/en\/img_2844-4-2\/'><img decoding=\"async\" width=\"1024\" height=\"683\" data-src=\"https:\/\/www.luxsure.fr\/wp-content\/uploads\/2016\/10\/IMG_2844-1024x683.jpg\" class=\"attachment-large size-large lazyload\" alt=\"\" data-srcset=\"https:\/\/www.luxsure.fr\/wp-content\/uploads\/2016\/10\/IMG_2844.jpg 1024w, https:\/\/www.luxsure.fr\/wp-content\/uploads\/2016\/10\/IMG_2844-300x200.jpg 300w, https:\/\/www.luxsure.fr\/wp-content\/uploads\/2016\/10\/IMG_2844-768x512.jpg 768w, https:\/\/www.luxsure.fr\/wp-content\/uploads\/2016\/10\/IMG_2844-600x400.jpg 600w\" data-sizes=\"(max-width: 1024px) 100vw, 1024px\" src=\"data:image\/svg+xml;base64,PHN2ZyB3aWR0aD0iMSIgaGVpZ2h0PSIxIiB4bWxucz0iaHR0cDovL3d3dy53My5vcmcvMjAwMC9zdmciPjwvc3ZnPg==\" style=\"--smush-placeholder-width: 1024px; --smush-placeholder-aspect-ratio: 1024\/683;\" \/><\/a>\n\t\t\t<\/dt><\/dl><br style=\"clear: both\" \/><dl class='gallery-item'>\n\t\t\t<dt class='gallery-icon landscape'>\n\t\t\t\t<a href='https:\/\/www.luxsure.fr\/en\/img_2849-3-2\/'><img decoding=\"async\" width=\"1024\" height=\"683\" data-src=\"https:\/\/www.luxsure.fr\/wp-content\/uploads\/2016\/10\/IMG_2849-1024x683.jpg\" class=\"attachment-large size-large lazyload\" alt=\"\" data-srcset=\"https:\/\/www.luxsure.fr\/wp-content\/uploads\/2016\/10\/IMG_2849.jpg 1024w, https:\/\/www.luxsure.fr\/wp-content\/uploads\/2016\/10\/IMG_2849-300x200.jpg 300w, https:\/\/www.luxsure.fr\/wp-content\/uploads\/2016\/10\/IMG_2849-768x512.jpg 768w, https:\/\/www.luxsure.fr\/wp-content\/uploads\/2016\/10\/IMG_2849-600x400.jpg 600w\" data-sizes=\"(max-width: 1024px) 100vw, 1024px\" src=\"data:image\/svg+xml;base64,PHN2ZyB3aWR0aD0iMSIgaGVpZ2h0PSIxIiB4bWxucz0iaHR0cDovL3d3dy53My5vcmcvMjAwMC9zdmciPjwvc3ZnPg==\" style=\"--smush-placeholder-width: 1024px; --smush-placeholder-aspect-ratio: 1024\/683;\" \/><\/a>\n\t\t\t<\/dt><\/dl><dl class='gallery-item'>\n\t\t\t<dt class='gallery-icon landscape'>\n\t\t\t\t<a href='https:\/\/www.luxsure.fr\/en\/img_2857-2-2\/'><img decoding=\"async\" width=\"1024\" height=\"683\" data-src=\"https:\/\/www.luxsure.fr\/wp-content\/uploads\/2016\/10\/IMG_2857-1024x683.jpg\" class=\"attachment-large size-large lazyload\" alt=\"\" data-srcset=\"https:\/\/www.luxsure.fr\/wp-content\/uploads\/2016\/10\/IMG_2857.jpg 1024w, https:\/\/www.luxsure.fr\/wp-content\/uploads\/2016\/10\/IMG_2857-300x200.jpg 300w, https:\/\/www.luxsure.fr\/wp-content\/uploads\/2016\/10\/IMG_2857-768x512.jpg 768w, https:\/\/www.luxsure.fr\/wp-content\/uploads\/2016\/10\/IMG_2857-600x400.jpg 600w\" data-sizes=\"(max-width: 1024px) 100vw, 1024px\" src=\"data:image\/svg+xml;base64,PHN2ZyB3aWR0aD0iMSIgaGVpZ2h0PSIxIiB4bWxucz0iaHR0cDovL3d3dy53My5vcmcvMjAwMC9zdmciPjwvc3ZnPg==\" style=\"--smush-placeholder-width: 1024px; --smush-placeholder-aspect-ratio: 1024\/683;\" \/><\/a>\n\t\t\t<\/dt><\/dl>\n\t\t\t<br style='clear: both' \/>\n\t\t<\/div>\n\n<p>The event took the form of an exhibition on the evolution of gastronomy, drawing a parallel between innovation in the learning of culinary techniques and the historical journey of the institute &#8211; from a modest Parisian cookery school 121 years ago to a network of over 35 establishments worldwide. While numerous animations transported guests back in time to discover the art of fine dining, one room showcased the institute&#8217;s extensive archives, with numerous objects from the past: diplomas, photos, engravings, Le Cordon Bleu books and magazines. <\/p>\n<p>After speeches by Mr. Andr\u00e9 Cointreau and Chef Eric Briffard, guests were taken on a tasting tour led by Le Cordon Bleu chefs, allowing them to discover the establishment step by step, from the workshop to the roof garden. Starting with a culinary demonstration worthy of 1895, with the preparation of pike-perch quenelles in Nantua crayfish sauce, the tour ended with a contemporary innovation, with the preparation of mangoes glazed with Shiso leaf. <\/p>\n<p>To illustrate international gastronomy and contemporary cuisine, Le Cordon Bleu alumni Pierre Dutaret, Luis Machado, Christina Huang, Bao Feiyue and Renatta Portasio played the game by creating authentic dishes from their home countries, revisited by themselves. From China to Brazil, taste buds took a trip around the world. <\/p>\n<p>On this occasion, Le Cordon Bleu took the opportunity to <a href=\"https:\/\/u2993374.ct.sendgrid.net\/wf\/click?upn=lgaeS-2FcvfjSCKOOVFRdGqN1OkCd7RNRJhMvkgFsjOa9ofmQpZ-2F0a3Aac6R5m68SKrzD3Z6uKVYRbEjEWdrDxMrhyi2AKBIhXX7Gd8BuvXKgsjofMz5ZxODOq-2Fdk5s9pR_ULM-2BGxUcX180uZPpAUIwD-2FZgpacgeV1H-2BRAchIRmfcSD-2BnS16MxNpbKy-2FlFhd-2FL-2F6OmuS-2F6P9g7H7Is1Q9UPPnaH9kYo5Tgz6Nnz-2BjBAqu-2FA2UWMJeuaWOVv9JwbttCHg4fpblpb-2BjClpc0WE447IALFPTZ-2BuJ2L73bgb1Y8K-2BqUxUmcUm7CZxE2nlnWTySvvkl5AvtYRV2QNaTR5fqTVscH00oExFqeK4c0ds3zql0-3D\">present its new book :<\/a> L&#8217;\u00c9cole de la p\u00e2tisserie par l&#8217;institut Le Cordon Bleu\u00ae published by Larousse. Chef Jean-Fran\u00e7ois Deguignet imagined a sweet animation in honor of this new publication. L&#8217;\u00c9cole de la p\u00e2tisserie par l&#8217;institut Le Cordon Bleu\u00ae is already available at the institute&#8217;s boutique and online.  <\/p>\n<p>The cocktail was prepared by Executive Chef and Director of Culinary Arts, \u00c9ric Briffard (MOF), and carried out by his team of Chefs themselves, assisted by students in <a href=\"https:\/\/u2993374.ct.sendgrid.net\/wf\/click?upn=lgaeS-2FcvfjSCKOOVFRdGqN1OkCd7RNRJhMvkgFsjOa9UkW86vll3QBZkoTnPqbVS-2FzGAeWTFMPHqW-2BD31blZkA-3D-3D_ULM-2BGxUcX180uZPpAUIwD-2FZgpacgeV1H-2BRAchIRmfcSD-2BnS16MxNpbKy-2FlFhd-2FL-2FCN3gMJVv-2Fewt27iO3zxUIT8KItPoX5CDIWO-2Fz-2Bkb-2FdsHZrcL1z7TGLHViqKeHS4fRXB03vJQytA8KoW-2BaM9WkG-2BRz3cFTYN3zqvo1XqF-2FqwbQt1U1QUlSATceNT1U2T9vO5-2Flzyz-2FaIGeQqd-2B1GHKP46yPG2BwpZfV8eROBoYcQ-3D\">Cuisine,<\/a> <a href=\"https:\/\/u2993374.ct.sendgrid.net\/wf\/click?upn=lgaeS-2FcvfjSCKOOVFRdGqN1OkCd7RNRJhMvkgFsjOa9UkW86vll3QBZkoTnPqbVSe8LYQY0dqkgAhDOQEcAx7Q-3D-3D_ULM-2BGxUcX180uZPpAUIwD-2FZgpacgeV1H-2BRAchIRmfcSD-2BnS16MxNpbKy-2FlFhd-2FL-2FALjtCwKeL-2BJ55anUAka9MYGQ0TrDJz0wHniiT5P1jpiIdBBdykOpnH3Tet0-2Fd9tlQhlshlkgwR8ZFYpvnxTDWBOBQCA0dRwp3aTw57VBJafp696RFgfO-2F-2FEFIX0-2BJ13-2FlS7QqNZ7XxlzLm7TdfmNoALUS2TQVg6QapEQtRyrLwg-3D\">P\u00e2tisserie and<\/a> <a href=\"https:\/\/u2993374.ct.sendgrid.net\/wf\/click?upn=lgaeS-2FcvfjSCKOOVFRdGqN1OkCd7RNRJhMvkgFsjOa9UkW86vll3QBZkoTnPqbVSuY3SGZYDTU2pIMToJVgS8Q-3D-3D_ULM-2BGxUcX180uZPpAUIwD-2FZgpacgeV1H-2BRAchIRmfcSD-2BnS16MxNpbKy-2FlFhd-2FL-2FHJOt80Se-2BbdWPckzKxtf3dnshkyjaDppX4fBgmGx4IrMEBS4dBs9k2bxj26RhFQySuaGU-2BGh1F7euuzWX63640su-2BRfjNwRpZqS-2FSZOzwchqnc1bidlNxrxdi8QHLBoPbX5MYpvTVPbgqWf-2BjwHbDf5hwmho3X9WhC-2F6IbKvfVI-3D\">Boulangerie<\/a>, with part of the service handled by students in <a href=\"https:\/\/u2993374.ct.sendgrid.net\/wf\/click?upn=lgaeS-2FcvfjSCKOOVFRdGqN1OkCd7RNRJhMvkgFsjOa-2FF8nFJgl-2F2DaHhxF5-2FZ6WV7OHiCZkwm8Lvq25Oxdu07VSXmCykiDP2wkrV1HLqfC4-3D_ULM-2BGxUcX180uZPpAUIwD-2FZgpacgeV1H-2BRAchIRmfcSD-2BnS16MxNpbKy-2FlFhd-2FL-2FlFYwamqjVKgI16UGok57Kqv3rQdcw6QzjV0JlF8k4zjPvf0Au9LnTNi1a3I-2FuKKw3pVLoLnHjdrAdfJhfR2euSDwVRQAQ0VKSva3Zf913vZu7v1TMOLeXxLvw-2Fvahl-2FPSkVUqHS5a8TFCfG3oWUFwIUIJb7Wb7-2F2YmpPb8Pt-2Fy8-3D\">Restaurant Management.<\/a><\/p>\n<p>Champagne Gosset and Bellota-Bellota participated as sponsors.<\/p>\n<p>Click on the following links to watch videos of the Culinary Arts and Hotel Management professional programs:<\/p>\n<p>&#8211; <a href=\"https:\/\/u2993374.ct.sendgrid.net\/wf\/click?upn=R6b4qxSMae4gSUX7w9Y8GY2yIkwGgBMILgim02slWNqfB8h8AZ4pAVqTqmxGjvYmtzh7ZPXJoYHAnZyqXeP44g-3D-3D_ULM-2BGxUcX180uZPpAUIwD-2FZgpacgeV1H-2BRAchIRmfcSD-2BnS16MxNpbKy-2FlFhd-2FL-2FKbpo44mn1NJvkgUZebgoWSPlj08vu-2F-2FstEpcrcogttQKZsOZ9Ruz1Br2Idl-2FlMFPJaF8ENBpp69YcYiYydsESw-2Ba-2FeVdBGWKj6dqGEhZHOR3ejDBZBLhfzuytRPxhxa8LLm1maTU7FkeXu9sptcizYuD3J4yb29lXt0uE1PzKeg-3D\">Culinary Arts Le Cordon Bleu Paris<\/a><\/p>\n<p>&#8211; <a href=\"https:\/\/u2993374.ct.sendgrid.net\/wf\/click?upn=R6b4qxSMae4gSUX7w9Y8GU5-2FvvfQPWK0r1NigRVNoUxm7yl3lZUEctBodTtu5zfp_ULM-2BGxUcX180uZPpAUIwD-2FZgpacgeV1H-2BRAchIRmfcSD-2BnS16MxNpbKy-2FlFhd-2FL-2FrxXkTiwmejBr2RRecLQMTW4dQZqqUlk-2FjFSLIoaiYNRqb3tHZOwiGm4S2DdASUYmlALzlgfNrYV8d1gPXoTfeF4-2BGcWIUQEUelRb9EEstSCUWbwZUnCok4oli2g78J10di5igkCNWAv-2FmXqpKoRdk8m3eZDMpvx4ReP5GsMbixU-3D\">Hotel Management Le Cordon Bleu Paris<\/a><\/p>\n<p>&nbsp;<\/p>\n","protected":false},"excerpt":{"rendered":"<p>Le Cordon Bleu, the world&#8217;s leading network of culinary arts and hospitality management institutes, celebrated the inauguration of its new campus on Monday October 10, bringing together over 600 distinguished&hellip;<\/p>\n","protected":false},"author":2,"featured_media":950655,"comment_status":"closed","ping_status":"closed","sticky":false,"template":"","format":"standard","meta":{"_lmt_disableupdate":"","_lmt_disable":"","footnotes":""},"categories":[30407,30409],"tags":[67722],"class_list":["post-2031057","post","type-post","status-publish","format-standard","has-post-thumbnail","hentry","category-art-of-living","category-gastronomy","tag-cordon-bleu"],"yoast_head":"<!-- This site is optimized with the Yoast SEO plugin v27.5 - https:\/\/yoast.com\/product\/yoast-seo-wordpress\/ -->\n<title>Le Cordon Bleu inaugurated - Luxsure<\/title>\n<meta name=\"robots\" content=\"index, follow, max-snippet:-1, max-image-preview:large, max-video-preview:-1\" \/>\n<link rel=\"canonical\" href=\"https:\/\/www.luxsure.fr\/en\/2016\/10\/25\/le-cordon-bleu-inaugurated\/\" \/>\n<meta name=\"twitter:label1\" content=\"Written by\" \/>\n\t<meta name=\"twitter:data1\" content=\"pascal iakovou\" \/>\n\t<meta name=\"twitter:label2\" content=\"Est. reading time\" \/>\n\t<meta name=\"twitter:data2\" content=\"2 minutes\" \/>\n<script type=\"application\/ld+json\" class=\"yoast-schema-graph\">{\"@context\":\"https:\\\/\\\/schema.org\",\"@graph\":[{\"@type\":\"Article\",\"@id\":\"https:\\\/\\\/www.luxsure.fr\\\/en\\\/2016\\\/10\\\/25\\\/le-cordon-bleu-inaugurated\\\/#article\",\"isPartOf\":{\"@id\":\"https:\\\/\\\/www.luxsure.fr\\\/en\\\/2016\\\/10\\\/25\\\/le-cordon-bleu-inaugurated\\\/\"},\"author\":{\"name\":\"pascal iakovou\",\"@id\":\"https:\\\/\\\/www.luxsure.fr\\\/#\\\/schema\\\/person\\\/e3e28d08083f4cbc258957c924e39423\"},\"headline\":\"Le Cordon Bleu inaugurated\",\"datePublished\":\"2016-10-25T11:11:07+00:00\",\"dateModified\":\"2026-04-27T01:56:06+00:00\",\"mainEntityOfPage\":{\"@id\":\"https:\\\/\\\/www.luxsure.fr\\\/en\\\/2016\\\/10\\\/25\\\/le-cordon-bleu-inaugurated\\\/\"},\"wordCount\":420,\"publisher\":{\"@id\":\"https:\\\/\\\/www.luxsure.fr\\\/#organization\"},\"image\":{\"@id\":\"https:\\\/\\\/www.luxsure.fr\\\/en\\\/2016\\\/10\\\/25\\\/le-cordon-bleu-inaugurated\\\/#primaryimage\"},\"thumbnailUrl\":\"https:\\\/\\\/www.luxsure.fr\\\/wp-content\\\/uploads\\\/2016\\\/10\\\/IMG_2806.jpg\",\"keywords\":[\"Cordon Bleu\"],\"articleSection\":[\"Art of living\",\"Gastronomy\"],\"inLanguage\":\"en-US\"},{\"@type\":\"WebPage\",\"@id\":\"https:\\\/\\\/www.luxsure.fr\\\/en\\\/2016\\\/10\\\/25\\\/le-cordon-bleu-inaugurated\\\/\",\"url\":\"https:\\\/\\\/www.luxsure.fr\\\/en\\\/2016\\\/10\\\/25\\\/le-cordon-bleu-inaugurated\\\/\",\"name\":\"Le Cordon Bleu inaugurated - Luxsure\",\"isPartOf\":{\"@id\":\"https:\\\/\\\/www.luxsure.fr\\\/#website\"},\"primaryImageOfPage\":{\"@id\":\"https:\\\/\\\/www.luxsure.fr\\\/en\\\/2016\\\/10\\\/25\\\/le-cordon-bleu-inaugurated\\\/#primaryimage\"},\"image\":{\"@id\":\"https:\\\/\\\/www.luxsure.fr\\\/en\\\/2016\\\/10\\\/25\\\/le-cordon-bleu-inaugurated\\\/#primaryimage\"},\"thumbnailUrl\":\"https:\\\/\\\/www.luxsure.fr\\\/wp-content\\\/uploads\\\/2016\\\/10\\\/IMG_2806.jpg\",\"datePublished\":\"2016-10-25T11:11:07+00:00\",\"dateModified\":\"2026-04-27T01:56:06+00:00\",\"breadcrumb\":{\"@id\":\"https:\\\/\\\/www.luxsure.fr\\\/en\\\/2016\\\/10\\\/25\\\/le-cordon-bleu-inaugurated\\\/#breadcrumb\"},\"inLanguage\":\"en-US\",\"potentialAction\":[{\"@type\":\"ReadAction\",\"target\":[\"https:\\\/\\\/www.luxsure.fr\\\/en\\\/2016\\\/10\\\/25\\\/le-cordon-bleu-inaugurated\\\/\"]}]},{\"@type\":\"ImageObject\",\"inLanguage\":\"en-US\",\"@id\":\"https:\\\/\\\/www.luxsure.fr\\\/en\\\/2016\\\/10\\\/25\\\/le-cordon-bleu-inaugurated\\\/#primaryimage\",\"url\":\"https:\\\/\\\/www.luxsure.fr\\\/wp-content\\\/uploads\\\/2016\\\/10\\\/IMG_2806.jpg\",\"contentUrl\":\"https:\\\/\\\/www.luxsure.fr\\\/wp-content\\\/uploads\\\/2016\\\/10\\\/IMG_2806.jpg\",\"width\":1024,\"height\":683},{\"@type\":\"BreadcrumbList\",\"@id\":\"https:\\\/\\\/www.luxsure.fr\\\/en\\\/2016\\\/10\\\/25\\\/le-cordon-bleu-inaugurated\\\/#breadcrumb\",\"itemListElement\":[{\"@type\":\"ListItem\",\"position\":1,\"name\":\"Accueil\",\"item\":\"https:\\\/\\\/www.luxsure.fr\\\/\"},{\"@type\":\"ListItem\",\"position\":2,\"name\":\"Le Cordon Bleu inaugurated\"}]},{\"@type\":\"WebSite\",\"@id\":\"https:\\\/\\\/www.luxsure.fr\\\/#website\",\"url\":\"https:\\\/\\\/www.luxsure.fr\\\/\",\"name\":\"Luxsure\",\"description\":\"UNE CERTAINE VISION DU LUXE\",\"publisher\":{\"@id\":\"https:\\\/\\\/www.luxsure.fr\\\/#organization\"},\"potentialAction\":[{\"@type\":\"SearchAction\",\"target\":{\"@type\":\"EntryPoint\",\"urlTemplate\":\"https:\\\/\\\/www.luxsure.fr\\\/?s={search_term_string}\"},\"query-input\":{\"@type\":\"PropertyValueSpecification\",\"valueRequired\":true,\"valueName\":\"search_term_string\"}}],\"inLanguage\":\"en-US\"},{\"@type\":\"Organization\",\"@id\":\"https:\\\/\\\/www.luxsure.fr\\\/#organization\",\"name\":\"Luxsure\",\"url\":\"https:\\\/\\\/www.luxsure.fr\\\/\",\"logo\":{\"@type\":\"ImageObject\",\"inLanguage\":\"en-US\",\"@id\":\"https:\\\/\\\/www.luxsure.fr\\\/#\\\/schema\\\/logo\\\/image\\\/\",\"url\":\"https:\\\/\\\/i0.wp.com\\\/www.luxsure.fr\\\/wp-content\\\/uploads\\\/2015\\\/10\\\/Capture-d\u2019\u00e9cran-2015-08-19-\u00e0-10.51.48.png?fit=551%2C400&ssl=1\",\"contentUrl\":\"https:\\\/\\\/i0.wp.com\\\/www.luxsure.fr\\\/wp-content\\\/uploads\\\/2015\\\/10\\\/Capture-d\u2019\u00e9cran-2015-08-19-\u00e0-10.51.48.png?fit=551%2C400&ssl=1\",\"width\":551,\"height\":400,\"caption\":\"Luxsure\"},\"image\":{\"@id\":\"https:\\\/\\\/www.luxsure.fr\\\/#\\\/schema\\\/logo\\\/image\\\/\"}},{\"@type\":\"Person\",\"@id\":\"https:\\\/\\\/www.luxsure.fr\\\/#\\\/schema\\\/person\\\/e3e28d08083f4cbc258957c924e39423\",\"name\":\"pascal iakovou\",\"image\":{\"@type\":\"ImageObject\",\"inLanguage\":\"en-US\",\"@id\":\"https:\\\/\\\/secure.gravatar.com\\\/avatar\\\/358546e9ab7afafbb35961f747089b93cb88ca12b7a9fcd0c7922cc45f092613?s=96&d=mm&r=g\",\"url\":\"https:\\\/\\\/secure.gravatar.com\\\/avatar\\\/358546e9ab7afafbb35961f747089b93cb88ca12b7a9fcd0c7922cc45f092613?s=96&d=mm&r=g\",\"contentUrl\":\"https:\\\/\\\/secure.gravatar.com\\\/avatar\\\/358546e9ab7afafbb35961f747089b93cb88ca12b7a9fcd0c7922cc45f092613?s=96&d=mm&r=g\",\"caption\":\"pascal iakovou\"},\"sameAs\":[\"http:\\\/\\\/www.luxsure.Fr\"],\"url\":\"https:\\\/\\\/www.luxsure.fr\\\/en\\\/author\\\/pascal\\\/\"}]}<\/script>\n<!-- \/ Yoast SEO plugin. -->","yoast_head_json":{"title":"Le Cordon Bleu inaugurated - Luxsure","robots":{"index":"index","follow":"follow","max-snippet":"max-snippet:-1","max-image-preview":"max-image-preview:large","max-video-preview":"max-video-preview:-1"},"canonical":"https:\/\/www.luxsure.fr\/en\/2016\/10\/25\/le-cordon-bleu-inaugurated\/","twitter_misc":{"Written by":"pascal iakovou","Est. reading time":"2 minutes"},"schema":{"@context":"https:\/\/schema.org","@graph":[{"@type":"Article","@id":"https:\/\/www.luxsure.fr\/en\/2016\/10\/25\/le-cordon-bleu-inaugurated\/#article","isPartOf":{"@id":"https:\/\/www.luxsure.fr\/en\/2016\/10\/25\/le-cordon-bleu-inaugurated\/"},"author":{"name":"pascal iakovou","@id":"https:\/\/www.luxsure.fr\/#\/schema\/person\/e3e28d08083f4cbc258957c924e39423"},"headline":"Le Cordon Bleu inaugurated","datePublished":"2016-10-25T11:11:07+00:00","dateModified":"2026-04-27T01:56:06+00:00","mainEntityOfPage":{"@id":"https:\/\/www.luxsure.fr\/en\/2016\/10\/25\/le-cordon-bleu-inaugurated\/"},"wordCount":420,"publisher":{"@id":"https:\/\/www.luxsure.fr\/#organization"},"image":{"@id":"https:\/\/www.luxsure.fr\/en\/2016\/10\/25\/le-cordon-bleu-inaugurated\/#primaryimage"},"thumbnailUrl":"https:\/\/www.luxsure.fr\/wp-content\/uploads\/2016\/10\/IMG_2806.jpg","keywords":["Cordon Bleu"],"articleSection":["Art of living","Gastronomy"],"inLanguage":"en-US"},{"@type":"WebPage","@id":"https:\/\/www.luxsure.fr\/en\/2016\/10\/25\/le-cordon-bleu-inaugurated\/","url":"https:\/\/www.luxsure.fr\/en\/2016\/10\/25\/le-cordon-bleu-inaugurated\/","name":"Le Cordon Bleu inaugurated - Luxsure","isPartOf":{"@id":"https:\/\/www.luxsure.fr\/#website"},"primaryImageOfPage":{"@id":"https:\/\/www.luxsure.fr\/en\/2016\/10\/25\/le-cordon-bleu-inaugurated\/#primaryimage"},"image":{"@id":"https:\/\/www.luxsure.fr\/en\/2016\/10\/25\/le-cordon-bleu-inaugurated\/#primaryimage"},"thumbnailUrl":"https:\/\/www.luxsure.fr\/wp-content\/uploads\/2016\/10\/IMG_2806.jpg","datePublished":"2016-10-25T11:11:07+00:00","dateModified":"2026-04-27T01:56:06+00:00","breadcrumb":{"@id":"https:\/\/www.luxsure.fr\/en\/2016\/10\/25\/le-cordon-bleu-inaugurated\/#breadcrumb"},"inLanguage":"en-US","potentialAction":[{"@type":"ReadAction","target":["https:\/\/www.luxsure.fr\/en\/2016\/10\/25\/le-cordon-bleu-inaugurated\/"]}]},{"@type":"ImageObject","inLanguage":"en-US","@id":"https:\/\/www.luxsure.fr\/en\/2016\/10\/25\/le-cordon-bleu-inaugurated\/#primaryimage","url":"https:\/\/www.luxsure.fr\/wp-content\/uploads\/2016\/10\/IMG_2806.jpg","contentUrl":"https:\/\/www.luxsure.fr\/wp-content\/uploads\/2016\/10\/IMG_2806.jpg","width":1024,"height":683},{"@type":"BreadcrumbList","@id":"https:\/\/www.luxsure.fr\/en\/2016\/10\/25\/le-cordon-bleu-inaugurated\/#breadcrumb","itemListElement":[{"@type":"ListItem","position":1,"name":"Accueil","item":"https:\/\/www.luxsure.fr\/"},{"@type":"ListItem","position":2,"name":"Le Cordon Bleu inaugurated"}]},{"@type":"WebSite","@id":"https:\/\/www.luxsure.fr\/#website","url":"https:\/\/www.luxsure.fr\/","name":"Luxsure","description":"UNE CERTAINE VISION DU LUXE","publisher":{"@id":"https:\/\/www.luxsure.fr\/#organization"},"potentialAction":[{"@type":"SearchAction","target":{"@type":"EntryPoint","urlTemplate":"https:\/\/www.luxsure.fr\/?s={search_term_string}"},"query-input":{"@type":"PropertyValueSpecification","valueRequired":true,"valueName":"search_term_string"}}],"inLanguage":"en-US"},{"@type":"Organization","@id":"https:\/\/www.luxsure.fr\/#organization","name":"Luxsure","url":"https:\/\/www.luxsure.fr\/","logo":{"@type":"ImageObject","inLanguage":"en-US","@id":"https:\/\/www.luxsure.fr\/#\/schema\/logo\/image\/","url":"https:\/\/i0.wp.com\/www.luxsure.fr\/wp-content\/uploads\/2015\/10\/Capture-d\u2019\u00e9cran-2015-08-19-\u00e0-10.51.48.png?fit=551%2C400&ssl=1","contentUrl":"https:\/\/i0.wp.com\/www.luxsure.fr\/wp-content\/uploads\/2015\/10\/Capture-d\u2019\u00e9cran-2015-08-19-\u00e0-10.51.48.png?fit=551%2C400&ssl=1","width":551,"height":400,"caption":"Luxsure"},"image":{"@id":"https:\/\/www.luxsure.fr\/#\/schema\/logo\/image\/"}},{"@type":"Person","@id":"https:\/\/www.luxsure.fr\/#\/schema\/person\/e3e28d08083f4cbc258957c924e39423","name":"pascal iakovou","image":{"@type":"ImageObject","inLanguage":"en-US","@id":"https:\/\/secure.gravatar.com\/avatar\/358546e9ab7afafbb35961f747089b93cb88ca12b7a9fcd0c7922cc45f092613?s=96&d=mm&r=g","url":"https:\/\/secure.gravatar.com\/avatar\/358546e9ab7afafbb35961f747089b93cb88ca12b7a9fcd0c7922cc45f092613?s=96&d=mm&r=g","contentUrl":"https:\/\/secure.gravatar.com\/avatar\/358546e9ab7afafbb35961f747089b93cb88ca12b7a9fcd0c7922cc45f092613?s=96&d=mm&r=g","caption":"pascal iakovou"},"sameAs":["http:\/\/www.luxsure.Fr"],"url":"https:\/\/www.luxsure.fr\/en\/author\/pascal\/"}]}},"_links":{"self":[{"href":"https:\/\/www.luxsure.fr\/en\/wp-json\/wp\/v2\/posts\/2031057","targetHints":{"allow":["GET"]}}],"collection":[{"href":"https:\/\/www.luxsure.fr\/en\/wp-json\/wp\/v2\/posts"}],"about":[{"href":"https:\/\/www.luxsure.fr\/en\/wp-json\/wp\/v2\/types\/post"}],"author":[{"embeddable":true,"href":"https:\/\/www.luxsure.fr\/en\/wp-json\/wp\/v2\/users\/2"}],"replies":[{"embeddable":true,"href":"https:\/\/www.luxsure.fr\/en\/wp-json\/wp\/v2\/comments?post=2031057"}],"version-history":[{"count":0,"href":"https:\/\/www.luxsure.fr\/en\/wp-json\/wp\/v2\/posts\/2031057\/revisions"}],"wp:featuredmedia":[{"embeddable":true,"href":"https:\/\/www.luxsure.fr\/en\/wp-json\/wp\/v2\/media\/950655"}],"wp:attachment":[{"href":"https:\/\/www.luxsure.fr\/en\/wp-json\/wp\/v2\/media?parent=2031057"}],"wp:term":[{"taxonomy":"category","embeddable":true,"href":"https:\/\/www.luxsure.fr\/en\/wp-json\/wp\/v2\/categories?post=2031057"},{"taxonomy":"post_tag","embeddable":true,"href":"https:\/\/www.luxsure.fr\/en\/wp-json\/wp\/v2\/tags?post=2031057"}],"curies":[{"name":"wp","href":"https:\/\/api.w.org\/{rel}","templated":true}]}}