{"id":2031013,"date":"2018-01-20T17:14:26","date_gmt":"2018-01-20T16:14:26","guid":{"rendered":"https:\/\/www.luxsure.fr\/2018\/01\/20\/fall-winter-2018-mens-fashion-week-day-4-at-the-end-of-a-career\/"},"modified":"2026-04-27T03:49:30","modified_gmt":"2026-04-27T01:49:30","slug":"fall-winter-2018-mens-fashion-week-day-4-at-the-end-of-a-career","status":"publish","type":"post","link":"https:\/\/www.luxsure.fr\/en\/2018\/01\/20\/fall-winter-2018-mens-fashion-week-day-4-at-the-end-of-a-career\/","title":{"rendered":"Fall\/Winter 2018 Men&#8217;s Fashion Week: Day 4 At the end of a career"},"content":{"rendered":"<p>Tag : Berluti<\/p>\n<p style=\"text-align: center;\"><em><strong>&#8220;The career is a 20th century invention, and I don&#8217;t want one&#8221;.<\/strong> <\/em>-Christopher McCandless played by Emile Hirsch in <em>Into The Wild<\/em> in 2007. A sentence that sums up the times &#8211; the changes and <em>misunderstandings<\/em> between generations <em>&#8220;who have toiled all their lives&#8221;<\/em> and don&#8217;t understand why their children don&#8217;t have a <em><strong>CDI<\/strong><\/em>don&#8217; <em>t want them any more<\/em>. It&#8217;s a question that the men in the <strong>Berlutti <\/strong>or <strong>Cerruti 1881<\/strong> collections are no doubt asking themselves, in their perfectly cut suits of unadulterated refinement, with materials that require years of <em><strong>MINIMUM WAGE<\/strong><\/em>. In contrast, <strong>VETEMENTS<\/strong> is back with more guns than ever<em>.<\/em> A collection reminiscent of the first. <em>Flashback<\/em> to the career of Demna Gvesalia, whose trajectory could be the stuff of dreams for men in upper-class suits. And yet, the message behind the collection is far from light-hearted: it&#8217;s linked to events in Russia &#8211; a country that Gvesalia and her team know better than the media.     <\/p>\n\n\t\t<style type=\"text\/css\">\n\t\t\t#gallery-1 {\n\t\t\t\tmargin: auto;\n\t\t\t}\n\t\t\t#gallery-1 .gallery-item {\n\t\t\t\tfloat: left;\n\t\t\t\tmargin-top: 10px;\n\t\t\t\ttext-align: center;\n\t\t\t\twidth: 33%;\n\t\t\t}\n\t\t\t#gallery-1 img {\n\t\t\t\tborder: 2px solid #cfcfcf;\n\t\t\t}\n\t\t\t#gallery-1 .gallery-caption {\n\t\t\t\tmargin-left: 0;\n\t\t\t}\n\t\t\t\/* see gallery_shortcode() in wp-includes\/media.php *\/\n\t\t<\/style>\n\t\t<div id='gallery-1' class='gallery galleryid-2031013 gallery-columns-3 gallery-size-large'><dl class='gallery-item'>\n\t\t\t<dt class='gallery-icon portrait'>\n\t\t\t\t<a href='https:\/\/www.luxsure.fr\/en\/5a647a7b-3\/'><img decoding=\"async\" width=\"467\" height=\"700\" data-src=\"https:\/\/www.luxsure.fr\/wp-content\/uploads\/2018\/01\/5a647a7b.jpeg\" class=\"attachment-large size-large lazyload\" alt=\"\" aria-describedby=\"gallery-1-1101596\" data-srcset=\"https:\/\/www.luxsure.fr\/wp-content\/uploads\/2018\/01\/5a647a7b.jpeg 467w, https:\/\/www.luxsure.fr\/wp-content\/uploads\/2018\/01\/5a647a7b-200x300.jpeg 200w\" data-sizes=\"(max-width: 467px) 100vw, 467px\" src=\"data:image\/svg+xml;base64,PHN2ZyB3aWR0aD0iMSIgaGVpZ2h0PSIxIiB4bWxucz0iaHR0cDovL3d3dy53My5vcmcvMjAwMC9zdmciPjwvc3ZnPg==\" style=\"--smush-placeholder-width: 467px; --smush-placeholder-aspect-ratio: 467\/700;\" \/><\/a>\n\t\t\t<\/dt>\n\t\t\t\t<dd class='wp-caption-text gallery-caption' id='gallery-1-1101596'>\n\t\t\t\tCerruti 1881 : \u00e9l\u00e9gance sereine pour carri\u00e8re sous soucis\n\t\t\t\t<\/dd><\/dl><dl class='gallery-item'>\n\t\t\t<dt class='gallery-icon portrait'>\n\t\t\t\t<a href='https:\/\/www.luxsure.fr\/en\/5a647a7b-2-2\/'><img decoding=\"async\" width=\"467\" height=\"700\" data-src=\"https:\/\/www.luxsure.fr\/wp-content\/uploads\/2018\/01\/5a647a7b-2.jpeg\" class=\"attachment-large size-large lazyload\" alt=\"\" aria-describedby=\"gallery-1-1101592\" data-srcset=\"https:\/\/www.luxsure.fr\/wp-content\/uploads\/2018\/01\/5a647a7b-2.jpeg 467w, https:\/\/www.luxsure.fr\/wp-content\/uploads\/2018\/01\/5a647a7b-2-200x300.jpeg 200w\" data-sizes=\"(max-width: 467px) 100vw, 467px\" src=\"data:image\/svg+xml;base64,PHN2ZyB3aWR0aD0iMSIgaGVpZ2h0PSIxIiB4bWxucz0iaHR0cDovL3d3dy53My5vcmcvMjAwMC9zdmciPjwvc3ZnPg==\" style=\"--smush-placeholder-width: 467px; --smush-placeholder-aspect-ratio: 467\/700;\" \/><\/a>\n\t\t\t<\/dt>\n\t\t\t\t<dd class='wp-caption-text gallery-caption' id='gallery-1-1101592'>\n\t\t\t\tCerruti 1881 :\u00e9l\u00e9gance sereine pour carri\u00e8re sous soucis\n\t\t\t\t<\/dd><\/dl><dl class='gallery-item'>\n\t\t\t<dt class='gallery-icon portrait'>\n\t\t\t\t<a href='https:\/\/www.luxsure.fr\/en\/infoimaxtree-com-152-2\/'><img decoding=\"async\" width=\"510\" height=\"768\" data-src=\"https:\/\/www.luxsure.fr\/wp-content\/uploads\/2018\/01\/detail-defile-berluti-automne-hiver-2018-2019-paris-detail-40.jpg\" class=\"attachment-large size-large lazyload\" alt=\"\" aria-describedby=\"gallery-1-1101636\" data-srcset=\"https:\/\/www.luxsure.fr\/wp-content\/uploads\/2018\/01\/detail-defile-berluti-automne-hiver-2018-2019-paris-detail-40.jpg 510w, https:\/\/www.luxsure.fr\/wp-content\/uploads\/2018\/01\/detail-defile-berluti-automne-hiver-2018-2019-paris-detail-40-199x300.jpg 199w\" data-sizes=\"(max-width: 510px) 100vw, 510px\" src=\"data:image\/svg+xml;base64,PHN2ZyB3aWR0aD0iMSIgaGVpZ2h0PSIxIiB4bWxucz0iaHR0cDovL3d3dy53My5vcmcvMjAwMC9zdmciPjwvc3ZnPg==\" style=\"--smush-placeholder-width: 510px; --smush-placeholder-aspect-ratio: 510\/768;\" \/><\/a>\n\t\t\t<\/dt>\n\t\t\t\t<dd class='wp-caption-text gallery-caption' id='gallery-1-1101636'>\n\t\t\t\tBerluti:\u00e9l\u00e9gance sereine pour carri\u00e8re sous soucis\n\t\t\t\t<\/dd><\/dl><br style=\"clear: both\" \/><dl class='gallery-item'>\n\t\t\t<dt class='gallery-icon portrait'>\n\t\t\t\t<a href='https:\/\/www.luxsure.fr\/en\/5a647a0b-2\/'><img decoding=\"async\" width=\"467\" height=\"700\" data-src=\"https:\/\/www.luxsure.fr\/wp-content\/uploads\/2018\/01\/5a647a0b.jpeg\" class=\"attachment-large size-large lazyload\" alt=\"\" aria-describedby=\"gallery-1-1101588\" data-srcset=\"https:\/\/www.luxsure.fr\/wp-content\/uploads\/2018\/01\/5a647a0b.jpeg 467w, https:\/\/www.luxsure.fr\/wp-content\/uploads\/2018\/01\/5a647a0b-200x300.jpeg 200w\" data-sizes=\"(max-width: 467px) 100vw, 467px\" src=\"data:image\/svg+xml;base64,PHN2ZyB3aWR0aD0iMSIgaGVpZ2h0PSIxIiB4bWxucz0iaHR0cDovL3d3dy53My5vcmcvMjAwMC9zdmciPjwvc3ZnPg==\" style=\"--smush-placeholder-width: 467px; --smush-placeholder-aspect-ratio: 467\/700;\" \/><\/a>\n\t\t\t<\/dt>\n\t\t\t\t<dd class='wp-caption-text gallery-caption' id='gallery-1-1101588'>\n\t\t\t\tACNE Studio : un costume, mais rouge. Un signal d&#8217;alerte ? \n\t\t\t\t<\/dd><\/dl><dl class='gallery-item'>\n\t\t\t<dt class='gallery-icon portrait'>\n\t\t\t\t<a href='https:\/\/www.luxsure.fr\/en\/defile-vetements-automne-hiver-2018-2019-paris-look-28-2\/'><img decoding=\"async\" width=\"512\" height=\"768\" data-src=\"https:\/\/www.luxsure.fr\/wp-content\/uploads\/2018\/01\/defile-vetements-automne-hiver-2018-2019-paris-look-28.jpg\" class=\"attachment-large size-large lazyload\" alt=\"\" aria-describedby=\"gallery-1-1101628\" data-srcset=\"https:\/\/www.luxsure.fr\/wp-content\/uploads\/2018\/01\/defile-vetements-automne-hiver-2018-2019-paris-look-28.jpg 512w, https:\/\/www.luxsure.fr\/wp-content\/uploads\/2018\/01\/defile-vetements-automne-hiver-2018-2019-paris-look-28-200x300.jpg 200w\" data-sizes=\"(max-width: 512px) 100vw, 512px\" src=\"data:image\/svg+xml;base64,PHN2ZyB3aWR0aD0iMSIgaGVpZ2h0PSIxIiB4bWxucz0iaHR0cDovL3d3dy53My5vcmcvMjAwMC9zdmciPjwvc3ZnPg==\" style=\"--smush-placeholder-width: 512px; --smush-placeholder-aspect-ratio: 512\/768;\" \/><\/a>\n\t\t\t<\/dt>\n\t\t\t\t<dd class='wp-caption-text gallery-caption' id='gallery-1-1101628'>\n\t\t\t\tLa contre-sc\u00e8ne V\u00eatement\n\t\t\t\t<\/dd><\/dl><dl class='gallery-item'>\n\t\t\t<dt class='gallery-icon portrait'>\n\t\t\t\t<a href='https:\/\/www.luxsure.fr\/en\/detail-defile-vetements-automne-hiver-2018-2019-paris-detail-53-2\/'><img decoding=\"async\" width=\"510\" height=\"768\" data-src=\"https:\/\/www.luxsure.fr\/wp-content\/uploads\/2018\/01\/detail-defile-vetements-automne-hiver-2018-2019-paris-detail-53.jpg\" class=\"attachment-large size-large lazyload\" alt=\"\" aria-describedby=\"gallery-1-1101640\" data-srcset=\"https:\/\/www.luxsure.fr\/wp-content\/uploads\/2018\/01\/detail-defile-vetements-automne-hiver-2018-2019-paris-detail-53.jpg 510w, https:\/\/www.luxsure.fr\/wp-content\/uploads\/2018\/01\/detail-defile-vetements-automne-hiver-2018-2019-paris-detail-53-199x300.jpg 199w\" data-sizes=\"(max-width: 510px) 100vw, 510px\" src=\"data:image\/svg+xml;base64,PHN2ZyB3aWR0aD0iMSIgaGVpZ2h0PSIxIiB4bWxucz0iaHR0cDovL3d3dy53My5vcmcvMjAwMC9zdmciPjwvc3ZnPg==\" style=\"--smush-placeholder-width: 510px; --smush-placeholder-aspect-ratio: 510\/768;\" \/><\/a>\n\t\t\t<\/dt>\n\t\t\t\t<dd class='wp-caption-text gallery-caption' id='gallery-1-1101640'>\n\t\t\t\tD\u00e9tails d\u00e9fil\u00e9 V\u00eatement\n\t\t\t\t<\/dd><\/dl><br style=\"clear: both\" \/>\n\t\t<\/div>\n\n<p style=\"text-align: center;\">Leaving your family, your friends, not marrying the neighbor&#8217;s daughter: changing your life. Not having the life our parents had. No doubt the same story is passed down from generation to generation. As a result, the costumes are <em>over-zipped<\/em>, with shoulders that are far too broad. <strong>Adventure<\/strong>: a much more appealing idea. For this, you need anoraks: <strong>Acne Studio<\/strong>, <strong>Juun J<\/strong> or <strong>Alexander McQueen<\/strong> offer solid, soft anoraks. Dreams of adventure come to a head with <strong>Ann Demeulemester<\/strong> &#8216;s powder-colored collection based on pirate imagery. A little<strong><em> &#8220;heart of a pirate&#8221;. <\/em><\/strong>While <strong>Comme des gar\u00e7ons<\/strong> is far less tender: faded wigs cover the heads of mannequins whose faces end up buried by dinosaur skulls &#8211; the great symbol of the extinction of a species.      <\/p>\n\n\t\t<style type=\"text\/css\">\n\t\t\t#gallery-2 {\n\t\t\t\tmargin: auto;\n\t\t\t}\n\t\t\t#gallery-2 .gallery-item {\n\t\t\t\tfloat: left;\n\t\t\t\tmargin-top: 10px;\n\t\t\t\ttext-align: center;\n\t\t\t\twidth: 33%;\n\t\t\t}\n\t\t\t#gallery-2 img {\n\t\t\t\tborder: 2px solid #cfcfcf;\n\t\t\t}\n\t\t\t#gallery-2 .gallery-caption {\n\t\t\t\tmargin-left: 0;\n\t\t\t}\n\t\t\t\/* see gallery_shortcode() in wp-includes\/media.php *\/\n\t\t<\/style>\n\t\t<div id='gallery-2' class='gallery galleryid-2031013 gallery-columns-3 gallery-size-large'><dl class='gallery-item'>\n\t\t\t<dt class='gallery-icon portrait'>\n\t\t\t\t<a href='https:\/\/www.luxsure.fr\/en\/detail-defile-comme-des-garcons-homme-plus-automne-hiver-2018-2019-paris-detail-35-2\/'><img decoding=\"async\" width=\"510\" height=\"768\" data-src=\"https:\/\/www.luxsure.fr\/wp-content\/uploads\/2018\/01\/detail-defile-comme-des-garcons-homme-plus-automne-hiver-2018-2019-paris-detail-35.jpg\" class=\"attachment-large size-large lazyload\" alt=\"\" aria-describedby=\"gallery-2-1101648\" data-srcset=\"https:\/\/www.luxsure.fr\/wp-content\/uploads\/2018\/01\/detail-defile-comme-des-garcons-homme-plus-automne-hiver-2018-2019-paris-detail-35.jpg 510w, https:\/\/www.luxsure.fr\/wp-content\/uploads\/2018\/01\/detail-defile-comme-des-garcons-homme-plus-automne-hiver-2018-2019-paris-detail-35-199x300.jpg 199w\" data-sizes=\"(max-width: 510px) 100vw, 510px\" src=\"data:image\/svg+xml;base64,PHN2ZyB3aWR0aD0iMSIgaGVpZ2h0PSIxIiB4bWxucz0iaHR0cDovL3d3dy53My5vcmcvMjAwMC9zdmciPjwvc3ZnPg==\" style=\"--smush-placeholder-width: 510px; --smush-placeholder-aspect-ratio: 510\/768;\" \/><\/a>\n\t\t\t<\/dt>\n\t\t\t\t<dd class='wp-caption-text gallery-caption' id='gallery-2-1101648'>\n\t\t\t\tComme Des Gar\u00e7ons homme plus\n\t\t\t\t<\/dd><\/dl><dl class='gallery-item'>\n\t\t\t<dt class='gallery-icon portrait'>\n\t\t\t\t<a href='https:\/\/www.luxsure.fr\/en\/detail-defile-comme-des-garcons-homme-plus-automne-hiver-2018-2019-paris-detail-88-2\/'><img decoding=\"async\" width=\"510\" height=\"768\" data-src=\"https:\/\/www.luxsure.fr\/wp-content\/uploads\/2018\/01\/detail-defile-comme-des-garcons-homme-plus-automne-hiver-2018-2019-paris-detail-88.jpg\" class=\"attachment-large size-large lazyload\" alt=\"\" aria-describedby=\"gallery-2-1101652\" data-srcset=\"https:\/\/www.luxsure.fr\/wp-content\/uploads\/2018\/01\/detail-defile-comme-des-garcons-homme-plus-automne-hiver-2018-2019-paris-detail-88.jpg 510w, https:\/\/www.luxsure.fr\/wp-content\/uploads\/2018\/01\/detail-defile-comme-des-garcons-homme-plus-automne-hiver-2018-2019-paris-detail-88-199x300.jpg 199w\" data-sizes=\"(max-width: 510px) 100vw, 510px\" src=\"data:image\/svg+xml;base64,PHN2ZyB3aWR0aD0iMSIgaGVpZ2h0PSIxIiB4bWxucz0iaHR0cDovL3d3dy53My5vcmcvMjAwMC9zdmciPjwvc3ZnPg==\" style=\"--smush-placeholder-width: 510px; --smush-placeholder-aspect-ratio: 510\/768;\" \/><\/a>\n\t\t\t<\/dt>\n\t\t\t\t<dd class='wp-caption-text gallery-caption' id='gallery-2-1101652'>\n\t\t\t\tComme Des Gar\u00e7ons homme plus\n\t\t\t\t<\/dd><\/dl><dl class='gallery-item'>\n\t\t\t<dt class='gallery-icon portrait'>\n\t\t\t\t<a href='https:\/\/www.luxsure.fr\/en\/detail-defile-comme-des-garcons-homme-plus-automne-hiver-2018-2019-paris-detail-118-2\/'><img decoding=\"async\" width=\"510\" height=\"768\" data-src=\"https:\/\/www.luxsure.fr\/wp-content\/uploads\/2018\/01\/detail-defile-comme-des-garcons-homme-plus-automne-hiver-2018-2019-paris-detail-118.jpg\" class=\"attachment-large size-large lazyload\" alt=\"\" aria-describedby=\"gallery-2-1101656\" data-srcset=\"https:\/\/www.luxsure.fr\/wp-content\/uploads\/2018\/01\/detail-defile-comme-des-garcons-homme-plus-automne-hiver-2018-2019-paris-detail-118.jpg 510w, https:\/\/www.luxsure.fr\/wp-content\/uploads\/2018\/01\/detail-defile-comme-des-garcons-homme-plus-automne-hiver-2018-2019-paris-detail-118-199x300.jpg 199w\" data-sizes=\"(max-width: 510px) 100vw, 510px\" src=\"data:image\/svg+xml;base64,PHN2ZyB3aWR0aD0iMSIgaGVpZ2h0PSIxIiB4bWxucz0iaHR0cDovL3d3dy53My5vcmcvMjAwMC9zdmciPjwvc3ZnPg==\" style=\"--smush-placeholder-width: 510px; --smush-placeholder-aspect-ratio: 510\/768;\" \/><\/a>\n\t\t\t<\/dt>\n\t\t\t\t<dd class='wp-caption-text gallery-caption' id='gallery-2-1101656'>\n\t\t\t\tComme Des Gar\u00e7ons homme plus\n\t\t\t\t<\/dd><\/dl><br style=\"clear: both\" \/>\n\t\t<\/div>\n\n<p>&nbsp;<\/p>\n\n\t\t<style type=\"text\/css\">\n\t\t\t#gallery-3 {\n\t\t\t\tmargin: auto;\n\t\t\t}\n\t\t\t#gallery-3 .gallery-item {\n\t\t\t\tfloat: left;\n\t\t\t\tmargin-top: 10px;\n\t\t\t\ttext-align: center;\n\t\t\t\twidth: 33%;\n\t\t\t}\n\t\t\t#gallery-3 img {\n\t\t\t\tborder: 2px solid #cfcfcf;\n\t\t\t}\n\t\t\t#gallery-3 .gallery-caption {\n\t\t\t\tmargin-left: 0;\n\t\t\t}\n\t\t\t\/* see gallery_shortcode() in wp-includes\/media.php *\/\n\t\t<\/style>\n\t\t<div id='gallery-3' class='gallery galleryid-2031013 gallery-columns-3 gallery-size-full'><dl class='gallery-item'>\n\t\t\t<dt class='gallery-icon landscape'>\n\t\t\t\t<a href='https:\/\/www.luxsure.fr\/en\/defile-ann-demeulemeester-automne-hiver-2018-2019-paris-look-1-2\/'><img decoding=\"async\" width=\"1024\" height=\"680\" data-src=\"https:\/\/www.luxsure.fr\/wp-content\/uploads\/2018\/01\/defile-ann-demeulemeester-automne-hiver-2018-2019-paris-look-1.jpg\" class=\"attachment-full size-full lazyload\" alt=\"\" aria-describedby=\"gallery-3-1101620\" data-srcset=\"https:\/\/www.luxsure.fr\/wp-content\/uploads\/2018\/01\/defile-ann-demeulemeester-automne-hiver-2018-2019-paris-look-1.jpg 1024w, https:\/\/www.luxsure.fr\/wp-content\/uploads\/2018\/01\/defile-ann-demeulemeester-automne-hiver-2018-2019-paris-look-1-300x199.jpg 300w, https:\/\/www.luxsure.fr\/wp-content\/uploads\/2018\/01\/defile-ann-demeulemeester-automne-hiver-2018-2019-paris-look-1-768x510.jpg 768w, https:\/\/www.luxsure.fr\/wp-content\/uploads\/2018\/01\/defile-ann-demeulemeester-automne-hiver-2018-2019-paris-look-1-600x398.jpg 600w, https:\/\/www.luxsure.fr\/wp-content\/uploads\/2018\/01\/defile-ann-demeulemeester-automne-hiver-2018-2019-paris-look-1-585x388.jpg 585w, https:\/\/www.luxsure.fr\/wp-content\/uploads\/2018\/01\/defile-ann-demeulemeester-automne-hiver-2018-2019-paris-look-1-263x175.jpg 263w\" data-sizes=\"(max-width: 1024px) 100vw, 1024px\" src=\"data:image\/svg+xml;base64,PHN2ZyB3aWR0aD0iMSIgaGVpZ2h0PSIxIiB4bWxucz0iaHR0cDovL3d3dy53My5vcmcvMjAwMC9zdmciPjwvc3ZnPg==\" style=\"--smush-placeholder-width: 1024px; --smush-placeholder-aspect-ratio: 1024\/680;\" \/><\/a>\n\t\t\t<\/dt>\n\t\t\t\t<dd class='wp-caption-text gallery-caption' id='gallery-3-1101620'>\n\t\t\t\tAnn Demeulemeester\n\t\t\t\t<\/dd><\/dl><dl class='gallery-item'>\n\t\t\t<dt class='gallery-icon landscape'>\n\t\t\t\t<a href='https:\/\/www.luxsure.fr\/en\/infoimaxtree-com-156-2\/'><img decoding=\"async\" width=\"1024\" height=\"682\" data-src=\"https:\/\/www.luxsure.fr\/wp-content\/uploads\/2018\/01\/defile-juunj-automne-hiver-2018-2019-paris-look-33.jpg\" class=\"attachment-full size-full lazyload\" alt=\"\" aria-describedby=\"gallery-3-1101644\" data-srcset=\"https:\/\/www.luxsure.fr\/wp-content\/uploads\/2018\/01\/defile-juunj-automne-hiver-2018-2019-paris-look-33.jpg 1024w, https:\/\/www.luxsure.fr\/wp-content\/uploads\/2018\/01\/defile-juunj-automne-hiver-2018-2019-paris-look-33-300x200.jpg 300w, https:\/\/www.luxsure.fr\/wp-content\/uploads\/2018\/01\/defile-juunj-automne-hiver-2018-2019-paris-look-33-768x512.jpg 768w, https:\/\/www.luxsure.fr\/wp-content\/uploads\/2018\/01\/defile-juunj-automne-hiver-2018-2019-paris-look-33-600x400.jpg 600w, https:\/\/www.luxsure.fr\/wp-content\/uploads\/2018\/01\/defile-juunj-automne-hiver-2018-2019-paris-look-33-585x390.jpg 585w, https:\/\/www.luxsure.fr\/wp-content\/uploads\/2018\/01\/defile-juunj-automne-hiver-2018-2019-paris-look-33-263x175.jpg 263w\" data-sizes=\"(max-width: 1024px) 100vw, 1024px\" src=\"data:image\/svg+xml;base64,PHN2ZyB3aWR0aD0iMSIgaGVpZ2h0PSIxIiB4bWxucz0iaHR0cDovL3d3dy53My5vcmcvMjAwMC9zdmciPjwvc3ZnPg==\" style=\"--smush-placeholder-width: 1024px; --smush-placeholder-aspect-ratio: 1024\/682;\" \/><\/a>\n\t\t\t<\/dt>\n\t\t\t\t<dd class='wp-caption-text gallery-caption' id='gallery-3-1101644'>\n\t\t\t\tJuun J\n\t\t\t\t<\/dd><\/dl>\n\t\t\t<br style='clear: both' \/>\n\t\t<\/div>\n\n<blockquote><p>The question seems to be: in the fashion of the future, will there still be decreed <strong>costumes<\/strong>, work-related <strong>social disguises<\/strong> or just clothes?<\/p><\/blockquote>\n<p style=\"text-align: center;\"><span style=\"color: #333399;\">These collections always feature trench coats cut with a scalpel &#8211; extreme precision and incisive results. <em>Oversized, military or street tailoring <\/em>, always with a few tartan prints.<\/span><\/p>\n<hr \/>\n<h3>Hed Meyner: Catch me if you can, pretty career.<\/h3>\n<p>A third parade presented in the heart of the &#8220;Grandes Ecoles&#8221; district. The kind that parents want to add to their offspring&#8217;s pedigree. Always with elegance, Meyner works volumes. Pants so wide they look like skirts, covering the slender legs of hypokh\u00e2gneux students. Glasses, knitted sweaters: the entire wardrobe of a student who&#8217;s lost himself in the acronyms of the different courses. The costumes of his future pursue him. They&#8217;re not ready yet &#8211; neither they nor the suits, whose dry-cleaning plastics are still present.      <\/p>\n<div id=\"attachment_241439\" style=\"width: 521px\" class=\"wp-caption aligncenter\"><img decoding=\"async\" aria-describedby=\"caption-attachment-241439\" class=\"size-full wp-image-241439 lazyload\" data-src=\"https:\/\/www.luxsure.fr\/wp-content\/uploads\/2018\/01\/defile-hed-mayner-automne-hiver-2018-2019-paris-look-2.jpg\" alt=\"\" width=\"511\" height=\"768\" data-srcset=\"https:\/\/www.luxsure.fr\/wp-content\/uploads\/2018\/01\/defile-hed-mayner-automne-hiver-2018-2019-paris-look-2.jpg 511w, https:\/\/www.luxsure.fr\/wp-content\/uploads\/2018\/01\/defile-hed-mayner-automne-hiver-2018-2019-paris-look-2-200x300.jpg 200w\" data-sizes=\"(max-width: 511px) 100vw, 511px\" src=\"data:image\/svg+xml;base64,PHN2ZyB3aWR0aD0iMSIgaGVpZ2h0PSIxIiB4bWxucz0iaHR0cDovL3d3dy53My5vcmcvMjAwMC9zdmciPjwvc3ZnPg==\" style=\"--smush-placeholder-width: 511px; --smush-placeholder-aspect-ratio: 511\/768;\" \/><p id=\"caption-attachment-241439\" class=\"wp-caption-text\">Hed Mayner<\/p><\/div>\n<div id=\"attachment_241440\" style=\"width: 521px\" class=\"wp-caption aligncenter\"><img decoding=\"async\" aria-describedby=\"caption-attachment-241440\" class=\"size-full wp-image-241440 lazyload\" data-src=\"https:\/\/www.luxsure.fr\/wp-content\/uploads\/2018\/01\/defile-hed-mayner-automne-hiver-2018-2019-paris-look-6.jpg\" alt=\"\" width=\"511\" height=\"768\" data-srcset=\"https:\/\/www.luxsure.fr\/wp-content\/uploads\/2018\/01\/defile-hed-mayner-automne-hiver-2018-2019-paris-look-6.jpg 511w, https:\/\/www.luxsure.fr\/wp-content\/uploads\/2018\/01\/defile-hed-mayner-automne-hiver-2018-2019-paris-look-6-200x300.jpg 200w\" data-sizes=\"(max-width: 511px) 100vw, 511px\" src=\"data:image\/svg+xml;base64,PHN2ZyB3aWR0aD0iMSIgaGVpZ2h0PSIxIiB4bWxucz0iaHR0cDovL3d3dy53My5vcmcvMjAwMC9zdmciPjwvc3ZnPg==\" style=\"--smush-placeholder-width: 511px; --smush-placeholder-aspect-ratio: 511\/768;\" \/><p id=\"caption-attachment-241440\" class=\"wp-caption-text\">Hed Mayner<\/p><\/div>\n<div id=\"attachment_241441\" style=\"width: 521px\" class=\"wp-caption aligncenter\"><img decoding=\"async\" aria-describedby=\"caption-attachment-241441\" class=\"size-full wp-image-241441 lazyload\" data-src=\"https:\/\/www.luxsure.fr\/wp-content\/uploads\/2018\/01\/defile-hed-mayner-automne-hiver-2018-2019-paris-look-11.jpg\" alt=\"\" width=\"511\" height=\"768\" data-srcset=\"https:\/\/www.luxsure.fr\/wp-content\/uploads\/2018\/01\/defile-hed-mayner-automne-hiver-2018-2019-paris-look-11.jpg 511w, https:\/\/www.luxsure.fr\/wp-content\/uploads\/2018\/01\/defile-hed-mayner-automne-hiver-2018-2019-paris-look-11-200x300.jpg 200w\" data-sizes=\"(max-width: 511px) 100vw, 511px\" src=\"data:image\/svg+xml;base64,PHN2ZyB3aWR0aD0iMSIgaGVpZ2h0PSIxIiB4bWxucz0iaHR0cDovL3d3dy53My5vcmcvMjAwMC9zdmciPjwvc3ZnPg==\" style=\"--smush-placeholder-width: 511px; --smush-placeholder-aspect-ratio: 511\/768;\" \/><p id=\"caption-attachment-241441\" class=\"wp-caption-text\">Hed Mayner<\/p><\/div>\n<h3>Maison Martin Magiela: Merci Patron<\/h3>\n<p><em>&#8220;I&#8217;d call it John Galliano for Martin Margiela. Because there were so many references to Martin&#8217;s work in my eyes.&#8221; <\/em>Renzo Rosso told Fashion Network. For the first time, the boss entrusted the house&#8217;s men&#8217;s collection to John Galliano. A fine <strong>gesture of confidence<\/strong> for a designer whose career went up in smoke one night at a bar in 2011. In reality, Galliano&#8217;s chimeras were well known. From now on, the designer remains discreet: he no longer bows at the end of shows. Playing with his life, messing up his career: Galliano is back, thanks to <strong>a work of deconstruction<\/strong>. His personal deconstruction is reflected in his clothes. For this collection, he tackles the great classics of the men&#8217;s wardrobe: <em>bombers, duffle coats<\/em> and <em>trench coats<\/em>. It&#8217;s a risky choice: the models&#8217; heads are wrapped in plaster, and the show ends with a set of white pieces reminiscent of a straitjacket, rather than a communion alb. Yet the dawn is less somber than at <strong>Comme des Gar\u00e7ons<\/strong> &#8211; even if<em>&#8220;Please Release Me and Set Me Free&#8221; <\/em> plays in the background<em>. <\/em>         <\/p>\n<p><img decoding=\"async\" class=\"size-large wp-image-241463 aligncenter lazyload\" data-src=\"https:\/\/www.luxsure.fr\/wp-content\/uploads\/2018\/01\/5a621796-683x1024.jpeg\" alt=\"\" width=\"683\" height=\"1024\" data-srcset=\"https:\/\/www.luxsure.fr\/wp-content\/uploads\/2018\/01\/5a621796-683x1024.jpeg 683w, https:\/\/www.luxsure.fr\/wp-content\/uploads\/2018\/01\/5a621796-200x300.jpeg 200w, https:\/\/www.luxsure.fr\/wp-content\/uploads\/2018\/01\/5a621796-768x1152.jpeg 768w, https:\/\/www.luxsure.fr\/wp-content\/uploads\/2018\/01\/5a621796-600x900.jpeg 600w, https:\/\/www.luxsure.fr\/wp-content\/uploads\/2018\/01\/5a621796-1170x1755.jpeg 1170w, https:\/\/www.luxsure.fr\/wp-content\/uploads\/2018\/01\/5a621796-585x878.jpeg 585w, https:\/\/www.luxsure.fr\/wp-content\/uploads\/2018\/01\/5a621796.jpeg 1365w\" data-sizes=\"(max-width: 683px) 100vw, 683px\" src=\"data:image\/svg+xml;base64,PHN2ZyB3aWR0aD0iMSIgaGVpZ2h0PSIxIiB4bWxucz0iaHR0cDovL3d3dy53My5vcmcvMjAwMC9zdmciPjwvc3ZnPg==\" style=\"--smush-placeholder-width: 683px; --smush-placeholder-aspect-ratio: 683\/1024;\" \/><img decoding=\"async\" class=\"size-large wp-image-241462 aligncenter lazyload\" data-src=\"https:\/\/www.luxsure.fr\/wp-content\/uploads\/2018\/01\/5a621724-683x1024.jpeg\" alt=\"\" width=\"683\" height=\"1024\" data-srcset=\"https:\/\/www.luxsure.fr\/wp-content\/uploads\/2018\/01\/5a621724-683x1024.jpeg 683w, https:\/\/www.luxsure.fr\/wp-content\/uploads\/2018\/01\/5a621724-200x300.jpeg 200w, https:\/\/www.luxsure.fr\/wp-content\/uploads\/2018\/01\/5a621724-768x1152.jpeg 768w, https:\/\/www.luxsure.fr\/wp-content\/uploads\/2018\/01\/5a621724-600x900.jpeg 600w, https:\/\/www.luxsure.fr\/wp-content\/uploads\/2018\/01\/5a621724-1170x1755.jpeg 1170w, https:\/\/www.luxsure.fr\/wp-content\/uploads\/2018\/01\/5a621724-585x878.jpeg 585w, https:\/\/www.luxsure.fr\/wp-content\/uploads\/2018\/01\/5a621724.jpeg 1365w\" data-sizes=\"(max-width: 683px) 100vw, 683px\" src=\"data:image\/svg+xml;base64,PHN2ZyB3aWR0aD0iMSIgaGVpZ2h0PSIxIiB4bWxucz0iaHR0cDovL3d3dy53My5vcmcvMjAwMC9zdmciPjwvc3ZnPg==\" style=\"--smush-placeholder-width: 683px; --smush-placeholder-aspect-ratio: 683\/1024;\" \/> <img decoding=\"async\" class=\"size-large wp-image-241459 aligncenter lazyload\" data-src=\"https:\/\/www.luxsure.fr\/wp-content\/uploads\/2018\/01\/5a6217dc-683x1024.jpeg\" alt=\"\" width=\"683\" height=\"1024\" data-srcset=\"https:\/\/www.luxsure.fr\/wp-content\/uploads\/2018\/01\/5a6217dc-683x1024.jpeg 683w, https:\/\/www.luxsure.fr\/wp-content\/uploads\/2018\/01\/5a6217dc-200x300.jpeg 200w, https:\/\/www.luxsure.fr\/wp-content\/uploads\/2018\/01\/5a6217dc-768x1152.jpeg 768w, https:\/\/www.luxsure.fr\/wp-content\/uploads\/2018\/01\/5a6217dc-600x900.jpeg 600w, https:\/\/www.luxsure.fr\/wp-content\/uploads\/2018\/01\/5a6217dc-1170x1755.jpeg 1170w, https:\/\/www.luxsure.fr\/wp-content\/uploads\/2018\/01\/5a6217dc-585x878.jpeg 585w, https:\/\/www.luxsure.fr\/wp-content\/uploads\/2018\/01\/5a6217dc.jpeg 1365w\" data-sizes=\"(max-width: 683px) 100vw, 683px\" src=\"data:image\/svg+xml;base64,PHN2ZyB3aWR0aD0iMSIgaGVpZ2h0PSIxIiB4bWxucz0iaHR0cDovL3d3dy53My5vcmcvMjAwMC9zdmciPjwvc3ZnPg==\" style=\"--smush-placeholder-width: 683px; --smush-placeholder-aspect-ratio: 683\/1024;\" \/><\/p>\n<p>&nbsp;<\/p>\n<h3>Alexander McQueen: customs and costumes<\/h3>\n<p>In a hushed atmosphere, Sarah Burton presents a collection that pays tribute to the art of tailoring. The suits are stunningly rigorous.<em> One man, one suit?<\/em> Alexander McQueen had repeatedly commented on the unity between clothing and profession, using <em>Wall Street<\/em> bankers. With Burton, it&#8217;s a different story: how<em> to get out of the suit?<\/em> At once adventurer, flower-printed dandy in <strong>Hugh Hefffner-style<\/strong> robes and English punk: a collection that pays homage to the British sense of style. A culture where fringe groupuscules have always <strong>put the kibosh on their outfits<\/strong>. Like the <strong><em>Mod&#8217;s<\/em><\/strong> who adopt upper-class suits to avoid looking like their working-class parents. Yet the opposite is true of today&#8217;s fashion, where functional garments are all the rage, as with <strong>Junya Watanabe<\/strong>.     <\/p>\n<div id=\"attachment_241467\" style=\"width: 520px\" class=\"wp-caption aligncenter\"><img decoding=\"async\" aria-describedby=\"caption-attachment-241467\" class=\"size-full wp-image-241467 lazyload\" data-src=\"https:\/\/www.luxsure.fr\/wp-content\/uploads\/2018\/01\/defile-alexander-mcqueen-automne-hiver-2018-2019-paris-look-10.jpg\" alt=\"\" width=\"510\" height=\"768\" data-srcset=\"https:\/\/www.luxsure.fr\/wp-content\/uploads\/2018\/01\/defile-alexander-mcqueen-automne-hiver-2018-2019-paris-look-10.jpg 510w, https:\/\/www.luxsure.fr\/wp-content\/uploads\/2018\/01\/defile-alexander-mcqueen-automne-hiver-2018-2019-paris-look-10-199x300.jpg 199w\" data-sizes=\"(max-width: 510px) 100vw, 510px\" src=\"data:image\/svg+xml;base64,PHN2ZyB3aWR0aD0iMSIgaGVpZ2h0PSIxIiB4bWxucz0iaHR0cDovL3d3dy53My5vcmcvMjAwMC9zdmciPjwvc3ZnPg==\" style=\"--smush-placeholder-width: 510px; --smush-placeholder-aspect-ratio: 510\/768;\" \/><p id=\"caption-attachment-241467\" class=\"wp-caption-text\">Alexander McQueen<\/p><\/div>\n<div id=\"attachment_241465\" style=\"width: 520px\" class=\"wp-caption aligncenter\"><img decoding=\"async\" aria-describedby=\"caption-attachment-241465\" class=\"size-full wp-image-241465 lazyload\" data-src=\"https:\/\/www.luxsure.fr\/wp-content\/uploads\/2018\/01\/defile-alexander-mcqueen-automne-hiver-2018-2019-paris-look-5.jpg\" alt=\"\" width=\"510\" height=\"768\" data-srcset=\"https:\/\/www.luxsure.fr\/wp-content\/uploads\/2018\/01\/defile-alexander-mcqueen-automne-hiver-2018-2019-paris-look-5.jpg 510w, https:\/\/www.luxsure.fr\/wp-content\/uploads\/2018\/01\/defile-alexander-mcqueen-automne-hiver-2018-2019-paris-look-5-199x300.jpg 199w\" data-sizes=\"(max-width: 510px) 100vw, 510px\" src=\"data:image\/svg+xml;base64,PHN2ZyB3aWR0aD0iMSIgaGVpZ2h0PSIxIiB4bWxucz0iaHR0cDovL3d3dy53My5vcmcvMjAwMC9zdmciPjwvc3ZnPg==\" style=\"--smush-placeholder-width: 510px; --smush-placeholder-aspect-ratio: 510\/768;\" \/><p id=\"caption-attachment-241465\" class=\"wp-caption-text\">Alexander McQueen<\/p><\/div>\n<div id=\"attachment_241470\" style=\"width: 520px\" class=\"wp-caption aligncenter\"><img decoding=\"async\" aria-describedby=\"caption-attachment-241470\" class=\"wp-image-241470 size-full lazyload\" data-src=\"https:\/\/www.luxsure.fr\/wp-content\/uploads\/2018\/01\/defile-alexander-mcqueen-automne-hiver-2018-2019-paris-look-27.jpg\" alt=\"\" width=\"510\" height=\"768\" data-srcset=\"https:\/\/www.luxsure.fr\/wp-content\/uploads\/2018\/01\/defile-alexander-mcqueen-automne-hiver-2018-2019-paris-look-27.jpg 510w, https:\/\/www.luxsure.fr\/wp-content\/uploads\/2018\/01\/defile-alexander-mcqueen-automne-hiver-2018-2019-paris-look-27-199x300.jpg 199w\" data-sizes=\"(max-width: 510px) 100vw, 510px\" src=\"data:image\/svg+xml;base64,PHN2ZyB3aWR0aD0iMSIgaGVpZ2h0PSIxIiB4bWxucz0iaHR0cDovL3d3dy53My5vcmcvMjAwMC9zdmciPjwvc3ZnPg==\" style=\"--smush-placeholder-width: 510px; --smush-placeholder-aspect-ratio: 510\/768;\" \/><p id=\"caption-attachment-241470\" class=\"wp-caption-text\">Alexander McQueen, Batman?<\/p><\/div>\n\n\t\t<style type=\"text\/css\">\n\t\t\t#gallery-4 {\n\t\t\t\tmargin: auto;\n\t\t\t}\n\t\t\t#gallery-4 .gallery-item {\n\t\t\t\tfloat: left;\n\t\t\t\tmargin-top: 10px;\n\t\t\t\ttext-align: center;\n\t\t\t\twidth: 33%;\n\t\t\t}\n\t\t\t#gallery-4 img {\n\t\t\t\tborder: 2px solid #cfcfcf;\n\t\t\t}\n\t\t\t#gallery-4 .gallery-caption {\n\t\t\t\tmargin-left: 0;\n\t\t\t}\n\t\t\t\/* see gallery_shortcode() in wp-includes\/media.php *\/\n\t\t<\/style>\n\t\t<div id='gallery-4' class='gallery galleryid-2031013 gallery-columns-3 gallery-size-large'><dl class='gallery-item'>\n\t\t\t<dt class='gallery-icon portrait'>\n\t\t\t\t<a href='https:\/\/www.luxsure.fr\/en\/7173a95cfc2cc3c2399d9194bfed2ef5-drug-overdose-punkrock-2\/'><img decoding=\"async\" width=\"500\" height=\"750\" data-src=\"https:\/\/www.luxsure.fr\/wp-content\/uploads\/2018\/01\/7173a95cfc2cc3c2399d9194bfed2ef5-drug-overdose-punkrock.jpg\" class=\"attachment-large size-large lazyload\" alt=\"\" aria-describedby=\"gallery-4-1101712\" data-srcset=\"https:\/\/www.luxsure.fr\/wp-content\/uploads\/2018\/01\/7173a95cfc2cc3c2399d9194bfed2ef5-drug-overdose-punkrock.jpg 500w, https:\/\/www.luxsure.fr\/wp-content\/uploads\/2018\/01\/7173a95cfc2cc3c2399d9194bfed2ef5-drug-overdose-punkrock-200x300.jpg 200w\" data-sizes=\"(max-width: 500px) 100vw, 500px\" src=\"data:image\/svg+xml;base64,PHN2ZyB3aWR0aD0iMSIgaGVpZ2h0PSIxIiB4bWxucz0iaHR0cDovL3d3dy53My5vcmcvMjAwMC9zdmciPjwvc3ZnPg==\" style=\"--smush-placeholder-width: 500px; --smush-placeholder-aspect-ratio: 500\/750;\" \/><\/a>\n\t\t\t<\/dt>\n\t\t\t\t<dd class='wp-caption-text gallery-caption' id='gallery-4-1101712'>\n\t\t\t\tCid Vicious\n\t\t\t\t<\/dd><\/dl><dl class='gallery-item'>\n\t\t\t<dt class='gallery-icon portrait'>\n\t\t\t\t<a href='https:\/\/www.luxsure.fr\/en\/infoimaxtree-com-160-2\/'><img decoding=\"async\" width=\"510\" height=\"768\" data-src=\"https:\/\/www.luxsure.fr\/wp-content\/uploads\/2018\/01\/defile-alexander-mcqueen-automne-hiver-2018-2019-paris-look-22.jpg\" class=\"attachment-large size-large lazyload\" alt=\"\" aria-describedby=\"gallery-4-1101696\" data-srcset=\"https:\/\/www.luxsure.fr\/wp-content\/uploads\/2018\/01\/defile-alexander-mcqueen-automne-hiver-2018-2019-paris-look-22.jpg 510w, https:\/\/www.luxsure.fr\/wp-content\/uploads\/2018\/01\/defile-alexander-mcqueen-automne-hiver-2018-2019-paris-look-22-199x300.jpg 199w\" data-sizes=\"(max-width: 510px) 100vw, 510px\" src=\"data:image\/svg+xml;base64,PHN2ZyB3aWR0aD0iMSIgaGVpZ2h0PSIxIiB4bWxucz0iaHR0cDovL3d3dy53My5vcmcvMjAwMC9zdmciPjwvc3ZnPg==\" style=\"--smush-placeholder-width: 510px; --smush-placeholder-aspect-ratio: 510\/768;\" \/><\/a>\n\t\t\t<\/dt>\n\t\t\t\t<dd class='wp-caption-text gallery-caption' id='gallery-4-1101696'>\n\t\t\t\tAlexander McQueen\n\t\t\t\t<\/dd><\/dl><dl class='gallery-item'>\n\t\t\t<dt class='gallery-icon portrait'>\n\t\t\t\t<a href='https:\/\/www.luxsure.fr\/en\/playboy-magazine-founder-hugh-hefner-has-passed-away-2\/'><img decoding=\"async\" width=\"754\" height=\"1024\" data-src=\"https:\/\/www.luxsure.fr\/wp-content\/uploads\/2018\/01\/hugh-hefner-04-754x1024.jpg\" class=\"attachment-large size-large lazyload\" alt=\"\" aria-describedby=\"gallery-4-1101716\" data-srcset=\"https:\/\/www.luxsure.fr\/wp-content\/uploads\/2018\/01\/hugh-hefner-04-754x1024.jpg 754w, https:\/\/www.luxsure.fr\/wp-content\/uploads\/2018\/01\/hugh-hefner-04-221x300.jpg 221w, https:\/\/www.luxsure.fr\/wp-content\/uploads\/2018\/01\/hugh-hefner-04-768x1043.jpg 768w, https:\/\/www.luxsure.fr\/wp-content\/uploads\/2018\/01\/hugh-hefner-04-600x815.jpg 600w, https:\/\/www.luxsure.fr\/wp-content\/uploads\/2018\/01\/hugh-hefner-04-1170x1589.jpg 1170w, https:\/\/www.luxsure.fr\/wp-content\/uploads\/2018\/01\/hugh-hefner-04-585x794.jpg 585w, https:\/\/www.luxsure.fr\/wp-content\/uploads\/2018\/01\/hugh-hefner-04.jpg 1400w\" data-sizes=\"(max-width: 754px) 100vw, 754px\" src=\"data:image\/svg+xml;base64,PHN2ZyB3aWR0aD0iMSIgaGVpZ2h0PSIxIiB4bWxucz0iaHR0cDovL3d3dy53My5vcmcvMjAwMC9zdmciPjwvc3ZnPg==\" style=\"--smush-placeholder-width: 754px; --smush-placeholder-aspect-ratio: 754\/1024;\" \/><\/a>\n\t\t\t<\/dt>\n\t\t\t\t<dd class='wp-caption-text gallery-caption' id='gallery-4-1101716'>\n\t\t\t\tHugh Hefner\n\t\t\t\t<\/dd><\/dl><br style=\"clear: both\" \/><dl class='gallery-item'>\n\t\t\t<dt class='gallery-icon portrait'>\n\t\t\t\t<a href='https:\/\/www.luxsure.fr\/en\/infoimaxtree-com-163-2\/'><img decoding=\"async\" width=\"510\" height=\"768\" data-src=\"https:\/\/www.luxsure.fr\/wp-content\/uploads\/2018\/01\/defile-alexander-mcqueen-automne-hiver-2018-2019-paris-look-38.jpg\" class=\"attachment-large size-large lazyload\" alt=\"\" aria-describedby=\"gallery-4-1101708\" data-srcset=\"https:\/\/www.luxsure.fr\/wp-content\/uploads\/2018\/01\/defile-alexander-mcqueen-automne-hiver-2018-2019-paris-look-38.jpg 510w, https:\/\/www.luxsure.fr\/wp-content\/uploads\/2018\/01\/defile-alexander-mcqueen-automne-hiver-2018-2019-paris-look-38-199x300.jpg 199w\" data-sizes=\"(max-width: 510px) 100vw, 510px\" src=\"data:image\/svg+xml;base64,PHN2ZyB3aWR0aD0iMSIgaGVpZ2h0PSIxIiB4bWxucz0iaHR0cDovL3d3dy53My5vcmcvMjAwMC9zdmciPjwvc3ZnPg==\" style=\"--smush-placeholder-width: 510px; --smush-placeholder-aspect-ratio: 510\/768;\" \/><\/a>\n\t\t\t<\/dt>\n\t\t\t\t<dd class='wp-caption-text gallery-caption' id='gallery-4-1101708'>\n\t\t\t\tAlexander McQueen\n\t\t\t\t<\/dd><\/dl>\n\t\t\t<br style='clear: both' \/>\n\t\t<\/div>\n\n<p style=\"text-align: center;\">&#8220;I know the laws, but the laws don&#8217;t know me&#8221;: on this fourth day, that&#8217;s what fashion is singing to us.<\/p>\n<p>Bringing together <strong>Alexander McQueen<\/strong>, <strong>Ann demeulemeeter<\/strong>, <strong>Comme des gar\u00e7ons and VETEMENTS<\/strong> in the same grid: that&#8217;s the challenge of a<strong>critical<\/strong> anti-fashion scene. Whether it&#8217;s the <strong>Antwerp 6<\/strong>, the <strong>Rei Kawabuto<\/strong> clan, or the wild children of Great Britain: collectives that have left their mark on fashion history.    <em>After all, there is a history of fashion-which is not at the end of its career.<\/em><\/p>\n<p style=\"text-align: center;\"><em><strong>Into the wild<\/strong> <\/em>is a fable about the adventure that is life. <strong>Should the construction of a life be based on a total rejection of known models? <\/strong> In the end, Christopher McCandless suffers from his self-imposed exile. Sharing is also life: even if you don&#8217;t share everyone&#8217;s convictions. It <em>&#8216;s a kind of barroom philosophy<\/em> that you can write about<strong>Into the Wild<\/strong> because it&#8217;s a book &#8211; <em>after all<\/em>. When are we going to think with fashion?  <\/p>\n<p>&nbsp;<\/p>\n<p>&nbsp;<\/p>\n<p>&nbsp;<\/p>\n","protected":false},"excerpt":{"rendered":"<p>Tag : Berluti &#8220;The career is a 20th century invention, and I don&#8217;t want one&#8221;. -Christopher McCandless played by Emile Hirsch in Into The Wild in 2007. A sentence that&hellip;<\/p>\n","protected":false},"author":165,"featured_media":1101624,"comment_status":"closed","ping_status":"closed","sticky":false,"template":"","format":"gallery","meta":{"_lmt_disableupdate":"","_lmt_disable":"","footnotes":""},"categories":[30432,52709],"tags":[67706,53124,67705,61663,58111,67707,53212,66742,66304],"class_list":["post-2031013","post","type-post","status-publish","format-gallery","has-post-thumbnail","hentry","category-fashion-week-en","category-thefashion","tag-alexander-mc-queen","tag-ann-demeulemeester","tag-berluti","tag-cerruti-1881","tag-comme-des-garcons-homme-plus","tag-hed-mayner","tag-juun-j","tag-maison-margiela","tag-men-fashion-week","post_format-post-format-gallery"],"yoast_head":"<!-- This site is optimized with the Yoast SEO plugin v27.5 - https:\/\/yoast.com\/product\/yoast-seo-wordpress\/ -->\n<title>Fall\/Winter 2018 Men&#039;s Fashion Week: Day 4 At the end of a career - Luxsure<\/title>\n<meta name=\"robots\" content=\"index, follow, max-snippet:-1, max-image-preview:large, max-video-preview:-1\" \/>\n<link rel=\"canonical\" href=\"https:\/\/www.luxsure.fr\/en\/2018\/01\/20\/fall-winter-2018-mens-fashion-week-day-4-at-the-end-of-a-career\/\" \/>\n<meta name=\"twitter:label1\" content=\"Written by\" \/>\n\t<meta name=\"twitter:data1\" content=\"Manon Renault\" \/>\n\t<meta name=\"twitter:label2\" content=\"Est. reading time\" \/>\n\t<meta name=\"twitter:data2\" content=\"5 minutes\" \/>\n<script type=\"application\/ld+json\" class=\"yoast-schema-graph\">{\"@context\":\"https:\\\/\\\/schema.org\",\"@graph\":[{\"@type\":\"Article\",\"@id\":\"https:\\\/\\\/www.luxsure.fr\\\/en\\\/2018\\\/01\\\/20\\\/fall-winter-2018-mens-fashion-week-day-4-at-the-end-of-a-career\\\/#article\",\"isPartOf\":{\"@id\":\"https:\\\/\\\/www.luxsure.fr\\\/en\\\/2018\\\/01\\\/20\\\/fall-winter-2018-mens-fashion-week-day-4-at-the-end-of-a-career\\\/\"},\"author\":{\"name\":\"Manon Renault\",\"@id\":\"https:\\\/\\\/www.luxsure.fr\\\/#\\\/schema\\\/person\\\/1e93b27d425d5afc157cd8452ca61da8\"},\"headline\":\"Fall\\\/Winter 2018 Men&#8217;s Fashion Week: Day 4 At the end of a career\",\"datePublished\":\"2018-01-20T16:14:26+00:00\",\"dateModified\":\"2026-04-27T01:49:30+00:00\",\"mainEntityOfPage\":{\"@id\":\"https:\\\/\\\/www.luxsure.fr\\\/en\\\/2018\\\/01\\\/20\\\/fall-winter-2018-mens-fashion-week-day-4-at-the-end-of-a-career\\\/\"},\"wordCount\":1029,\"publisher\":{\"@id\":\"https:\\\/\\\/www.luxsure.fr\\\/#organization\"},\"image\":{\"@id\":\"https:\\\/\\\/www.luxsure.fr\\\/en\\\/2018\\\/01\\\/20\\\/fall-winter-2018-mens-fashion-week-day-4-at-the-end-of-a-career\\\/#primaryimage\"},\"thumbnailUrl\":\"https:\\\/\\\/www.luxsure.fr\\\/wp-content\\\/uploads\\\/2018\\\/01\\\/defile-berluti-automne-hiver-2018-2019-paris-look-38.jpg\",\"keywords\":[\"Alexander Mc Queen\",\"Ann Demeulemeester\",\"Berluti\",\"Cerruti 1881\",\"Comme des Garcons Homme Plus\",\"Hed Mayner\",\"juun j\",\"Maison Margiela\",\"Men Fashion Week\"],\"articleSection\":[\"Fashion Week\",\"The Fashion\"],\"inLanguage\":\"en-US\"},{\"@type\":\"WebPage\",\"@id\":\"https:\\\/\\\/www.luxsure.fr\\\/en\\\/2018\\\/01\\\/20\\\/fall-winter-2018-mens-fashion-week-day-4-at-the-end-of-a-career\\\/\",\"url\":\"https:\\\/\\\/www.luxsure.fr\\\/en\\\/2018\\\/01\\\/20\\\/fall-winter-2018-mens-fashion-week-day-4-at-the-end-of-a-career\\\/\",\"name\":\"Fall\\\/Winter 2018 Men's Fashion Week: Day 4 At the end of a career - Luxsure\",\"isPartOf\":{\"@id\":\"https:\\\/\\\/www.luxsure.fr\\\/#website\"},\"primaryImageOfPage\":{\"@id\":\"https:\\\/\\\/www.luxsure.fr\\\/en\\\/2018\\\/01\\\/20\\\/fall-winter-2018-mens-fashion-week-day-4-at-the-end-of-a-career\\\/#primaryimage\"},\"image\":{\"@id\":\"https:\\\/\\\/www.luxsure.fr\\\/en\\\/2018\\\/01\\\/20\\\/fall-winter-2018-mens-fashion-week-day-4-at-the-end-of-a-career\\\/#primaryimage\"},\"thumbnailUrl\":\"https:\\\/\\\/www.luxsure.fr\\\/wp-content\\\/uploads\\\/2018\\\/01\\\/defile-berluti-automne-hiver-2018-2019-paris-look-38.jpg\",\"datePublished\":\"2018-01-20T16:14:26+00:00\",\"dateModified\":\"2026-04-27T01:49:30+00:00\",\"breadcrumb\":{\"@id\":\"https:\\\/\\\/www.luxsure.fr\\\/en\\\/2018\\\/01\\\/20\\\/fall-winter-2018-mens-fashion-week-day-4-at-the-end-of-a-career\\\/#breadcrumb\"},\"inLanguage\":\"en-US\",\"potentialAction\":[{\"@type\":\"ReadAction\",\"target\":[\"https:\\\/\\\/www.luxsure.fr\\\/en\\\/2018\\\/01\\\/20\\\/fall-winter-2018-mens-fashion-week-day-4-at-the-end-of-a-career\\\/\"]}]},{\"@type\":\"ImageObject\",\"inLanguage\":\"en-US\",\"@id\":\"https:\\\/\\\/www.luxsure.fr\\\/en\\\/2018\\\/01\\\/20\\\/fall-winter-2018-mens-fashion-week-day-4-at-the-end-of-a-career\\\/#primaryimage\",\"url\":\"https:\\\/\\\/www.luxsure.fr\\\/wp-content\\\/uploads\\\/2018\\\/01\\\/defile-berluti-automne-hiver-2018-2019-paris-look-38.jpg\",\"contentUrl\":\"https:\\\/\\\/www.luxsure.fr\\\/wp-content\\\/uploads\\\/2018\\\/01\\\/defile-berluti-automne-hiver-2018-2019-paris-look-38.jpg\",\"width\":\"1024\",\"height\":\"680\"},{\"@type\":\"BreadcrumbList\",\"@id\":\"https:\\\/\\\/www.luxsure.fr\\\/en\\\/2018\\\/01\\\/20\\\/fall-winter-2018-mens-fashion-week-day-4-at-the-end-of-a-career\\\/#breadcrumb\",\"itemListElement\":[{\"@type\":\"ListItem\",\"position\":1,\"name\":\"Accueil\",\"item\":\"https:\\\/\\\/www.luxsure.fr\\\/\"},{\"@type\":\"ListItem\",\"position\":2,\"name\":\"Fall\\\/Winter 2018 Men&#8217;s Fashion Week: Day 4 At the end of a career\"}]},{\"@type\":\"WebSite\",\"@id\":\"https:\\\/\\\/www.luxsure.fr\\\/#website\",\"url\":\"https:\\\/\\\/www.luxsure.fr\\\/\",\"name\":\"Luxsure\",\"description\":\"UNE CERTAINE VISION DU LUXE\",\"publisher\":{\"@id\":\"https:\\\/\\\/www.luxsure.fr\\\/#organization\"},\"potentialAction\":[{\"@type\":\"SearchAction\",\"target\":{\"@type\":\"EntryPoint\",\"urlTemplate\":\"https:\\\/\\\/www.luxsure.fr\\\/?s={search_term_string}\"},\"query-input\":{\"@type\":\"PropertyValueSpecification\",\"valueRequired\":true,\"valueName\":\"search_term_string\"}}],\"inLanguage\":\"en-US\"},{\"@type\":\"Organization\",\"@id\":\"https:\\\/\\\/www.luxsure.fr\\\/#organization\",\"name\":\"Luxsure\",\"url\":\"https:\\\/\\\/www.luxsure.fr\\\/\",\"logo\":{\"@type\":\"ImageObject\",\"inLanguage\":\"en-US\",\"@id\":\"https:\\\/\\\/www.luxsure.fr\\\/#\\\/schema\\\/logo\\\/image\\\/\",\"url\":\"https:\\\/\\\/i0.wp.com\\\/www.luxsure.fr\\\/wp-content\\\/uploads\\\/2015\\\/10\\\/Capture-d\u2019\u00e9cran-2015-08-19-\u00e0-10.51.48.png?fit=551%2C400&ssl=1\",\"contentUrl\":\"https:\\\/\\\/i0.wp.com\\\/www.luxsure.fr\\\/wp-content\\\/uploads\\\/2015\\\/10\\\/Capture-d\u2019\u00e9cran-2015-08-19-\u00e0-10.51.48.png?fit=551%2C400&ssl=1\",\"width\":551,\"height\":400,\"caption\":\"Luxsure\"},\"image\":{\"@id\":\"https:\\\/\\\/www.luxsure.fr\\\/#\\\/schema\\\/logo\\\/image\\\/\"}},{\"@type\":\"Person\",\"@id\":\"https:\\\/\\\/www.luxsure.fr\\\/#\\\/schema\\\/person\\\/1e93b27d425d5afc157cd8452ca61da8\",\"name\":\"Manon Renault\",\"image\":{\"@type\":\"ImageObject\",\"inLanguage\":\"en-US\",\"@id\":\"https:\\\/\\\/secure.gravatar.com\\\/avatar\\\/282f48291edd31aea5b71155a33dd578addbd59a3b0349c9d5798811feb71d9b?s=96&d=mm&r=g\",\"url\":\"https:\\\/\\\/secure.gravatar.com\\\/avatar\\\/282f48291edd31aea5b71155a33dd578addbd59a3b0349c9d5798811feb71d9b?s=96&d=mm&r=g\",\"contentUrl\":\"https:\\\/\\\/secure.gravatar.com\\\/avatar\\\/282f48291edd31aea5b71155a33dd578addbd59a3b0349c9d5798811feb71d9b?s=96&d=mm&r=g\",\"caption\":\"Manon Renault\"},\"sameAs\":[\"https:\\\/\\\/manonrenault.wordpress.com\",\"https:\\\/\\\/www.facebook.com\\\/manonrnlt0\\\/?ref=aymt_homepage_panel#\",\"https:\\\/\\\/x.com\\\/@MannRnlt\"],\"url\":\"https:\\\/\\\/www.luxsure.fr\\\/en\\\/author\\\/manon-renault\\\/\"}]}<\/script>\n<!-- \/ Yoast SEO plugin. -->","yoast_head_json":{"title":"Fall\/Winter 2018 Men's Fashion Week: Day 4 At the end of a career - Luxsure","robots":{"index":"index","follow":"follow","max-snippet":"max-snippet:-1","max-image-preview":"max-image-preview:large","max-video-preview":"max-video-preview:-1"},"canonical":"https:\/\/www.luxsure.fr\/en\/2018\/01\/20\/fall-winter-2018-mens-fashion-week-day-4-at-the-end-of-a-career\/","twitter_misc":{"Written by":"Manon Renault","Est. reading time":"5 minutes"},"schema":{"@context":"https:\/\/schema.org","@graph":[{"@type":"Article","@id":"https:\/\/www.luxsure.fr\/en\/2018\/01\/20\/fall-winter-2018-mens-fashion-week-day-4-at-the-end-of-a-career\/#article","isPartOf":{"@id":"https:\/\/www.luxsure.fr\/en\/2018\/01\/20\/fall-winter-2018-mens-fashion-week-day-4-at-the-end-of-a-career\/"},"author":{"name":"Manon Renault","@id":"https:\/\/www.luxsure.fr\/#\/schema\/person\/1e93b27d425d5afc157cd8452ca61da8"},"headline":"Fall\/Winter 2018 Men&#8217;s Fashion Week: Day 4 At the end of a career","datePublished":"2018-01-20T16:14:26+00:00","dateModified":"2026-04-27T01:49:30+00:00","mainEntityOfPage":{"@id":"https:\/\/www.luxsure.fr\/en\/2018\/01\/20\/fall-winter-2018-mens-fashion-week-day-4-at-the-end-of-a-career\/"},"wordCount":1029,"publisher":{"@id":"https:\/\/www.luxsure.fr\/#organization"},"image":{"@id":"https:\/\/www.luxsure.fr\/en\/2018\/01\/20\/fall-winter-2018-mens-fashion-week-day-4-at-the-end-of-a-career\/#primaryimage"},"thumbnailUrl":"https:\/\/www.luxsure.fr\/wp-content\/uploads\/2018\/01\/defile-berluti-automne-hiver-2018-2019-paris-look-38.jpg","keywords":["Alexander Mc Queen","Ann Demeulemeester","Berluti","Cerruti 1881","Comme des Garcons Homme Plus","Hed Mayner","juun j","Maison Margiela","Men Fashion Week"],"articleSection":["Fashion Week","The Fashion"],"inLanguage":"en-US"},{"@type":"WebPage","@id":"https:\/\/www.luxsure.fr\/en\/2018\/01\/20\/fall-winter-2018-mens-fashion-week-day-4-at-the-end-of-a-career\/","url":"https:\/\/www.luxsure.fr\/en\/2018\/01\/20\/fall-winter-2018-mens-fashion-week-day-4-at-the-end-of-a-career\/","name":"Fall\/Winter 2018 Men's Fashion Week: Day 4 At the end of a career - Luxsure","isPartOf":{"@id":"https:\/\/www.luxsure.fr\/#website"},"primaryImageOfPage":{"@id":"https:\/\/www.luxsure.fr\/en\/2018\/01\/20\/fall-winter-2018-mens-fashion-week-day-4-at-the-end-of-a-career\/#primaryimage"},"image":{"@id":"https:\/\/www.luxsure.fr\/en\/2018\/01\/20\/fall-winter-2018-mens-fashion-week-day-4-at-the-end-of-a-career\/#primaryimage"},"thumbnailUrl":"https:\/\/www.luxsure.fr\/wp-content\/uploads\/2018\/01\/defile-berluti-automne-hiver-2018-2019-paris-look-38.jpg","datePublished":"2018-01-20T16:14:26+00:00","dateModified":"2026-04-27T01:49:30+00:00","breadcrumb":{"@id":"https:\/\/www.luxsure.fr\/en\/2018\/01\/20\/fall-winter-2018-mens-fashion-week-day-4-at-the-end-of-a-career\/#breadcrumb"},"inLanguage":"en-US","potentialAction":[{"@type":"ReadAction","target":["https:\/\/www.luxsure.fr\/en\/2018\/01\/20\/fall-winter-2018-mens-fashion-week-day-4-at-the-end-of-a-career\/"]}]},{"@type":"ImageObject","inLanguage":"en-US","@id":"https:\/\/www.luxsure.fr\/en\/2018\/01\/20\/fall-winter-2018-mens-fashion-week-day-4-at-the-end-of-a-career\/#primaryimage","url":"https:\/\/www.luxsure.fr\/wp-content\/uploads\/2018\/01\/defile-berluti-automne-hiver-2018-2019-paris-look-38.jpg","contentUrl":"https:\/\/www.luxsure.fr\/wp-content\/uploads\/2018\/01\/defile-berluti-automne-hiver-2018-2019-paris-look-38.jpg","width":"1024","height":"680"},{"@type":"BreadcrumbList","@id":"https:\/\/www.luxsure.fr\/en\/2018\/01\/20\/fall-winter-2018-mens-fashion-week-day-4-at-the-end-of-a-career\/#breadcrumb","itemListElement":[{"@type":"ListItem","position":1,"name":"Accueil","item":"https:\/\/www.luxsure.fr\/"},{"@type":"ListItem","position":2,"name":"Fall\/Winter 2018 Men&#8217;s Fashion Week: Day 4 At the end of a career"}]},{"@type":"WebSite","@id":"https:\/\/www.luxsure.fr\/#website","url":"https:\/\/www.luxsure.fr\/","name":"Luxsure","description":"UNE CERTAINE VISION DU LUXE","publisher":{"@id":"https:\/\/www.luxsure.fr\/#organization"},"potentialAction":[{"@type":"SearchAction","target":{"@type":"EntryPoint","urlTemplate":"https:\/\/www.luxsure.fr\/?s={search_term_string}"},"query-input":{"@type":"PropertyValueSpecification","valueRequired":true,"valueName":"search_term_string"}}],"inLanguage":"en-US"},{"@type":"Organization","@id":"https:\/\/www.luxsure.fr\/#organization","name":"Luxsure","url":"https:\/\/www.luxsure.fr\/","logo":{"@type":"ImageObject","inLanguage":"en-US","@id":"https:\/\/www.luxsure.fr\/#\/schema\/logo\/image\/","url":"https:\/\/i0.wp.com\/www.luxsure.fr\/wp-content\/uploads\/2015\/10\/Capture-d\u2019\u00e9cran-2015-08-19-\u00e0-10.51.48.png?fit=551%2C400&ssl=1","contentUrl":"https:\/\/i0.wp.com\/www.luxsure.fr\/wp-content\/uploads\/2015\/10\/Capture-d\u2019\u00e9cran-2015-08-19-\u00e0-10.51.48.png?fit=551%2C400&ssl=1","width":551,"height":400,"caption":"Luxsure"},"image":{"@id":"https:\/\/www.luxsure.fr\/#\/schema\/logo\/image\/"}},{"@type":"Person","@id":"https:\/\/www.luxsure.fr\/#\/schema\/person\/1e93b27d425d5afc157cd8452ca61da8","name":"Manon Renault","image":{"@type":"ImageObject","inLanguage":"en-US","@id":"https:\/\/secure.gravatar.com\/avatar\/282f48291edd31aea5b71155a33dd578addbd59a3b0349c9d5798811feb71d9b?s=96&d=mm&r=g","url":"https:\/\/secure.gravatar.com\/avatar\/282f48291edd31aea5b71155a33dd578addbd59a3b0349c9d5798811feb71d9b?s=96&d=mm&r=g","contentUrl":"https:\/\/secure.gravatar.com\/avatar\/282f48291edd31aea5b71155a33dd578addbd59a3b0349c9d5798811feb71d9b?s=96&d=mm&r=g","caption":"Manon Renault"},"sameAs":["https:\/\/manonrenault.wordpress.com","https:\/\/www.facebook.com\/manonrnlt0\/?ref=aymt_homepage_panel#","https:\/\/x.com\/@MannRnlt"],"url":"https:\/\/www.luxsure.fr\/en\/author\/manon-renault\/"}]}},"_links":{"self":[{"href":"https:\/\/www.luxsure.fr\/en\/wp-json\/wp\/v2\/posts\/2031013","targetHints":{"allow":["GET"]}}],"collection":[{"href":"https:\/\/www.luxsure.fr\/en\/wp-json\/wp\/v2\/posts"}],"about":[{"href":"https:\/\/www.luxsure.fr\/en\/wp-json\/wp\/v2\/types\/post"}],"author":[{"embeddable":true,"href":"https:\/\/www.luxsure.fr\/en\/wp-json\/wp\/v2\/users\/165"}],"replies":[{"embeddable":true,"href":"https:\/\/www.luxsure.fr\/en\/wp-json\/wp\/v2\/comments?post=2031013"}],"version-history":[{"count":0,"href":"https:\/\/www.luxsure.fr\/en\/wp-json\/wp\/v2\/posts\/2031013\/revisions"}],"wp:featuredmedia":[{"embeddable":true,"href":"https:\/\/www.luxsure.fr\/en\/wp-json\/wp\/v2\/media\/1101624"}],"wp:attachment":[{"href":"https:\/\/www.luxsure.fr\/en\/wp-json\/wp\/v2\/media?parent=2031013"}],"wp:term":[{"taxonomy":"category","embeddable":true,"href":"https:\/\/www.luxsure.fr\/en\/wp-json\/wp\/v2\/categories?post=2031013"},{"taxonomy":"post_tag","embeddable":true,"href":"https:\/\/www.luxsure.fr\/en\/wp-json\/wp\/v2\/tags?post=2031013"}],"curies":[{"name":"wp","href":"https:\/\/api.w.org\/{rel}","templated":true}]}}