{"id":2030970,"date":"2019-12-20T11:55:45","date_gmt":"2019-12-20T10:55:45","guid":{"rendered":"https:\/\/www.luxsure.fr\/2019\/12\/20\/la-reserve-paris-buche-galette-des-rois\/"},"modified":"2026-04-27T03:42:11","modified_gmt":"2026-04-27T01:42:11","slug":"la-reserve-paris-buche-galette-des-rois","status":"publish","type":"post","link":"https:\/\/www.luxsure.fr\/en\/2019\/12\/20\/la-reserve-paris-buche-galette-des-rois\/","title":{"rendered":"LA RESERVE PARIS &#8211; BUCHE &amp; GALETTE DES ROIS"},"content":{"rendered":"<p>The best ideas come from dreaming in an inspiring place&#8230;<\/p>\n<p>Pastry Chef Adrien Salavert has chosen to pay tribute to the sublime decor of La R\u00e9serve Paris &#8211; Hotel and Spa with two gourmet creations specially imagined to enchant festive tables at the end of the year. Evoking the Biblioth\u00e8que du Duc de Morny for the B\u00fbche de No\u00ebl 2019, and the sumptuous chestnut trees of Avenue Gabriel for the Galette des Rois 2020, two desserts with a very Parisian spirit to be reserved very soon&#8230;. <\/p>\n<p><img decoding=\"async\" class=\"alignnone size-large wp-image-338520 lazyload\" data-src=\"https:\/\/www.luxsure.fr\/wp-content\/uploads\/2019\/09\/La_Reserve_Paris-Buche-2_DelphineConstantini-1024x685.jpg\" alt=\"\" width=\"1024\" height=\"685\" data-srcset=\"https:\/\/www.luxsure.fr\/wp-content\/uploads\/2019\/09\/La_Reserve_Paris-Buche-2_DelphineConstantini-1024x685.jpg 1024w, https:\/\/www.luxsure.fr\/wp-content\/uploads\/2019\/09\/La_Reserve_Paris-Buche-2_DelphineConstantini-300x201.jpg 300w, https:\/\/www.luxsure.fr\/wp-content\/uploads\/2019\/09\/La_Reserve_Paris-Buche-2_DelphineConstantini-768x514.jpg 768w, https:\/\/www.luxsure.fr\/wp-content\/uploads\/2019\/09\/La_Reserve_Paris-Buche-2_DelphineConstantini-600x401.jpg 600w, https:\/\/www.luxsure.fr\/wp-content\/uploads\/2019\/09\/La_Reserve_Paris-Buche-2_DelphineConstantini-1536x1027.jpg 1536w, https:\/\/www.luxsure.fr\/wp-content\/uploads\/2019\/09\/La_Reserve_Paris-Buche-2_DelphineConstantini-scaled.jpg 2048w, https:\/\/www.luxsure.fr\/wp-content\/uploads\/2019\/09\/La_Reserve_Paris-Buche-2_DelphineConstantini-1170x782.jpg 1170w, https:\/\/www.luxsure.fr\/wp-content\/uploads\/2019\/09\/La_Reserve_Paris-Buche-2_DelphineConstantini-1920x1284.jpg 1920w, https:\/\/www.luxsure.fr\/wp-content\/uploads\/2019\/09\/La_Reserve_Paris-Buche-2_DelphineConstantini-585x391.jpg 585w, https:\/\/www.luxsure.fr\/wp-content\/uploads\/2019\/09\/La_Reserve_Paris-Buche-2_DelphineConstantini-263x175.jpg 263w\" data-sizes=\"(max-width: 1024px) 100vw, 1024px\" src=\"data:image\/svg+xml;base64,PHN2ZyB3aWR0aD0iMSIgaGVpZ2h0PSIxIiB4bWxucz0iaHR0cDovL3d3dy53My5vcmcvMjAwMC9zdmciPjwvc3ZnPg==\" style=\"--smush-placeholder-width: 1024px; --smush-placeholder-aspect-ratio: 1024\/685;\" \/><\/p>\n<p>A LIMITED-EDITION MASTERPIECE FOR THE LOG<\/p>\n<p>&#8220;Les contes de No\u00ebl&#8221; orking for new ideas, Adrien Salavert usually wanders into the Biblioth\u00e8que du Duc de Morny for inspiration. The impressive collection of antique books inspired him to pay tribute to this very special place in La R\u00e9serve Paris with a trompe-l&#8217;\u0153il log made up of three volumes. This 2019 edition features the hotel&#8217;s iconic colors: golden Cordoba leather, red lacquer and dark wood. Three volumes for two different flavors. The cover of the first all-chocolate book opens to reveal the beautiful handwritten vision of the Christmas spirit according to the Pastry Chef of La R\u00e9serve Paris &#8211; Hotel and Spa.    <\/p>\n<p>Inside, the pages have given way to a box of delightful tea- and citrus-scented chocolates, to be enjoyed with coffee as a light end to the festive agape. As for the two books below, together they make up a refined log, featuring the scent of citrus fruits, chocolate and black tea with woody notes, three aromas emblematic of a dream Christmas by the fireside in the library. An original creation that epitomizes, more than any other, the patisserie d&#8217;auteur.  <\/p>\n<p>ROYAL CROWN FOR THE TRADITIONAL GALETTE<\/p>\n<p>The coronation of kings and queens takes on a new dimension this year, with an unexpected galette that literally takes the shape of a crown. A spectacular effect for dessert&#8230; For this original recipe, the Pastry Chef at La R\u00e9serve Paris has chosen to combine vanilla with marrons glac\u00e9s, a nod to the majestic chestnut trees that line Avenue Gabriel, just outside the hotel. A delight as elegant to the eye as it is delectable to the taste buds. Once again this year, the iconic elephant-shaped bean, La R\u00e9serve&#8217;s signature emblem, is hidden inside. Collectors beware.    <\/p>\n","protected":false},"excerpt":{"rendered":"<p>The best ideas come from dreaming in an inspiring place&#8230; Pastry Chef Adrien Salavert has chosen to pay tribute to the sublime decor of La R\u00e9serve Paris &#8211; Hotel and&hellip;<\/p>\n","protected":false},"author":2,"featured_media":1418155,"comment_status":"closed","ping_status":"closed","sticky":false,"template":"","format":"standard","meta":{"_lmt_disableupdate":"","_lmt_disable":"","footnotes":""},"categories":[52709],"tags":[67639],"class_list":["post-2030970","post","type-post","status-publish","format-standard","has-post-thumbnail","hentry","category-thefashion","tag-la-reserve-paris"],"yoast_head":"<!-- This site is optimized with the Yoast SEO plugin v27.5 - https:\/\/yoast.com\/product\/yoast-seo-wordpress\/ -->\n<title>LA RESERVE PARIS - BUCHE &amp; GALETTE DES ROIS - Luxsure<\/title>\n<meta name=\"robots\" content=\"index, follow, max-snippet:-1, max-image-preview:large, max-video-preview:-1\" \/>\n<link rel=\"canonical\" href=\"https:\/\/www.luxsure.fr\/en\/2019\/12\/20\/la-reserve-paris-buche-galette-des-rois\/\" \/>\n<meta name=\"twitter:label1\" content=\"Written by\" \/>\n\t<meta name=\"twitter:data1\" content=\"pascal iakovou\" \/>\n\t<meta name=\"twitter:label2\" content=\"Est. reading time\" \/>\n\t<meta name=\"twitter:data2\" content=\"2 minutes\" \/>\n<script type=\"application\/ld+json\" class=\"yoast-schema-graph\">{\"@context\":\"https:\\\/\\\/schema.org\",\"@graph\":[{\"@type\":\"Article\",\"@id\":\"https:\\\/\\\/www.luxsure.fr\\\/en\\\/2019\\\/12\\\/20\\\/la-reserve-paris-buche-galette-des-rois\\\/#article\",\"isPartOf\":{\"@id\":\"https:\\\/\\\/www.luxsure.fr\\\/en\\\/2019\\\/12\\\/20\\\/la-reserve-paris-buche-galette-des-rois\\\/\"},\"author\":{\"name\":\"pascal iakovou\",\"@id\":\"https:\\\/\\\/www.luxsure.fr\\\/#\\\/schema\\\/person\\\/e3e28d08083f4cbc258957c924e39423\"},\"headline\":\"LA RESERVE PARIS &#8211; BUCHE &amp; GALETTE DES ROIS\",\"datePublished\":\"2019-12-20T10:55:45+00:00\",\"dateModified\":\"2026-04-27T01:42:11+00:00\",\"mainEntityOfPage\":{\"@id\":\"https:\\\/\\\/www.luxsure.fr\\\/en\\\/2019\\\/12\\\/20\\\/la-reserve-paris-buche-galette-des-rois\\\/\"},\"wordCount\":397,\"publisher\":{\"@id\":\"https:\\\/\\\/www.luxsure.fr\\\/#organization\"},\"image\":{\"@id\":\"https:\\\/\\\/www.luxsure.fr\\\/en\\\/2019\\\/12\\\/20\\\/la-reserve-paris-buche-galette-des-rois\\\/#primaryimage\"},\"thumbnailUrl\":\"https:\\\/\\\/www.luxsure.fr\\\/wp-content\\\/uploads\\\/2019\\\/09\\\/La_Reserve_Paris-Buche-2_DelphineConstantini-scaled.jpg\",\"keywords\":[\"LA RESERVE PARIS\"],\"articleSection\":[\"The Fashion\"],\"inLanguage\":\"en-US\"},{\"@type\":\"WebPage\",\"@id\":\"https:\\\/\\\/www.luxsure.fr\\\/en\\\/2019\\\/12\\\/20\\\/la-reserve-paris-buche-galette-des-rois\\\/\",\"url\":\"https:\\\/\\\/www.luxsure.fr\\\/en\\\/2019\\\/12\\\/20\\\/la-reserve-paris-buche-galette-des-rois\\\/\",\"name\":\"LA RESERVE PARIS - BUCHE &amp; GALETTE DES ROIS - Luxsure\",\"isPartOf\":{\"@id\":\"https:\\\/\\\/www.luxsure.fr\\\/#website\"},\"primaryImageOfPage\":{\"@id\":\"https:\\\/\\\/www.luxsure.fr\\\/en\\\/2019\\\/12\\\/20\\\/la-reserve-paris-buche-galette-des-rois\\\/#primaryimage\"},\"image\":{\"@id\":\"https:\\\/\\\/www.luxsure.fr\\\/en\\\/2019\\\/12\\\/20\\\/la-reserve-paris-buche-galette-des-rois\\\/#primaryimage\"},\"thumbnailUrl\":\"https:\\\/\\\/www.luxsure.fr\\\/wp-content\\\/uploads\\\/2019\\\/09\\\/La_Reserve_Paris-Buche-2_DelphineConstantini-scaled.jpg\",\"datePublished\":\"2019-12-20T10:55:45+00:00\",\"dateModified\":\"2026-04-27T01:42:11+00:00\",\"breadcrumb\":{\"@id\":\"https:\\\/\\\/www.luxsure.fr\\\/en\\\/2019\\\/12\\\/20\\\/la-reserve-paris-buche-galette-des-rois\\\/#breadcrumb\"},\"inLanguage\":\"en-US\",\"potentialAction\":[{\"@type\":\"ReadAction\",\"target\":[\"https:\\\/\\\/www.luxsure.fr\\\/en\\\/2019\\\/12\\\/20\\\/la-reserve-paris-buche-galette-des-rois\\\/\"]}]},{\"@type\":\"ImageObject\",\"inLanguage\":\"en-US\",\"@id\":\"https:\\\/\\\/www.luxsure.fr\\\/en\\\/2019\\\/12\\\/20\\\/la-reserve-paris-buche-galette-des-rois\\\/#primaryimage\",\"url\":\"https:\\\/\\\/www.luxsure.fr\\\/wp-content\\\/uploads\\\/2019\\\/09\\\/La_Reserve_Paris-Buche-2_DelphineConstantini-scaled.jpg\",\"contentUrl\":\"https:\\\/\\\/www.luxsure.fr\\\/wp-content\\\/uploads\\\/2019\\\/09\\\/La_Reserve_Paris-Buche-2_DelphineConstantini-scaled.jpg\",\"width\":2048,\"height\":1370},{\"@type\":\"BreadcrumbList\",\"@id\":\"https:\\\/\\\/www.luxsure.fr\\\/en\\\/2019\\\/12\\\/20\\\/la-reserve-paris-buche-galette-des-rois\\\/#breadcrumb\",\"itemListElement\":[{\"@type\":\"ListItem\",\"position\":1,\"name\":\"Accueil\",\"item\":\"https:\\\/\\\/www.luxsure.fr\\\/\"},{\"@type\":\"ListItem\",\"position\":2,\"name\":\"LA RESERVE PARIS &#8211; BUCHE &amp; GALETTE DES ROIS\"}]},{\"@type\":\"WebSite\",\"@id\":\"https:\\\/\\\/www.luxsure.fr\\\/#website\",\"url\":\"https:\\\/\\\/www.luxsure.fr\\\/\",\"name\":\"Luxsure\",\"description\":\"UNE CERTAINE VISION DU LUXE\",\"publisher\":{\"@id\":\"https:\\\/\\\/www.luxsure.fr\\\/#organization\"},\"potentialAction\":[{\"@type\":\"SearchAction\",\"target\":{\"@type\":\"EntryPoint\",\"urlTemplate\":\"https:\\\/\\\/www.luxsure.fr\\\/?s={search_term_string}\"},\"query-input\":{\"@type\":\"PropertyValueSpecification\",\"valueRequired\":true,\"valueName\":\"search_term_string\"}}],\"inLanguage\":\"en-US\"},{\"@type\":\"Organization\",\"@id\":\"https:\\\/\\\/www.luxsure.fr\\\/#organization\",\"name\":\"Luxsure\",\"url\":\"https:\\\/\\\/www.luxsure.fr\\\/\",\"logo\":{\"@type\":\"ImageObject\",\"inLanguage\":\"en-US\",\"@id\":\"https:\\\/\\\/www.luxsure.fr\\\/#\\\/schema\\\/logo\\\/image\\\/\",\"url\":\"https:\\\/\\\/i0.wp.com\\\/www.luxsure.fr\\\/wp-content\\\/uploads\\\/2015\\\/10\\\/Capture-d\u2019\u00e9cran-2015-08-19-\u00e0-10.51.48.png?fit=551%2C400&ssl=1\",\"contentUrl\":\"https:\\\/\\\/i0.wp.com\\\/www.luxsure.fr\\\/wp-content\\\/uploads\\\/2015\\\/10\\\/Capture-d\u2019\u00e9cran-2015-08-19-\u00e0-10.51.48.png?fit=551%2C400&ssl=1\",\"width\":551,\"height\":400,\"caption\":\"Luxsure\"},\"image\":{\"@id\":\"https:\\\/\\\/www.luxsure.fr\\\/#\\\/schema\\\/logo\\\/image\\\/\"}},{\"@type\":\"Person\",\"@id\":\"https:\\\/\\\/www.luxsure.fr\\\/#\\\/schema\\\/person\\\/e3e28d08083f4cbc258957c924e39423\",\"name\":\"pascal iakovou\",\"image\":{\"@type\":\"ImageObject\",\"inLanguage\":\"en-US\",\"@id\":\"https:\\\/\\\/secure.gravatar.com\\\/avatar\\\/358546e9ab7afafbb35961f747089b93cb88ca12b7a9fcd0c7922cc45f092613?s=96&d=mm&r=g\",\"url\":\"https:\\\/\\\/secure.gravatar.com\\\/avatar\\\/358546e9ab7afafbb35961f747089b93cb88ca12b7a9fcd0c7922cc45f092613?s=96&d=mm&r=g\",\"contentUrl\":\"https:\\\/\\\/secure.gravatar.com\\\/avatar\\\/358546e9ab7afafbb35961f747089b93cb88ca12b7a9fcd0c7922cc45f092613?s=96&d=mm&r=g\",\"caption\":\"pascal iakovou\"},\"sameAs\":[\"http:\\\/\\\/www.luxsure.Fr\"],\"url\":\"https:\\\/\\\/www.luxsure.fr\\\/en\\\/author\\\/pascal\\\/\"}]}<\/script>\n<!-- \/ Yoast SEO plugin. -->","yoast_head_json":{"title":"LA RESERVE PARIS - BUCHE &amp; GALETTE DES ROIS - Luxsure","robots":{"index":"index","follow":"follow","max-snippet":"max-snippet:-1","max-image-preview":"max-image-preview:large","max-video-preview":"max-video-preview:-1"},"canonical":"https:\/\/www.luxsure.fr\/en\/2019\/12\/20\/la-reserve-paris-buche-galette-des-rois\/","twitter_misc":{"Written by":"pascal iakovou","Est. reading time":"2 minutes"},"schema":{"@context":"https:\/\/schema.org","@graph":[{"@type":"Article","@id":"https:\/\/www.luxsure.fr\/en\/2019\/12\/20\/la-reserve-paris-buche-galette-des-rois\/#article","isPartOf":{"@id":"https:\/\/www.luxsure.fr\/en\/2019\/12\/20\/la-reserve-paris-buche-galette-des-rois\/"},"author":{"name":"pascal iakovou","@id":"https:\/\/www.luxsure.fr\/#\/schema\/person\/e3e28d08083f4cbc258957c924e39423"},"headline":"LA RESERVE PARIS &#8211; BUCHE &amp; GALETTE DES ROIS","datePublished":"2019-12-20T10:55:45+00:00","dateModified":"2026-04-27T01:42:11+00:00","mainEntityOfPage":{"@id":"https:\/\/www.luxsure.fr\/en\/2019\/12\/20\/la-reserve-paris-buche-galette-des-rois\/"},"wordCount":397,"publisher":{"@id":"https:\/\/www.luxsure.fr\/#organization"},"image":{"@id":"https:\/\/www.luxsure.fr\/en\/2019\/12\/20\/la-reserve-paris-buche-galette-des-rois\/#primaryimage"},"thumbnailUrl":"https:\/\/www.luxsure.fr\/wp-content\/uploads\/2019\/09\/La_Reserve_Paris-Buche-2_DelphineConstantini-scaled.jpg","keywords":["LA RESERVE PARIS"],"articleSection":["The Fashion"],"inLanguage":"en-US"},{"@type":"WebPage","@id":"https:\/\/www.luxsure.fr\/en\/2019\/12\/20\/la-reserve-paris-buche-galette-des-rois\/","url":"https:\/\/www.luxsure.fr\/en\/2019\/12\/20\/la-reserve-paris-buche-galette-des-rois\/","name":"LA RESERVE PARIS - BUCHE &amp; GALETTE DES ROIS - Luxsure","isPartOf":{"@id":"https:\/\/www.luxsure.fr\/#website"},"primaryImageOfPage":{"@id":"https:\/\/www.luxsure.fr\/en\/2019\/12\/20\/la-reserve-paris-buche-galette-des-rois\/#primaryimage"},"image":{"@id":"https:\/\/www.luxsure.fr\/en\/2019\/12\/20\/la-reserve-paris-buche-galette-des-rois\/#primaryimage"},"thumbnailUrl":"https:\/\/www.luxsure.fr\/wp-content\/uploads\/2019\/09\/La_Reserve_Paris-Buche-2_DelphineConstantini-scaled.jpg","datePublished":"2019-12-20T10:55:45+00:00","dateModified":"2026-04-27T01:42:11+00:00","breadcrumb":{"@id":"https:\/\/www.luxsure.fr\/en\/2019\/12\/20\/la-reserve-paris-buche-galette-des-rois\/#breadcrumb"},"inLanguage":"en-US","potentialAction":[{"@type":"ReadAction","target":["https:\/\/www.luxsure.fr\/en\/2019\/12\/20\/la-reserve-paris-buche-galette-des-rois\/"]}]},{"@type":"ImageObject","inLanguage":"en-US","@id":"https:\/\/www.luxsure.fr\/en\/2019\/12\/20\/la-reserve-paris-buche-galette-des-rois\/#primaryimage","url":"https:\/\/www.luxsure.fr\/wp-content\/uploads\/2019\/09\/La_Reserve_Paris-Buche-2_DelphineConstantini-scaled.jpg","contentUrl":"https:\/\/www.luxsure.fr\/wp-content\/uploads\/2019\/09\/La_Reserve_Paris-Buche-2_DelphineConstantini-scaled.jpg","width":2048,"height":1370},{"@type":"BreadcrumbList","@id":"https:\/\/www.luxsure.fr\/en\/2019\/12\/20\/la-reserve-paris-buche-galette-des-rois\/#breadcrumb","itemListElement":[{"@type":"ListItem","position":1,"name":"Accueil","item":"https:\/\/www.luxsure.fr\/"},{"@type":"ListItem","position":2,"name":"LA RESERVE PARIS &#8211; BUCHE &amp; GALETTE DES ROIS"}]},{"@type":"WebSite","@id":"https:\/\/www.luxsure.fr\/#website","url":"https:\/\/www.luxsure.fr\/","name":"Luxsure","description":"UNE CERTAINE VISION DU LUXE","publisher":{"@id":"https:\/\/www.luxsure.fr\/#organization"},"potentialAction":[{"@type":"SearchAction","target":{"@type":"EntryPoint","urlTemplate":"https:\/\/www.luxsure.fr\/?s={search_term_string}"},"query-input":{"@type":"PropertyValueSpecification","valueRequired":true,"valueName":"search_term_string"}}],"inLanguage":"en-US"},{"@type":"Organization","@id":"https:\/\/www.luxsure.fr\/#organization","name":"Luxsure","url":"https:\/\/www.luxsure.fr\/","logo":{"@type":"ImageObject","inLanguage":"en-US","@id":"https:\/\/www.luxsure.fr\/#\/schema\/logo\/image\/","url":"https:\/\/i0.wp.com\/www.luxsure.fr\/wp-content\/uploads\/2015\/10\/Capture-d\u2019\u00e9cran-2015-08-19-\u00e0-10.51.48.png?fit=551%2C400&ssl=1","contentUrl":"https:\/\/i0.wp.com\/www.luxsure.fr\/wp-content\/uploads\/2015\/10\/Capture-d\u2019\u00e9cran-2015-08-19-\u00e0-10.51.48.png?fit=551%2C400&ssl=1","width":551,"height":400,"caption":"Luxsure"},"image":{"@id":"https:\/\/www.luxsure.fr\/#\/schema\/logo\/image\/"}},{"@type":"Person","@id":"https:\/\/www.luxsure.fr\/#\/schema\/person\/e3e28d08083f4cbc258957c924e39423","name":"pascal iakovou","image":{"@type":"ImageObject","inLanguage":"en-US","@id":"https:\/\/secure.gravatar.com\/avatar\/358546e9ab7afafbb35961f747089b93cb88ca12b7a9fcd0c7922cc45f092613?s=96&d=mm&r=g","url":"https:\/\/secure.gravatar.com\/avatar\/358546e9ab7afafbb35961f747089b93cb88ca12b7a9fcd0c7922cc45f092613?s=96&d=mm&r=g","contentUrl":"https:\/\/secure.gravatar.com\/avatar\/358546e9ab7afafbb35961f747089b93cb88ca12b7a9fcd0c7922cc45f092613?s=96&d=mm&r=g","caption":"pascal iakovou"},"sameAs":["http:\/\/www.luxsure.Fr"],"url":"https:\/\/www.luxsure.fr\/en\/author\/pascal\/"}]}},"_links":{"self":[{"href":"https:\/\/www.luxsure.fr\/en\/wp-json\/wp\/v2\/posts\/2030970","targetHints":{"allow":["GET"]}}],"collection":[{"href":"https:\/\/www.luxsure.fr\/en\/wp-json\/wp\/v2\/posts"}],"about":[{"href":"https:\/\/www.luxsure.fr\/en\/wp-json\/wp\/v2\/types\/post"}],"author":[{"embeddable":true,"href":"https:\/\/www.luxsure.fr\/en\/wp-json\/wp\/v2\/users\/2"}],"replies":[{"embeddable":true,"href":"https:\/\/www.luxsure.fr\/en\/wp-json\/wp\/v2\/comments?post=2030970"}],"version-history":[{"count":0,"href":"https:\/\/www.luxsure.fr\/en\/wp-json\/wp\/v2\/posts\/2030970\/revisions"}],"wp:featuredmedia":[{"embeddable":true,"href":"https:\/\/www.luxsure.fr\/en\/wp-json\/wp\/v2\/media\/1418155"}],"wp:attachment":[{"href":"https:\/\/www.luxsure.fr\/en\/wp-json\/wp\/v2\/media?parent=2030970"}],"wp:term":[{"taxonomy":"category","embeddable":true,"href":"https:\/\/www.luxsure.fr\/en\/wp-json\/wp\/v2\/categories?post=2030970"},{"taxonomy":"post_tag","embeddable":true,"href":"https:\/\/www.luxsure.fr\/en\/wp-json\/wp\/v2\/tags?post=2030970"}],"curies":[{"name":"wp","href":"https:\/\/api.w.org\/{rel}","templated":true}]}}