{"id":2030937,"date":"2017-10-20T13:05:40","date_gmt":"2017-10-20T11:05:40","guid":{"rendered":"https:\/\/www.luxsure.fr\/2017\/10\/20\/piano-festival-at-the-wurth-museum\/"},"modified":"2026-04-27T03:35:43","modified_gmt":"2026-04-27T01:35:43","slug":"piano-festival-at-the-wurth-museum","status":"publish","type":"post","link":"https:\/\/www.luxsure.fr\/en\/2017\/10\/20\/piano-festival-at-the-wurth-museum\/","title":{"rendered":"Piano Festival at the W\u00fcrth Museum"},"content":{"rendered":"<p><span style=\"font-weight: 400;\">PIANO AT THE W\u00dcRTH MUSEUM<\/span><span style=\"font-weight: 400;\"><br \/>\n<\/span><span style=\"font-weight: 400;\">November 10 &#8211; 19, 2017<\/span><span style=\"font-weight: 400;\"><br \/>\n<\/span> <span style=\"font-weight: 400;\"><br \/>\n<\/span><span style=\"font-weight: 400;\">South of Strasbourg, the Mus\u00e9e W\u00fcrth d&#8217;Erstein &#8211; with its fine collection of modern and contemporary art &#8211; is the poetic setting for the international piano festival that bears its name, created in 2016 by Marie-France Bertrand, the museum&#8217;s director, and pianist Vincent Larderet, the festival&#8217;s artistic director. In just two years, the event has become a favorite stopover for renowned soloists and young talent alike, who each autumn enjoy its unique acoustics, just a stone&#8217;s throw from Germany. <\/span><span style=\"font-weight: 400;\"><br \/>\n<\/span> <span style=\"font-weight: 400;\"><br \/>\n<\/span><span style=\"font-weight: 400;\"><img decoding=\"async\" class=\"alignnone size-full wp-image-228590 lazyload\" data-src=\"https:\/\/www.luxsure.fr\/wp-content\/uploads\/2017\/10\/piano-wurth.jpg\" alt=\"\" width=\"1952\" height=\"1200\" data-srcset=\"https:\/\/www.luxsure.fr\/wp-content\/uploads\/2017\/10\/piano-wurth.jpg 1952w, https:\/\/www.luxsure.fr\/wp-content\/uploads\/2017\/10\/piano-wurth-300x184.jpg 300w, https:\/\/www.luxsure.fr\/wp-content\/uploads\/2017\/10\/piano-wurth-768x472.jpg 768w, https:\/\/www.luxsure.fr\/wp-content\/uploads\/2017\/10\/piano-wurth-1024x630.jpg 1024w, https:\/\/www.luxsure.fr\/wp-content\/uploads\/2017\/10\/piano-wurth-600x369.jpg 600w\" data-sizes=\"(max-width: 1952px) 100vw, 1952px\" src=\"data:image\/svg+xml;base64,PHN2ZyB3aWR0aD0iMSIgaGVpZ2h0PSIxIiB4bWxucz0iaHR0cDovL3d3dy53My5vcmcvMjAwMC9zdmciPjwvc3ZnPg==\" style=\"--smush-placeholder-width: 1952px; --smush-placeholder-aspect-ratio: 1952\/1200;\" \/><br \/>\n<\/span> <span style=\"font-weight: 400;\"><br \/>\n<\/span> <span style=\"font-weight: 400;\"><br \/>\n<\/span><span style=\"font-weight: 400;\">THE W\u00dcRTH ERSTEIN MUSEUM, A CULTURAL MECCA<\/span><span style=\"font-weight: 400;\"><br \/>\n<\/span> <span style=\"font-weight: 400;\"><br \/>\n<\/span><span style=\"font-weight: 400;\">For DIY enthusiasts, the name W\u00fcrth will conjure up images of world-renowned screws and fastening materials. For others, it&#8217;s the success story of a 19-year-old who took over his father&#8217;s modest business, now a veritable industrial empire. W\u00fcrth also shines in the form of a rich collection of 17,000 works, paintings and sculptures from the Primitives to the 21st century. German industrialist Reinhold W\u00fcrth, now aged 82, has worked tirelessly since acquiring a watercolour by Emil Nolde in the 1960s to develop this collection and make it accessible to all, not only in places dedicated to the visual arts, but also to literature and music.   <\/span><span style=\"font-weight: 400;\"><br \/>\n<\/span><span style=\"font-weight: 400;\"><br \/>\n<\/span><span style=\"font-weight: 400;\">Since 1991, fifteen W\u00fcrth exhibition centers, or company museums, have sprung up across Europe. The one in Erstein, south of Strasbourg, opened in 2008, is one of the three largest. Its three halls can accommodate temporary exhibitions on a variety of themes.  <\/span><span style=\"font-weight: 400;\"><br \/>\n<\/span><span style=\"font-weight: 400;\">Located at the heart of the museum, a 224-seat auditorium hosts a rich cultural program that resonates with the collection: theater, classical music, songs, shows for young audiences, lectures and workshops.<\/span><span style=\"font-weight: 400;\"><br \/>\n<\/span> <span style=\"font-weight: 400;\"><br \/>\n<\/span><span style=\"font-weight: 400;\">&#8220;We&#8217;re not just a cube containing an exhibition of paintings and sculptures. We want to build bridges, establish correspondences. When I invited Vincent Larderet in 2014, we saw that we could do something on a larger scale.&#8221;<\/span><span style=\"font-weight: 400;\"><br \/>\n<\/span><span style=\"font-weight: 400;\"><br \/>\n<\/span><span style=\"font-weight: 400;\">Thus was born the autumn festival Piano au Mus\u00e9e W\u00fcrth, whose key words are mixity and conviviality. The specifications are simple: program pianists of international renown, but also young talents and artists from the region. <\/span><span style=\"font-weight: 400;\"><br \/>\n<\/span><span style=\"font-weight: 400;\"><br \/>\n<\/span><span style=\"font-weight: 400;\">A FESTIVAL LIKE NO OTHER<\/span><span style=\"font-weight: 400;\"><br \/>\n<\/span> <span style=\"font-weight: 400;\"><br \/>\n<\/span><span style=\"font-weight: 400;\">An atypical pianist, Vincent Larderet sets the tone for the festival with his eclectic and passionate choices, while following the three axes defined by the museum: great international soloists, young talents and renowned artists from the Alsace region, and an educational dimension (Master classes, collaboration with international competitions and the &#8220;Special Piano Prize at the W\u00fcrth Museum&#8221;).<\/span><span style=\"font-weight: 400;\"><br \/>\n<\/span><span style=\"font-weight: 400;\">In keeping with his career, which began abroad at a very early age, Vincent Larderet has chosen an international program, highlighting the different approaches implied by the piano traditions of the various countries and artists invited.<\/span><span style=\"font-weight: 400;\"><br \/>\n<\/span> <span style=\"font-weight: 400;\"><br \/>\n<\/span><span style=\"font-weight: 400;\">Vincent Larderet, both pianist and artistic director of the festival, is inspired by the need to combat the standardization of repertoires. The repertoires covered during these ten days of piano at the museum draw on the immensity and diversity of the piano oeuvre. Emblematic masterpieces by Beethoven, Brahms, Chopin, Debussy, Faur\u00e9, Ravel, Schubert, Schumann, Prokofiev and Rachmaninov find their place alongside lesser-known gems. In view of the fiftieth anniversary of their deaths in 1937, Ravel and Szymanowski will be particularly celebrated, in solo, duo and trio performances on Friday November 17, and in Ewa Osi\u0144ska&#8217;s recital.   <\/span><span style=\"font-weight: 400;\"><br \/>\n<\/span> <span style=\"font-weight: 400;\"><br \/>\n<\/span><span style=\"font-weight: 400;\">Guest artists include international greats such as pianists Philippe Bianconi, Nelson Goerner, Herbert Schuch, Peter Laul, Vadym Kholodenko, Vincent Larderet and Ewa Osi\u0144ska, who will share the Steinway keyboard in the museum&#8217;s auditorium with sultry young talents such as Ana Kipiani. The piano will also be jazz and Swiss for a session with the Colin Vallon Trio. <\/span><\/p>\n<p>&nbsp;<\/p>\n<p><span style=\"font-weight: 400;\">BILLETTERIE<\/span><span style=\"font-weight: 400;\"><br \/>\n<\/span><span style=\"font-weight: 400;\">Tickets are available from Tuesday to<\/span><span style=\"font-weight: 400;\"><br \/>\n<\/span><span style=\"font-weight: 400;\">Sunday, 10 am to 5 pm at the W\u00fcrth Museum.<\/span><span style=\"font-weight: 400;\"><br \/>\n<\/span><span style=\"font-weight: 400;\">Buy your tickets online at<\/span><span style=\"font-weight: 400;\"><br \/>\n<\/span><span style=\"font-weight: 400;\">Museum website : <\/span><a href=\"http:\/\/www.musee-wurth.fr\"><br \/>\n  <span style=\"font-weight: 400;\">www.musee-wurth.fr<\/span><br \/>\n  <span style=\"font-weight: 400;\"><\/p>\n<p>  <\/span><br \/>\n<\/a><span style=\"font-weight: 400;\">INFORMATION AND RESERVATIONS<\/span><span style=\"font-weight: 400;\"><br \/>\n<\/span><span style=\"font-weight: 400;\">03 88 64 74 84 \/ mwfe.info@wurth.fr<\/span><span style=\"font-weight: 400;\"><br \/>\n<\/span><span style=\"font-weight: 400;\">ADDRESS<\/span><span style=\"font-weight: 400;\"><br \/>\n<\/span><span style=\"font-weight: 400;\">W\u00fcrth Museum France Erstein<\/span><span style=\"font-weight: 400;\"><br \/>\n<\/span><span style=\"font-weight: 400;\">Zi ouest &#8211; rue Georges Besse<\/span><span style=\"font-weight: 400;\"><br \/>\n<\/span><span style=\"font-weight: 400;\">67150 Erstein<\/span><\/p>\n<p><span style=\"font-weight: 400;\">For local accommodation : <\/span><a href=\"https:\/\/www.expedia.fr\/Strasbourg-Hotel.d6217179.Voyage-Guide-Hotels\"><br \/>\n  <span style=\"font-weight: 400;\">Expedia Strasbourg<\/span><br \/>\n<\/a> <span style=\"font-weight: 400;\"><br \/>\n<\/span><\/p>\n","protected":false},"excerpt":{"rendered":"<p>PIANO AT THE W\u00dcRTH MUSEUM November 10 &#8211; 19, 2017 South of Strasbourg, the Mus\u00e9e W\u00fcrth d&#8217;Erstein &#8211; with its fine collection of modern and contemporary art &#8211; is the&hellip;<\/p>\n","protected":false},"author":2,"featured_media":1062980,"comment_status":"closed","ping_status":"closed","sticky":false,"template":"","format":"standard","meta":{"_lmt_disableupdate":"","_lmt_disable":"","footnotes":""},"categories":[30094],"tags":[57898,67601,58245,67594],"class_list":["post-2030937","post","type-post","status-publish","format-standard","has-post-thumbnail","hentry","category-culture-en","tag-piano","tag-piano-festival","tag-strasbourg","tag-wurth-museum"],"yoast_head":"<!-- This site is optimized with the Yoast SEO plugin v27.5 - https:\/\/yoast.com\/product\/yoast-seo-wordpress\/ -->\n<title>Piano Festival at the W\u00fcrth Museum - Luxsure<\/title>\n<meta name=\"robots\" content=\"index, follow, max-snippet:-1, max-image-preview:large, max-video-preview:-1\" \/>\n<link rel=\"canonical\" href=\"https:\/\/www.luxsure.fr\/en\/2017\/10\/20\/piano-festival-at-the-wurth-museum\/\" \/>\n<meta name=\"twitter:label1\" content=\"Written by\" \/>\n\t<meta name=\"twitter:data1\" content=\"pascal iakovou\" \/>\n\t<meta name=\"twitter:label2\" content=\"Est. reading time\" \/>\n\t<meta name=\"twitter:data2\" content=\"3 minutes\" \/>\n<script type=\"application\/ld+json\" class=\"yoast-schema-graph\">{\"@context\":\"https:\\\/\\\/schema.org\",\"@graph\":[{\"@type\":\"Article\",\"@id\":\"https:\\\/\\\/www.luxsure.fr\\\/en\\\/2017\\\/10\\\/20\\\/piano-festival-at-the-wurth-museum\\\/#article\",\"isPartOf\":{\"@id\":\"https:\\\/\\\/www.luxsure.fr\\\/en\\\/2017\\\/10\\\/20\\\/piano-festival-at-the-wurth-museum\\\/\"},\"author\":{\"name\":\"pascal iakovou\",\"@id\":\"https:\\\/\\\/www.luxsure.fr\\\/#\\\/schema\\\/person\\\/e3e28d08083f4cbc258957c924e39423\"},\"headline\":\"Piano Festival at the W\u00fcrth Museum\",\"datePublished\":\"2017-10-20T11:05:40+00:00\",\"dateModified\":\"2026-04-27T01:35:43+00:00\",\"mainEntityOfPage\":{\"@id\":\"https:\\\/\\\/www.luxsure.fr\\\/en\\\/2017\\\/10\\\/20\\\/piano-festival-at-the-wurth-museum\\\/\"},\"wordCount\":667,\"publisher\":{\"@id\":\"https:\\\/\\\/www.luxsure.fr\\\/#organization\"},\"image\":{\"@id\":\"https:\\\/\\\/www.luxsure.fr\\\/en\\\/2017\\\/10\\\/20\\\/piano-festival-at-the-wurth-museum\\\/#primaryimage\"},\"thumbnailUrl\":\"https:\\\/\\\/www.luxsure.fr\\\/wp-content\\\/uploads\\\/2017\\\/10\\\/piano-wurth.jpg\",\"keywords\":[\"piano\",\"Piano Festival\",\"Strasbourg\",\"W\u00fcrth Museum\"],\"articleSection\":[\"Culture\"],\"inLanguage\":\"en-US\"},{\"@type\":\"WebPage\",\"@id\":\"https:\\\/\\\/www.luxsure.fr\\\/en\\\/2017\\\/10\\\/20\\\/piano-festival-at-the-wurth-museum\\\/\",\"url\":\"https:\\\/\\\/www.luxsure.fr\\\/en\\\/2017\\\/10\\\/20\\\/piano-festival-at-the-wurth-museum\\\/\",\"name\":\"Piano Festival at the W\u00fcrth Museum - Luxsure\",\"isPartOf\":{\"@id\":\"https:\\\/\\\/www.luxsure.fr\\\/#website\"},\"primaryImageOfPage\":{\"@id\":\"https:\\\/\\\/www.luxsure.fr\\\/en\\\/2017\\\/10\\\/20\\\/piano-festival-at-the-wurth-museum\\\/#primaryimage\"},\"image\":{\"@id\":\"https:\\\/\\\/www.luxsure.fr\\\/en\\\/2017\\\/10\\\/20\\\/piano-festival-at-the-wurth-museum\\\/#primaryimage\"},\"thumbnailUrl\":\"https:\\\/\\\/www.luxsure.fr\\\/wp-content\\\/uploads\\\/2017\\\/10\\\/piano-wurth.jpg\",\"datePublished\":\"2017-10-20T11:05:40+00:00\",\"dateModified\":\"2026-04-27T01:35:43+00:00\",\"breadcrumb\":{\"@id\":\"https:\\\/\\\/www.luxsure.fr\\\/en\\\/2017\\\/10\\\/20\\\/piano-festival-at-the-wurth-museum\\\/#breadcrumb\"},\"inLanguage\":\"en-US\",\"potentialAction\":[{\"@type\":\"ReadAction\",\"target\":[\"https:\\\/\\\/www.luxsure.fr\\\/en\\\/2017\\\/10\\\/20\\\/piano-festival-at-the-wurth-museum\\\/\"]}]},{\"@type\":\"ImageObject\",\"inLanguage\":\"en-US\",\"@id\":\"https:\\\/\\\/www.luxsure.fr\\\/en\\\/2017\\\/10\\\/20\\\/piano-festival-at-the-wurth-museum\\\/#primaryimage\",\"url\":\"https:\\\/\\\/www.luxsure.fr\\\/wp-content\\\/uploads\\\/2017\\\/10\\\/piano-wurth.jpg\",\"contentUrl\":\"https:\\\/\\\/www.luxsure.fr\\\/wp-content\\\/uploads\\\/2017\\\/10\\\/piano-wurth.jpg\",\"width\":\"1952\",\"height\":\"1200\"},{\"@type\":\"BreadcrumbList\",\"@id\":\"https:\\\/\\\/www.luxsure.fr\\\/en\\\/2017\\\/10\\\/20\\\/piano-festival-at-the-wurth-museum\\\/#breadcrumb\",\"itemListElement\":[{\"@type\":\"ListItem\",\"position\":1,\"name\":\"Accueil\",\"item\":\"https:\\\/\\\/www.luxsure.fr\\\/\"},{\"@type\":\"ListItem\",\"position\":2,\"name\":\"Piano Festival at the W\u00fcrth Museum\"}]},{\"@type\":\"WebSite\",\"@id\":\"https:\\\/\\\/www.luxsure.fr\\\/#website\",\"url\":\"https:\\\/\\\/www.luxsure.fr\\\/\",\"name\":\"Luxsure\",\"description\":\"UNE CERTAINE VISION DU LUXE\",\"publisher\":{\"@id\":\"https:\\\/\\\/www.luxsure.fr\\\/#organization\"},\"potentialAction\":[{\"@type\":\"SearchAction\",\"target\":{\"@type\":\"EntryPoint\",\"urlTemplate\":\"https:\\\/\\\/www.luxsure.fr\\\/?s={search_term_string}\"},\"query-input\":{\"@type\":\"PropertyValueSpecification\",\"valueRequired\":true,\"valueName\":\"search_term_string\"}}],\"inLanguage\":\"en-US\"},{\"@type\":\"Organization\",\"@id\":\"https:\\\/\\\/www.luxsure.fr\\\/#organization\",\"name\":\"Luxsure\",\"url\":\"https:\\\/\\\/www.luxsure.fr\\\/\",\"logo\":{\"@type\":\"ImageObject\",\"inLanguage\":\"en-US\",\"@id\":\"https:\\\/\\\/www.luxsure.fr\\\/#\\\/schema\\\/logo\\\/image\\\/\",\"url\":\"https:\\\/\\\/i0.wp.com\\\/www.luxsure.fr\\\/wp-content\\\/uploads\\\/2015\\\/10\\\/Capture-d\u2019\u00e9cran-2015-08-19-\u00e0-10.51.48.png?fit=551%2C400&ssl=1\",\"contentUrl\":\"https:\\\/\\\/i0.wp.com\\\/www.luxsure.fr\\\/wp-content\\\/uploads\\\/2015\\\/10\\\/Capture-d\u2019\u00e9cran-2015-08-19-\u00e0-10.51.48.png?fit=551%2C400&ssl=1\",\"width\":551,\"height\":400,\"caption\":\"Luxsure\"},\"image\":{\"@id\":\"https:\\\/\\\/www.luxsure.fr\\\/#\\\/schema\\\/logo\\\/image\\\/\"}},{\"@type\":\"Person\",\"@id\":\"https:\\\/\\\/www.luxsure.fr\\\/#\\\/schema\\\/person\\\/e3e28d08083f4cbc258957c924e39423\",\"name\":\"pascal iakovou\",\"image\":{\"@type\":\"ImageObject\",\"inLanguage\":\"en-US\",\"@id\":\"https:\\\/\\\/secure.gravatar.com\\\/avatar\\\/358546e9ab7afafbb35961f747089b93cb88ca12b7a9fcd0c7922cc45f092613?s=96&d=mm&r=g\",\"url\":\"https:\\\/\\\/secure.gravatar.com\\\/avatar\\\/358546e9ab7afafbb35961f747089b93cb88ca12b7a9fcd0c7922cc45f092613?s=96&d=mm&r=g\",\"contentUrl\":\"https:\\\/\\\/secure.gravatar.com\\\/avatar\\\/358546e9ab7afafbb35961f747089b93cb88ca12b7a9fcd0c7922cc45f092613?s=96&d=mm&r=g\",\"caption\":\"pascal iakovou\"},\"sameAs\":[\"http:\\\/\\\/www.luxsure.Fr\"],\"url\":\"https:\\\/\\\/www.luxsure.fr\\\/en\\\/author\\\/pascal\\\/\"}]}<\/script>\n<!-- \/ Yoast SEO plugin. -->","yoast_head_json":{"title":"Piano Festival at the W\u00fcrth Museum - Luxsure","robots":{"index":"index","follow":"follow","max-snippet":"max-snippet:-1","max-image-preview":"max-image-preview:large","max-video-preview":"max-video-preview:-1"},"canonical":"https:\/\/www.luxsure.fr\/en\/2017\/10\/20\/piano-festival-at-the-wurth-museum\/","twitter_misc":{"Written by":"pascal iakovou","Est. reading time":"3 minutes"},"schema":{"@context":"https:\/\/schema.org","@graph":[{"@type":"Article","@id":"https:\/\/www.luxsure.fr\/en\/2017\/10\/20\/piano-festival-at-the-wurth-museum\/#article","isPartOf":{"@id":"https:\/\/www.luxsure.fr\/en\/2017\/10\/20\/piano-festival-at-the-wurth-museum\/"},"author":{"name":"pascal iakovou","@id":"https:\/\/www.luxsure.fr\/#\/schema\/person\/e3e28d08083f4cbc258957c924e39423"},"headline":"Piano Festival at the W\u00fcrth Museum","datePublished":"2017-10-20T11:05:40+00:00","dateModified":"2026-04-27T01:35:43+00:00","mainEntityOfPage":{"@id":"https:\/\/www.luxsure.fr\/en\/2017\/10\/20\/piano-festival-at-the-wurth-museum\/"},"wordCount":667,"publisher":{"@id":"https:\/\/www.luxsure.fr\/#organization"},"image":{"@id":"https:\/\/www.luxsure.fr\/en\/2017\/10\/20\/piano-festival-at-the-wurth-museum\/#primaryimage"},"thumbnailUrl":"https:\/\/www.luxsure.fr\/wp-content\/uploads\/2017\/10\/piano-wurth.jpg","keywords":["piano","Piano Festival","Strasbourg","W\u00fcrth Museum"],"articleSection":["Culture"],"inLanguage":"en-US"},{"@type":"WebPage","@id":"https:\/\/www.luxsure.fr\/en\/2017\/10\/20\/piano-festival-at-the-wurth-museum\/","url":"https:\/\/www.luxsure.fr\/en\/2017\/10\/20\/piano-festival-at-the-wurth-museum\/","name":"Piano Festival at the W\u00fcrth Museum - Luxsure","isPartOf":{"@id":"https:\/\/www.luxsure.fr\/#website"},"primaryImageOfPage":{"@id":"https:\/\/www.luxsure.fr\/en\/2017\/10\/20\/piano-festival-at-the-wurth-museum\/#primaryimage"},"image":{"@id":"https:\/\/www.luxsure.fr\/en\/2017\/10\/20\/piano-festival-at-the-wurth-museum\/#primaryimage"},"thumbnailUrl":"https:\/\/www.luxsure.fr\/wp-content\/uploads\/2017\/10\/piano-wurth.jpg","datePublished":"2017-10-20T11:05:40+00:00","dateModified":"2026-04-27T01:35:43+00:00","breadcrumb":{"@id":"https:\/\/www.luxsure.fr\/en\/2017\/10\/20\/piano-festival-at-the-wurth-museum\/#breadcrumb"},"inLanguage":"en-US","potentialAction":[{"@type":"ReadAction","target":["https:\/\/www.luxsure.fr\/en\/2017\/10\/20\/piano-festival-at-the-wurth-museum\/"]}]},{"@type":"ImageObject","inLanguage":"en-US","@id":"https:\/\/www.luxsure.fr\/en\/2017\/10\/20\/piano-festival-at-the-wurth-museum\/#primaryimage","url":"https:\/\/www.luxsure.fr\/wp-content\/uploads\/2017\/10\/piano-wurth.jpg","contentUrl":"https:\/\/www.luxsure.fr\/wp-content\/uploads\/2017\/10\/piano-wurth.jpg","width":"1952","height":"1200"},{"@type":"BreadcrumbList","@id":"https:\/\/www.luxsure.fr\/en\/2017\/10\/20\/piano-festival-at-the-wurth-museum\/#breadcrumb","itemListElement":[{"@type":"ListItem","position":1,"name":"Accueil","item":"https:\/\/www.luxsure.fr\/"},{"@type":"ListItem","position":2,"name":"Piano Festival at the W\u00fcrth Museum"}]},{"@type":"WebSite","@id":"https:\/\/www.luxsure.fr\/#website","url":"https:\/\/www.luxsure.fr\/","name":"Luxsure","description":"UNE CERTAINE VISION DU LUXE","publisher":{"@id":"https:\/\/www.luxsure.fr\/#organization"},"potentialAction":[{"@type":"SearchAction","target":{"@type":"EntryPoint","urlTemplate":"https:\/\/www.luxsure.fr\/?s={search_term_string}"},"query-input":{"@type":"PropertyValueSpecification","valueRequired":true,"valueName":"search_term_string"}}],"inLanguage":"en-US"},{"@type":"Organization","@id":"https:\/\/www.luxsure.fr\/#organization","name":"Luxsure","url":"https:\/\/www.luxsure.fr\/","logo":{"@type":"ImageObject","inLanguage":"en-US","@id":"https:\/\/www.luxsure.fr\/#\/schema\/logo\/image\/","url":"https:\/\/i0.wp.com\/www.luxsure.fr\/wp-content\/uploads\/2015\/10\/Capture-d\u2019\u00e9cran-2015-08-19-\u00e0-10.51.48.png?fit=551%2C400&ssl=1","contentUrl":"https:\/\/i0.wp.com\/www.luxsure.fr\/wp-content\/uploads\/2015\/10\/Capture-d\u2019\u00e9cran-2015-08-19-\u00e0-10.51.48.png?fit=551%2C400&ssl=1","width":551,"height":400,"caption":"Luxsure"},"image":{"@id":"https:\/\/www.luxsure.fr\/#\/schema\/logo\/image\/"}},{"@type":"Person","@id":"https:\/\/www.luxsure.fr\/#\/schema\/person\/e3e28d08083f4cbc258957c924e39423","name":"pascal iakovou","image":{"@type":"ImageObject","inLanguage":"en-US","@id":"https:\/\/secure.gravatar.com\/avatar\/358546e9ab7afafbb35961f747089b93cb88ca12b7a9fcd0c7922cc45f092613?s=96&d=mm&r=g","url":"https:\/\/secure.gravatar.com\/avatar\/358546e9ab7afafbb35961f747089b93cb88ca12b7a9fcd0c7922cc45f092613?s=96&d=mm&r=g","contentUrl":"https:\/\/secure.gravatar.com\/avatar\/358546e9ab7afafbb35961f747089b93cb88ca12b7a9fcd0c7922cc45f092613?s=96&d=mm&r=g","caption":"pascal iakovou"},"sameAs":["http:\/\/www.luxsure.Fr"],"url":"https:\/\/www.luxsure.fr\/en\/author\/pascal\/"}]}},"_links":{"self":[{"href":"https:\/\/www.luxsure.fr\/en\/wp-json\/wp\/v2\/posts\/2030937","targetHints":{"allow":["GET"]}}],"collection":[{"href":"https:\/\/www.luxsure.fr\/en\/wp-json\/wp\/v2\/posts"}],"about":[{"href":"https:\/\/www.luxsure.fr\/en\/wp-json\/wp\/v2\/types\/post"}],"author":[{"embeddable":true,"href":"https:\/\/www.luxsure.fr\/en\/wp-json\/wp\/v2\/users\/2"}],"replies":[{"embeddable":true,"href":"https:\/\/www.luxsure.fr\/en\/wp-json\/wp\/v2\/comments?post=2030937"}],"version-history":[{"count":0,"href":"https:\/\/www.luxsure.fr\/en\/wp-json\/wp\/v2\/posts\/2030937\/revisions"}],"wp:featuredmedia":[{"embeddable":true,"href":"https:\/\/www.luxsure.fr\/en\/wp-json\/wp\/v2\/media\/1062980"}],"wp:attachment":[{"href":"https:\/\/www.luxsure.fr\/en\/wp-json\/wp\/v2\/media?parent=2030937"}],"wp:term":[{"taxonomy":"category","embeddable":true,"href":"https:\/\/www.luxsure.fr\/en\/wp-json\/wp\/v2\/categories?post=2030937"},{"taxonomy":"post_tag","embeddable":true,"href":"https:\/\/www.luxsure.fr\/en\/wp-json\/wp\/v2\/tags?post=2030937"}],"curies":[{"name":"wp","href":"https:\/\/api.w.org\/{rel}","templated":true}]}}