{"id":2030929,"date":"2019-05-12T09:53:36","date_gmt":"2019-05-12T07:53:36","guid":{"rendered":"https:\/\/www.luxsure.fr\/2019\/05\/12\/hotel-de-sers-inaugurates-its-new-garden-terrace-and-spring-menu\/"},"modified":"2026-04-27T03:35:38","modified_gmt":"2026-04-27T01:35:38","slug":"hotel-de-sers-inaugurates-its-new-garden-terrace-and-spring-menu","status":"publish","type":"post","link":"https:\/\/www.luxsure.fr\/en\/2019\/05\/12\/hotel-de-sers-inaugurates-its-new-garden-terrace-and-spring-menu\/","title":{"rendered":"Hotel de Sers inaugurates its new garden terrace and spring menu"},"content":{"rendered":"<p>The H\u00f4tel de Sers, the baby palace in the 8th arrondissement, inaugurates its new garden terrace and spring menu by Chef Ricardo Lucio. On this occasion, we had the chance to sample the cuisine of Chef Ricardo Lucio. A wonderful discovery with Portuguese and Mediterranean inspirations, perfectly mastered technique and meticulous presentation!  <\/p>\n<p>Ricardo Lucio&#8217;s cuisine, inspired by his native Portugal and his many travels around the world, is reflected in the freshness of the garden-terrace at the H\u00f4tel de Sers, designed by decorator G\u00e9raldine Prieur. Between the green wall and the ultramarine blue of the finely striped linen fabrics, guests are prepared to enjoy sun-drenched dishes in an elegant atmosphere, whose subtle conviviality is conducive to tasting and conversation. Laid out on the lawn in the center of the space, the large round table and its Knoll armchairs radiate over the rest of the wrought-iron furniture in the 1900 style, which could be found in an English garden from the turn of the last century. Escabeche de chinchard, consomm\u00e9 de morue \u00e0 la menthe pouliot et \u0153uf poch\u00e9 pour le Portugal, cochon pata negra palourdes coriandre et pickles, not forgetting a few revisited must-have dishes such as a\u00e7orda and bacalhau a bras: Ricardo Lucio&#8217;s cuisine, supported by G\u00e9raldine Prieur&#8217;s d\u00e9cor, takes us on a journey to another universe, perhaps that of an Agatha Christie novel in the company of Hercule Poirot&#8230;   <\/p>\n<p>Amuse Bouche<\/p>\n<p><img decoding=\"async\" class=\"alignnone size-full wp-image-306589 lazyload\" data-src=\"https:\/\/www.luxsure.fr\/wp-content\/uploads\/2019\/04\/IMG_20190429_124433.jpg\" alt=\"\" width=\"3464\" height=\"4618\" data-srcset=\"https:\/\/www.luxsure.fr\/wp-content\/uploads\/2019\/04\/IMG_20190429_124433.jpg 3464w, https:\/\/www.luxsure.fr\/wp-content\/uploads\/2019\/04\/IMG_20190429_124433-225x300.jpg 225w, https:\/\/www.luxsure.fr\/wp-content\/uploads\/2019\/04\/IMG_20190429_124433-768x1024.jpg 768w, https:\/\/www.luxsure.fr\/wp-content\/uploads\/2019\/04\/IMG_20190429_124433-600x800.jpg 600w, https:\/\/www.luxsure.fr\/wp-content\/uploads\/2019\/04\/IMG_20190429_124433-1170x1560.jpg 1170w, https:\/\/www.luxsure.fr\/wp-content\/uploads\/2019\/04\/IMG_20190429_124433-1920x2560.jpg 1920w, https:\/\/www.luxsure.fr\/wp-content\/uploads\/2019\/04\/IMG_20190429_124433-585x780.jpg 585w\" data-sizes=\"(max-width: 3464px) 100vw, 3464px\" src=\"data:image\/svg+xml;base64,PHN2ZyB3aWR0aD0iMSIgaGVpZ2h0PSIxIiB4bWxucz0iaHR0cDovL3d3dy53My5vcmcvMjAwMC9zdmciPjwvc3ZnPg==\" style=\"--smush-placeholder-width: 3464px; --smush-placeholder-aspect-ratio: 3464\/4618;\" \/>  Foie Gras, Douro Moscatel Mousse and Rhubarb<img decoding=\"async\" class=\"alignnone size-full wp-image-306591 lazyload\" data-src=\"https:\/\/www.luxsure.fr\/wp-content\/uploads\/2019\/04\/IMG_20190429_125659.jpg\" alt=\"\" width=\"3464\" height=\"4618\" data-srcset=\"https:\/\/www.luxsure.fr\/wp-content\/uploads\/2019\/04\/IMG_20190429_125659.jpg 3464w, https:\/\/www.luxsure.fr\/wp-content\/uploads\/2019\/04\/IMG_20190429_125659-225x300.jpg 225w, https:\/\/www.luxsure.fr\/wp-content\/uploads\/2019\/04\/IMG_20190429_125659-768x1024.jpg 768w, https:\/\/www.luxsure.fr\/wp-content\/uploads\/2019\/04\/IMG_20190429_125659-600x800.jpg 600w, https:\/\/www.luxsure.fr\/wp-content\/uploads\/2019\/04\/IMG_20190429_125659-1170x1560.jpg 1170w, https:\/\/www.luxsure.fr\/wp-content\/uploads\/2019\/04\/IMG_20190429_125659-1920x2560.jpg 1920w, https:\/\/www.luxsure.fr\/wp-content\/uploads\/2019\/04\/IMG_20190429_125659-585x780.jpg 585w\" data-sizes=\"(max-width: 3464px) 100vw, 3464px\" src=\"data:image\/svg+xml;base64,PHN2ZyB3aWR0aD0iMSIgaGVpZ2h0PSIxIiB4bWxucz0iaHR0cDovL3d3dy53My5vcmcvMjAwMC9zdmciPjwvc3ZnPg==\" style=\"--smush-placeholder-width: 3464px; --smush-placeholder-aspect-ratio: 3464\/4618;\" \/><\/p>\n<p>64\u00b0 egg, cod and olives<img decoding=\"async\" class=\"alignnone size-full wp-image-306593 lazyload\" data-src=\"https:\/\/www.luxsure.fr\/wp-content\/uploads\/2019\/04\/IMG_20190429_131432.jpg\" alt=\"\" width=\"3464\" height=\"4618\" data-srcset=\"https:\/\/www.luxsure.fr\/wp-content\/uploads\/2019\/04\/IMG_20190429_131432.jpg 3464w, https:\/\/www.luxsure.fr\/wp-content\/uploads\/2019\/04\/IMG_20190429_131432-225x300.jpg 225w, https:\/\/www.luxsure.fr\/wp-content\/uploads\/2019\/04\/IMG_20190429_131432-768x1024.jpg 768w, https:\/\/www.luxsure.fr\/wp-content\/uploads\/2019\/04\/IMG_20190429_131432-600x800.jpg 600w, https:\/\/www.luxsure.fr\/wp-content\/uploads\/2019\/04\/IMG_20190429_131432-1170x1560.jpg 1170w, https:\/\/www.luxsure.fr\/wp-content\/uploads\/2019\/04\/IMG_20190429_131432-1920x2560.jpg 1920w, https:\/\/www.luxsure.fr\/wp-content\/uploads\/2019\/04\/IMG_20190429_131432-585x780.jpg 585w\" data-sizes=\"(max-width: 3464px) 100vw, 3464px\" src=\"data:image\/svg+xml;base64,PHN2ZyB3aWR0aD0iMSIgaGVpZ2h0PSIxIiB4bWxucz0iaHR0cDovL3d3dy53My5vcmcvMjAwMC9zdmciPjwvc3ZnPg==\" style=\"--smush-placeholder-width: 3464px; --smush-placeholder-aspect-ratio: 3464\/4618;\" \/><\/p>\n<p>Iberian Pluma, Pepper Barbecue, Green Asparagus and Morels<img decoding=\"async\" class=\"alignnone size-full wp-image-306596 lazyload\" data-src=\"https:\/\/www.luxsure.fr\/wp-content\/uploads\/2019\/04\/IMG_20190429_133329.jpg\" alt=\"\" width=\"3464\" height=\"4618\" data-srcset=\"https:\/\/www.luxsure.fr\/wp-content\/uploads\/2019\/04\/IMG_20190429_133329.jpg 3464w, https:\/\/www.luxsure.fr\/wp-content\/uploads\/2019\/04\/IMG_20190429_133329-225x300.jpg 225w, https:\/\/www.luxsure.fr\/wp-content\/uploads\/2019\/04\/IMG_20190429_133329-768x1024.jpg 768w, https:\/\/www.luxsure.fr\/wp-content\/uploads\/2019\/04\/IMG_20190429_133329-600x800.jpg 600w, https:\/\/www.luxsure.fr\/wp-content\/uploads\/2019\/04\/IMG_20190429_133329-1170x1560.jpg 1170w, https:\/\/www.luxsure.fr\/wp-content\/uploads\/2019\/04\/IMG_20190429_133329-1920x2560.jpg 1920w, https:\/\/www.luxsure.fr\/wp-content\/uploads\/2019\/04\/IMG_20190429_133329-585x780.jpg 585w\" data-sizes=\"(max-width: 3464px) 100vw, 3464px\" src=\"data:image\/svg+xml;base64,PHN2ZyB3aWR0aD0iMSIgaGVpZ2h0PSIxIiB4bWxucz0iaHR0cDovL3d3dy53My5vcmcvMjAwMC9zdmciPjwvc3ZnPg==\" style=\"--smush-placeholder-width: 3464px; --smush-placeholder-aspect-ratio: 3464\/4618;\" \/><\/p>\n<p>Douceur Chocolat Caraibes 66%, infusion of coffee and Baileys.<img decoding=\"async\" class=\"alignnone size-full wp-image-306597 lazyload\" data-src=\"https:\/\/www.luxsure.fr\/wp-content\/uploads\/2019\/04\/IMG_20190429_135829.jpg\" alt=\"\" width=\"3464\" height=\"4618\" data-srcset=\"https:\/\/www.luxsure.fr\/wp-content\/uploads\/2019\/04\/IMG_20190429_135829.jpg 3464w, https:\/\/www.luxsure.fr\/wp-content\/uploads\/2019\/04\/IMG_20190429_135829-225x300.jpg 225w, https:\/\/www.luxsure.fr\/wp-content\/uploads\/2019\/04\/IMG_20190429_135829-768x1024.jpg 768w, https:\/\/www.luxsure.fr\/wp-content\/uploads\/2019\/04\/IMG_20190429_135829-600x800.jpg 600w, https:\/\/www.luxsure.fr\/wp-content\/uploads\/2019\/04\/IMG_20190429_135829-1170x1560.jpg 1170w, https:\/\/www.luxsure.fr\/wp-content\/uploads\/2019\/04\/IMG_20190429_135829-1920x2560.jpg 1920w, https:\/\/www.luxsure.fr\/wp-content\/uploads\/2019\/04\/IMG_20190429_135829-585x780.jpg 585w\" data-sizes=\"(max-width: 3464px) 100vw, 3464px\" src=\"data:image\/svg+xml;base64,PHN2ZyB3aWR0aD0iMSIgaGVpZ2h0PSIxIiB4bWxucz0iaHR0cDovL3d3dy53My5vcmcvMjAwMC9zdmciPjwvc3ZnPg==\" style=\"--smush-placeholder-width: 3464px; --smush-placeholder-aspect-ratio: 3464\/4618;\" \/><\/p>\n<p>Lunch at the H\u00f4tel de Sers restaurant, Monday to Friday, 12:00 pm to 2:00 pm Dinner at the H\u00f4tel de Sers, Monday to Friday, 7:00 pm to 10:00 pm Starter\/main course or main course\/dessert menu: 42 euros Starter\/main course\/dessert menu: 50 euros La Balade de Sers, between host and chef &#8211; 3 courses 62 euros &#8211; 5 courses 82 euros &#8211; Sunday brunch, 12:00 pm to 3:00 pm &#8211; 72 euros<\/p>\n<p><img decoding=\"async\" class=\"alignnone size-full wp-image-306599 lazyload\" data-src=\"https:\/\/www.luxsure.fr\/wp-content\/uploads\/2019\/04\/IMG_20190429_143103.jpg\" alt=\"\" width=\"3464\" height=\"4618\" data-srcset=\"https:\/\/www.luxsure.fr\/wp-content\/uploads\/2019\/04\/IMG_20190429_143103.jpg 3464w, https:\/\/www.luxsure.fr\/wp-content\/uploads\/2019\/04\/IMG_20190429_143103-225x300.jpg 225w, https:\/\/www.luxsure.fr\/wp-content\/uploads\/2019\/04\/IMG_20190429_143103-768x1024.jpg 768w, https:\/\/www.luxsure.fr\/wp-content\/uploads\/2019\/04\/IMG_20190429_143103-600x800.jpg 600w, https:\/\/www.luxsure.fr\/wp-content\/uploads\/2019\/04\/IMG_20190429_143103-1170x1560.jpg 1170w, https:\/\/www.luxsure.fr\/wp-content\/uploads\/2019\/04\/IMG_20190429_143103-1920x2560.jpg 1920w, https:\/\/www.luxsure.fr\/wp-content\/uploads\/2019\/04\/IMG_20190429_143103-585x780.jpg 585w\" data-sizes=\"(max-width: 3464px) 100vw, 3464px\" src=\"data:image\/svg+xml;base64,PHN2ZyB3aWR0aD0iMSIgaGVpZ2h0PSIxIiB4bWxucz0iaHR0cDovL3d3dy53My5vcmcvMjAwMC9zdmciPjwvc3ZnPg==\" style=\"--smush-placeholder-width: 3464px; --smush-placeholder-aspect-ratio: 3464\/4618;\" \/> <img decoding=\"async\" class=\"alignnone size-full wp-image-306600 lazyload\" data-src=\"https:\/\/www.luxsure.fr\/wp-content\/uploads\/2019\/04\/IMG_20190429_143113.jpg\" alt=\"\" width=\"3464\" height=\"4618\" data-srcset=\"https:\/\/www.luxsure.fr\/wp-content\/uploads\/2019\/04\/IMG_20190429_143113.jpg 3464w, https:\/\/www.luxsure.fr\/wp-content\/uploads\/2019\/04\/IMG_20190429_143113-225x300.jpg 225w, https:\/\/www.luxsure.fr\/wp-content\/uploads\/2019\/04\/IMG_20190429_143113-768x1024.jpg 768w, https:\/\/www.luxsure.fr\/wp-content\/uploads\/2019\/04\/IMG_20190429_143113-600x800.jpg 600w, https:\/\/www.luxsure.fr\/wp-content\/uploads\/2019\/04\/IMG_20190429_143113-1170x1560.jpg 1170w, https:\/\/www.luxsure.fr\/wp-content\/uploads\/2019\/04\/IMG_20190429_143113-1920x2560.jpg 1920w, https:\/\/www.luxsure.fr\/wp-content\/uploads\/2019\/04\/IMG_20190429_143113-585x780.jpg 585w\" data-sizes=\"(max-width: 3464px) 100vw, 3464px\" src=\"data:image\/svg+xml;base64,PHN2ZyB3aWR0aD0iMSIgaGVpZ2h0PSIxIiB4bWxucz0iaHR0cDovL3d3dy53My5vcmcvMjAwMC9zdmciPjwvc3ZnPg==\" style=\"--smush-placeholder-width: 3464px; --smush-placeholder-aspect-ratio: 3464\/4618;\" \/> <img decoding=\"async\" class=\"alignnone size-full wp-image-306601 lazyload\" data-src=\"https:\/\/www.luxsure.fr\/wp-content\/uploads\/2019\/04\/IMG_20190429_143130.jpg\" alt=\"\" width=\"3464\" height=\"4618\" data-srcset=\"https:\/\/www.luxsure.fr\/wp-content\/uploads\/2019\/04\/IMG_20190429_143130.jpg 3464w, https:\/\/www.luxsure.fr\/wp-content\/uploads\/2019\/04\/IMG_20190429_143130-225x300.jpg 225w, https:\/\/www.luxsure.fr\/wp-content\/uploads\/2019\/04\/IMG_20190429_143130-768x1024.jpg 768w, https:\/\/www.luxsure.fr\/wp-content\/uploads\/2019\/04\/IMG_20190429_143130-600x800.jpg 600w, https:\/\/www.luxsure.fr\/wp-content\/uploads\/2019\/04\/IMG_20190429_143130-1170x1560.jpg 1170w, https:\/\/www.luxsure.fr\/wp-content\/uploads\/2019\/04\/IMG_20190429_143130-1920x2560.jpg 1920w, https:\/\/www.luxsure.fr\/wp-content\/uploads\/2019\/04\/IMG_20190429_143130-585x780.jpg 585w\" data-sizes=\"(max-width: 3464px) 100vw, 3464px\" src=\"data:image\/svg+xml;base64,PHN2ZyB3aWR0aD0iMSIgaGVpZ2h0PSIxIiB4bWxucz0iaHR0cDovL3d3dy53My5vcmcvMjAwMC9zdmciPjwvc3ZnPg==\" style=\"--smush-placeholder-width: 3464px; --smush-placeholder-aspect-ratio: 3464\/4618;\" \/> <img decoding=\"async\" class=\"alignnone size-full wp-image-306602 lazyload\" data-src=\"https:\/\/www.luxsure.fr\/wp-content\/uploads\/2019\/04\/IMG_20190429_143132.jpg\" alt=\"\" width=\"3464\" height=\"4618\" data-srcset=\"https:\/\/www.luxsure.fr\/wp-content\/uploads\/2019\/04\/IMG_20190429_143132.jpg 3464w, https:\/\/www.luxsure.fr\/wp-content\/uploads\/2019\/04\/IMG_20190429_143132-225x300.jpg 225w, https:\/\/www.luxsure.fr\/wp-content\/uploads\/2019\/04\/IMG_20190429_143132-768x1024.jpg 768w, https:\/\/www.luxsure.fr\/wp-content\/uploads\/2019\/04\/IMG_20190429_143132-600x800.jpg 600w, https:\/\/www.luxsure.fr\/wp-content\/uploads\/2019\/04\/IMG_20190429_143132-1170x1560.jpg 1170w, https:\/\/www.luxsure.fr\/wp-content\/uploads\/2019\/04\/IMG_20190429_143132-1920x2560.jpg 1920w, https:\/\/www.luxsure.fr\/wp-content\/uploads\/2019\/04\/IMG_20190429_143132-585x780.jpg 585w\" data-sizes=\"(max-width: 3464px) 100vw, 3464px\" src=\"data:image\/svg+xml;base64,PHN2ZyB3aWR0aD0iMSIgaGVpZ2h0PSIxIiB4bWxucz0iaHR0cDovL3d3dy53My5vcmcvMjAwMC9zdmciPjwvc3ZnPg==\" style=\"--smush-placeholder-width: 3464px; --smush-placeholder-aspect-ratio: 3464\/4618;\" \/> <img decoding=\"async\" class=\"alignnone size-full wp-image-306603 lazyload\" data-src=\"https:\/\/www.luxsure.fr\/wp-content\/uploads\/2019\/04\/IMG_20190429_144053.jpg\" alt=\"\" width=\"3464\" height=\"4618\" data-srcset=\"https:\/\/www.luxsure.fr\/wp-content\/uploads\/2019\/04\/IMG_20190429_144053.jpg 3464w, https:\/\/www.luxsure.fr\/wp-content\/uploads\/2019\/04\/IMG_20190429_144053-225x300.jpg 225w, https:\/\/www.luxsure.fr\/wp-content\/uploads\/2019\/04\/IMG_20190429_144053-768x1024.jpg 768w, https:\/\/www.luxsure.fr\/wp-content\/uploads\/2019\/04\/IMG_20190429_144053-600x800.jpg 600w, https:\/\/www.luxsure.fr\/wp-content\/uploads\/2019\/04\/IMG_20190429_144053-1170x1560.jpg 1170w, https:\/\/www.luxsure.fr\/wp-content\/uploads\/2019\/04\/IMG_20190429_144053-1920x2560.jpg 1920w, https:\/\/www.luxsure.fr\/wp-content\/uploads\/2019\/04\/IMG_20190429_144053-585x780.jpg 585w\" data-sizes=\"(max-width: 3464px) 100vw, 3464px\" src=\"data:image\/svg+xml;base64,PHN2ZyB3aWR0aD0iMSIgaGVpZ2h0PSIxIiB4bWxucz0iaHR0cDovL3d3dy53My5vcmcvMjAwMC9zdmciPjwvc3ZnPg==\" style=\"--smush-placeholder-width: 3464px; --smush-placeholder-aspect-ratio: 3464\/4618;\" \/><\/p>\n","protected":false},"excerpt":{"rendered":"<p>The H\u00f4tel de Sers, the baby palace in the 8th arrondissement, inaugurates its new garden terrace and spring menu by Chef Ricardo Lucio. On this occasion, we had the chance&hellip;<\/p>\n","protected":false},"author":2,"featured_media":1312445,"comment_status":"closed","ping_status":"closed","sticky":false,"template":"","format":"standard","meta":{"_lmt_disableupdate":"","_lmt_disable":"","footnotes":""},"categories":[30494,30409,30493],"tags":[],"class_list":["post-2030929","post","type-post","status-publish","format-standard","has-post-thumbnail","hentry","category-food-and-wine-en","category-gastronomy","category-wines-and-spirits"],"yoast_head":"<!-- This site is optimized with the Yoast SEO plugin v27.5 - https:\/\/yoast.com\/product\/yoast-seo-wordpress\/ -->\n<title>Hotel de Sers inaugurates its new garden terrace and spring menu - Luxsure<\/title>\n<meta name=\"robots\" content=\"index, follow, max-snippet:-1, max-image-preview:large, max-video-preview:-1\" \/>\n<link rel=\"canonical\" href=\"https:\/\/www.luxsure.fr\/en\/2019\/05\/12\/hotel-de-sers-inaugurates-its-new-garden-terrace-and-spring-menu\/\" \/>\n<meta name=\"twitter:label1\" content=\"Written by\" \/>\n\t<meta name=\"twitter:data1\" content=\"pascal iakovou\" \/>\n\t<meta name=\"twitter:label2\" content=\"Est. reading time\" \/>\n\t<meta name=\"twitter:data2\" content=\"2 minutes\" \/>\n<script type=\"application\/ld+json\" class=\"yoast-schema-graph\">{\"@context\":\"https:\\\/\\\/schema.org\",\"@graph\":[{\"@type\":\"Article\",\"@id\":\"https:\\\/\\\/www.luxsure.fr\\\/en\\\/2019\\\/05\\\/12\\\/hotel-de-sers-inaugurates-its-new-garden-terrace-and-spring-menu\\\/#article\",\"isPartOf\":{\"@id\":\"https:\\\/\\\/www.luxsure.fr\\\/en\\\/2019\\\/05\\\/12\\\/hotel-de-sers-inaugurates-its-new-garden-terrace-and-spring-menu\\\/\"},\"author\":{\"name\":\"pascal iakovou\",\"@id\":\"https:\\\/\\\/www.luxsure.fr\\\/#\\\/schema\\\/person\\\/e3e28d08083f4cbc258957c924e39423\"},\"headline\":\"Hotel de Sers inaugurates its new garden terrace and spring menu\",\"datePublished\":\"2019-05-12T07:53:36+00:00\",\"dateModified\":\"2026-04-27T01:35:38+00:00\",\"mainEntityOfPage\":{\"@id\":\"https:\\\/\\\/www.luxsure.fr\\\/en\\\/2019\\\/05\\\/12\\\/hotel-de-sers-inaugurates-its-new-garden-terrace-and-spring-menu\\\/\"},\"wordCount\":342,\"publisher\":{\"@id\":\"https:\\\/\\\/www.luxsure.fr\\\/#organization\"},\"image\":{\"@id\":\"https:\\\/\\\/www.luxsure.fr\\\/en\\\/2019\\\/05\\\/12\\\/hotel-de-sers-inaugurates-its-new-garden-terrace-and-spring-menu\\\/#primaryimage\"},\"thumbnailUrl\":\"https:\\\/\\\/www.luxsure.fr\\\/wp-content\\\/uploads\\\/2019\\\/04\\\/IMG_20190429_133328.jpg\",\"articleSection\":[\"Food and Wine\",\"Gastronomy\",\"Wines and Spirits\"],\"inLanguage\":\"en-US\"},{\"@type\":\"WebPage\",\"@id\":\"https:\\\/\\\/www.luxsure.fr\\\/en\\\/2019\\\/05\\\/12\\\/hotel-de-sers-inaugurates-its-new-garden-terrace-and-spring-menu\\\/\",\"url\":\"https:\\\/\\\/www.luxsure.fr\\\/en\\\/2019\\\/05\\\/12\\\/hotel-de-sers-inaugurates-its-new-garden-terrace-and-spring-menu\\\/\",\"name\":\"Hotel de Sers inaugurates its new garden terrace and spring menu - Luxsure\",\"isPartOf\":{\"@id\":\"https:\\\/\\\/www.luxsure.fr\\\/#website\"},\"primaryImageOfPage\":{\"@id\":\"https:\\\/\\\/www.luxsure.fr\\\/en\\\/2019\\\/05\\\/12\\\/hotel-de-sers-inaugurates-its-new-garden-terrace-and-spring-menu\\\/#primaryimage\"},\"image\":{\"@id\":\"https:\\\/\\\/www.luxsure.fr\\\/en\\\/2019\\\/05\\\/12\\\/hotel-de-sers-inaugurates-its-new-garden-terrace-and-spring-menu\\\/#primaryimage\"},\"thumbnailUrl\":\"https:\\\/\\\/www.luxsure.fr\\\/wp-content\\\/uploads\\\/2019\\\/04\\\/IMG_20190429_133328.jpg\",\"datePublished\":\"2019-05-12T07:53:36+00:00\",\"dateModified\":\"2026-04-27T01:35:38+00:00\",\"breadcrumb\":{\"@id\":\"https:\\\/\\\/www.luxsure.fr\\\/en\\\/2019\\\/05\\\/12\\\/hotel-de-sers-inaugurates-its-new-garden-terrace-and-spring-menu\\\/#breadcrumb\"},\"inLanguage\":\"en-US\",\"potentialAction\":[{\"@type\":\"ReadAction\",\"target\":[\"https:\\\/\\\/www.luxsure.fr\\\/en\\\/2019\\\/05\\\/12\\\/hotel-de-sers-inaugurates-its-new-garden-terrace-and-spring-menu\\\/\"]}]},{\"@type\":\"ImageObject\",\"inLanguage\":\"en-US\",\"@id\":\"https:\\\/\\\/www.luxsure.fr\\\/en\\\/2019\\\/05\\\/12\\\/hotel-de-sers-inaugurates-its-new-garden-terrace-and-spring-menu\\\/#primaryimage\",\"url\":\"https:\\\/\\\/www.luxsure.fr\\\/wp-content\\\/uploads\\\/2019\\\/04\\\/IMG_20190429_133328.jpg\",\"contentUrl\":\"https:\\\/\\\/www.luxsure.fr\\\/wp-content\\\/uploads\\\/2019\\\/04\\\/IMG_20190429_133328.jpg\",\"width\":3464,\"height\":4618},{\"@type\":\"BreadcrumbList\",\"@id\":\"https:\\\/\\\/www.luxsure.fr\\\/en\\\/2019\\\/05\\\/12\\\/hotel-de-sers-inaugurates-its-new-garden-terrace-and-spring-menu\\\/#breadcrumb\",\"itemListElement\":[{\"@type\":\"ListItem\",\"position\":1,\"name\":\"Accueil\",\"item\":\"https:\\\/\\\/www.luxsure.fr\\\/\"},{\"@type\":\"ListItem\",\"position\":2,\"name\":\"Hotel de Sers inaugurates its new garden terrace and spring menu\"}]},{\"@type\":\"WebSite\",\"@id\":\"https:\\\/\\\/www.luxsure.fr\\\/#website\",\"url\":\"https:\\\/\\\/www.luxsure.fr\\\/\",\"name\":\"Luxsure\",\"description\":\"UNE CERTAINE VISION DU LUXE\",\"publisher\":{\"@id\":\"https:\\\/\\\/www.luxsure.fr\\\/#organization\"},\"potentialAction\":[{\"@type\":\"SearchAction\",\"target\":{\"@type\":\"EntryPoint\",\"urlTemplate\":\"https:\\\/\\\/www.luxsure.fr\\\/?s={search_term_string}\"},\"query-input\":{\"@type\":\"PropertyValueSpecification\",\"valueRequired\":true,\"valueName\":\"search_term_string\"}}],\"inLanguage\":\"en-US\"},{\"@type\":\"Organization\",\"@id\":\"https:\\\/\\\/www.luxsure.fr\\\/#organization\",\"name\":\"Luxsure\",\"url\":\"https:\\\/\\\/www.luxsure.fr\\\/\",\"logo\":{\"@type\":\"ImageObject\",\"inLanguage\":\"en-US\",\"@id\":\"https:\\\/\\\/www.luxsure.fr\\\/#\\\/schema\\\/logo\\\/image\\\/\",\"url\":\"https:\\\/\\\/i0.wp.com\\\/www.luxsure.fr\\\/wp-content\\\/uploads\\\/2015\\\/10\\\/Capture-d\u2019\u00e9cran-2015-08-19-\u00e0-10.51.48.png?fit=551%2C400&ssl=1\",\"contentUrl\":\"https:\\\/\\\/i0.wp.com\\\/www.luxsure.fr\\\/wp-content\\\/uploads\\\/2015\\\/10\\\/Capture-d\u2019\u00e9cran-2015-08-19-\u00e0-10.51.48.png?fit=551%2C400&ssl=1\",\"width\":551,\"height\":400,\"caption\":\"Luxsure\"},\"image\":{\"@id\":\"https:\\\/\\\/www.luxsure.fr\\\/#\\\/schema\\\/logo\\\/image\\\/\"}},{\"@type\":\"Person\",\"@id\":\"https:\\\/\\\/www.luxsure.fr\\\/#\\\/schema\\\/person\\\/e3e28d08083f4cbc258957c924e39423\",\"name\":\"pascal iakovou\",\"image\":{\"@type\":\"ImageObject\",\"inLanguage\":\"en-US\",\"@id\":\"https:\\\/\\\/secure.gravatar.com\\\/avatar\\\/358546e9ab7afafbb35961f747089b93cb88ca12b7a9fcd0c7922cc45f092613?s=96&d=mm&r=g\",\"url\":\"https:\\\/\\\/secure.gravatar.com\\\/avatar\\\/358546e9ab7afafbb35961f747089b93cb88ca12b7a9fcd0c7922cc45f092613?s=96&d=mm&r=g\",\"contentUrl\":\"https:\\\/\\\/secure.gravatar.com\\\/avatar\\\/358546e9ab7afafbb35961f747089b93cb88ca12b7a9fcd0c7922cc45f092613?s=96&d=mm&r=g\",\"caption\":\"pascal iakovou\"},\"sameAs\":[\"http:\\\/\\\/www.luxsure.Fr\"],\"url\":\"https:\\\/\\\/www.luxsure.fr\\\/en\\\/author\\\/pascal\\\/\"}]}<\/script>\n<!-- \/ Yoast SEO plugin. -->","yoast_head_json":{"title":"Hotel de Sers inaugurates its new garden terrace and spring menu - Luxsure","robots":{"index":"index","follow":"follow","max-snippet":"max-snippet:-1","max-image-preview":"max-image-preview:large","max-video-preview":"max-video-preview:-1"},"canonical":"https:\/\/www.luxsure.fr\/en\/2019\/05\/12\/hotel-de-sers-inaugurates-its-new-garden-terrace-and-spring-menu\/","twitter_misc":{"Written by":"pascal iakovou","Est. reading time":"2 minutes"},"schema":{"@context":"https:\/\/schema.org","@graph":[{"@type":"Article","@id":"https:\/\/www.luxsure.fr\/en\/2019\/05\/12\/hotel-de-sers-inaugurates-its-new-garden-terrace-and-spring-menu\/#article","isPartOf":{"@id":"https:\/\/www.luxsure.fr\/en\/2019\/05\/12\/hotel-de-sers-inaugurates-its-new-garden-terrace-and-spring-menu\/"},"author":{"name":"pascal iakovou","@id":"https:\/\/www.luxsure.fr\/#\/schema\/person\/e3e28d08083f4cbc258957c924e39423"},"headline":"Hotel de Sers inaugurates its new garden terrace and spring menu","datePublished":"2019-05-12T07:53:36+00:00","dateModified":"2026-04-27T01:35:38+00:00","mainEntityOfPage":{"@id":"https:\/\/www.luxsure.fr\/en\/2019\/05\/12\/hotel-de-sers-inaugurates-its-new-garden-terrace-and-spring-menu\/"},"wordCount":342,"publisher":{"@id":"https:\/\/www.luxsure.fr\/#organization"},"image":{"@id":"https:\/\/www.luxsure.fr\/en\/2019\/05\/12\/hotel-de-sers-inaugurates-its-new-garden-terrace-and-spring-menu\/#primaryimage"},"thumbnailUrl":"https:\/\/www.luxsure.fr\/wp-content\/uploads\/2019\/04\/IMG_20190429_133328.jpg","articleSection":["Food and Wine","Gastronomy","Wines and Spirits"],"inLanguage":"en-US"},{"@type":"WebPage","@id":"https:\/\/www.luxsure.fr\/en\/2019\/05\/12\/hotel-de-sers-inaugurates-its-new-garden-terrace-and-spring-menu\/","url":"https:\/\/www.luxsure.fr\/en\/2019\/05\/12\/hotel-de-sers-inaugurates-its-new-garden-terrace-and-spring-menu\/","name":"Hotel de Sers inaugurates its new garden terrace and spring menu - Luxsure","isPartOf":{"@id":"https:\/\/www.luxsure.fr\/#website"},"primaryImageOfPage":{"@id":"https:\/\/www.luxsure.fr\/en\/2019\/05\/12\/hotel-de-sers-inaugurates-its-new-garden-terrace-and-spring-menu\/#primaryimage"},"image":{"@id":"https:\/\/www.luxsure.fr\/en\/2019\/05\/12\/hotel-de-sers-inaugurates-its-new-garden-terrace-and-spring-menu\/#primaryimage"},"thumbnailUrl":"https:\/\/www.luxsure.fr\/wp-content\/uploads\/2019\/04\/IMG_20190429_133328.jpg","datePublished":"2019-05-12T07:53:36+00:00","dateModified":"2026-04-27T01:35:38+00:00","breadcrumb":{"@id":"https:\/\/www.luxsure.fr\/en\/2019\/05\/12\/hotel-de-sers-inaugurates-its-new-garden-terrace-and-spring-menu\/#breadcrumb"},"inLanguage":"en-US","potentialAction":[{"@type":"ReadAction","target":["https:\/\/www.luxsure.fr\/en\/2019\/05\/12\/hotel-de-sers-inaugurates-its-new-garden-terrace-and-spring-menu\/"]}]},{"@type":"ImageObject","inLanguage":"en-US","@id":"https:\/\/www.luxsure.fr\/en\/2019\/05\/12\/hotel-de-sers-inaugurates-its-new-garden-terrace-and-spring-menu\/#primaryimage","url":"https:\/\/www.luxsure.fr\/wp-content\/uploads\/2019\/04\/IMG_20190429_133328.jpg","contentUrl":"https:\/\/www.luxsure.fr\/wp-content\/uploads\/2019\/04\/IMG_20190429_133328.jpg","width":3464,"height":4618},{"@type":"BreadcrumbList","@id":"https:\/\/www.luxsure.fr\/en\/2019\/05\/12\/hotel-de-sers-inaugurates-its-new-garden-terrace-and-spring-menu\/#breadcrumb","itemListElement":[{"@type":"ListItem","position":1,"name":"Accueil","item":"https:\/\/www.luxsure.fr\/"},{"@type":"ListItem","position":2,"name":"Hotel de Sers inaugurates its new garden terrace and spring menu"}]},{"@type":"WebSite","@id":"https:\/\/www.luxsure.fr\/#website","url":"https:\/\/www.luxsure.fr\/","name":"Luxsure","description":"UNE CERTAINE VISION DU LUXE","publisher":{"@id":"https:\/\/www.luxsure.fr\/#organization"},"potentialAction":[{"@type":"SearchAction","target":{"@type":"EntryPoint","urlTemplate":"https:\/\/www.luxsure.fr\/?s={search_term_string}"},"query-input":{"@type":"PropertyValueSpecification","valueRequired":true,"valueName":"search_term_string"}}],"inLanguage":"en-US"},{"@type":"Organization","@id":"https:\/\/www.luxsure.fr\/#organization","name":"Luxsure","url":"https:\/\/www.luxsure.fr\/","logo":{"@type":"ImageObject","inLanguage":"en-US","@id":"https:\/\/www.luxsure.fr\/#\/schema\/logo\/image\/","url":"https:\/\/i0.wp.com\/www.luxsure.fr\/wp-content\/uploads\/2015\/10\/Capture-d\u2019\u00e9cran-2015-08-19-\u00e0-10.51.48.png?fit=551%2C400&ssl=1","contentUrl":"https:\/\/i0.wp.com\/www.luxsure.fr\/wp-content\/uploads\/2015\/10\/Capture-d\u2019\u00e9cran-2015-08-19-\u00e0-10.51.48.png?fit=551%2C400&ssl=1","width":551,"height":400,"caption":"Luxsure"},"image":{"@id":"https:\/\/www.luxsure.fr\/#\/schema\/logo\/image\/"}},{"@type":"Person","@id":"https:\/\/www.luxsure.fr\/#\/schema\/person\/e3e28d08083f4cbc258957c924e39423","name":"pascal iakovou","image":{"@type":"ImageObject","inLanguage":"en-US","@id":"https:\/\/secure.gravatar.com\/avatar\/358546e9ab7afafbb35961f747089b93cb88ca12b7a9fcd0c7922cc45f092613?s=96&d=mm&r=g","url":"https:\/\/secure.gravatar.com\/avatar\/358546e9ab7afafbb35961f747089b93cb88ca12b7a9fcd0c7922cc45f092613?s=96&d=mm&r=g","contentUrl":"https:\/\/secure.gravatar.com\/avatar\/358546e9ab7afafbb35961f747089b93cb88ca12b7a9fcd0c7922cc45f092613?s=96&d=mm&r=g","caption":"pascal iakovou"},"sameAs":["http:\/\/www.luxsure.Fr"],"url":"https:\/\/www.luxsure.fr\/en\/author\/pascal\/"}]}},"_links":{"self":[{"href":"https:\/\/www.luxsure.fr\/en\/wp-json\/wp\/v2\/posts\/2030929","targetHints":{"allow":["GET"]}}],"collection":[{"href":"https:\/\/www.luxsure.fr\/en\/wp-json\/wp\/v2\/posts"}],"about":[{"href":"https:\/\/www.luxsure.fr\/en\/wp-json\/wp\/v2\/types\/post"}],"author":[{"embeddable":true,"href":"https:\/\/www.luxsure.fr\/en\/wp-json\/wp\/v2\/users\/2"}],"replies":[{"embeddable":true,"href":"https:\/\/www.luxsure.fr\/en\/wp-json\/wp\/v2\/comments?post=2030929"}],"version-history":[{"count":0,"href":"https:\/\/www.luxsure.fr\/en\/wp-json\/wp\/v2\/posts\/2030929\/revisions"}],"wp:featuredmedia":[{"embeddable":true,"href":"https:\/\/www.luxsure.fr\/en\/wp-json\/wp\/v2\/media\/1312445"}],"wp:attachment":[{"href":"https:\/\/www.luxsure.fr\/en\/wp-json\/wp\/v2\/media?parent=2030929"}],"wp:term":[{"taxonomy":"category","embeddable":true,"href":"https:\/\/www.luxsure.fr\/en\/wp-json\/wp\/v2\/categories?post=2030929"},{"taxonomy":"post_tag","embeddable":true,"href":"https:\/\/www.luxsure.fr\/en\/wp-json\/wp\/v2\/tags?post=2030929"}],"curies":[{"name":"wp","href":"https:\/\/api.w.org\/{rel}","templated":true}]}}