{"id":2030851,"date":"2018-12-01T18:11:51","date_gmt":"2018-12-01T17:11:51","guid":{"rendered":"https:\/\/www.luxsure.fr\/2018\/12\/01\/review-art-elysees-art-design-2018\/"},"modified":"2026-04-27T03:17:06","modified_gmt":"2026-04-27T01:17:06","slug":"review-art-elysees-art-design-2018","status":"publish","type":"post","link":"https:\/\/www.luxsure.fr\/en\/2018\/12\/01\/review-art-elysees-art-design-2018\/","title":{"rendered":"REVIEW ART ELYSEES &#8211; ART &amp; DESIGN 2018"},"content":{"rendered":"<h2>The Art \u00c9lys\u00e9es fair confirms its status as a not-to-be-missed event, with a large number of sales in all its sections: modern, contemporary and urban art, as well as in the design section. The high quality of the exhibits on the stands is appreciated by professionals, specifiers and visitors alike.<br \/>\nNow firmly established in the art market, the fair has become a benchmark for modern art. Each year, the fair welcomes more internationally renowned galleries, particularly in the 20th century section.  <\/h2>\n<p>The organizers of Art \u00c9lys\u00e9es have succeeded in creating a convivial atmosphere under their ephemeral structures set up on the Champs-Elys\u00e9es avenue, a unique and prestigious venue. Art \u00c9lys\u00e9es is also a &#8220;human&#8221; fair, in terms of both size and exchanges, with artists in the contemporary section often present and accessible to the public. At a time when all sectors of activity are undergoing numerous changes, particularly in terms of purchasing. For the art market sector, too, questions are being asked: gallery owners are struggling to attract buyers to their galleries, and are obliged to participate in fairs to gain access to the largest possible number of buyers and collectors. Art \u00c9lys\u00e9es offers a warm and dynamic setting for exchanges, facilitating meetings and relationships between buyers and exhibitors, with many new contacts for most galleries and very positive feedback.<br \/>\nThe fair included 100 galleries with the new urban contemporary art section, in Pavillon E, on the even side of the Avenue des Champs-\u00c9lys\u00e9es. 26 foreign galleries and 25 new galleries present this year. Art \u00c9lys\u00e9es is expanding, at a complex time when other fairs are disappearing and being created. With this fourth pavilion integrated into the fair since 2017, the organizers are responding to strong demand from galleries, and enthusiasts of this more popular and accessible art.       <\/p>\n<p>This year, Art \u00c9lys\u00e9es welcomed top-quality exhibitions and events, accompanied by exceptional partners who made this 12th edition even more attractive and qualitative. With a more demanding artistic direction and at the same time open to novelty, first with design and then with contemporary urban art. Expanding the fair to include a wider artistic panorama means renewing the dynamism and synergy of each new edition.  <\/p>\n<p>Last year Art \u00c9lys\u00e9es recorded a record increase in attendance, with more than 39,000 visitors; in 2018, the fair recorded a slight drop in attendance of 8%, with more than 35,000 visitors over 6 days. A positive result all in all, with the vast majority of this drop applying to the number of admission tickets, which can be explained by the increase in the ticket price from 15 to 20 euros. Added to this were the vacations and fine weather, offering Parisians a fine Indian summer with spring-like temperatures. Around 8,700 visitors attended the afternoon trade show, a smaller number than last year, but with the notable presence of a more targeted visitor base.  <\/p>\n<p>From October 18 to 22, 2018 Art \u00c9lys\u00e9es brought together a prestigious array of 59 contemporary and modern art galleries, 26 contemporary urban art galleries and 15 20th-century and contemporary design galleries. In all, nearly 800 artists were presented.<br \/>\nWith around 100 galleries, the organizers are pleased and proud of this 12th edition, which heralds an even more demanding and promising 2019 edition. <\/p>\n<p>At this year&#8217;s show, the organizers focused on the work of three artists from different backgrounds, Tristan Vyskoc, Patricia de Solages and Kongo, who were all involved in ecological issues. Their original exhibitions were showcased in the fair&#8217;s pavilions, and were a great success both artistically and on a human level, at a time when we are becoming increasingly aware of climate and ecological problems, and their catastrophic and irreparable consequences for the planet.<br \/>\nIn the design section, Atelier Jespers was once again present with its #Itin\u00e9arance08 exhibition, confirming its interest in quality design in terms of both thought and materials.<br \/>\nWe were also delighted to welcome our partner B Signature Hotels &amp; Resorts to the fair, with its &#8220;imaginary collection&#8221;, in the spirit of the warm, chic and Parisian atmosphere of its hotels. We would like to thank B Signature Hotels &amp; Resorts, Nathalie Marchal (artistic advisor for this exhibition) and the galleries who lent themselves to this exhibition and who were sensitive to this moment of encounter between the works and the public. <\/p>\n<p>The 13th edition of Art Elys\u00e9es will be held from October 17 to 21, 2019, with the professional afternoon and vernissage on October 16.<\/p>\n","protected":false},"excerpt":{"rendered":"<p>The Art \u00c9lys\u00e9es fair confirms its status as a not-to-be-missed event, with a large number of sales in all its sections: modern, contemporary and urban art, as well as in&hellip;<\/p>\n","protected":false},"author":2,"featured_media":1245881,"comment_status":"closed","ping_status":"closed","sticky":false,"template":"","format":"standard","meta":{"_lmt_disableupdate":"","_lmt_disable":"","footnotes":""},"categories":[30407,30094],"tags":[53726],"class_list":["post-2030851","post","type-post","status-publish","format-standard","has-post-thumbnail","hentry","category-art-of-living","category-culture-en","tag-art-elysees"],"yoast_head":"<!-- This site is optimized with the Yoast SEO plugin v27.5 - https:\/\/yoast.com\/product\/yoast-seo-wordpress\/ -->\n<title>REVIEW ART ELYSEES - ART &amp; DESIGN 2018 - Luxsure<\/title>\n<meta name=\"robots\" content=\"index, follow, max-snippet:-1, max-image-preview:large, max-video-preview:-1\" \/>\n<link rel=\"canonical\" href=\"https:\/\/www.luxsure.fr\/en\/2018\/12\/01\/review-art-elysees-art-design-2018\/\" \/>\n<meta name=\"twitter:label1\" content=\"Written by\" \/>\n\t<meta name=\"twitter:data1\" content=\"pascal iakovou\" \/>\n\t<meta name=\"twitter:label2\" content=\"Est. reading time\" \/>\n\t<meta name=\"twitter:data2\" content=\"4 minutes\" \/>\n<script type=\"application\/ld+json\" class=\"yoast-schema-graph\">{\"@context\":\"https:\\\/\\\/schema.org\",\"@graph\":[{\"@type\":\"Article\",\"@id\":\"https:\\\/\\\/www.luxsure.fr\\\/en\\\/2018\\\/12\\\/01\\\/review-art-elysees-art-design-2018\\\/#article\",\"isPartOf\":{\"@id\":\"https:\\\/\\\/www.luxsure.fr\\\/en\\\/2018\\\/12\\\/01\\\/review-art-elysees-art-design-2018\\\/\"},\"author\":{\"name\":\"pascal iakovou\",\"@id\":\"https:\\\/\\\/www.luxsure.fr\\\/#\\\/schema\\\/person\\\/e3e28d08083f4cbc258957c924e39423\"},\"headline\":\"REVIEW ART ELYSEES &#8211; ART &amp; DESIGN 2018\",\"datePublished\":\"2018-12-01T17:11:51+00:00\",\"dateModified\":\"2026-04-27T01:17:06+00:00\",\"mainEntityOfPage\":{\"@id\":\"https:\\\/\\\/www.luxsure.fr\\\/en\\\/2018\\\/12\\\/01\\\/review-art-elysees-art-design-2018\\\/\"},\"wordCount\":736,\"publisher\":{\"@id\":\"https:\\\/\\\/www.luxsure.fr\\\/#organization\"},\"image\":{\"@id\":\"https:\\\/\\\/www.luxsure.fr\\\/en\\\/2018\\\/12\\\/01\\\/review-art-elysees-art-design-2018\\\/#primaryimage\"},\"thumbnailUrl\":\"https:\\\/\\\/www.luxsure.fr\\\/wp-content\\\/uploads\\\/2018\\\/12\\\/unnamed-1.jpg\",\"keywords\":[\"Art Elys\u00e9es\"],\"articleSection\":[\"Art of living\",\"Culture\"],\"inLanguage\":\"en-US\"},{\"@type\":\"WebPage\",\"@id\":\"https:\\\/\\\/www.luxsure.fr\\\/en\\\/2018\\\/12\\\/01\\\/review-art-elysees-art-design-2018\\\/\",\"url\":\"https:\\\/\\\/www.luxsure.fr\\\/en\\\/2018\\\/12\\\/01\\\/review-art-elysees-art-design-2018\\\/\",\"name\":\"REVIEW ART ELYSEES - ART &amp; DESIGN 2018 - Luxsure\",\"isPartOf\":{\"@id\":\"https:\\\/\\\/www.luxsure.fr\\\/#website\"},\"primaryImageOfPage\":{\"@id\":\"https:\\\/\\\/www.luxsure.fr\\\/en\\\/2018\\\/12\\\/01\\\/review-art-elysees-art-design-2018\\\/#primaryimage\"},\"image\":{\"@id\":\"https:\\\/\\\/www.luxsure.fr\\\/en\\\/2018\\\/12\\\/01\\\/review-art-elysees-art-design-2018\\\/#primaryimage\"},\"thumbnailUrl\":\"https:\\\/\\\/www.luxsure.fr\\\/wp-content\\\/uploads\\\/2018\\\/12\\\/unnamed-1.jpg\",\"datePublished\":\"2018-12-01T17:11:51+00:00\",\"dateModified\":\"2026-04-27T01:17:06+00:00\",\"breadcrumb\":{\"@id\":\"https:\\\/\\\/www.luxsure.fr\\\/en\\\/2018\\\/12\\\/01\\\/review-art-elysees-art-design-2018\\\/#breadcrumb\"},\"inLanguage\":\"en-US\",\"potentialAction\":[{\"@type\":\"ReadAction\",\"target\":[\"https:\\\/\\\/www.luxsure.fr\\\/en\\\/2018\\\/12\\\/01\\\/review-art-elysees-art-design-2018\\\/\"]}]},{\"@type\":\"ImageObject\",\"inLanguage\":\"en-US\",\"@id\":\"https:\\\/\\\/www.luxsure.fr\\\/en\\\/2018\\\/12\\\/01\\\/review-art-elysees-art-design-2018\\\/#primaryimage\",\"url\":\"https:\\\/\\\/www.luxsure.fr\\\/wp-content\\\/uploads\\\/2018\\\/12\\\/unnamed-1.jpg\",\"contentUrl\":\"https:\\\/\\\/www.luxsure.fr\\\/wp-content\\\/uploads\\\/2018\\\/12\\\/unnamed-1.jpg\",\"width\":590,\"height\":300},{\"@type\":\"BreadcrumbList\",\"@id\":\"https:\\\/\\\/www.luxsure.fr\\\/en\\\/2018\\\/12\\\/01\\\/review-art-elysees-art-design-2018\\\/#breadcrumb\",\"itemListElement\":[{\"@type\":\"ListItem\",\"position\":1,\"name\":\"Accueil\",\"item\":\"https:\\\/\\\/www.luxsure.fr\\\/\"},{\"@type\":\"ListItem\",\"position\":2,\"name\":\"REVIEW ART ELYSEES &#8211; ART &amp; DESIGN 2018\"}]},{\"@type\":\"WebSite\",\"@id\":\"https:\\\/\\\/www.luxsure.fr\\\/#website\",\"url\":\"https:\\\/\\\/www.luxsure.fr\\\/\",\"name\":\"Luxsure\",\"description\":\"UNE CERTAINE VISION DU LUXE\",\"publisher\":{\"@id\":\"https:\\\/\\\/www.luxsure.fr\\\/#organization\"},\"potentialAction\":[{\"@type\":\"SearchAction\",\"target\":{\"@type\":\"EntryPoint\",\"urlTemplate\":\"https:\\\/\\\/www.luxsure.fr\\\/?s={search_term_string}\"},\"query-input\":{\"@type\":\"PropertyValueSpecification\",\"valueRequired\":true,\"valueName\":\"search_term_string\"}}],\"inLanguage\":\"en-US\"},{\"@type\":\"Organization\",\"@id\":\"https:\\\/\\\/www.luxsure.fr\\\/#organization\",\"name\":\"Luxsure\",\"url\":\"https:\\\/\\\/www.luxsure.fr\\\/\",\"logo\":{\"@type\":\"ImageObject\",\"inLanguage\":\"en-US\",\"@id\":\"https:\\\/\\\/www.luxsure.fr\\\/#\\\/schema\\\/logo\\\/image\\\/\",\"url\":\"https:\\\/\\\/i0.wp.com\\\/www.luxsure.fr\\\/wp-content\\\/uploads\\\/2015\\\/10\\\/Capture-d\u2019\u00e9cran-2015-08-19-\u00e0-10.51.48.png?fit=551%2C400&ssl=1\",\"contentUrl\":\"https:\\\/\\\/i0.wp.com\\\/www.luxsure.fr\\\/wp-content\\\/uploads\\\/2015\\\/10\\\/Capture-d\u2019\u00e9cran-2015-08-19-\u00e0-10.51.48.png?fit=551%2C400&ssl=1\",\"width\":551,\"height\":400,\"caption\":\"Luxsure\"},\"image\":{\"@id\":\"https:\\\/\\\/www.luxsure.fr\\\/#\\\/schema\\\/logo\\\/image\\\/\"}},{\"@type\":\"Person\",\"@id\":\"https:\\\/\\\/www.luxsure.fr\\\/#\\\/schema\\\/person\\\/e3e28d08083f4cbc258957c924e39423\",\"name\":\"pascal iakovou\",\"image\":{\"@type\":\"ImageObject\",\"inLanguage\":\"en-US\",\"@id\":\"https:\\\/\\\/secure.gravatar.com\\\/avatar\\\/358546e9ab7afafbb35961f747089b93cb88ca12b7a9fcd0c7922cc45f092613?s=96&d=mm&r=g\",\"url\":\"https:\\\/\\\/secure.gravatar.com\\\/avatar\\\/358546e9ab7afafbb35961f747089b93cb88ca12b7a9fcd0c7922cc45f092613?s=96&d=mm&r=g\",\"contentUrl\":\"https:\\\/\\\/secure.gravatar.com\\\/avatar\\\/358546e9ab7afafbb35961f747089b93cb88ca12b7a9fcd0c7922cc45f092613?s=96&d=mm&r=g\",\"caption\":\"pascal iakovou\"},\"sameAs\":[\"http:\\\/\\\/www.luxsure.Fr\"],\"url\":\"https:\\\/\\\/www.luxsure.fr\\\/en\\\/author\\\/pascal\\\/\"}]}<\/script>\n<!-- \/ Yoast SEO plugin. -->","yoast_head_json":{"title":"REVIEW ART ELYSEES - ART &amp; DESIGN 2018 - Luxsure","robots":{"index":"index","follow":"follow","max-snippet":"max-snippet:-1","max-image-preview":"max-image-preview:large","max-video-preview":"max-video-preview:-1"},"canonical":"https:\/\/www.luxsure.fr\/en\/2018\/12\/01\/review-art-elysees-art-design-2018\/","twitter_misc":{"Written by":"pascal iakovou","Est. reading time":"4 minutes"},"schema":{"@context":"https:\/\/schema.org","@graph":[{"@type":"Article","@id":"https:\/\/www.luxsure.fr\/en\/2018\/12\/01\/review-art-elysees-art-design-2018\/#article","isPartOf":{"@id":"https:\/\/www.luxsure.fr\/en\/2018\/12\/01\/review-art-elysees-art-design-2018\/"},"author":{"name":"pascal iakovou","@id":"https:\/\/www.luxsure.fr\/#\/schema\/person\/e3e28d08083f4cbc258957c924e39423"},"headline":"REVIEW ART ELYSEES &#8211; ART &amp; DESIGN 2018","datePublished":"2018-12-01T17:11:51+00:00","dateModified":"2026-04-27T01:17:06+00:00","mainEntityOfPage":{"@id":"https:\/\/www.luxsure.fr\/en\/2018\/12\/01\/review-art-elysees-art-design-2018\/"},"wordCount":736,"publisher":{"@id":"https:\/\/www.luxsure.fr\/#organization"},"image":{"@id":"https:\/\/www.luxsure.fr\/en\/2018\/12\/01\/review-art-elysees-art-design-2018\/#primaryimage"},"thumbnailUrl":"https:\/\/www.luxsure.fr\/wp-content\/uploads\/2018\/12\/unnamed-1.jpg","keywords":["Art Elys\u00e9es"],"articleSection":["Art of living","Culture"],"inLanguage":"en-US"},{"@type":"WebPage","@id":"https:\/\/www.luxsure.fr\/en\/2018\/12\/01\/review-art-elysees-art-design-2018\/","url":"https:\/\/www.luxsure.fr\/en\/2018\/12\/01\/review-art-elysees-art-design-2018\/","name":"REVIEW ART ELYSEES - ART &amp; DESIGN 2018 - Luxsure","isPartOf":{"@id":"https:\/\/www.luxsure.fr\/#website"},"primaryImageOfPage":{"@id":"https:\/\/www.luxsure.fr\/en\/2018\/12\/01\/review-art-elysees-art-design-2018\/#primaryimage"},"image":{"@id":"https:\/\/www.luxsure.fr\/en\/2018\/12\/01\/review-art-elysees-art-design-2018\/#primaryimage"},"thumbnailUrl":"https:\/\/www.luxsure.fr\/wp-content\/uploads\/2018\/12\/unnamed-1.jpg","datePublished":"2018-12-01T17:11:51+00:00","dateModified":"2026-04-27T01:17:06+00:00","breadcrumb":{"@id":"https:\/\/www.luxsure.fr\/en\/2018\/12\/01\/review-art-elysees-art-design-2018\/#breadcrumb"},"inLanguage":"en-US","potentialAction":[{"@type":"ReadAction","target":["https:\/\/www.luxsure.fr\/en\/2018\/12\/01\/review-art-elysees-art-design-2018\/"]}]},{"@type":"ImageObject","inLanguage":"en-US","@id":"https:\/\/www.luxsure.fr\/en\/2018\/12\/01\/review-art-elysees-art-design-2018\/#primaryimage","url":"https:\/\/www.luxsure.fr\/wp-content\/uploads\/2018\/12\/unnamed-1.jpg","contentUrl":"https:\/\/www.luxsure.fr\/wp-content\/uploads\/2018\/12\/unnamed-1.jpg","width":590,"height":300},{"@type":"BreadcrumbList","@id":"https:\/\/www.luxsure.fr\/en\/2018\/12\/01\/review-art-elysees-art-design-2018\/#breadcrumb","itemListElement":[{"@type":"ListItem","position":1,"name":"Accueil","item":"https:\/\/www.luxsure.fr\/"},{"@type":"ListItem","position":2,"name":"REVIEW ART ELYSEES &#8211; ART &amp; DESIGN 2018"}]},{"@type":"WebSite","@id":"https:\/\/www.luxsure.fr\/#website","url":"https:\/\/www.luxsure.fr\/","name":"Luxsure","description":"UNE CERTAINE VISION DU LUXE","publisher":{"@id":"https:\/\/www.luxsure.fr\/#organization"},"potentialAction":[{"@type":"SearchAction","target":{"@type":"EntryPoint","urlTemplate":"https:\/\/www.luxsure.fr\/?s={search_term_string}"},"query-input":{"@type":"PropertyValueSpecification","valueRequired":true,"valueName":"search_term_string"}}],"inLanguage":"en-US"},{"@type":"Organization","@id":"https:\/\/www.luxsure.fr\/#organization","name":"Luxsure","url":"https:\/\/www.luxsure.fr\/","logo":{"@type":"ImageObject","inLanguage":"en-US","@id":"https:\/\/www.luxsure.fr\/#\/schema\/logo\/image\/","url":"https:\/\/i0.wp.com\/www.luxsure.fr\/wp-content\/uploads\/2015\/10\/Capture-d\u2019\u00e9cran-2015-08-19-\u00e0-10.51.48.png?fit=551%2C400&ssl=1","contentUrl":"https:\/\/i0.wp.com\/www.luxsure.fr\/wp-content\/uploads\/2015\/10\/Capture-d\u2019\u00e9cran-2015-08-19-\u00e0-10.51.48.png?fit=551%2C400&ssl=1","width":551,"height":400,"caption":"Luxsure"},"image":{"@id":"https:\/\/www.luxsure.fr\/#\/schema\/logo\/image\/"}},{"@type":"Person","@id":"https:\/\/www.luxsure.fr\/#\/schema\/person\/e3e28d08083f4cbc258957c924e39423","name":"pascal iakovou","image":{"@type":"ImageObject","inLanguage":"en-US","@id":"https:\/\/secure.gravatar.com\/avatar\/358546e9ab7afafbb35961f747089b93cb88ca12b7a9fcd0c7922cc45f092613?s=96&d=mm&r=g","url":"https:\/\/secure.gravatar.com\/avatar\/358546e9ab7afafbb35961f747089b93cb88ca12b7a9fcd0c7922cc45f092613?s=96&d=mm&r=g","contentUrl":"https:\/\/secure.gravatar.com\/avatar\/358546e9ab7afafbb35961f747089b93cb88ca12b7a9fcd0c7922cc45f092613?s=96&d=mm&r=g","caption":"pascal iakovou"},"sameAs":["http:\/\/www.luxsure.Fr"],"url":"https:\/\/www.luxsure.fr\/en\/author\/pascal\/"}]}},"_links":{"self":[{"href":"https:\/\/www.luxsure.fr\/en\/wp-json\/wp\/v2\/posts\/2030851","targetHints":{"allow":["GET"]}}],"collection":[{"href":"https:\/\/www.luxsure.fr\/en\/wp-json\/wp\/v2\/posts"}],"about":[{"href":"https:\/\/www.luxsure.fr\/en\/wp-json\/wp\/v2\/types\/post"}],"author":[{"embeddable":true,"href":"https:\/\/www.luxsure.fr\/en\/wp-json\/wp\/v2\/users\/2"}],"replies":[{"embeddable":true,"href":"https:\/\/www.luxsure.fr\/en\/wp-json\/wp\/v2\/comments?post=2030851"}],"version-history":[{"count":0,"href":"https:\/\/www.luxsure.fr\/en\/wp-json\/wp\/v2\/posts\/2030851\/revisions"}],"wp:featuredmedia":[{"embeddable":true,"href":"https:\/\/www.luxsure.fr\/en\/wp-json\/wp\/v2\/media\/1245881"}],"wp:attachment":[{"href":"https:\/\/www.luxsure.fr\/en\/wp-json\/wp\/v2\/media?parent=2030851"}],"wp:term":[{"taxonomy":"category","embeddable":true,"href":"https:\/\/www.luxsure.fr\/en\/wp-json\/wp\/v2\/categories?post=2030851"},{"taxonomy":"post_tag","embeddable":true,"href":"https:\/\/www.luxsure.fr\/en\/wp-json\/wp\/v2\/tags?post=2030851"}],"curies":[{"name":"wp","href":"https:\/\/api.w.org\/{rel}","templated":true}]}}