{"id":2030740,"date":"2017-11-30T16:12:18","date_gmt":"2017-11-30T15:12:18","guid":{"rendered":"https:\/\/www.luxsure.fr\/2017\/11\/30\/chateau-de-ferrand-2015-an-exceptional-solar-vintage\/"},"modified":"2026-04-27T03:06:06","modified_gmt":"2026-04-27T01:06:06","slug":"chateau-de-ferrand-2015-an-exceptional-solar-vintage","status":"publish","type":"post","link":"https:\/\/www.luxsure.fr\/en\/2017\/11\/30\/chateau-de-ferrand-2015-an-exceptional-solar-vintage\/","title":{"rendered":"Ch\u00e2teau de Ferrand 2015: an exceptional solar vintage"},"content":{"rendered":"<h5>Located on the heights of Saint-Emilion, Ch\u00e2teau de Ferrand Grand Cru Class\u00e9 de Saint-Emilion is certainly one of the oldest properties in the appellation. This 42-hectare estate, which dates back to the 17th century, boasts an exceptional site overlooking the Dordogne valley and a unique terroir. <\/h5>\n<h5>After a winter dominated by mild temperatures and little rainfall, spring quickly made itself felt with pleasant temperatures and almost no rainfall. The first Merlot flowers appeared on May 26, those of the Cabernets on May 28. The mild temperatures at the end of May ensured optimum flowering and quality. With the arrival of summer, thanks to its clay terroir and well-managed tillage, the Ch\u00e2teau de Ferrand vineyard did not suffer from the July drought, drawing on the coolness of its subsoil. The vine cycle slows down. The grapes ripen early. August saw a drop in temperatures and the onset of rainy spells. The vine takes full advantage of these conditions, firstly to accelerate veraison and secondly to enlarge the grape berries.       <\/h5>\n<h5>In September, the grapes ripen in fine weather, with satisfactory daytime temperatures and cool nights. Ideal weather for perfect ripening. The 2015 harvest promises to be fine and favorable, beginning on September 29 for the Merlot grapes in clement weather. The Cabernet Franc was picked from October 8 and the Cabernet Sauvignon from October 12. Harvesting took place in dry weather, ensuring that the grapes retained their aromatic freshness. Quality was optimal and volumes comfortable, heralding an exceptional vintage.     <\/h5>\n<h5>Ch\u00e2teau de Ferrand 2015 is a blend of 79% Merlot, 11% Cabernet franc and 10% Cabernet sauvignon. This vintage is characterized by its deep color. The nose reveals aromas of ripe black fruit (blackcurrant, blueberry, cherry). Floral notes appear with aeration. The palate is full-bodied and fleshy, with good balance and a velvety mid-palate. The finish is persistent, with silky, elegant tannins. 2015 is undoubtedly a great vintage for laying down.      <\/h5>\n<h5>Ch\u00e2teau de Ferrand 2015, Grand Cru Class\u00e9 de Saint-Emilion, is on sale at all good wine merchants for around \u20ac35.<\/h5>\n","protected":false},"excerpt":{"rendered":"<p>Located on the heights of Saint-Emilion, Ch\u00e2teau de Ferrand Grand Cru Class\u00e9 de Saint-Emilion is certainly one of the oldest properties in the appellation. This 42-hectare estate, which dates back&hellip;<\/p>\n","protected":false},"author":65,"featured_media":1079131,"comment_status":"closed","ping_status":"closed","sticky":false,"template":"","format":"standard","meta":{"_lmt_disableupdate":"","_lmt_disable":"","footnotes":""},"categories":[30493],"tags":[],"class_list":["post-2030740","post","type-post","status-publish","format-standard","has-post-thumbnail","hentry","category-wines-and-spirits"],"yoast_head":"<!-- This site is optimized with the Yoast SEO plugin v27.5 - https:\/\/yoast.com\/product\/yoast-seo-wordpress\/ -->\n<title>Ch\u00e2teau de Ferrand 2015: an exceptional solar vintage - Luxsure<\/title>\n<meta name=\"robots\" content=\"index, follow, max-snippet:-1, max-image-preview:large, max-video-preview:-1\" \/>\n<link rel=\"canonical\" href=\"https:\/\/www.luxsure.fr\/en\/2017\/11\/30\/chateau-de-ferrand-2015-an-exceptional-solar-vintage\/\" \/>\n<meta name=\"twitter:label1\" content=\"Written by\" \/>\n\t<meta name=\"twitter:data1\" content=\"Julien Tissot\" \/>\n\t<meta name=\"twitter:label2\" content=\"Est. reading time\" \/>\n\t<meta name=\"twitter:data2\" content=\"2 minutes\" \/>\n<script type=\"application\/ld+json\" class=\"yoast-schema-graph\">{\"@context\":\"https:\\\/\\\/schema.org\",\"@graph\":[{\"@type\":\"Article\",\"@id\":\"https:\\\/\\\/www.luxsure.fr\\\/en\\\/2017\\\/11\\\/30\\\/chateau-de-ferrand-2015-an-exceptional-solar-vintage\\\/#article\",\"isPartOf\":{\"@id\":\"https:\\\/\\\/www.luxsure.fr\\\/en\\\/2017\\\/11\\\/30\\\/chateau-de-ferrand-2015-an-exceptional-solar-vintage\\\/\"},\"author\":{\"name\":\"Julien Tissot\",\"@id\":\"https:\\\/\\\/www.luxsure.fr\\\/#\\\/schema\\\/person\\\/836d213d4661e79c1a1b4c1b712d7201\"},\"headline\":\"Ch\u00e2teau de Ferrand 2015: an exceptional solar vintage\",\"datePublished\":\"2017-11-30T15:12:18+00:00\",\"dateModified\":\"2026-04-27T01:06:06+00:00\",\"mainEntityOfPage\":{\"@id\":\"https:\\\/\\\/www.luxsure.fr\\\/en\\\/2017\\\/11\\\/30\\\/chateau-de-ferrand-2015-an-exceptional-solar-vintage\\\/\"},\"wordCount\":337,\"publisher\":{\"@id\":\"https:\\\/\\\/www.luxsure.fr\\\/#organization\"},\"image\":{\"@id\":\"https:\\\/\\\/www.luxsure.fr\\\/en\\\/2017\\\/11\\\/30\\\/chateau-de-ferrand-2015-an-exceptional-solar-vintage\\\/#primaryimage\"},\"thumbnailUrl\":\"https:\\\/\\\/www.luxsure.fr\\\/wp-content\\\/uploads\\\/2017\\\/11\\\/Ferrand-2015.jpg\",\"articleSection\":[\"Wines and Spirits\"],\"inLanguage\":\"en-US\"},{\"@type\":\"WebPage\",\"@id\":\"https:\\\/\\\/www.luxsure.fr\\\/en\\\/2017\\\/11\\\/30\\\/chateau-de-ferrand-2015-an-exceptional-solar-vintage\\\/\",\"url\":\"https:\\\/\\\/www.luxsure.fr\\\/en\\\/2017\\\/11\\\/30\\\/chateau-de-ferrand-2015-an-exceptional-solar-vintage\\\/\",\"name\":\"Ch\u00e2teau de Ferrand 2015: an exceptional solar vintage - Luxsure\",\"isPartOf\":{\"@id\":\"https:\\\/\\\/www.luxsure.fr\\\/#website\"},\"primaryImageOfPage\":{\"@id\":\"https:\\\/\\\/www.luxsure.fr\\\/en\\\/2017\\\/11\\\/30\\\/chateau-de-ferrand-2015-an-exceptional-solar-vintage\\\/#primaryimage\"},\"image\":{\"@id\":\"https:\\\/\\\/www.luxsure.fr\\\/en\\\/2017\\\/11\\\/30\\\/chateau-de-ferrand-2015-an-exceptional-solar-vintage\\\/#primaryimage\"},\"thumbnailUrl\":\"https:\\\/\\\/www.luxsure.fr\\\/wp-content\\\/uploads\\\/2017\\\/11\\\/Ferrand-2015.jpg\",\"datePublished\":\"2017-11-30T15:12:18+00:00\",\"dateModified\":\"2026-04-27T01:06:06+00:00\",\"breadcrumb\":{\"@id\":\"https:\\\/\\\/www.luxsure.fr\\\/en\\\/2017\\\/11\\\/30\\\/chateau-de-ferrand-2015-an-exceptional-solar-vintage\\\/#breadcrumb\"},\"inLanguage\":\"en-US\",\"potentialAction\":[{\"@type\":\"ReadAction\",\"target\":[\"https:\\\/\\\/www.luxsure.fr\\\/en\\\/2017\\\/11\\\/30\\\/chateau-de-ferrand-2015-an-exceptional-solar-vintage\\\/\"]}]},{\"@type\":\"ImageObject\",\"inLanguage\":\"en-US\",\"@id\":\"https:\\\/\\\/www.luxsure.fr\\\/en\\\/2017\\\/11\\\/30\\\/chateau-de-ferrand-2015-an-exceptional-solar-vintage\\\/#primaryimage\",\"url\":\"https:\\\/\\\/www.luxsure.fr\\\/wp-content\\\/uploads\\\/2017\\\/11\\\/Ferrand-2015.jpg\",\"contentUrl\":\"https:\\\/\\\/www.luxsure.fr\\\/wp-content\\\/uploads\\\/2017\\\/11\\\/Ferrand-2015.jpg\",\"width\":1324,\"height\":3543},{\"@type\":\"BreadcrumbList\",\"@id\":\"https:\\\/\\\/www.luxsure.fr\\\/en\\\/2017\\\/11\\\/30\\\/chateau-de-ferrand-2015-an-exceptional-solar-vintage\\\/#breadcrumb\",\"itemListElement\":[{\"@type\":\"ListItem\",\"position\":1,\"name\":\"Accueil\",\"item\":\"https:\\\/\\\/www.luxsure.fr\\\/\"},{\"@type\":\"ListItem\",\"position\":2,\"name\":\"Ch\u00e2teau de Ferrand 2015: an exceptional solar vintage\"}]},{\"@type\":\"WebSite\",\"@id\":\"https:\\\/\\\/www.luxsure.fr\\\/#website\",\"url\":\"https:\\\/\\\/www.luxsure.fr\\\/\",\"name\":\"Luxsure\",\"description\":\"UNE CERTAINE VISION DU LUXE\",\"publisher\":{\"@id\":\"https:\\\/\\\/www.luxsure.fr\\\/#organization\"},\"potentialAction\":[{\"@type\":\"SearchAction\",\"target\":{\"@type\":\"EntryPoint\",\"urlTemplate\":\"https:\\\/\\\/www.luxsure.fr\\\/?s={search_term_string}\"},\"query-input\":{\"@type\":\"PropertyValueSpecification\",\"valueRequired\":true,\"valueName\":\"search_term_string\"}}],\"inLanguage\":\"en-US\"},{\"@type\":\"Organization\",\"@id\":\"https:\\\/\\\/www.luxsure.fr\\\/#organization\",\"name\":\"Luxsure\",\"url\":\"https:\\\/\\\/www.luxsure.fr\\\/\",\"logo\":{\"@type\":\"ImageObject\",\"inLanguage\":\"en-US\",\"@id\":\"https:\\\/\\\/www.luxsure.fr\\\/#\\\/schema\\\/logo\\\/image\\\/\",\"url\":\"https:\\\/\\\/i0.wp.com\\\/www.luxsure.fr\\\/wp-content\\\/uploads\\\/2015\\\/10\\\/Capture-d\u2019\u00e9cran-2015-08-19-\u00e0-10.51.48.png?fit=551%2C400&ssl=1\",\"contentUrl\":\"https:\\\/\\\/i0.wp.com\\\/www.luxsure.fr\\\/wp-content\\\/uploads\\\/2015\\\/10\\\/Capture-d\u2019\u00e9cran-2015-08-19-\u00e0-10.51.48.png?fit=551%2C400&ssl=1\",\"width\":551,\"height\":400,\"caption\":\"Luxsure\"},\"image\":{\"@id\":\"https:\\\/\\\/www.luxsure.fr\\\/#\\\/schema\\\/logo\\\/image\\\/\"}},{\"@type\":\"Person\",\"@id\":\"https:\\\/\\\/www.luxsure.fr\\\/#\\\/schema\\\/person\\\/836d213d4661e79c1a1b4c1b712d7201\",\"name\":\"Julien Tissot\",\"image\":{\"@type\":\"ImageObject\",\"inLanguage\":\"en-US\",\"@id\":\"https:\\\/\\\/secure.gravatar.com\\\/avatar\\\/06a232559ca02c6e92e7c5b368b572bf12d1bc4d1579dfbe92bfb7ed7521b763?s=96&d=mm&r=g\",\"url\":\"https:\\\/\\\/secure.gravatar.com\\\/avatar\\\/06a232559ca02c6e92e7c5b368b572bf12d1bc4d1579dfbe92bfb7ed7521b763?s=96&d=mm&r=g\",\"contentUrl\":\"https:\\\/\\\/secure.gravatar.com\\\/avatar\\\/06a232559ca02c6e92e7c5b368b572bf12d1bc4d1579dfbe92bfb7ed7521b763?s=96&d=mm&r=g\",\"caption\":\"Julien Tissot\"},\"description\":\"Journaliste pour Luxsure.fr depuis plusieurs ann\u00e9es, Julien Tissot est sp\u00e9cialis\u00e9 dans le monde de luxe, de la gastronomie. C'est aussi un fan de poker. Julien@luxsure.fr\",\"url\":\"https:\\\/\\\/www.luxsure.fr\\\/en\\\/author\\\/julien-tissot\\\/\"}]}<\/script>\n<!-- \/ Yoast SEO plugin. -->","yoast_head_json":{"title":"Ch\u00e2teau de Ferrand 2015: an exceptional solar vintage - Luxsure","robots":{"index":"index","follow":"follow","max-snippet":"max-snippet:-1","max-image-preview":"max-image-preview:large","max-video-preview":"max-video-preview:-1"},"canonical":"https:\/\/www.luxsure.fr\/en\/2017\/11\/30\/chateau-de-ferrand-2015-an-exceptional-solar-vintage\/","twitter_misc":{"Written by":"Julien Tissot","Est. reading time":"2 minutes"},"schema":{"@context":"https:\/\/schema.org","@graph":[{"@type":"Article","@id":"https:\/\/www.luxsure.fr\/en\/2017\/11\/30\/chateau-de-ferrand-2015-an-exceptional-solar-vintage\/#article","isPartOf":{"@id":"https:\/\/www.luxsure.fr\/en\/2017\/11\/30\/chateau-de-ferrand-2015-an-exceptional-solar-vintage\/"},"author":{"name":"Julien Tissot","@id":"https:\/\/www.luxsure.fr\/#\/schema\/person\/836d213d4661e79c1a1b4c1b712d7201"},"headline":"Ch\u00e2teau de Ferrand 2015: an exceptional solar vintage","datePublished":"2017-11-30T15:12:18+00:00","dateModified":"2026-04-27T01:06:06+00:00","mainEntityOfPage":{"@id":"https:\/\/www.luxsure.fr\/en\/2017\/11\/30\/chateau-de-ferrand-2015-an-exceptional-solar-vintage\/"},"wordCount":337,"publisher":{"@id":"https:\/\/www.luxsure.fr\/#organization"},"image":{"@id":"https:\/\/www.luxsure.fr\/en\/2017\/11\/30\/chateau-de-ferrand-2015-an-exceptional-solar-vintage\/#primaryimage"},"thumbnailUrl":"https:\/\/www.luxsure.fr\/wp-content\/uploads\/2017\/11\/Ferrand-2015.jpg","articleSection":["Wines and Spirits"],"inLanguage":"en-US"},{"@type":"WebPage","@id":"https:\/\/www.luxsure.fr\/en\/2017\/11\/30\/chateau-de-ferrand-2015-an-exceptional-solar-vintage\/","url":"https:\/\/www.luxsure.fr\/en\/2017\/11\/30\/chateau-de-ferrand-2015-an-exceptional-solar-vintage\/","name":"Ch\u00e2teau de Ferrand 2015: an exceptional solar vintage - Luxsure","isPartOf":{"@id":"https:\/\/www.luxsure.fr\/#website"},"primaryImageOfPage":{"@id":"https:\/\/www.luxsure.fr\/en\/2017\/11\/30\/chateau-de-ferrand-2015-an-exceptional-solar-vintage\/#primaryimage"},"image":{"@id":"https:\/\/www.luxsure.fr\/en\/2017\/11\/30\/chateau-de-ferrand-2015-an-exceptional-solar-vintage\/#primaryimage"},"thumbnailUrl":"https:\/\/www.luxsure.fr\/wp-content\/uploads\/2017\/11\/Ferrand-2015.jpg","datePublished":"2017-11-30T15:12:18+00:00","dateModified":"2026-04-27T01:06:06+00:00","breadcrumb":{"@id":"https:\/\/www.luxsure.fr\/en\/2017\/11\/30\/chateau-de-ferrand-2015-an-exceptional-solar-vintage\/#breadcrumb"},"inLanguage":"en-US","potentialAction":[{"@type":"ReadAction","target":["https:\/\/www.luxsure.fr\/en\/2017\/11\/30\/chateau-de-ferrand-2015-an-exceptional-solar-vintage\/"]}]},{"@type":"ImageObject","inLanguage":"en-US","@id":"https:\/\/www.luxsure.fr\/en\/2017\/11\/30\/chateau-de-ferrand-2015-an-exceptional-solar-vintage\/#primaryimage","url":"https:\/\/www.luxsure.fr\/wp-content\/uploads\/2017\/11\/Ferrand-2015.jpg","contentUrl":"https:\/\/www.luxsure.fr\/wp-content\/uploads\/2017\/11\/Ferrand-2015.jpg","width":1324,"height":3543},{"@type":"BreadcrumbList","@id":"https:\/\/www.luxsure.fr\/en\/2017\/11\/30\/chateau-de-ferrand-2015-an-exceptional-solar-vintage\/#breadcrumb","itemListElement":[{"@type":"ListItem","position":1,"name":"Accueil","item":"https:\/\/www.luxsure.fr\/"},{"@type":"ListItem","position":2,"name":"Ch\u00e2teau de Ferrand 2015: an exceptional solar vintage"}]},{"@type":"WebSite","@id":"https:\/\/www.luxsure.fr\/#website","url":"https:\/\/www.luxsure.fr\/","name":"Luxsure","description":"UNE CERTAINE VISION DU LUXE","publisher":{"@id":"https:\/\/www.luxsure.fr\/#organization"},"potentialAction":[{"@type":"SearchAction","target":{"@type":"EntryPoint","urlTemplate":"https:\/\/www.luxsure.fr\/?s={search_term_string}"},"query-input":{"@type":"PropertyValueSpecification","valueRequired":true,"valueName":"search_term_string"}}],"inLanguage":"en-US"},{"@type":"Organization","@id":"https:\/\/www.luxsure.fr\/#organization","name":"Luxsure","url":"https:\/\/www.luxsure.fr\/","logo":{"@type":"ImageObject","inLanguage":"en-US","@id":"https:\/\/www.luxsure.fr\/#\/schema\/logo\/image\/","url":"https:\/\/i0.wp.com\/www.luxsure.fr\/wp-content\/uploads\/2015\/10\/Capture-d\u2019\u00e9cran-2015-08-19-\u00e0-10.51.48.png?fit=551%2C400&ssl=1","contentUrl":"https:\/\/i0.wp.com\/www.luxsure.fr\/wp-content\/uploads\/2015\/10\/Capture-d\u2019\u00e9cran-2015-08-19-\u00e0-10.51.48.png?fit=551%2C400&ssl=1","width":551,"height":400,"caption":"Luxsure"},"image":{"@id":"https:\/\/www.luxsure.fr\/#\/schema\/logo\/image\/"}},{"@type":"Person","@id":"https:\/\/www.luxsure.fr\/#\/schema\/person\/836d213d4661e79c1a1b4c1b712d7201","name":"Julien Tissot","image":{"@type":"ImageObject","inLanguage":"en-US","@id":"https:\/\/secure.gravatar.com\/avatar\/06a232559ca02c6e92e7c5b368b572bf12d1bc4d1579dfbe92bfb7ed7521b763?s=96&d=mm&r=g","url":"https:\/\/secure.gravatar.com\/avatar\/06a232559ca02c6e92e7c5b368b572bf12d1bc4d1579dfbe92bfb7ed7521b763?s=96&d=mm&r=g","contentUrl":"https:\/\/secure.gravatar.com\/avatar\/06a232559ca02c6e92e7c5b368b572bf12d1bc4d1579dfbe92bfb7ed7521b763?s=96&d=mm&r=g","caption":"Julien Tissot"},"description":"Journaliste pour Luxsure.fr depuis plusieurs ann\u00e9es, Julien Tissot est sp\u00e9cialis\u00e9 dans le monde de luxe, de la gastronomie. C'est aussi un fan de poker. Julien@luxsure.fr","url":"https:\/\/www.luxsure.fr\/en\/author\/julien-tissot\/"}]}},"_links":{"self":[{"href":"https:\/\/www.luxsure.fr\/en\/wp-json\/wp\/v2\/posts\/2030740","targetHints":{"allow":["GET"]}}],"collection":[{"href":"https:\/\/www.luxsure.fr\/en\/wp-json\/wp\/v2\/posts"}],"about":[{"href":"https:\/\/www.luxsure.fr\/en\/wp-json\/wp\/v2\/types\/post"}],"author":[{"embeddable":true,"href":"https:\/\/www.luxsure.fr\/en\/wp-json\/wp\/v2\/users\/65"}],"replies":[{"embeddable":true,"href":"https:\/\/www.luxsure.fr\/en\/wp-json\/wp\/v2\/comments?post=2030740"}],"version-history":[{"count":0,"href":"https:\/\/www.luxsure.fr\/en\/wp-json\/wp\/v2\/posts\/2030740\/revisions"}],"wp:featuredmedia":[{"embeddable":true,"href":"https:\/\/www.luxsure.fr\/en\/wp-json\/wp\/v2\/media\/1079131"}],"wp:attachment":[{"href":"https:\/\/www.luxsure.fr\/en\/wp-json\/wp\/v2\/media?parent=2030740"}],"wp:term":[{"taxonomy":"category","embeddable":true,"href":"https:\/\/www.luxsure.fr\/en\/wp-json\/wp\/v2\/categories?post=2030740"},{"taxonomy":"post_tag","embeddable":true,"href":"https:\/\/www.luxsure.fr\/en\/wp-json\/wp\/v2\/tags?post=2030740"}],"curies":[{"name":"wp","href":"https:\/\/api.w.org\/{rel}","templated":true}]}}