{"id":2030461,"date":"2017-02-27T10:40:03","date_gmt":"2017-02-27T09:40:03","guid":{"rendered":"https:\/\/www.luxsure.fr\/2017\/02\/27\/heard-at-le-bon-marche-by-loic-prigent-february-25-to-april-2-2017\/"},"modified":"2026-04-27T02:34:28","modified_gmt":"2026-04-27T00:34:28","slug":"heard-at-le-bon-marche-by-loic-prigent-february-25-to-april-2-2017","status":"publish","type":"post","link":"https:\/\/www.luxsure.fr\/en\/2017\/02\/27\/heard-at-le-bon-marche-by-loic-prigent-february-25-to-april-2-2017\/","title":{"rendered":"Heard at Le Bon March\u00e9 by Loic Prigent &#8211; February 25 to April 2, 2017"},"content":{"rendered":"<p>Lo\u00efc Prigent has a keen and selective ear.<\/p>\n<p>From February 25 to April 2, the &#8220;things heard&#8221; he gleaned from the Bon March\u00e9 Rive Gauche are the subject of a brand-new exhibition: &#8220;Entendu au Bon March\u00e9&#8221; by Lo\u00efc Prigent. The immaculate, graphic space features white objects printed in black with the best &#8220;words&#8221; of the store&#8217;s visitors. A nice way of showing that, when it comes to language, fun and creativity are widely shared gifts!  <\/p>\n<p>Lo\u00efc Prigent has a long-standing friendship with Bon March\u00e9 Rive Gauche, and has already collaborated 3 times with the department store. For &#8220;Entendu au Bon March\u00e9&#8221;, he plays on familiar ground, reminding us that this fashion and cultural center is above all a place for life and exchange. <\/p>\n<p>Let&#8217;s hear it: &#8220;Entendu au Bon March\u00e9, these are phrases heard at Le Bon March\u00e9. For a few days, I let my ears wander in the most Left Bank of department stores. And I heard all the people who make Le Bon March\u00e9 the heart of Parisian life. There are the very comfortable regulars, the tourists in the midst of their Parisian discovery, the seasoned sales clerks, the saleswomen with their glibness, the children momentarily left behind: &#8220;Are you lost? Where&#8217;s your mom? &#8211; She&#8217;s in the shoes! &#8220;There&#8217;s lightness, there&#8217;s frivolity, there&#8217;s comicality, there&#8217;s common sense. It&#8217;s a carefree attitude that we hear, a place apart: &#8220;It&#8217;s a sublime coat in which nothing serious can happen to you. &#8220;I hate my new hairstyle, I&#8217;m destabilized. I need to be lied to. &#8220;A place where you build up defenses and an effective shell: &#8220;It&#8217;s pretty what you&#8217;re wearing. &#8211; I know. &#8220;A common phrase that makes the staff jump up and down is: &#8220;Are you the cashier? &#8220;It took being asked this question, which I&#8217;d probably asked before, for me to realize how funny it was, and also that I&#8217;d been spending a bit too much time at Bon March\u00e9. &#8220;I want a heel that makes a nice sexy noise when I walk. &#8220;Yes, of course, it&#8217;s obvious, and we understand exactly what this customer means, the effect she&#8217;s looking for, for herself as well as for others. There&#8217;s the very stately gentleman with the baritone voice who thunders, &#8220;Get me a sweater! &#8220;to a salesman, and another who shouldn&#8217;t be asked his size: &#8220;But how should I know? &#8220;Every day, there are stories like the woman who refuses to leave at closing time because she still has to find her scarf and has a plane to Moscow that evening. In her logic, Le Bon March\u00e9 shouldn&#8217;t close until her neck is protected from the Russian cold. Le Bon March\u00e9 is a parallel universe, a protected world where we aim for the ideal: &#8220;I&#8217;d like gloves that go up&#8221; asks an extremely chic lady. Her accompanying friend is looking for &#8220;a bag to go to the theater tonight&#8221;. I also really enjoyed listening to the gentleman abandoned by his wife on one of the Le Corbusier armchairs at the foot of Andr\u00e9e Putman&#8217;s escalators. Rather than making a long speech, he just snored peacefully, feeling decidedly at home at Le Bon March\u00e9.&#8221; Lo\u00efc Prigent In an entirely white space, like a page of writing, T-shirts, mugs, caps, tote bags, pencils, tea towels, lighters, postcards, matches, snow globes&#8230; printed with black phrases &#8220;Overheard at Le Bon March\u00e9 Rive Gauche by Lo\u00efc Prigent&#8221; make up a sober, effective, quasi-conceptual installation: an accumulation of everyday, cheap, playful and aesthetic objects. In the windows, on large display panels, phrases are written and unwritten, a foretaste of this journey to Lo\u00efc&#8217;s country!  Everywhere in the store, at the top of the escalator, in a fitting room, at the bend of an aisle, words follow us, accompanying our stroll with their singular and delightful melody.  <a href=\"https:\/\/www.luxsure.fr\/wp-content\/uploads\/2017\/02\/Compo-produits-Loic-Prigent-2.jpg\" data-rel=\"penci-gallery-image-content\"  rel=\"attachment wp-att-199877\"><img decoding=\"async\" class=\"alignnone size-full wp-image-199877 lazyload\" title=\"compo-products-loic-prigent-2-jpg\" data-src=\"https:\/\/www.luxsure.fr\/wp-content\/uploads\/2017\/02\/Compo-produits-Loic-Prigent-2.jpg\" alt=\"\" width=\"1024\" height=\"1024\" data-srcset=\"https:\/\/www.luxsure.fr\/wp-content\/uploads\/2017\/02\/Compo-produits-Loic-Prigent-2-100x100.jpg 100w, https:\/\/www.luxsure.fr\/wp-content\/uploads\/2017\/02\/Compo-produits-Loic-Prigent-2-600x600.jpg 600w\" data-sizes=\"(max-width: 1024px) 100vw, 1024px\" src=\"data:image\/svg+xml;base64,PHN2ZyB3aWR0aD0iMSIgaGVpZ2h0PSIxIiB4bWxucz0iaHR0cDovL3d3dy53My5vcmcvMjAwMC9zdmciPjwvc3ZnPg==\" style=\"--smush-placeholder-width: 1024px; --smush-placeholder-aspect-ratio: 1024\/1024;\" \/><\/a><\/p>\n","protected":false},"excerpt":{"rendered":"<p>Lo\u00efc Prigent has a keen and selective ear. From February 25 to April 2, the &#8220;things heard&#8221; he gleaned from the Bon March\u00e9 Rive Gauche are the subject of a&hellip;<\/p>\n","protected":false},"author":2,"featured_media":971207,"comment_status":"closed","ping_status":"closed","sticky":false,"template":"","format":"standard","meta":{"_lmt_disableupdate":"","_lmt_disable":"","footnotes":""},"categories":[30432,52709],"tags":[53022,66867],"class_list":["post-2030461","post","type-post","status-publish","format-standard","has-post-thumbnail","hentry","category-fashion-week-en","category-thefashion","tag-bon-marche","tag-loic-prigent"],"yoast_head":"<!-- This site is optimized with the Yoast SEO plugin v27.5 - https:\/\/yoast.com\/product\/yoast-seo-wordpress\/ -->\n<title>Heard at Le Bon March\u00e9 by Loic Prigent - February 25 to April 2, 2017 - Luxsure<\/title>\n<meta name=\"robots\" content=\"index, follow, max-snippet:-1, max-image-preview:large, max-video-preview:-1\" \/>\n<link rel=\"canonical\" href=\"https:\/\/www.luxsure.fr\/en\/2017\/02\/27\/heard-at-le-bon-marche-by-loic-prigent-february-25-to-april-2-2017\/\" \/>\n<meta name=\"twitter:label1\" content=\"Written by\" \/>\n\t<meta name=\"twitter:data1\" content=\"pascal iakovou\" \/>\n\t<meta name=\"twitter:label2\" content=\"Est. reading time\" \/>\n\t<meta name=\"twitter:data2\" content=\"3 minutes\" \/>\n<script type=\"application\/ld+json\" class=\"yoast-schema-graph\">{\"@context\":\"https:\\\/\\\/schema.org\",\"@graph\":[{\"@type\":\"Article\",\"@id\":\"https:\\\/\\\/www.luxsure.fr\\\/en\\\/2017\\\/02\\\/27\\\/heard-at-le-bon-marche-by-loic-prigent-february-25-to-april-2-2017\\\/#article\",\"isPartOf\":{\"@id\":\"https:\\\/\\\/www.luxsure.fr\\\/en\\\/2017\\\/02\\\/27\\\/heard-at-le-bon-marche-by-loic-prigent-february-25-to-april-2-2017\\\/\"},\"author\":{\"name\":\"pascal iakovou\",\"@id\":\"https:\\\/\\\/www.luxsure.fr\\\/#\\\/schema\\\/person\\\/e3e28d08083f4cbc258957c924e39423\"},\"headline\":\"Heard at Le Bon March\u00e9 by Loic Prigent &#8211; February 25 to April 2, 2017\",\"datePublished\":\"2017-02-27T09:40:03+00:00\",\"dateModified\":\"2026-04-27T00:34:28+00:00\",\"mainEntityOfPage\":{\"@id\":\"https:\\\/\\\/www.luxsure.fr\\\/en\\\/2017\\\/02\\\/27\\\/heard-at-le-bon-marche-by-loic-prigent-february-25-to-april-2-2017\\\/\"},\"wordCount\":671,\"publisher\":{\"@id\":\"https:\\\/\\\/www.luxsure.fr\\\/#organization\"},\"image\":{\"@id\":\"https:\\\/\\\/www.luxsure.fr\\\/en\\\/2017\\\/02\\\/27\\\/heard-at-le-bon-marche-by-loic-prigent-february-25-to-april-2-2017\\\/#primaryimage\"},\"thumbnailUrl\":\"https:\\\/\\\/www.luxsure.fr\\\/wp-content\\\/uploads\\\/2017\\\/02\\\/logo-1.png\",\"keywords\":[\"Bon March\u00e9\",\"Loic Prigent\"],\"articleSection\":[\"Fashion Week\",\"The Fashion\"],\"inLanguage\":\"en-US\"},{\"@type\":\"WebPage\",\"@id\":\"https:\\\/\\\/www.luxsure.fr\\\/en\\\/2017\\\/02\\\/27\\\/heard-at-le-bon-marche-by-loic-prigent-february-25-to-april-2-2017\\\/\",\"url\":\"https:\\\/\\\/www.luxsure.fr\\\/en\\\/2017\\\/02\\\/27\\\/heard-at-le-bon-marche-by-loic-prigent-february-25-to-april-2-2017\\\/\",\"name\":\"Heard at Le Bon March\u00e9 by Loic Prigent - February 25 to April 2, 2017 - Luxsure\",\"isPartOf\":{\"@id\":\"https:\\\/\\\/www.luxsure.fr\\\/#website\"},\"primaryImageOfPage\":{\"@id\":\"https:\\\/\\\/www.luxsure.fr\\\/en\\\/2017\\\/02\\\/27\\\/heard-at-le-bon-marche-by-loic-prigent-february-25-to-april-2-2017\\\/#primaryimage\"},\"image\":{\"@id\":\"https:\\\/\\\/www.luxsure.fr\\\/en\\\/2017\\\/02\\\/27\\\/heard-at-le-bon-marche-by-loic-prigent-february-25-to-april-2-2017\\\/#primaryimage\"},\"thumbnailUrl\":\"https:\\\/\\\/www.luxsure.fr\\\/wp-content\\\/uploads\\\/2017\\\/02\\\/logo-1.png\",\"datePublished\":\"2017-02-27T09:40:03+00:00\",\"dateModified\":\"2026-04-27T00:34:28+00:00\",\"breadcrumb\":{\"@id\":\"https:\\\/\\\/www.luxsure.fr\\\/en\\\/2017\\\/02\\\/27\\\/heard-at-le-bon-marche-by-loic-prigent-february-25-to-april-2-2017\\\/#breadcrumb\"},\"inLanguage\":\"en-US\",\"potentialAction\":[{\"@type\":\"ReadAction\",\"target\":[\"https:\\\/\\\/www.luxsure.fr\\\/en\\\/2017\\\/02\\\/27\\\/heard-at-le-bon-marche-by-loic-prigent-february-25-to-april-2-2017\\\/\"]}]},{\"@type\":\"ImageObject\",\"inLanguage\":\"en-US\",\"@id\":\"https:\\\/\\\/www.luxsure.fr\\\/en\\\/2017\\\/02\\\/27\\\/heard-at-le-bon-marche-by-loic-prigent-february-25-to-april-2-2017\\\/#primaryimage\",\"url\":\"https:\\\/\\\/www.luxsure.fr\\\/wp-content\\\/uploads\\\/2017\\\/02\\\/logo-1.png\",\"contentUrl\":\"https:\\\/\\\/www.luxsure.fr\\\/wp-content\\\/uploads\\\/2017\\\/02\\\/logo-1.png\",\"width\":2305,\"height\":1317},{\"@type\":\"BreadcrumbList\",\"@id\":\"https:\\\/\\\/www.luxsure.fr\\\/en\\\/2017\\\/02\\\/27\\\/heard-at-le-bon-marche-by-loic-prigent-february-25-to-april-2-2017\\\/#breadcrumb\",\"itemListElement\":[{\"@type\":\"ListItem\",\"position\":1,\"name\":\"Accueil\",\"item\":\"https:\\\/\\\/www.luxsure.fr\\\/\"},{\"@type\":\"ListItem\",\"position\":2,\"name\":\"Heard at Le Bon March\u00e9 by Loic Prigent &#8211; February 25 to April 2, 2017\"}]},{\"@type\":\"WebSite\",\"@id\":\"https:\\\/\\\/www.luxsure.fr\\\/#website\",\"url\":\"https:\\\/\\\/www.luxsure.fr\\\/\",\"name\":\"Luxsure\",\"description\":\"UNE CERTAINE VISION DU LUXE\",\"publisher\":{\"@id\":\"https:\\\/\\\/www.luxsure.fr\\\/#organization\"},\"potentialAction\":[{\"@type\":\"SearchAction\",\"target\":{\"@type\":\"EntryPoint\",\"urlTemplate\":\"https:\\\/\\\/www.luxsure.fr\\\/?s={search_term_string}\"},\"query-input\":{\"@type\":\"PropertyValueSpecification\",\"valueRequired\":true,\"valueName\":\"search_term_string\"}}],\"inLanguage\":\"en-US\"},{\"@type\":\"Organization\",\"@id\":\"https:\\\/\\\/www.luxsure.fr\\\/#organization\",\"name\":\"Luxsure\",\"url\":\"https:\\\/\\\/www.luxsure.fr\\\/\",\"logo\":{\"@type\":\"ImageObject\",\"inLanguage\":\"en-US\",\"@id\":\"https:\\\/\\\/www.luxsure.fr\\\/#\\\/schema\\\/logo\\\/image\\\/\",\"url\":\"https:\\\/\\\/i0.wp.com\\\/www.luxsure.fr\\\/wp-content\\\/uploads\\\/2015\\\/10\\\/Capture-d\u2019\u00e9cran-2015-08-19-\u00e0-10.51.48.png?fit=551%2C400&ssl=1\",\"contentUrl\":\"https:\\\/\\\/i0.wp.com\\\/www.luxsure.fr\\\/wp-content\\\/uploads\\\/2015\\\/10\\\/Capture-d\u2019\u00e9cran-2015-08-19-\u00e0-10.51.48.png?fit=551%2C400&ssl=1\",\"width\":551,\"height\":400,\"caption\":\"Luxsure\"},\"image\":{\"@id\":\"https:\\\/\\\/www.luxsure.fr\\\/#\\\/schema\\\/logo\\\/image\\\/\"}},{\"@type\":\"Person\",\"@id\":\"https:\\\/\\\/www.luxsure.fr\\\/#\\\/schema\\\/person\\\/e3e28d08083f4cbc258957c924e39423\",\"name\":\"pascal iakovou\",\"image\":{\"@type\":\"ImageObject\",\"inLanguage\":\"en-US\",\"@id\":\"https:\\\/\\\/secure.gravatar.com\\\/avatar\\\/358546e9ab7afafbb35961f747089b93cb88ca12b7a9fcd0c7922cc45f092613?s=96&d=mm&r=g\",\"url\":\"https:\\\/\\\/secure.gravatar.com\\\/avatar\\\/358546e9ab7afafbb35961f747089b93cb88ca12b7a9fcd0c7922cc45f092613?s=96&d=mm&r=g\",\"contentUrl\":\"https:\\\/\\\/secure.gravatar.com\\\/avatar\\\/358546e9ab7afafbb35961f747089b93cb88ca12b7a9fcd0c7922cc45f092613?s=96&d=mm&r=g\",\"caption\":\"pascal iakovou\"},\"sameAs\":[\"http:\\\/\\\/www.luxsure.Fr\"],\"url\":\"https:\\\/\\\/www.luxsure.fr\\\/en\\\/author\\\/pascal\\\/\"}]}<\/script>\n<!-- \/ Yoast SEO plugin. -->","yoast_head_json":{"title":"Heard at Le Bon March\u00e9 by Loic Prigent - February 25 to April 2, 2017 - Luxsure","robots":{"index":"index","follow":"follow","max-snippet":"max-snippet:-1","max-image-preview":"max-image-preview:large","max-video-preview":"max-video-preview:-1"},"canonical":"https:\/\/www.luxsure.fr\/en\/2017\/02\/27\/heard-at-le-bon-marche-by-loic-prigent-february-25-to-april-2-2017\/","twitter_misc":{"Written by":"pascal iakovou","Est. reading time":"3 minutes"},"schema":{"@context":"https:\/\/schema.org","@graph":[{"@type":"Article","@id":"https:\/\/www.luxsure.fr\/en\/2017\/02\/27\/heard-at-le-bon-marche-by-loic-prigent-february-25-to-april-2-2017\/#article","isPartOf":{"@id":"https:\/\/www.luxsure.fr\/en\/2017\/02\/27\/heard-at-le-bon-marche-by-loic-prigent-february-25-to-april-2-2017\/"},"author":{"name":"pascal iakovou","@id":"https:\/\/www.luxsure.fr\/#\/schema\/person\/e3e28d08083f4cbc258957c924e39423"},"headline":"Heard at Le Bon March\u00e9 by Loic Prigent &#8211; February 25 to April 2, 2017","datePublished":"2017-02-27T09:40:03+00:00","dateModified":"2026-04-27T00:34:28+00:00","mainEntityOfPage":{"@id":"https:\/\/www.luxsure.fr\/en\/2017\/02\/27\/heard-at-le-bon-marche-by-loic-prigent-february-25-to-april-2-2017\/"},"wordCount":671,"publisher":{"@id":"https:\/\/www.luxsure.fr\/#organization"},"image":{"@id":"https:\/\/www.luxsure.fr\/en\/2017\/02\/27\/heard-at-le-bon-marche-by-loic-prigent-february-25-to-april-2-2017\/#primaryimage"},"thumbnailUrl":"https:\/\/www.luxsure.fr\/wp-content\/uploads\/2017\/02\/logo-1.png","keywords":["Bon March\u00e9","Loic Prigent"],"articleSection":["Fashion Week","The Fashion"],"inLanguage":"en-US"},{"@type":"WebPage","@id":"https:\/\/www.luxsure.fr\/en\/2017\/02\/27\/heard-at-le-bon-marche-by-loic-prigent-february-25-to-april-2-2017\/","url":"https:\/\/www.luxsure.fr\/en\/2017\/02\/27\/heard-at-le-bon-marche-by-loic-prigent-february-25-to-april-2-2017\/","name":"Heard at Le Bon March\u00e9 by Loic Prigent - February 25 to April 2, 2017 - Luxsure","isPartOf":{"@id":"https:\/\/www.luxsure.fr\/#website"},"primaryImageOfPage":{"@id":"https:\/\/www.luxsure.fr\/en\/2017\/02\/27\/heard-at-le-bon-marche-by-loic-prigent-february-25-to-april-2-2017\/#primaryimage"},"image":{"@id":"https:\/\/www.luxsure.fr\/en\/2017\/02\/27\/heard-at-le-bon-marche-by-loic-prigent-february-25-to-april-2-2017\/#primaryimage"},"thumbnailUrl":"https:\/\/www.luxsure.fr\/wp-content\/uploads\/2017\/02\/logo-1.png","datePublished":"2017-02-27T09:40:03+00:00","dateModified":"2026-04-27T00:34:28+00:00","breadcrumb":{"@id":"https:\/\/www.luxsure.fr\/en\/2017\/02\/27\/heard-at-le-bon-marche-by-loic-prigent-february-25-to-april-2-2017\/#breadcrumb"},"inLanguage":"en-US","potentialAction":[{"@type":"ReadAction","target":["https:\/\/www.luxsure.fr\/en\/2017\/02\/27\/heard-at-le-bon-marche-by-loic-prigent-february-25-to-april-2-2017\/"]}]},{"@type":"ImageObject","inLanguage":"en-US","@id":"https:\/\/www.luxsure.fr\/en\/2017\/02\/27\/heard-at-le-bon-marche-by-loic-prigent-february-25-to-april-2-2017\/#primaryimage","url":"https:\/\/www.luxsure.fr\/wp-content\/uploads\/2017\/02\/logo-1.png","contentUrl":"https:\/\/www.luxsure.fr\/wp-content\/uploads\/2017\/02\/logo-1.png","width":2305,"height":1317},{"@type":"BreadcrumbList","@id":"https:\/\/www.luxsure.fr\/en\/2017\/02\/27\/heard-at-le-bon-marche-by-loic-prigent-february-25-to-april-2-2017\/#breadcrumb","itemListElement":[{"@type":"ListItem","position":1,"name":"Accueil","item":"https:\/\/www.luxsure.fr\/"},{"@type":"ListItem","position":2,"name":"Heard at Le Bon March\u00e9 by Loic Prigent &#8211; February 25 to April 2, 2017"}]},{"@type":"WebSite","@id":"https:\/\/www.luxsure.fr\/#website","url":"https:\/\/www.luxsure.fr\/","name":"Luxsure","description":"UNE CERTAINE VISION DU LUXE","publisher":{"@id":"https:\/\/www.luxsure.fr\/#organization"},"potentialAction":[{"@type":"SearchAction","target":{"@type":"EntryPoint","urlTemplate":"https:\/\/www.luxsure.fr\/?s={search_term_string}"},"query-input":{"@type":"PropertyValueSpecification","valueRequired":true,"valueName":"search_term_string"}}],"inLanguage":"en-US"},{"@type":"Organization","@id":"https:\/\/www.luxsure.fr\/#organization","name":"Luxsure","url":"https:\/\/www.luxsure.fr\/","logo":{"@type":"ImageObject","inLanguage":"en-US","@id":"https:\/\/www.luxsure.fr\/#\/schema\/logo\/image\/","url":"https:\/\/i0.wp.com\/www.luxsure.fr\/wp-content\/uploads\/2015\/10\/Capture-d\u2019\u00e9cran-2015-08-19-\u00e0-10.51.48.png?fit=551%2C400&ssl=1","contentUrl":"https:\/\/i0.wp.com\/www.luxsure.fr\/wp-content\/uploads\/2015\/10\/Capture-d\u2019\u00e9cran-2015-08-19-\u00e0-10.51.48.png?fit=551%2C400&ssl=1","width":551,"height":400,"caption":"Luxsure"},"image":{"@id":"https:\/\/www.luxsure.fr\/#\/schema\/logo\/image\/"}},{"@type":"Person","@id":"https:\/\/www.luxsure.fr\/#\/schema\/person\/e3e28d08083f4cbc258957c924e39423","name":"pascal iakovou","image":{"@type":"ImageObject","inLanguage":"en-US","@id":"https:\/\/secure.gravatar.com\/avatar\/358546e9ab7afafbb35961f747089b93cb88ca12b7a9fcd0c7922cc45f092613?s=96&d=mm&r=g","url":"https:\/\/secure.gravatar.com\/avatar\/358546e9ab7afafbb35961f747089b93cb88ca12b7a9fcd0c7922cc45f092613?s=96&d=mm&r=g","contentUrl":"https:\/\/secure.gravatar.com\/avatar\/358546e9ab7afafbb35961f747089b93cb88ca12b7a9fcd0c7922cc45f092613?s=96&d=mm&r=g","caption":"pascal iakovou"},"sameAs":["http:\/\/www.luxsure.Fr"],"url":"https:\/\/www.luxsure.fr\/en\/author\/pascal\/"}]}},"_links":{"self":[{"href":"https:\/\/www.luxsure.fr\/en\/wp-json\/wp\/v2\/posts\/2030461","targetHints":{"allow":["GET"]}}],"collection":[{"href":"https:\/\/www.luxsure.fr\/en\/wp-json\/wp\/v2\/posts"}],"about":[{"href":"https:\/\/www.luxsure.fr\/en\/wp-json\/wp\/v2\/types\/post"}],"author":[{"embeddable":true,"href":"https:\/\/www.luxsure.fr\/en\/wp-json\/wp\/v2\/users\/2"}],"replies":[{"embeddable":true,"href":"https:\/\/www.luxsure.fr\/en\/wp-json\/wp\/v2\/comments?post=2030461"}],"version-history":[{"count":0,"href":"https:\/\/www.luxsure.fr\/en\/wp-json\/wp\/v2\/posts\/2030461\/revisions"}],"wp:featuredmedia":[{"embeddable":true,"href":"https:\/\/www.luxsure.fr\/en\/wp-json\/wp\/v2\/media\/971207"}],"wp:attachment":[{"href":"https:\/\/www.luxsure.fr\/en\/wp-json\/wp\/v2\/media?parent=2030461"}],"wp:term":[{"taxonomy":"category","embeddable":true,"href":"https:\/\/www.luxsure.fr\/en\/wp-json\/wp\/v2\/categories?post=2030461"},{"taxonomy":"post_tag","embeddable":true,"href":"https:\/\/www.luxsure.fr\/en\/wp-json\/wp\/v2\/tags?post=2030461"}],"curies":[{"name":"wp","href":"https:\/\/api.w.org\/{rel}","templated":true}]}}