{"id":2030314,"date":"2016-05-27T09:49:33","date_gmt":"2016-05-27T07:49:33","guid":{"rendered":"https:\/\/www.luxsure.fr\/2016\/05\/27\/cannes-2016-the-amfar-gala-evening\/"},"modified":"2026-04-27T02:01:28","modified_gmt":"2026-04-27T00:01:28","slug":"cannes-2016-the-amfar-gala-evening","status":"publish","type":"post","link":"https:\/\/www.luxsure.fr\/en\/2016\/05\/27\/cannes-2016-the-amfar-gala-evening\/","title":{"rendered":"Cannes 2016: the amfAR Gala evening"},"content":{"rendered":"<div class=\"\">\n<div class=\"WordSection1\">\n<div class=\"\"><strong>The amfAR Gala is one of the highlights of the <span style=\"color: #ff99cc\"><a style=\"color: #ff99cc\" href=\"https:\/\/www.www.luxsure.fr\/2016\/05\/26\/cannes-2016-retour-sur-les-plus-beaux-looks\/\" target=\"_blank\">Cannes Film Festival<\/a><\/span>. On May 19, celebrities gathered at the Hotel du Cap for the 23rd edition of the &#8220;Cinema Against AIDS&#8221; Gala.   <\/strong><\/div>\n<div class=\"\"><\/div>\n<div class=\"\"><\/div>\n<div class=\"\">This year, <a href=\"https:\/\/www.www.luxsure.fr\/2015\/01\/14\/harry-winston-signe-partenariat-fondation-amfar\/\" target=\"_blank\"><br \/>\n  <span style=\"color: #ff99cc\"><strong>Harry Winston<\/strong> <strong>organizer and principal partner of the Gala<\/strong><\/span><br \/>\n<\/a> donated an exceptional necklace, auctioned off for 375,000 euros, to the cause.<\/div>\n<div class=\"\"><\/div>\n<div class=\"\">\n<div id=\"attachment_175780\" style=\"width: 2176px\" class=\"wp-caption alignnone\"><a href=\"https:\/\/www.luxsure.fr\/wp-content\/uploads\/2016\/05\/532756320_Original_29970.jpg\" data-rel=\"penci-gallery-image-content\" ><img decoding=\"async\" aria-describedby=\"caption-attachment-175780\" class=\"wp-image-175780 size-full lazyload\" data-src=\"https:\/\/www.luxsure.fr\/wp-content\/uploads\/2016\/05\/532756320_Original_29970.jpg\" alt=\"\"PRIVATE NOT FOR POSTING: Harry Winston at amfAR's 23rd Annual Cinema Against AIDS Gala\"\" width=\"2166\" height=\"3000\" data-srcset=\"https:\/\/www.luxsure.fr\/wp-content\/uploads\/2016\/05\/532756320_Original_29970.jpg 2166w, https:\/\/www.luxsure.fr\/wp-content\/uploads\/2016\/05\/532756320_Original_29970-217x300.jpg 217w, https:\/\/www.luxsure.fr\/wp-content\/uploads\/2016\/05\/532756320_Original_29970-768x1064.jpg 768w, https:\/\/www.luxsure.fr\/wp-content\/uploads\/2016\/05\/532756320_Original_29970-739x1024.jpg 739w, https:\/\/www.luxsure.fr\/wp-content\/uploads\/2016\/05\/532756320_Original_29970-600x831.jpg 600w\" data-sizes=\"(max-width: 2166px) 100vw, 2166px\" src=\"data:image\/svg+xml;base64,PHN2ZyB3aWR0aD0iMSIgaGVpZ2h0PSIxIiB4bWxucz0iaHR0cDovL3d3dy53My5vcmcvMjAwMC9zdmciPjwvc3ZnPg==\" style=\"--smush-placeholder-width: 2166px; --smush-placeholder-aspect-ratio: 2166\/3000;\" \/><\/a><p id=\"caption-attachment-175780\" class=\"wp-caption-text\">The <strong>Harry Winston<\/strong> Secret Cluster Perfume Bottle necklace presented by <strong>Karolina Kurkova<\/strong>.<\/p><\/div>\n<\/div>\n<\/div>\n<\/div>\n<div class=\"\">  The jewelry house also organized a fashion show, led by <strong>Carine Roitfeld<\/strong>.<\/div>\n<div class=\"\"><\/div>\n<div class=\"\">\n<div id=\"attachment_175785\" style=\"width: 2003px\" class=\"wp-caption alignnone\"><a href=\"https:\/\/www.luxsure.fr\/wp-content\/uploads\/2016\/05\/532767650-1_Original_29976.jpg\" data-rel=\"penci-gallery-image-content\" ><img decoding=\"async\" aria-describedby=\"caption-attachment-175785\" class=\"size-full wp-image-175785 lazyload\" data-src=\"https:\/\/www.luxsure.fr\/wp-content\/uploads\/2016\/05\/532767650-1_Original_29976.jpg\" alt=\"Karlie Kloss during the show.\" width=\"1993\" height=\"3000\" data-srcset=\"https:\/\/www.luxsure.fr\/wp-content\/uploads\/2016\/05\/532767650-1_Original_29976.jpg 1993w, https:\/\/www.luxsure.fr\/wp-content\/uploads\/2016\/05\/532767650-1_Original_29976-199x300.jpg 199w, https:\/\/www.luxsure.fr\/wp-content\/uploads\/2016\/05\/532767650-1_Original_29976-768x1156.jpg 768w, https:\/\/www.luxsure.fr\/wp-content\/uploads\/2016\/05\/532767650-1_Original_29976-680x1024.jpg 680w, https:\/\/www.luxsure.fr\/wp-content\/uploads\/2016\/05\/532767650-1_Original_29976-600x903.jpg 600w\" data-sizes=\"(max-width: 1993px) 100vw, 1993px\" src=\"data:image\/svg+xml;base64,PHN2ZyB3aWR0aD0iMSIgaGVpZ2h0PSIxIiB4bWxucz0iaHR0cDovL3d3dy53My5vcmcvMjAwMC9zdmciPjwvc3ZnPg==\" style=\"--smush-placeholder-width: 1993px; --smush-placeholder-aspect-ratio: 1993\/3000;\" \/><\/a><p id=\"caption-attachment-175785\" class=\"wp-caption-text\">Karlie Kloss during the show.<\/p><\/div>\n<\/div>\n<div class=\"\">A glamorous charity event, which was an opportunity for the stars to bring out their finest dresses. From supermodel<strong> Doutzen Kroes<\/strong> &#8216; Brigitte Bardot look to actress <strong>Uma Thurman<\/strong>&#8216;s neon pink gown, take a <strong>look back at the outfits from the 2016 amfAR Gala :<\/strong> <\/div>\n<div class=\"\"><\/div>\n<div class=\"\">\n<div id=\"attachment_175777\" style=\"width: 1996px\" class=\"wp-caption alignnone\"><a href=\"https:\/\/www.luxsure.fr\/wp-content\/uploads\/2016\/05\/Katy-Perry-532727680_Original_29962.jpg\" data-rel=\"penci-gallery-image-content\" ><img decoding=\"async\" aria-describedby=\"caption-attachment-175777\" class=\"size-full wp-image-175777 lazyload\" data-src=\"https:\/\/www.luxsure.fr\/wp-content\/uploads\/2016\/05\/Katy-Perry-532727680_Original_29962.jpg\" alt=\"KATY PERRY Red Carpet - Winston Cluster Diamond Chandelier Earrings, 23.01 carats, set in platinum - Lotus Cluster Diamond Ring, 2.34 carats, set in platinum  \" width=\"1986\" height=\"3000\" data-srcset=\"https:\/\/www.luxsure.fr\/wp-content\/uploads\/2016\/05\/Katy-Perry-532727680_Original_29962.jpg 1986w, https:\/\/www.luxsure.fr\/wp-content\/uploads\/2016\/05\/Katy-Perry-532727680_Original_29962-199x300.jpg 199w, https:\/\/www.luxsure.fr\/wp-content\/uploads\/2016\/05\/Katy-Perry-532727680_Original_29962-768x1160.jpg 768w, https:\/\/www.luxsure.fr\/wp-content\/uploads\/2016\/05\/Katy-Perry-532727680_Original_29962-678x1024.jpg 678w, https:\/\/www.luxsure.fr\/wp-content\/uploads\/2016\/05\/Katy-Perry-532727680_Original_29962-600x906.jpg 600w\" data-sizes=\"(max-width: 1986px) 100vw, 1986px\" src=\"data:image\/svg+xml;base64,PHN2ZyB3aWR0aD0iMSIgaGVpZ2h0PSIxIiB4bWxucz0iaHR0cDovL3d3dy53My5vcmcvMjAwMC9zdmciPjwvc3ZnPg==\" style=\"--smush-placeholder-width: 1986px; --smush-placeholder-aspect-ratio: 1986\/3000;\" \/><\/a><p id=\"caption-attachment-175777\" class=\"wp-caption-text\"><strong>KATY PERRY<\/strong> wore a <strong>Harry Winston<\/strong> necklace and ring.<\/p>\n<p><\/p><\/div>\n<\/div>\n<div class=\"\">\n<div id=\"attachment_175766\" style=\"width: 3110px\" class=\"wp-caption alignnone\"><a href=\"https:\/\/www.luxsure.fr\/wp-content\/uploads\/2016\/05\/AmFar_may19_52.jpg\" data-rel=\"penci-gallery-image-content\" ><img decoding=\"async\" aria-describedby=\"caption-attachment-175766\" class=\"size-full wp-image-175766 lazyload\" data-src=\"https:\/\/www.luxsure.fr\/wp-content\/uploads\/2016\/05\/AmFar_may19_52.jpg\" alt=\"HELEN MIRREN - Lily Cluster Diamond Necklace, 5.32 carats, set in 18kt yellow gold - Radiant Yellow Diamond Earrings with Micropave, 12.84 carats, set in 18kt yellow gold and platinum\" width=\"3100\" height=\"4658\" data-srcset=\"https:\/\/www.luxsure.fr\/wp-content\/uploads\/2016\/05\/AmFar_may19_52.jpg 3100w, https:\/\/www.luxsure.fr\/wp-content\/uploads\/2016\/05\/AmFar_may19_52-200x300.jpg 200w, https:\/\/www.luxsure.fr\/wp-content\/uploads\/2016\/05\/AmFar_may19_52-768x1154.jpg 768w, https:\/\/www.luxsure.fr\/wp-content\/uploads\/2016\/05\/AmFar_may19_52-681x1024.jpg 681w, https:\/\/www.luxsure.fr\/wp-content\/uploads\/2016\/05\/AmFar_may19_52-600x902.jpg 600w\" data-sizes=\"(max-width: 3100px) 100vw, 3100px\" src=\"data:image\/svg+xml;base64,PHN2ZyB3aWR0aD0iMSIgaGVpZ2h0PSIxIiB4bWxucz0iaHR0cDovL3d3dy53My5vcmcvMjAwMC9zdmciPjwvc3ZnPg==\" style=\"--smush-placeholder-width: 3100px; --smush-placeholder-aspect-ratio: 3100\/4658;\" \/><\/a><p id=\"caption-attachment-175766\" class=\"wp-caption-text\"><strong>HELEN MIRREN<\/strong>, <strong>L&#8217;Or\u00e9al<\/strong> ambassador, wore a <strong>Harry Winston<\/strong> necklace and earrings.<\/p><\/div>\n<\/div>\n<div class=\"\"><\/div>\n<div class=\"\">\n<div class=\"\">\n<div class=\"WordSection1\">\n<div class=\"\">\n<div id=\"attachment_175723\" style=\"width: 3194px\" class=\"wp-caption alignnone\"><a href=\"https:\/\/www.luxsure.fr\/wp-content\/uploads\/2016\/05\/Rosie-Huntington-Whiteley-GettyImages-532731588.jpg\" data-rel=\"penci-gallery-image-content\" ><img decoding=\"async\" aria-describedby=\"caption-attachment-175723\" class=\"wp-image-175723 size-full lazyload\" data-src=\"https:\/\/www.luxsure.fr\/wp-content\/uploads\/2016\/05\/Rosie-Huntington-Whiteley-GettyImages-532731588.jpg\" alt=\"Rosie Huntington-Whiteley\" width=\"3184\" height=\"4784\" data-srcset=\"https:\/\/www.luxsure.fr\/wp-content\/uploads\/2016\/05\/Rosie-Huntington-Whiteley-GettyImages-532731588.jpg 3184w, https:\/\/www.luxsure.fr\/wp-content\/uploads\/2016\/05\/Rosie-Huntington-Whiteley-GettyImages-532731588-200x300.jpg 200w, https:\/\/www.luxsure.fr\/wp-content\/uploads\/2016\/05\/Rosie-Huntington-Whiteley-GettyImages-532731588-768x1154.jpg 768w, https:\/\/www.luxsure.fr\/wp-content\/uploads\/2016\/05\/Rosie-Huntington-Whiteley-GettyImages-532731588-682x1024.jpg 682w, https:\/\/www.luxsure.fr\/wp-content\/uploads\/2016\/05\/Rosie-Huntington-Whiteley-GettyImages-532731588-600x902.jpg 600w\" data-sizes=\"(max-width: 3184px) 100vw, 3184px\" src=\"data:image\/svg+xml;base64,PHN2ZyB3aWR0aD0iMSIgaGVpZ2h0PSIxIiB4bWxucz0iaHR0cDovL3d3dy53My5vcmcvMjAwMC9zdmciPjwvc3ZnPg==\" style=\"--smush-placeholder-width: 3184px; --smush-placeholder-aspect-ratio: 3184\/4784;\" \/><\/a><p id=\"caption-attachment-175723\" class=\"wp-caption-text\"><strong>Rosie Huntington-Whiteley<\/strong> wore a silver<strong> Bulagri<\/strong> Serpenti clutch in lizard leather. She also wore &#8220;Charleston&#8221; earrings in 18K white gold, diamonds and onyx, and a &#8220;Franges Swing&#8221; bracelet in 18K white gold and diamonds<strong> CHANEL Joaillerie<\/strong><\/p><\/div>\n<\/div>\n<div class=\"\">\n<div id=\"attachment_175722\" style=\"width: 2752px\" class=\"wp-caption alignnone\"><a href=\"https:\/\/www.luxsure.fr\/wp-content\/uploads\/2016\/05\/Valeria-Golino-GettyImages-532741496.jpg\" data-rel=\"penci-gallery-image-content\" ><img decoding=\"async\" aria-describedby=\"caption-attachment-175722\" class=\"size-full wp-image-175722 lazyload\" data-src=\"https:\/\/www.luxsure.fr\/wp-content\/uploads\/2016\/05\/Valeria-Golino-GettyImages-532741496.jpg\" alt=\"Valeria Golino\" width=\"2742\" height=\"3960\" data-srcset=\"https:\/\/www.luxsure.fr\/wp-content\/uploads\/2016\/05\/Valeria-Golino-GettyImages-532741496.jpg 2742w, https:\/\/www.luxsure.fr\/wp-content\/uploads\/2016\/05\/Valeria-Golino-GettyImages-532741496-208x300.jpg 208w, https:\/\/www.luxsure.fr\/wp-content\/uploads\/2016\/05\/Valeria-Golino-GettyImages-532741496-768x1109.jpg 768w, https:\/\/www.luxsure.fr\/wp-content\/uploads\/2016\/05\/Valeria-Golino-GettyImages-532741496-709x1024.jpg 709w, https:\/\/www.luxsure.fr\/wp-content\/uploads\/2016\/05\/Valeria-Golino-GettyImages-532741496-600x867.jpg 600w\" data-sizes=\"(max-width: 2742px) 100vw, 2742px\" src=\"data:image\/svg+xml;base64,PHN2ZyB3aWR0aD0iMSIgaGVpZ2h0PSIxIiB4bWxucz0iaHR0cDovL3d3dy53My5vcmcvMjAwMC9zdmciPjwvc3ZnPg==\" style=\"--smush-placeholder-width: 2742px; --smush-placeholder-aspect-ratio: 2742\/3960;\" \/><\/a><p id=\"caption-attachment-175722\" class=\"wp-caption-text\"><strong>Valeria Golino<\/strong> wore a <strong>Bulgari<\/strong> necklace.<\/p><\/div>\n<\/div>\n<\/div>\n<\/div>\n<\/div>\n<div class=\"\">\n<div class=\"\">\n<div id=\"attachment_175724\" style=\"width: 3090px\" class=\"wp-caption alignnone\"><a href=\"https:\/\/www.luxsure.fr\/wp-content\/uploads\/2016\/05\/Madalina-Ghenea-GettyImages-532736354.jpg\" data-rel=\"penci-gallery-image-content\" ><img decoding=\"async\" aria-describedby=\"caption-attachment-175724\" class=\"size-full wp-image-175724 lazyload\" data-src=\"https:\/\/www.luxsure.fr\/wp-content\/uploads\/2016\/05\/Madalina-Ghenea-GettyImages-532736354.jpg\" alt=\"Madalina Ghenea\" width=\"3080\" height=\"4627\" data-srcset=\"https:\/\/www.luxsure.fr\/wp-content\/uploads\/2016\/05\/Madalina-Ghenea-GettyImages-532736354.jpg 3080w, https:\/\/www.luxsure.fr\/wp-content\/uploads\/2016\/05\/Madalina-Ghenea-GettyImages-532736354-200x300.jpg 200w, https:\/\/www.luxsure.fr\/wp-content\/uploads\/2016\/05\/Madalina-Ghenea-GettyImages-532736354-768x1154.jpg 768w, https:\/\/www.luxsure.fr\/wp-content\/uploads\/2016\/05\/Madalina-Ghenea-GettyImages-532736354-682x1024.jpg 682w, https:\/\/www.luxsure.fr\/wp-content\/uploads\/2016\/05\/Madalina-Ghenea-GettyImages-532736354-600x901.jpg 600w\" data-sizes=\"(max-width: 3080px) 100vw, 3080px\" src=\"data:image\/svg+xml;base64,PHN2ZyB3aWR0aD0iMSIgaGVpZ2h0PSIxIiB4bWxucz0iaHR0cDovL3d3dy53My5vcmcvMjAwMC9zdmciPjwvc3ZnPg==\" style=\"--smush-placeholder-width: 3080px; --smush-placeholder-aspect-ratio: 3080\/4627;\" \/><\/a><p id=\"caption-attachment-175724\" class=\"wp-caption-text\"><strong>Madalina Ghenea<\/strong> wore <strong>Bulgari<\/strong> earrings.<\/p><\/div>\n<div id=\"attachment_175721\" style=\"width: 3290px\" class=\"wp-caption alignnone\"><a href=\"https:\/\/www.luxsure.fr\/wp-content\/uploads\/2016\/05\/Jessica-Hart-GettyImages-532713988.jpg\" data-rel=\"penci-gallery-image-content\" ><img decoding=\"async\" aria-describedby=\"caption-attachment-175721\" class=\"size-full wp-image-175721 lazyload\" data-src=\"https:\/\/www.luxsure.fr\/wp-content\/uploads\/2016\/05\/Jessica-Hart-GettyImages-532713988.jpg\" alt=\"Jessica Hart\" width=\"3280\" height=\"4856\" data-srcset=\"https:\/\/www.luxsure.fr\/wp-content\/uploads\/2016\/05\/Jessica-Hart-GettyImages-532713988.jpg 3280w, https:\/\/www.luxsure.fr\/wp-content\/uploads\/2016\/05\/Jessica-Hart-GettyImages-532713988-203x300.jpg 203w, https:\/\/www.luxsure.fr\/wp-content\/uploads\/2016\/05\/Jessica-Hart-GettyImages-532713988-768x1137.jpg 768w, https:\/\/www.luxsure.fr\/wp-content\/uploads\/2016\/05\/Jessica-Hart-GettyImages-532713988-692x1024.jpg 692w, https:\/\/www.luxsure.fr\/wp-content\/uploads\/2016\/05\/Jessica-Hart-GettyImages-532713988-600x888.jpg 600w\" data-sizes=\"(max-width: 3280px) 100vw, 3280px\" src=\"data:image\/svg+xml;base64,PHN2ZyB3aWR0aD0iMSIgaGVpZ2h0PSIxIiB4bWxucz0iaHR0cDovL3d3dy53My5vcmcvMjAwMC9zdmciPjwvc3ZnPg==\" style=\"--smush-placeholder-width: 3280px; --smush-placeholder-aspect-ratio: 3280\/4856;\" \/><\/a><p id=\"caption-attachment-175721\" class=\"wp-caption-text\"><strong>Jessica Hart<\/strong> wore a <strong>Bulgari<\/strong> necklace.<\/p><\/div>\n<div id=\"attachment_175720\" style=\"width: 3212px\" class=\"wp-caption alignnone\"><a href=\"https:\/\/www.luxsure.fr\/wp-content\/uploads\/2016\/05\/Princess-Lilly-zu-Sayn-Wittgenstein-Berleburg-GettyImages-532690352.jpg\" data-rel=\"penci-gallery-image-content\" ><img decoding=\"async\" aria-describedby=\"caption-attachment-175720\" class=\"size-full wp-image-175720 lazyload\" data-src=\"https:\/\/www.luxsure.fr\/wp-content\/uploads\/2016\/05\/Princess-Lilly-zu-Sayn-Wittgenstein-Berleburg-GettyImages-532690352.jpg\" alt=\"Princess Lilly zu Sayn Wittgenstein\" width=\"3202\" height=\"4811\" data-srcset=\"https:\/\/www.luxsure.fr\/wp-content\/uploads\/2016\/05\/Princess-Lilly-zu-Sayn-Wittgenstein-Berleburg-GettyImages-532690352.jpg 3202w, https:\/\/www.luxsure.fr\/wp-content\/uploads\/2016\/05\/Princess-Lilly-zu-Sayn-Wittgenstein-Berleburg-GettyImages-532690352-200x300.jpg 200w, https:\/\/www.luxsure.fr\/wp-content\/uploads\/2016\/05\/Princess-Lilly-zu-Sayn-Wittgenstein-Berleburg-GettyImages-532690352-768x1154.jpg 768w, https:\/\/www.luxsure.fr\/wp-content\/uploads\/2016\/05\/Princess-Lilly-zu-Sayn-Wittgenstein-Berleburg-GettyImages-532690352-682x1024.jpg 682w, https:\/\/www.luxsure.fr\/wp-content\/uploads\/2016\/05\/Princess-Lilly-zu-Sayn-Wittgenstein-Berleburg-GettyImages-532690352-600x901.jpg 600w\" data-sizes=\"(max-width: 3202px) 100vw, 3202px\" src=\"data:image\/svg+xml;base64,PHN2ZyB3aWR0aD0iMSIgaGVpZ2h0PSIxIiB4bWxucz0iaHR0cDovL3d3dy53My5vcmcvMjAwMC9zdmciPjwvc3ZnPg==\" style=\"--smush-placeholder-width: 3202px; --smush-placeholder-aspect-ratio: 3202\/4811;\" \/><\/a><p id=\"caption-attachment-175720\" class=\"wp-caption-text\"><strong>Princess Lilly zu Sayn Wittgenstein<\/strong> wore a <strong>Bulagri<\/strong> necklace.<\/p><\/div>\n<div id=\"attachment_175718\" style=\"width: 3357px\" class=\"wp-caption alignnone\"><a href=\"https:\/\/www.luxsure.fr\/wp-content\/uploads\/2016\/05\/Ana-Beatriz-Barros-GettyImages-532736176.jpg\" data-rel=\"penci-gallery-image-content\" ><img decoding=\"async\" aria-describedby=\"caption-attachment-175718\" class=\"size-full wp-image-175718 lazyload\" data-src=\"https:\/\/www.luxsure.fr\/wp-content\/uploads\/2016\/05\/Ana-Beatriz-Barros-GettyImages-532736176.jpg\" alt=\"Ana Beatriz Barros\" width=\"3347\" height=\"4860\" data-srcset=\"https:\/\/www.luxsure.fr\/wp-content\/uploads\/2016\/05\/Ana-Beatriz-Barros-GettyImages-532736176.jpg 3347w, https:\/\/www.luxsure.fr\/wp-content\/uploads\/2016\/05\/Ana-Beatriz-Barros-GettyImages-532736176-207x300.jpg 207w, https:\/\/www.luxsure.fr\/wp-content\/uploads\/2016\/05\/Ana-Beatriz-Barros-GettyImages-532736176-768x1115.jpg 768w, https:\/\/www.luxsure.fr\/wp-content\/uploads\/2016\/05\/Ana-Beatriz-Barros-GettyImages-532736176-705x1024.jpg 705w, https:\/\/www.luxsure.fr\/wp-content\/uploads\/2016\/05\/Ana-Beatriz-Barros-GettyImages-532736176-600x871.jpg 600w\" data-sizes=\"(max-width: 3347px) 100vw, 3347px\" src=\"data:image\/svg+xml;base64,PHN2ZyB3aWR0aD0iMSIgaGVpZ2h0PSIxIiB4bWxucz0iaHR0cDovL3d3dy53My5vcmcvMjAwMC9zdmciPjwvc3ZnPg==\" style=\"--smush-placeholder-width: 3347px; --smush-placeholder-aspect-ratio: 3347\/4860;\" \/><\/a><p id=\"caption-attachment-175718\" class=\"wp-caption-text\"><strong>Ana Beatriz Barros<\/strong> wore a <strong>Bulgari<\/strong> set.<\/p><\/div>\n<div id=\"attachment_175719\" style=\"width: 2095px\" class=\"wp-caption alignnone\"><a href=\"https:\/\/www.luxsure.fr\/wp-content\/uploads\/2016\/05\/Bella-Heathcote-GettyImages-532728266.jpg\" data-rel=\"penci-gallery-image-content\" ><img decoding=\"async\" aria-describedby=\"caption-attachment-175719\" class=\"size-full wp-image-175719 lazyload\" data-src=\"https:\/\/www.luxsure.fr\/wp-content\/uploads\/2016\/05\/Bella-Heathcote-GettyImages-532728266.jpg\" alt=\"Bella Heathcote\" width=\"2085\" height=\"3000\" data-srcset=\"https:\/\/www.luxsure.fr\/wp-content\/uploads\/2016\/05\/Bella-Heathcote-GettyImages-532728266.jpg 2085w, https:\/\/www.luxsure.fr\/wp-content\/uploads\/2016\/05\/Bella-Heathcote-GettyImages-532728266-209x300.jpg 209w, https:\/\/www.luxsure.fr\/wp-content\/uploads\/2016\/05\/Bella-Heathcote-GettyImages-532728266-768x1105.jpg 768w, https:\/\/www.luxsure.fr\/wp-content\/uploads\/2016\/05\/Bella-Heathcote-GettyImages-532728266-712x1024.jpg 712w, https:\/\/www.luxsure.fr\/wp-content\/uploads\/2016\/05\/Bella-Heathcote-GettyImages-532728266-600x863.jpg 600w\" data-sizes=\"(max-width: 2085px) 100vw, 2085px\" src=\"data:image\/svg+xml;base64,PHN2ZyB3aWR0aD0iMSIgaGVpZ2h0PSIxIiB4bWxucz0iaHR0cDovL3d3dy53My5vcmcvMjAwMC9zdmciPjwvc3ZnPg==\" style=\"--smush-placeholder-width: 2085px; --smush-placeholder-aspect-ratio: 2085\/3000;\" \/><\/a><p id=\"caption-attachment-175719\" class=\"wp-caption-text\"><strong>Bella Heathcote<\/strong> wore <strong>Bulgari<\/strong> earrings.<\/p><\/div>\n<div id=\"attachment_175726\" style=\"width: 3138px\" class=\"wp-caption alignnone\"><a href=\"https:\/\/www.luxsure.fr\/wp-content\/uploads\/2016\/05\/Mischa-Barton-GettyImages-532728120.jpg\" data-rel=\"penci-gallery-image-content\" ><img decoding=\"async\" aria-describedby=\"caption-attachment-175726\" class=\"size-full wp-image-175726 lazyload\" data-src=\"https:\/\/www.luxsure.fr\/wp-content\/uploads\/2016\/05\/Mischa-Barton-GettyImages-532728120.jpg\" alt=\"Mischa Barton\" width=\"3128\" height=\"4700\" data-srcset=\"https:\/\/www.luxsure.fr\/wp-content\/uploads\/2016\/05\/Mischa-Barton-GettyImages-532728120.jpg 3128w, https:\/\/www.luxsure.fr\/wp-content\/uploads\/2016\/05\/Mischa-Barton-GettyImages-532728120-200x300.jpg 200w, https:\/\/www.luxsure.fr\/wp-content\/uploads\/2016\/05\/Mischa-Barton-GettyImages-532728120-768x1154.jpg 768w, https:\/\/www.luxsure.fr\/wp-content\/uploads\/2016\/05\/Mischa-Barton-GettyImages-532728120-682x1024.jpg 682w, https:\/\/www.luxsure.fr\/wp-content\/uploads\/2016\/05\/Mischa-Barton-GettyImages-532728120-600x902.jpg 600w\" data-sizes=\"(max-width: 3128px) 100vw, 3128px\" src=\"data:image\/svg+xml;base64,PHN2ZyB3aWR0aD0iMSIgaGVpZ2h0PSIxIiB4bWxucz0iaHR0cDovL3d3dy53My5vcmcvMjAwMC9zdmciPjwvc3ZnPg==\" style=\"--smush-placeholder-width: 3128px; --smush-placeholder-aspect-ratio: 3128\/4700;\" \/><\/a><p id=\"caption-attachment-175726\" class=\"wp-caption-text\"><strong>Mischa Barton<\/strong> wore a<strong> Bulgari<\/strong> set.<\/p><\/div>\n<\/div>\n<div class=\"WordSection1\">\n<div class=\"\">\n<div id=\"attachment_175713\" style=\"width: 691px\" class=\"wp-caption alignnone\"><a href=\"https:\/\/www.luxsure.fr\/wp-content\/uploads\/2016\/05\/d5b73466-260c-43c0-b37e-650ea3b40535.jpg\" data-rel=\"penci-gallery-image-content\" ><img decoding=\"async\" aria-describedby=\"caption-attachment-175713\" class=\"wp-image-175713 size-full lazyload\" data-src=\"https:\/\/www.luxsure.fr\/wp-content\/uploads\/2016\/05\/d5b73466-260c-43c0-b37e-650ea3b40535.jpg\" alt=\"CAP D'ANTIBES, FRANCE - MAY 19: Melissa George arrives at amfAR's 23rd Cinema Against AIDS Gala at Hotel du Cap-Eden-Roc on May 19, 2016 in Cap d'Antibes, France. (Photo by Ian Gavan\/Getty Images)\" width=\"681\" height=\"1024\" data-srcset=\"https:\/\/www.luxsure.fr\/wp-content\/uploads\/2016\/05\/d5b73466-260c-43c0-b37e-650ea3b40535.jpg 681w, https:\/\/www.luxsure.fr\/wp-content\/uploads\/2016\/05\/d5b73466-260c-43c0-b37e-650ea3b40535-200x300.jpg 200w, https:\/\/www.luxsure.fr\/wp-content\/uploads\/2016\/05\/d5b73466-260c-43c0-b37e-650ea3b40535-600x902.jpg 600w\" data-sizes=\"(max-width: 681px) 100vw, 681px\" src=\"data:image\/svg+xml;base64,PHN2ZyB3aWR0aD0iMSIgaGVpZ2h0PSIxIiB4bWxucz0iaHR0cDovL3d3dy53My5vcmcvMjAwMC9zdmciPjwvc3ZnPg==\" style=\"--smush-placeholder-width: 681px; --smush-placeholder-aspect-ratio: 681\/1024;\" \/><\/a><p id=\"caption-attachment-175713\" class=\"wp-caption-text\"><strong>Melissa George<\/strong> wore a water-green silk cigaline gown accented with an Iris brooch paved with shocking pink <strong>Schiaparelli Haute Couture<\/strong> Spring-Summer 2016 crystals.<\/p><\/div>\n<div id=\"attachment_175714\" style=\"width: 692px\" class=\"wp-caption alignnone\"><a href=\"https:\/\/www.luxsure.fr\/wp-content\/uploads\/2016\/05\/8d1a137b-4886-47dc-9e9a-dee4c4c5b3ab.jpg\" data-rel=\"penci-gallery-image-content\" ><img decoding=\"async\" aria-describedby=\"caption-attachment-175714\" class=\"wp-image-175714 size-full lazyload\" data-src=\"https:\/\/www.luxsure.fr\/wp-content\/uploads\/2016\/05\/8d1a137b-4886-47dc-9e9a-dee4c4c5b3ab.jpg\" width=\"682\" height=\"1024\" data-srcset=\"https:\/\/www.luxsure.fr\/wp-content\/uploads\/2016\/05\/8d1a137b-4886-47dc-9e9a-dee4c4c5b3ab.jpg 682w, https:\/\/www.luxsure.fr\/wp-content\/uploads\/2016\/05\/8d1a137b-4886-47dc-9e9a-dee4c4c5b3ab-200x300.jpg 200w, https:\/\/www.luxsure.fr\/wp-content\/uploads\/2016\/05\/8d1a137b-4886-47dc-9e9a-dee4c4c5b3ab-600x901.jpg 600w\" data-sizes=\"(max-width: 682px) 100vw, 682px\" src=\"data:image\/svg+xml;base64,PHN2ZyB3aWR0aD0iMSIgaGVpZ2h0PSIxIiB4bWxucz0iaHR0cDovL3d3dy53My5vcmcvMjAwMC9zdmciPjwvc3ZnPg==\" style=\"--smush-placeholder-width: 682px; --smush-placeholder-aspect-ratio: 682\/1024;\" \/><\/a><p id=\"caption-attachment-175714\" class=\"wp-caption-text\"><strong>Uma Thurman<\/strong> chose to wear a draped gown of shocking pink chiffon embellished with a heart embroidered with shocking pink and red <strong>Schiaparelli Haute Couture<\/strong> crystals.<\/p><\/div>\n<div id=\"attachment_175715\" style=\"width: 3290px\" class=\"wp-caption alignnone\"><a href=\"https:\/\/www.luxsure.fr\/wp-content\/uploads\/2016\/05\/AmFar_may19_29.jpg\" data-rel=\"penci-gallery-image-content\" ><img decoding=\"async\" aria-describedby=\"caption-attachment-175715\" class=\"size-full wp-image-175715 lazyload\" data-src=\"https:\/\/www.luxsure.fr\/wp-content\/uploads\/2016\/05\/AmFar_may19_29.jpg\" alt=\"Lara Stone in Givenchy Haute Couture by Riccardo Tisci  \" width=\"3280\" height=\"4928\" data-srcset=\"https:\/\/www.luxsure.fr\/wp-content\/uploads\/2016\/05\/AmFar_may19_29.jpg 3280w, https:\/\/www.luxsure.fr\/wp-content\/uploads\/2016\/05\/AmFar_may19_29-200x300.jpg 200w, https:\/\/www.luxsure.fr\/wp-content\/uploads\/2016\/05\/AmFar_may19_29-768x1154.jpg 768w, https:\/\/www.luxsure.fr\/wp-content\/uploads\/2016\/05\/AmFar_may19_29-682x1024.jpg 682w, https:\/\/www.luxsure.fr\/wp-content\/uploads\/2016\/05\/AmFar_may19_29-600x901.jpg 600w\" data-sizes=\"(max-width: 3280px) 100vw, 3280px\" src=\"data:image\/svg+xml;base64,PHN2ZyB3aWR0aD0iMSIgaGVpZ2h0PSIxIiB4bWxucz0iaHR0cDovL3d3dy53My5vcmcvMjAwMC9zdmciPjwvc3ZnPg==\" style=\"--smush-placeholder-width: 3280px; --smush-placeholder-aspect-ratio: 3280\/4928;\" \/><\/a><p id=\"caption-attachment-175715\" class=\"wp-caption-text\">Lara Stone, <strong>L&#8217;Or\u00e9al<\/strong> ambassador, in <strong>Givenchy Haute Couture<\/strong> by Riccardo Tisci<\/p><\/div>\n<\/div>\n<\/div>\n<\/div>\n<div class=\"\">\n<div id=\"attachment_175727\" style=\"width: 2010px\" class=\"wp-caption alignnone\"><a href=\"https:\/\/www.luxsure.fr\/wp-content\/uploads\/2016\/05\/bb60d0ac-6012-414b-a4d3-7ef6871a16df.jpg\" data-rel=\"penci-gallery-image-content\" ><img decoding=\"async\" aria-describedby=\"caption-attachment-175727\" class=\"size-full wp-image-175727 lazyload\" data-src=\"https:\/\/www.luxsure.fr\/wp-content\/uploads\/2016\/05\/bb60d0ac-6012-414b-a4d3-7ef6871a16df.jpg\" alt=\"Mallika Sherawat wore a parma tulle gown embroidered with silk-thread flowers, pearls and crystals, from the Georges Hobeika Couture Spring-Summer 2016 collection.\" width=\"2000\" height=\"3000\" data-srcset=\"https:\/\/www.luxsure.fr\/wp-content\/uploads\/2016\/05\/bb60d0ac-6012-414b-a4d3-7ef6871a16df.jpg 2000w, https:\/\/www.luxsure.fr\/wp-content\/uploads\/2016\/05\/bb60d0ac-6012-414b-a4d3-7ef6871a16df-200x300.jpg 200w, https:\/\/www.luxsure.fr\/wp-content\/uploads\/2016\/05\/bb60d0ac-6012-414b-a4d3-7ef6871a16df-768x1152.jpg 768w, https:\/\/www.luxsure.fr\/wp-content\/uploads\/2016\/05\/bb60d0ac-6012-414b-a4d3-7ef6871a16df-683x1024.jpg 683w, https:\/\/www.luxsure.fr\/wp-content\/uploads\/2016\/05\/bb60d0ac-6012-414b-a4d3-7ef6871a16df-600x900.jpg 600w\" data-sizes=\"(max-width: 2000px) 100vw, 2000px\" src=\"data:image\/svg+xml;base64,PHN2ZyB3aWR0aD0iMSIgaGVpZ2h0PSIxIiB4bWxucz0iaHR0cDovL3d3dy53My5vcmcvMjAwMC9zdmciPjwvc3ZnPg==\" style=\"--smush-placeholder-width: 2000px; --smush-placeholder-aspect-ratio: 2000\/3000;\" \/><\/a><p id=\"caption-attachment-175727\" class=\"wp-caption-text\"><strong>Mallika Sherawat<\/strong> wore a parma tulle gown embroidered with silk-thread flowers, pearls and crystals, from the <strong>Georges Hobeika<\/strong> Couture Spring-Summer 2016 collection.<\/p><\/div>\n<div id=\"attachment_175728\" style=\"width: 1001px\" class=\"wp-caption alignnone\"><a href=\"https:\/\/www.luxsure.fr\/wp-content\/uploads\/2016\/05\/62d9bb32-5d05-4288-b1a9-9e0ae1c09bc4.jpg\" data-rel=\"penci-gallery-image-content\" ><img decoding=\"async\" aria-describedby=\"caption-attachment-175728\" class=\"size-full wp-image-175728 lazyload\" data-src=\"https:\/\/www.luxsure.fr\/wp-content\/uploads\/2016\/05\/62d9bb32-5d05-4288-b1a9-9e0ae1c09bc4.jpg\" alt=\"Carin Olsson chose a black dress in silk crepe and lace-embroidered tulle, from the Georges Hobeika Pr\u00eat-\u00e0-Porter Autumn-Winter 16-17 collection.\" width=\"991\" height=\"1024\" data-srcset=\"https:\/\/www.luxsure.fr\/wp-content\/uploads\/2016\/05\/62d9bb32-5d05-4288-b1a9-9e0ae1c09bc4.jpg 991w, https:\/\/www.luxsure.fr\/wp-content\/uploads\/2016\/05\/62d9bb32-5d05-4288-b1a9-9e0ae1c09bc4-290x300.jpg 290w, https:\/\/www.luxsure.fr\/wp-content\/uploads\/2016\/05\/62d9bb32-5d05-4288-b1a9-9e0ae1c09bc4-768x794.jpg 768w, https:\/\/www.luxsure.fr\/wp-content\/uploads\/2016\/05\/62d9bb32-5d05-4288-b1a9-9e0ae1c09bc4-600x620.jpg 600w\" data-sizes=\"(max-width: 991px) 100vw, 991px\" src=\"data:image\/svg+xml;base64,PHN2ZyB3aWR0aD0iMSIgaGVpZ2h0PSIxIiB4bWxucz0iaHR0cDovL3d3dy53My5vcmcvMjAwMC9zdmciPjwvc3ZnPg==\" style=\"--smush-placeholder-width: 991px; --smush-placeholder-aspect-ratio: 991\/1024;\" \/><\/a><p id=\"caption-attachment-175728\" class=\"wp-caption-text\"><strong>Carin Olsson<\/strong> wore a black silk crepe and tulle dress embroidered with lace, from the <strong>Georges Hobeika<\/strong> Pr\u00eat-\u00e0-Porter Autumn-Winter 16-17 collection.<\/p><\/div>\n<div id=\"attachment_175729\" style=\"width: 3110px\" class=\"wp-caption alignnone\"><a href=\"https:\/\/www.luxsure.fr\/wp-content\/uploads\/2016\/05\/6ea7506f-9202-4164-956c-544fa781281a.jpg\" data-rel=\"penci-gallery-image-content\" ><img decoding=\"async\" aria-describedby=\"caption-attachment-175729\" class=\"size-full wp-image-175729 lazyload\" data-src=\"https:\/\/www.luxsure.fr\/wp-content\/uploads\/2016\/05\/6ea7506f-9202-4164-956c-544fa781281a.jpg\" alt=\"Tatiana Dziahileva was dressed in a purplish dress in silk crepe and lace-embroidered tulle, from the Georges Hobeika Pr\u00eat-\u00e0-Porter Autumn-Winter 16-17 collection.  \" width=\"3100\" height=\"4484\" data-srcset=\"https:\/\/www.luxsure.fr\/wp-content\/uploads\/2016\/05\/6ea7506f-9202-4164-956c-544fa781281a.jpg 3100w, https:\/\/www.luxsure.fr\/wp-content\/uploads\/2016\/05\/6ea7506f-9202-4164-956c-544fa781281a-207x300.jpg 207w, https:\/\/www.luxsure.fr\/wp-content\/uploads\/2016\/05\/6ea7506f-9202-4164-956c-544fa781281a-768x1111.jpg 768w, https:\/\/www.luxsure.fr\/wp-content\/uploads\/2016\/05\/6ea7506f-9202-4164-956c-544fa781281a-708x1024.jpg 708w, https:\/\/www.luxsure.fr\/wp-content\/uploads\/2016\/05\/6ea7506f-9202-4164-956c-544fa781281a-600x868.jpg 600w\" data-sizes=\"(max-width: 3100px) 100vw, 3100px\" src=\"data:image\/svg+xml;base64,PHN2ZyB3aWR0aD0iMSIgaGVpZ2h0PSIxIiB4bWxucz0iaHR0cDovL3d3dy53My5vcmcvMjAwMC9zdmciPjwvc3ZnPg==\" style=\"--smush-placeholder-width: 3100px; --smush-placeholder-aspect-ratio: 3100\/4484;\" \/><\/a><p id=\"caption-attachment-175729\" class=\"wp-caption-text\"><strong>Tatiana Dziahileva<\/strong> wore a purplish dress in silk crepe and lace-embroidered tulle, from the<strong> Georges Hobeika<\/strong> Pr\u00eat-\u00e0-Porter Autumn-Winter 16-17 collection.<\/p><\/div>\n<div id=\"attachment_175730\" style=\"width: 2418px\" class=\"wp-caption alignnone\"><a href=\"https:\/\/www.luxsure.fr\/wp-content\/uploads\/2016\/05\/4b773f26-07a7-4db6-a327-1c14afb35fd5.jpg\" data-rel=\"penci-gallery-image-content\" ><img decoding=\"async\" aria-describedby=\"caption-attachment-175730\" class=\"size-full wp-image-175730 lazyload\" data-src=\"https:\/\/www.luxsure.fr\/wp-content\/uploads\/2016\/05\/4b773f26-07a7-4db6-a327-1c14afb35fd5.jpg\" alt=\"Victoria Bonya wore a burgundy tulle dress embroidered with burgundy and purple sequined flowers, from the Georges Hobeika Pr\u00eat-\u00e0-Porter Fall-Winter 16-17 collection.\" width=\"2408\" height=\"3612\" data-srcset=\"https:\/\/www.luxsure.fr\/wp-content\/uploads\/2016\/05\/4b773f26-07a7-4db6-a327-1c14afb35fd5.jpg 2408w, https:\/\/www.luxsure.fr\/wp-content\/uploads\/2016\/05\/4b773f26-07a7-4db6-a327-1c14afb35fd5-200x300.jpg 200w, https:\/\/www.luxsure.fr\/wp-content\/uploads\/2016\/05\/4b773f26-07a7-4db6-a327-1c14afb35fd5-768x1152.jpg 768w, https:\/\/www.luxsure.fr\/wp-content\/uploads\/2016\/05\/4b773f26-07a7-4db6-a327-1c14afb35fd5-683x1024.jpg 683w, https:\/\/www.luxsure.fr\/wp-content\/uploads\/2016\/05\/4b773f26-07a7-4db6-a327-1c14afb35fd5-600x900.jpg 600w\" data-sizes=\"(max-width: 2408px) 100vw, 2408px\" src=\"data:image\/svg+xml;base64,PHN2ZyB3aWR0aD0iMSIgaGVpZ2h0PSIxIiB4bWxucz0iaHR0cDovL3d3dy53My5vcmcvMjAwMC9zdmciPjwvc3ZnPg==\" style=\"--smush-placeholder-width: 2408px; --smush-placeholder-aspect-ratio: 2408\/3612;\" \/><\/a><p id=\"caption-attachment-175730\" class=\"wp-caption-text\"><strong>Victoria Bonya<\/strong> wore a burgundy tulle dress embroidered with burgundy and purple sequined flowers, from the <strong>Georges Hobeika<\/strong> Pr\u00eat-\u00e0-Porter Fall-Winter 16-17 collection.<\/p><\/div>\n<div id=\"attachment_175731\" style=\"width: 3290px\" class=\"wp-caption alignnone\"><a href=\"https:\/\/www.luxsure.fr\/wp-content\/uploads\/2016\/05\/AmFar_may19_12.jpg\" data-rel=\"penci-gallery-image-content\" ><img decoding=\"async\" aria-describedby=\"caption-attachment-175731\" class=\"size-full wp-image-175731 lazyload\" data-src=\"https:\/\/www.luxsure.fr\/wp-content\/uploads\/2016\/05\/AmFar_may19_12.jpg\" alt=\"Soo Joo PARK wore a \"Signature Ultime\" necklace and ring in 18K white gold and diamonds, a \"Midnight\" cuff in 18K white gold, diamonds and onyx, and a \"Cam\u00e9lia Coromandel\" ring in 18K white and yellow gold, white and yellow diamonds and CHANEL Joaillerie black lacquer. She wore a CHANEL dress from the Paris \u00e0 Rome 2015\/15 collection.\" width=\"3280\" height=\"4928\" data-srcset=\"https:\/\/www.luxsure.fr\/wp-content\/uploads\/2016\/05\/AmFar_may19_12.jpg 3280w, https:\/\/www.luxsure.fr\/wp-content\/uploads\/2016\/05\/AmFar_may19_12-200x300.jpg 200w, https:\/\/www.luxsure.fr\/wp-content\/uploads\/2016\/05\/AmFar_may19_12-768x1154.jpg 768w, https:\/\/www.luxsure.fr\/wp-content\/uploads\/2016\/05\/AmFar_may19_12-682x1024.jpg 682w, https:\/\/www.luxsure.fr\/wp-content\/uploads\/2016\/05\/AmFar_may19_12-600x901.jpg 600w\" data-sizes=\"(max-width: 3280px) 100vw, 3280px\" src=\"data:image\/svg+xml;base64,PHN2ZyB3aWR0aD0iMSIgaGVpZ2h0PSIxIiB4bWxucz0iaHR0cDovL3d3dy53My5vcmcvMjAwMC9zdmciPjwvc3ZnPg==\" style=\"--smush-placeholder-width: 3280px; --smush-placeholder-aspect-ratio: 3280\/4928;\" \/><\/a><p id=\"caption-attachment-175731\" class=\"wp-caption-text\"><strong> L&#8217;Or\u00e9al <\/strong><strong>muse Soo Joo PARK<\/strong> wore a &#8220;Signature Ultime&#8221; necklace and ring in 18K white gold and diamonds, a &#8220;Midnight&#8221; cuff in 18K white gold, diamonds and onyx, and a &#8220;Cam\u00e9lia Coromandel&#8221; ring in 18K white and yellow gold, white and yellow diamonds and black lacquer <strong>CHANEL<\/strong> Joaillerie, and a<strong> CHANEL<\/strong> dress from the Paris \u00e0 Rome 2015\/15 collection.<\/p><\/div>\n<div id=\"attachment_175733\" style=\"width: 2010px\" class=\"wp-caption alignnone\"><a href=\"https:\/\/www.luxsure.fr\/wp-content\/uploads\/2016\/05\/GettyImages-532732208_11.jpg\" data-rel=\"penci-gallery-image-content\" ><img decoding=\"async\" aria-describedby=\"caption-attachment-175733\" class=\"size-full wp-image-175733 lazyload\" data-src=\"https:\/\/www.luxsure.fr\/wp-content\/uploads\/2016\/05\/GettyImages-532732208_11.jpg\" alt=\"Vanessa PARADIS, CHANEL Ambassador and member of the Jury, wore \"Magn\u00e9tique\" earrings in 18K yellow gold, diamonds and CHANEL Joaillerie rock crystal. She wore a CHANEL dress from the Autumn-Winter 2013\/14 Haute Couture collection. CHANEL make-up.  \" width=\"2000\" height=\"3000\" data-srcset=\"https:\/\/www.luxsure.fr\/wp-content\/uploads\/2016\/05\/GettyImages-532732208_11.jpg 2000w, https:\/\/www.luxsure.fr\/wp-content\/uploads\/2016\/05\/GettyImages-532732208_11-200x300.jpg 200w, https:\/\/www.luxsure.fr\/wp-content\/uploads\/2016\/05\/GettyImages-532732208_11-768x1152.jpg 768w, https:\/\/www.luxsure.fr\/wp-content\/uploads\/2016\/05\/GettyImages-532732208_11-683x1024.jpg 683w, https:\/\/www.luxsure.fr\/wp-content\/uploads\/2016\/05\/GettyImages-532732208_11-600x900.jpg 600w\" data-sizes=\"(max-width: 2000px) 100vw, 2000px\" src=\"data:image\/svg+xml;base64,PHN2ZyB3aWR0aD0iMSIgaGVpZ2h0PSIxIiB4bWxucz0iaHR0cDovL3d3dy53My5vcmcvMjAwMC9zdmciPjwvc3ZnPg==\" style=\"--smush-placeholder-width: 2000px; --smush-placeholder-aspect-ratio: 2000\/3000;\" \/><\/a><p id=\"caption-attachment-175733\" class=\"wp-caption-text\"><strong>Vanessa PARADIS<\/strong>,<strong> CHANEL<\/strong> ambassador and member of the Jury, wore &#8220;Magn\u00e9tique&#8221; earrings in 18K yellow gold, diamonds and<strong> CHANEL Joaillerie<\/strong> rock crystal.<br \/>She wore a <strong>CHANEL<\/strong> dress from the Haute Couture Fall-Winter 2013\/14 collection.<\/p><\/div>\n<div id=\"attachment_175737\" style=\"width: 3498px\" class=\"wp-caption alignnone\"><a href=\"https:\/\/www.luxsure.fr\/wp-content\/uploads\/2016\/05\/GettyImages-5327581341.jpg\" data-rel=\"penci-gallery-image-content\" ><img decoding=\"async\" aria-describedby=\"caption-attachment-175737\" class=\"size-full wp-image-175737 lazyload\" data-src=\"https:\/\/www.luxsure.fr\/wp-content\/uploads\/2016\/05\/GettyImages-5327581341.jpg\" alt=\"Ellie BAMBER wore \"Muse\" earrings and bracelet in 18K white gold, diamonds and sapphires, and a \"Ruban\" ring in 18K white gold, diamonds and beryl CHANEL Joaillerie. She wore a CHANEL top and skirt from the Haute Couture Spring-Summer 2015 collection.  \" width=\"3488\" height=\"5232\" data-srcset=\"https:\/\/www.luxsure.fr\/wp-content\/uploads\/2016\/05\/GettyImages-5327581341.jpg 3488w, https:\/\/www.luxsure.fr\/wp-content\/uploads\/2016\/05\/GettyImages-5327581341-200x300.jpg 200w, https:\/\/www.luxsure.fr\/wp-content\/uploads\/2016\/05\/GettyImages-5327581341-768x1152.jpg 768w, https:\/\/www.luxsure.fr\/wp-content\/uploads\/2016\/05\/GettyImages-5327581341-683x1024.jpg 683w, https:\/\/www.luxsure.fr\/wp-content\/uploads\/2016\/05\/GettyImages-5327581341-600x900.jpg 600w\" data-sizes=\"(max-width: 3488px) 100vw, 3488px\" src=\"data:image\/svg+xml;base64,PHN2ZyB3aWR0aD0iMSIgaGVpZ2h0PSIxIiB4bWxucz0iaHR0cDovL3d3dy53My5vcmcvMjAwMC9zdmciPjwvc3ZnPg==\" style=\"--smush-placeholder-width: 3488px; --smush-placeholder-aspect-ratio: 3488\/5232;\" \/><\/a><p id=\"caption-attachment-175737\" class=\"wp-caption-text\"><strong>Ellie BAMBER<\/strong> wore &#8220;Muse&#8221; earrings and bracelet in 18K white gold, diamonds and sapphires, and a &#8220;Ruban&#8221; ring in 18K white gold, diamonds and beryl <strong>CHANEL Joaillerie<\/strong>.<br \/>She wore a <strong>CHANEL<\/strong> top and skirt from the Haute Couture Spring-Summer 2015 collection.<\/p><\/div>\n<div id=\"attachment_175739\" style=\"width: 3343px\" class=\"wp-caption alignnone\"><a href=\"https:\/\/www.luxsure.fr\/wp-content\/uploads\/2016\/05\/GettyImages-5329352121.jpg\" data-rel=\"penci-gallery-image-content\" ><img decoding=\"async\" aria-describedby=\"caption-attachment-175739\" class=\"size-full wp-image-175739 lazyload\" data-src=\"https:\/\/www.luxsure.fr\/wp-content\/uploads\/2016\/05\/GettyImages-5329352121.jpg\" alt=\"Alessandra MASTRONARDI wore a \"Cam\u00e9lia Gans\u00e9\" brooch in 18K white gold, diamonds and spinels, a \"Bouton de Cam\u00e9lia\" brooch, a \"Com \u00e8te Spirale\" earring, a \"Signature Surpiqu\u00e9e\" bracelet, a \"Lion V\u00e9nitien\" bracelet and a \"Ruban\" ring, all in 18K white gold and CHANEL Joaillerie diamonds. She wore a CHANEL top and skirt from the Autumn-Winter 2016 Haute Couture collection.  \" width=\"3333\" height=\"5000\" data-srcset=\"https:\/\/www.luxsure.fr\/wp-content\/uploads\/2016\/05\/GettyImages-5329352121.jpg 3333w, https:\/\/www.luxsure.fr\/wp-content\/uploads\/2016\/05\/GettyImages-5329352121-200x300.jpg 200w, https:\/\/www.luxsure.fr\/wp-content\/uploads\/2016\/05\/GettyImages-5329352121-768x1152.jpg 768w, https:\/\/www.luxsure.fr\/wp-content\/uploads\/2016\/05\/GettyImages-5329352121-683x1024.jpg 683w, https:\/\/www.luxsure.fr\/wp-content\/uploads\/2016\/05\/GettyImages-5329352121-600x900.jpg 600w\" data-sizes=\"(max-width: 3333px) 100vw, 3333px\" src=\"data:image\/svg+xml;base64,PHN2ZyB3aWR0aD0iMSIgaGVpZ2h0PSIxIiB4bWxucz0iaHR0cDovL3d3dy53My5vcmcvMjAwMC9zdmciPjwvc3ZnPg==\" style=\"--smush-placeholder-width: 3333px; --smush-placeholder-aspect-ratio: 3333\/5000;\" \/><\/a><p id=\"caption-attachment-175739\" class=\"wp-caption-text\"><strong>Alessandra MASTRONARDI<\/strong> wore a &#8220;Cam\u00e9lia Gans\u00e9&#8221; brooch in 18K white gold, diamonds and spinels, a &#8220;Bouton de Cam\u00e9lia&#8221; brooch, a &#8220;Com \u00e8te Spirale&#8221; earring, a &#8220;Signature Surpiqu\u00e9e&#8221; bracelet, a &#8220;Lion V\u00e9nitien&#8221; bracelet and a &#8220;Ruban&#8221; ring, all in 18K white gold and <strong>CHANEL Joaillerie<\/strong> diamonds. She wore a <strong>CHANEL<\/strong> top and skirt from the Autumn-Winter 2016 Haute Couture collection.<\/p><\/div>\n<div id=\"attachment_175742\" style=\"width: 3071px\" class=\"wp-caption alignnone\"><a href=\"https:\/\/www.luxsure.fr\/wp-content\/uploads\/2016\/05\/GettyImages-532723168.jpg\" data-rel=\"penci-gallery-image-content\" ><img decoding=\"async\" aria-describedby=\"caption-attachment-175742\" class=\"size-full wp-image-175742 lazyload\" data-src=\"https:\/\/www.luxsure.fr\/wp-content\/uploads\/2016\/05\/GettyImages-532723168.jpg\" alt=\"Petra N\u011bmcov\u00e1 wore a Georges Chakra Couture dress.\" width=\"3061\" height=\"4599\" data-srcset=\"https:\/\/www.luxsure.fr\/wp-content\/uploads\/2016\/05\/GettyImages-532723168.jpg 3061w, https:\/\/www.luxsure.fr\/wp-content\/uploads\/2016\/05\/GettyImages-532723168-200x300.jpg 200w, https:\/\/www.luxsure.fr\/wp-content\/uploads\/2016\/05\/GettyImages-532723168-768x1154.jpg 768w, https:\/\/www.luxsure.fr\/wp-content\/uploads\/2016\/05\/GettyImages-532723168-682x1024.jpg 682w, https:\/\/www.luxsure.fr\/wp-content\/uploads\/2016\/05\/GettyImages-532723168-600x901.jpg 600w\" data-sizes=\"(max-width: 3061px) 100vw, 3061px\" src=\"data:image\/svg+xml;base64,PHN2ZyB3aWR0aD0iMSIgaGVpZ2h0PSIxIiB4bWxucz0iaHR0cDovL3d3dy53My5vcmcvMjAwMC9zdmciPjwvc3ZnPg==\" style=\"--smush-placeholder-width: 3061px; --smush-placeholder-aspect-ratio: 3061\/4599;\" \/><\/a><p id=\"caption-attachment-175742\" class=\"wp-caption-text\"><strong>Petra N\u011bmcov\u00e1<\/strong> wore a<strong> Georges Chakra<\/strong> Couture dress.<\/p><\/div>\n<div id=\"attachment_175787\" style=\"width: 3290px\" class=\"wp-caption alignnone\"><a href=\"https:\/\/www.luxsure.fr\/wp-content\/uploads\/2016\/05\/AmFar_may19_32.jpg\" data-rel=\"penci-gallery-image-content\" ><img decoding=\"async\" aria-describedby=\"caption-attachment-175787\" class=\"size-full wp-image-175787 lazyload\" data-src=\"https:\/\/www.luxsure.fr\/wp-content\/uploads\/2016\/05\/AmFar_may19_32.jpg\" alt=\"Liya Kebede, L'Or\u00e9al muse.\" width=\"3280\" height=\"4928\" data-srcset=\"https:\/\/www.luxsure.fr\/wp-content\/uploads\/2016\/05\/AmFar_may19_32.jpg 3280w, https:\/\/www.luxsure.fr\/wp-content\/uploads\/2016\/05\/AmFar_may19_32-200x300.jpg 200w, https:\/\/www.luxsure.fr\/wp-content\/uploads\/2016\/05\/AmFar_may19_32-768x1154.jpg 768w, https:\/\/www.luxsure.fr\/wp-content\/uploads\/2016\/05\/AmFar_may19_32-682x1024.jpg 682w, https:\/\/www.luxsure.fr\/wp-content\/uploads\/2016\/05\/AmFar_may19_32-600x901.jpg 600w\" data-sizes=\"(max-width: 3280px) 100vw, 3280px\" src=\"data:image\/svg+xml;base64,PHN2ZyB3aWR0aD0iMSIgaGVpZ2h0PSIxIiB4bWxucz0iaHR0cDovL3d3dy53My5vcmcvMjAwMC9zdmciPjwvc3ZnPg==\" style=\"--smush-placeholder-width: 3280px; --smush-placeholder-aspect-ratio: 3280\/4928;\" \/><\/a><p id=\"caption-attachment-175787\" class=\"wp-caption-text\"><strong>Liya Kebede<\/strong>, <strong>L&#8217;Or\u00e9al<\/strong> muse <strong>.<\/strong><\/p><\/div>\n<div id=\"attachment_175779\" style=\"width: 3290px\" class=\"wp-caption alignnone\"><a href=\"https:\/\/www.luxsure.fr\/wp-content\/uploads\/2016\/05\/AmFar_may19_35.jpg\" data-rel=\"penci-gallery-image-content\" ><img decoding=\"async\" aria-describedby=\"caption-attachment-175779\" class=\"wp-image-175779 size-full lazyload\" data-src=\"https:\/\/www.luxsure.fr\/wp-content\/uploads\/2016\/05\/AmFar_may19_35.jpg\" alt=\"arrives at amfAR's 23rd Cinema Against AIDS Gala at Hotel du Cap-Eden-Roc on May 19, 2016 in Cap d'Antibes, France.\" width=\"3280\" height=\"4928\" data-srcset=\"https:\/\/www.luxsure.fr\/wp-content\/uploads\/2016\/05\/AmFar_may19_35.jpg 3280w, https:\/\/www.luxsure.fr\/wp-content\/uploads\/2016\/05\/AmFar_may19_35-200x300.jpg 200w, https:\/\/www.luxsure.fr\/wp-content\/uploads\/2016\/05\/AmFar_may19_35-768x1154.jpg 768w, https:\/\/www.luxsure.fr\/wp-content\/uploads\/2016\/05\/AmFar_may19_35-682x1024.jpg 682w, https:\/\/www.luxsure.fr\/wp-content\/uploads\/2016\/05\/AmFar_may19_35-600x901.jpg 600w\" data-sizes=\"(max-width: 3280px) 100vw, 3280px\" src=\"data:image\/svg+xml;base64,PHN2ZyB3aWR0aD0iMSIgaGVpZ2h0PSIxIiB4bWxucz0iaHR0cDovL3d3dy53My5vcmcvMjAwMC9zdmciPjwvc3ZnPg==\" style=\"--smush-placeholder-width: 3280px; --smush-placeholder-aspect-ratio: 3280\/4928;\" \/><\/a><p id=\"caption-attachment-175779\" class=\"wp-caption-text\">Natasha Poly, L&#8217;Or\u00e9al muse.<\/p><\/div>\n<\/div>\n<div class=\"\">\n<div id=\"attachment_175744\" style=\"width: 3290px\" class=\"wp-caption alignnone\"><a href=\"https:\/\/www.luxsure.fr\/wp-content\/uploads\/2016\/05\/AmFar_may19_06.jpg\" data-rel=\"penci-gallery-image-content\" ><img decoding=\"async\" aria-describedby=\"caption-attachment-175744\" class=\"wp-image-175744 size-full lazyload\" data-src=\"https:\/\/www.luxsure.fr\/wp-content\/uploads\/2016\/05\/AmFar_may19_06.jpg\" alt=\"Irina Shayk, L'Or\u00e9al muse\" width=\"3280\" height=\"4928\" data-srcset=\"https:\/\/www.luxsure.fr\/wp-content\/uploads\/2016\/05\/AmFar_may19_06.jpg 3280w, https:\/\/www.luxsure.fr\/wp-content\/uploads\/2016\/05\/AmFar_may19_06-200x300.jpg 200w, https:\/\/www.luxsure.fr\/wp-content\/uploads\/2016\/05\/AmFar_may19_06-768x1154.jpg 768w, https:\/\/www.luxsure.fr\/wp-content\/uploads\/2016\/05\/AmFar_may19_06-682x1024.jpg 682w, https:\/\/www.luxsure.fr\/wp-content\/uploads\/2016\/05\/AmFar_may19_06-600x901.jpg 600w\" data-sizes=\"(max-width: 3280px) 100vw, 3280px\" src=\"data:image\/svg+xml;base64,PHN2ZyB3aWR0aD0iMSIgaGVpZ2h0PSIxIiB4bWxucz0iaHR0cDovL3d3dy53My5vcmcvMjAwMC9zdmciPjwvc3ZnPg==\" style=\"--smush-placeholder-width: 3280px; --smush-placeholder-aspect-ratio: 3280\/4928;\" \/><\/a><p id=\"caption-attachment-175744\" class=\"wp-caption-text\">Irina Shayk, L&#8217;Or\u00e9al muse.<\/p><\/div>\n<div id=\"attachment_175749\" style=\"width: 3290px\" class=\"wp-caption alignnone\"><a href=\"https:\/\/www.luxsure.fr\/wp-content\/uploads\/2016\/05\/AmFar_may19_16.jpg\" data-rel=\"penci-gallery-image-content\" ><img decoding=\"async\" aria-describedby=\"caption-attachment-175749\" class=\"wp-image-175749 size-full lazyload\" data-src=\"https:\/\/www.luxsure.fr\/wp-content\/uploads\/2016\/05\/AmFar_may19_16.jpg\" alt=\"amfAR's 23rd Cinema Against AIDS Gala - Arrivals\" width=\"3280\" height=\"4928\" data-srcset=\"https:\/\/www.luxsure.fr\/wp-content\/uploads\/2016\/05\/AmFar_may19_16.jpg 3280w, https:\/\/www.luxsure.fr\/wp-content\/uploads\/2016\/05\/AmFar_may19_16-200x300.jpg 200w, https:\/\/www.luxsure.fr\/wp-content\/uploads\/2016\/05\/AmFar_may19_16-768x1154.jpg 768w, https:\/\/www.luxsure.fr\/wp-content\/uploads\/2016\/05\/AmFar_may19_16-682x1024.jpg 682w, https:\/\/www.luxsure.fr\/wp-content\/uploads\/2016\/05\/AmFar_may19_16-600x901.jpg 600w\" data-sizes=\"(max-width: 3280px) 100vw, 3280px\" src=\"data:image\/svg+xml;base64,PHN2ZyB3aWR0aD0iMSIgaGVpZ2h0PSIxIiB4bWxucz0iaHR0cDovL3d3dy53My5vcmcvMjAwMC9zdmciPjwvc3ZnPg==\" style=\"--smush-placeholder-width: 3280px; --smush-placeholder-aspect-ratio: 3280\/4928;\" \/><\/a><p id=\"caption-attachment-175749\" class=\"wp-caption-text\">Doutzen Kroes, L&#8217;Or\u00e9al ambassador.<\/p><\/div>\n<p>&nbsp;<\/p>\n<div id=\"attachment_175746\" style=\"width: 3216px\" class=\"wp-caption alignnone\"><a href=\"https:\/\/www.luxsure.fr\/wp-content\/uploads\/2016\/05\/AmFar_may19_48.jpg\" data-rel=\"penci-gallery-image-content\" ><img decoding=\"async\" aria-describedby=\"caption-attachment-175746\" class=\"size-full wp-image-175746 lazyload\" data-src=\"https:\/\/www.luxsure.fr\/wp-content\/uploads\/2016\/05\/AmFar_may19_48.jpg\" alt=\"CAP D'ANTIBES, FRANCE - MAY 19: Lewis Hamilton arrives at amfAR's 23rd Cinema Against AIDS Gala at Hotel du Cap-Eden-Roc on May 19, 2016 in Cap d'Antibes, France. (Photo by Ian Gavan\/Getty Images)\" width=\"3206\" height=\"4817\" data-srcset=\"https:\/\/www.luxsure.fr\/wp-content\/uploads\/2016\/05\/AmFar_may19_48.jpg 3206w, https:\/\/www.luxsure.fr\/wp-content\/uploads\/2016\/05\/AmFar_may19_48-200x300.jpg 200w, https:\/\/www.luxsure.fr\/wp-content\/uploads\/2016\/05\/AmFar_may19_48-768x1154.jpg 768w, https:\/\/www.luxsure.fr\/wp-content\/uploads\/2016\/05\/AmFar_may19_48-682x1024.jpg 682w, https:\/\/www.luxsure.fr\/wp-content\/uploads\/2016\/05\/AmFar_may19_48-600x901.jpg 600w\" data-sizes=\"(max-width: 3206px) 100vw, 3206px\" src=\"data:image\/svg+xml;base64,PHN2ZyB3aWR0aD0iMSIgaGVpZ2h0PSIxIiB4bWxucz0iaHR0cDovL3d3dy53My5vcmcvMjAwMC9zdmciPjwvc3ZnPg==\" style=\"--smush-placeholder-width: 3206px; --smush-placeholder-aspect-ratio: 3206\/4817;\" \/><\/a><p id=\"caption-attachment-175746\" class=\"wp-caption-text\"><strong>Lewis Hamilton<\/strong> is the face of <strong>L&#8217;Or\u00e9al.<\/strong><\/p><\/div>\n<div id=\"attachment_175765\" style=\"width: 2866px\" class=\"wp-caption alignnone\"><a href=\"https:\/\/www.luxsure.fr\/wp-content\/uploads\/2016\/05\/AmFar_may19_41.jpg\" data-rel=\"penci-gallery-image-content\" ><img decoding=\"async\" aria-describedby=\"caption-attachment-175765\" class=\"size-full wp-image-175765 lazyload\" data-src=\"https:\/\/www.luxsure.fr\/wp-content\/uploads\/2016\/05\/AmFar_may19_41.jpg\" alt=\"CAP D'ANTIBES, FRANCE - MAY 19: Kristina Bazan arrives at amfAR's 23rd Cinema Against AIDS Gala at Hotel du Cap-Eden-Roc on May 19, 2016 in Cap d'Antibes, France. (Photo by Ian Gavan\/Getty Images)\" width=\"2856\" height=\"4290\" data-srcset=\"https:\/\/www.luxsure.fr\/wp-content\/uploads\/2016\/05\/AmFar_may19_41.jpg 2856w, https:\/\/www.luxsure.fr\/wp-content\/uploads\/2016\/05\/AmFar_may19_41-200x300.jpg 200w, https:\/\/www.luxsure.fr\/wp-content\/uploads\/2016\/05\/AmFar_may19_41-768x1154.jpg 768w, https:\/\/www.luxsure.fr\/wp-content\/uploads\/2016\/05\/AmFar_may19_41-682x1024.jpg 682w, https:\/\/www.luxsure.fr\/wp-content\/uploads\/2016\/05\/AmFar_may19_41-600x901.jpg 600w\" data-sizes=\"(max-width: 2856px) 100vw, 2856px\" src=\"data:image\/svg+xml;base64,PHN2ZyB3aWR0aD0iMSIgaGVpZ2h0PSIxIiB4bWxucz0iaHR0cDovL3d3dy53My5vcmcvMjAwMC9zdmciPjwvc3ZnPg==\" style=\"--smush-placeholder-width: 2856px; --smush-placeholder-aspect-ratio: 2856\/4290;\" \/><\/a><p id=\"caption-attachment-175765\" class=\"wp-caption-text\"><strong>Kristina Bazan<\/strong>,<strong> L&#8217;Or\u00e9al<\/strong> muse.<\/p><\/div>\n<div id=\"attachment_175747\" style=\"width: 3290px\" class=\"wp-caption alignnone\"><a href=\"https:\/\/www.luxsure.fr\/wp-content\/uploads\/2016\/05\/AmFar_may19_09.jpg\" data-rel=\"penci-gallery-image-content\" ><img decoding=\"async\" aria-describedby=\"caption-attachment-175747\" class=\"size-full wp-image-175747 lazyload\" data-src=\"https:\/\/www.luxsure.fr\/wp-content\/uploads\/2016\/05\/AmFar_may19_09.jpg\" alt=\"Barbara Palvin\" width=\"3280\" height=\"4928\" data-srcset=\"https:\/\/www.luxsure.fr\/wp-content\/uploads\/2016\/05\/AmFar_may19_09.jpg 3280w, https:\/\/www.luxsure.fr\/wp-content\/uploads\/2016\/05\/AmFar_may19_09-200x300.jpg 200w, https:\/\/www.luxsure.fr\/wp-content\/uploads\/2016\/05\/AmFar_may19_09-768x1154.jpg 768w, https:\/\/www.luxsure.fr\/wp-content\/uploads\/2016\/05\/AmFar_may19_09-682x1024.jpg 682w, https:\/\/www.luxsure.fr\/wp-content\/uploads\/2016\/05\/AmFar_may19_09-600x901.jpg 600w\" data-sizes=\"(max-width: 3280px) 100vw, 3280px\" src=\"data:image\/svg+xml;base64,PHN2ZyB3aWR0aD0iMSIgaGVpZ2h0PSIxIiB4bWxucz0iaHR0cDovL3d3dy53My5vcmcvMjAwMC9zdmciPjwvc3ZnPg==\" style=\"--smush-placeholder-width: 3280px; --smush-placeholder-aspect-ratio: 3280\/4928;\" \/><\/a><p id=\"caption-attachment-175747\" class=\"wp-caption-text\"><strong>Barbara Palvin<\/strong><\/p><\/div>\n<div id=\"attachment_175768\" style=\"width: 3290px\" class=\"wp-caption alignnone\"><a href=\"https:\/\/www.luxsure.fr\/wp-content\/uploads\/2016\/05\/AmFar_may19_25.jpg\" data-rel=\"penci-gallery-image-content\" ><img decoding=\"async\" aria-describedby=\"caption-attachment-175768\" class=\"size-full wp-image-175768 lazyload\" data-src=\"https:\/\/www.luxsure.fr\/wp-content\/uploads\/2016\/05\/AmFar_may19_25.jpg\" alt=\"Isabeli Fontana, L'Or\u00e9al Paris muse.\" width=\"3280\" height=\"4928\" data-srcset=\"https:\/\/www.luxsure.fr\/wp-content\/uploads\/2016\/05\/AmFar_may19_25.jpg 3280w, https:\/\/www.luxsure.fr\/wp-content\/uploads\/2016\/05\/AmFar_may19_25-200x300.jpg 200w, https:\/\/www.luxsure.fr\/wp-content\/uploads\/2016\/05\/AmFar_may19_25-768x1154.jpg 768w, https:\/\/www.luxsure.fr\/wp-content\/uploads\/2016\/05\/AmFar_may19_25-682x1024.jpg 682w, https:\/\/www.luxsure.fr\/wp-content\/uploads\/2016\/05\/AmFar_may19_25-600x901.jpg 600w\" data-sizes=\"(max-width: 3280px) 100vw, 3280px\" src=\"data:image\/svg+xml;base64,PHN2ZyB3aWR0aD0iMSIgaGVpZ2h0PSIxIiB4bWxucz0iaHR0cDovL3d3dy53My5vcmcvMjAwMC9zdmciPjwvc3ZnPg==\" style=\"--smush-placeholder-width: 3280px; --smush-placeholder-aspect-ratio: 3280\/4928;\" \/><\/a><p id=\"caption-attachment-175768\" class=\"wp-caption-text\"><strong>Isabeli Fontana<\/strong>,<strong> L&#8217;Or\u00e9al<\/strong> muse.<\/p><\/div>\n<div id=\"attachment_175786\" style=\"width: 3290px\" class=\"wp-caption alignnone\"><a href=\"https:\/\/www.luxsure.fr\/wp-content\/uploads\/2016\/05\/AmFar_may19_20.jpg\" data-rel=\"penci-gallery-image-content\" ><img decoding=\"async\" aria-describedby=\"caption-attachment-175786\" class=\"size-full wp-image-175786 lazyload\" data-src=\"https:\/\/www.luxsure.fr\/wp-content\/uploads\/2016\/05\/AmFar_may19_20.jpg\" alt=\"arrives at amfAR's 23rd Cinema Against AIDS Gala at Hotel du Cap-Eden-Roc on May 19, 2016 in Cap d'Antibes, France.\" width=\"3280\" height=\"4928\" data-srcset=\"https:\/\/www.luxsure.fr\/wp-content\/uploads\/2016\/05\/AmFar_may19_20.jpg 3280w, https:\/\/www.luxsure.fr\/wp-content\/uploads\/2016\/05\/AmFar_may19_20-200x300.jpg 200w, https:\/\/www.luxsure.fr\/wp-content\/uploads\/2016\/05\/AmFar_may19_20-768x1154.jpg 768w, https:\/\/www.luxsure.fr\/wp-content\/uploads\/2016\/05\/AmFar_may19_20-682x1024.jpg 682w, https:\/\/www.luxsure.fr\/wp-content\/uploads\/2016\/05\/AmFar_may19_20-600x901.jpg 600w\" data-sizes=\"(max-width: 3280px) 100vw, 3280px\" src=\"data:image\/svg+xml;base64,PHN2ZyB3aWR0aD0iMSIgaGVpZ2h0PSIxIiB4bWxucz0iaHR0cDovL3d3dy53My5vcmcvMjAwMC9zdmciPjwvc3ZnPg==\" style=\"--smush-placeholder-width: 3280px; --smush-placeholder-aspect-ratio: 3280\/4928;\" \/><\/a><p id=\"caption-attachment-175786\" class=\"wp-caption-text\"><strong>Karlie Kloss<\/strong>,<strong> L&#8217;Or\u00e9al<\/strong> muse.<\/p><\/div>\n<\/div>\n","protected":false},"excerpt":{"rendered":"<p>The amfAR Gala is one of the highlights of the Cannes Film Festival. On May 19, celebrities gathered at the Hotel du Cap for the 23rd edition of the &#8220;Cinema&hellip;<\/p>\n","protected":false},"author":178,"featured_media":905683,"comment_status":"closed","ping_status":"closed","sticky":false,"template":"","format":"standard","meta":{"_lmt_disableupdate":"","_lmt_disable":"","footnotes":""},"categories":[30127,52709,30122],"tags":[66672,58984,66664,30692,53189,30905,30761,30991,55802,66671],"class_list":["post-2030314","post","type-post","status-publish","format-standard","has-post-thumbnail","hentry","category-redcarpet-en","category-thefashion","category-watches-and-jewelry","tag-amfar-gala","tag-bulgari","tag-cannes-2016","tag-chanel-en","tag-georges-chakra","tag-georges-hobeika-en","tag-givenchy-en","tag-harry-winston-en","tag-loreal-paris","tag-schiaparelli"],"yoast_head":"<!-- This site is optimized with the Yoast SEO plugin v27.4 - https:\/\/yoast.com\/product\/yoast-seo-wordpress\/ -->\n<title>Cannes 2016: the amfAR Gala evening - Luxsure<\/title>\n<meta name=\"description\" content=\"The amFAR Gala is one of the highlights of the Cannes Film Festival. On May 19, celebrities gathered around a great cause\" \/>\n<meta name=\"robots\" content=\"index, follow, max-snippet:-1, max-image-preview:large, max-video-preview:-1\" \/>\n<link rel=\"canonical\" href=\"https:\/\/www.luxsure.fr\/en\/2016\/05\/27\/cannes-2016-the-amfar-gala-evening\/\" \/>\n<meta name=\"twitter:label1\" content=\"Written by\" \/>\n\t<meta name=\"twitter:data1\" content=\"marie germain\" \/>\n<script type=\"application\/ld+json\" class=\"yoast-schema-graph\">{\"@context\":\"https:\\\/\\\/schema.org\",\"@graph\":[{\"@type\":\"Article\",\"@id\":\"https:\\\/\\\/www.luxsure.fr\\\/en\\\/2016\\\/05\\\/27\\\/cannes-2016-the-amfar-gala-evening\\\/#article\",\"isPartOf\":{\"@id\":\"https:\\\/\\\/www.luxsure.fr\\\/en\\\/2016\\\/05\\\/27\\\/cannes-2016-the-amfar-gala-evening\\\/\"},\"author\":{\"name\":\"marie germain\",\"@id\":\"https:\\\/\\\/www.luxsure.fr\\\/#\\\/schema\\\/person\\\/ce77e6248e8dc1c875f9337000416875\"},\"headline\":\"Cannes 2016: the amfAR Gala evening\",\"datePublished\":\"2016-05-27T07:49:33+00:00\",\"dateModified\":\"2026-04-27T00:01:28+00:00\",\"mainEntityOfPage\":{\"@id\":\"https:\\\/\\\/www.luxsure.fr\\\/en\\\/2016\\\/05\\\/27\\\/cannes-2016-the-amfar-gala-evening\\\/\"},\"wordCount\":65,\"publisher\":{\"@id\":\"https:\\\/\\\/www.luxsure.fr\\\/#organization\"},\"image\":{\"@id\":\"https:\\\/\\\/www.luxsure.fr\\\/en\\\/2016\\\/05\\\/27\\\/cannes-2016-the-amfar-gala-evening\\\/#primaryimage\"},\"thumbnailUrl\":\"https:\\\/\\\/www.luxsure.fr\\\/wp-content\\\/uploads\\\/2016\\\/05\\\/Katy-Perry-532727680_Original_29962.jpg\",\"keywords\":[\"AMFAR GALA\",\"bulgari\",\"Cannes 2016\",\"chanel\",\"Georges Chakra\",\"georges hobeika\",\"Givenchy\",\"harry winston\",\"L'Or\u00e9al Paris\",\"schiaparelli\"],\"articleSection\":[\"Redcarpet\",\"The Fashion\",\"Watches and Jewelry\"],\"inLanguage\":\"en-US\"},{\"@type\":\"WebPage\",\"@id\":\"https:\\\/\\\/www.luxsure.fr\\\/en\\\/2016\\\/05\\\/27\\\/cannes-2016-the-amfar-gala-evening\\\/\",\"url\":\"https:\\\/\\\/www.luxsure.fr\\\/en\\\/2016\\\/05\\\/27\\\/cannes-2016-the-amfar-gala-evening\\\/\",\"name\":\"Cannes 2016: the amfAR Gala evening - Luxsure\",\"isPartOf\":{\"@id\":\"https:\\\/\\\/www.luxsure.fr\\\/#website\"},\"primaryImageOfPage\":{\"@id\":\"https:\\\/\\\/www.luxsure.fr\\\/en\\\/2016\\\/05\\\/27\\\/cannes-2016-the-amfar-gala-evening\\\/#primaryimage\"},\"image\":{\"@id\":\"https:\\\/\\\/www.luxsure.fr\\\/en\\\/2016\\\/05\\\/27\\\/cannes-2016-the-amfar-gala-evening\\\/#primaryimage\"},\"thumbnailUrl\":\"https:\\\/\\\/www.luxsure.fr\\\/wp-content\\\/uploads\\\/2016\\\/05\\\/Katy-Perry-532727680_Original_29962.jpg\",\"datePublished\":\"2016-05-27T07:49:33+00:00\",\"dateModified\":\"2026-04-27T00:01:28+00:00\",\"description\":\"The amFAR Gala is one of the highlights of the Cannes Film Festival. On May 19, celebrities gathered around a great cause\",\"breadcrumb\":{\"@id\":\"https:\\\/\\\/www.luxsure.fr\\\/en\\\/2016\\\/05\\\/27\\\/cannes-2016-the-amfar-gala-evening\\\/#breadcrumb\"},\"inLanguage\":\"en-US\",\"potentialAction\":[{\"@type\":\"ReadAction\",\"target\":[\"https:\\\/\\\/www.luxsure.fr\\\/en\\\/2016\\\/05\\\/27\\\/cannes-2016-the-amfar-gala-evening\\\/\"]}]},{\"@type\":\"ImageObject\",\"inLanguage\":\"en-US\",\"@id\":\"https:\\\/\\\/www.luxsure.fr\\\/en\\\/2016\\\/05\\\/27\\\/cannes-2016-the-amfar-gala-evening\\\/#primaryimage\",\"url\":\"https:\\\/\\\/www.luxsure.fr\\\/wp-content\\\/uploads\\\/2016\\\/05\\\/Katy-Perry-532727680_Original_29962.jpg\",\"contentUrl\":\"https:\\\/\\\/www.luxsure.fr\\\/wp-content\\\/uploads\\\/2016\\\/05\\\/Katy-Perry-532727680_Original_29962.jpg\",\"width\":1986,\"height\":3000},{\"@type\":\"BreadcrumbList\",\"@id\":\"https:\\\/\\\/www.luxsure.fr\\\/en\\\/2016\\\/05\\\/27\\\/cannes-2016-the-amfar-gala-evening\\\/#breadcrumb\",\"itemListElement\":[{\"@type\":\"ListItem\",\"position\":1,\"name\":\"Accueil\",\"item\":\"https:\\\/\\\/www.luxsure.fr\\\/\"},{\"@type\":\"ListItem\",\"position\":2,\"name\":\"Cannes 2016: the amfAR Gala evening\"}]},{\"@type\":\"WebSite\",\"@id\":\"https:\\\/\\\/www.luxsure.fr\\\/#website\",\"url\":\"https:\\\/\\\/www.luxsure.fr\\\/\",\"name\":\"Luxsure\",\"description\":\"UNE CERTAINE VISION DU LUXE\",\"publisher\":{\"@id\":\"https:\\\/\\\/www.luxsure.fr\\\/#organization\"},\"potentialAction\":[{\"@type\":\"SearchAction\",\"target\":{\"@type\":\"EntryPoint\",\"urlTemplate\":\"https:\\\/\\\/www.luxsure.fr\\\/?s={search_term_string}\"},\"query-input\":{\"@type\":\"PropertyValueSpecification\",\"valueRequired\":true,\"valueName\":\"search_term_string\"}}],\"inLanguage\":\"en-US\"},{\"@type\":\"Organization\",\"@id\":\"https:\\\/\\\/www.luxsure.fr\\\/#organization\",\"name\":\"Luxsure\",\"url\":\"https:\\\/\\\/www.luxsure.fr\\\/\",\"logo\":{\"@type\":\"ImageObject\",\"inLanguage\":\"en-US\",\"@id\":\"https:\\\/\\\/www.luxsure.fr\\\/#\\\/schema\\\/logo\\\/image\\\/\",\"url\":\"https:\\\/\\\/i0.wp.com\\\/www.luxsure.fr\\\/wp-content\\\/uploads\\\/2015\\\/10\\\/Capture-d\u2019\u00e9cran-2015-08-19-\u00e0-10.51.48.png?fit=551%2C400&ssl=1\",\"contentUrl\":\"https:\\\/\\\/i0.wp.com\\\/www.luxsure.fr\\\/wp-content\\\/uploads\\\/2015\\\/10\\\/Capture-d\u2019\u00e9cran-2015-08-19-\u00e0-10.51.48.png?fit=551%2C400&ssl=1\",\"width\":551,\"height\":400,\"caption\":\"Luxsure\"},\"image\":{\"@id\":\"https:\\\/\\\/www.luxsure.fr\\\/#\\\/schema\\\/logo\\\/image\\\/\"}},{\"@type\":\"Person\",\"@id\":\"https:\\\/\\\/www.luxsure.fr\\\/#\\\/schema\\\/person\\\/ce77e6248e8dc1c875f9337000416875\",\"name\":\"marie germain\",\"image\":{\"@type\":\"ImageObject\",\"inLanguage\":\"en-US\",\"@id\":\"https:\\\/\\\/secure.gravatar.com\\\/avatar\\\/619ad2971bdc4a8a19e2c665d4c4c9e57a79c4df0624a81d150ee90d113a8d3e?s=96&d=mm&r=g\",\"url\":\"https:\\\/\\\/secure.gravatar.com\\\/avatar\\\/619ad2971bdc4a8a19e2c665d4c4c9e57a79c4df0624a81d150ee90d113a8d3e?s=96&d=mm&r=g\",\"contentUrl\":\"https:\\\/\\\/secure.gravatar.com\\\/avatar\\\/619ad2971bdc4a8a19e2c665d4c4c9e57a79c4df0624a81d150ee90d113a8d3e?s=96&d=mm&r=g\",\"caption\":\"marie germain\"},\"url\":\"https:\\\/\\\/www.luxsure.fr\\\/en\\\/author\\\/mariegermain\\\/\"}]}<\/script>\n<!-- \/ Yoast SEO plugin. -->","yoast_head_json":{"title":"Cannes 2016: the amfAR Gala evening - Luxsure","description":"The amFAR Gala is one of the highlights of the Cannes Film Festival. On May 19, celebrities gathered around a great cause","robots":{"index":"index","follow":"follow","max-snippet":"max-snippet:-1","max-image-preview":"max-image-preview:large","max-video-preview":"max-video-preview:-1"},"canonical":"https:\/\/www.luxsure.fr\/en\/2016\/05\/27\/cannes-2016-the-amfar-gala-evening\/","twitter_misc":{"Written by":"marie germain"},"schema":{"@context":"https:\/\/schema.org","@graph":[{"@type":"Article","@id":"https:\/\/www.luxsure.fr\/en\/2016\/05\/27\/cannes-2016-the-amfar-gala-evening\/#article","isPartOf":{"@id":"https:\/\/www.luxsure.fr\/en\/2016\/05\/27\/cannes-2016-the-amfar-gala-evening\/"},"author":{"name":"marie germain","@id":"https:\/\/www.luxsure.fr\/#\/schema\/person\/ce77e6248e8dc1c875f9337000416875"},"headline":"Cannes 2016: the amfAR Gala evening","datePublished":"2016-05-27T07:49:33+00:00","dateModified":"2026-04-27T00:01:28+00:00","mainEntityOfPage":{"@id":"https:\/\/www.luxsure.fr\/en\/2016\/05\/27\/cannes-2016-the-amfar-gala-evening\/"},"wordCount":65,"publisher":{"@id":"https:\/\/www.luxsure.fr\/#organization"},"image":{"@id":"https:\/\/www.luxsure.fr\/en\/2016\/05\/27\/cannes-2016-the-amfar-gala-evening\/#primaryimage"},"thumbnailUrl":"https:\/\/www.luxsure.fr\/wp-content\/uploads\/2016\/05\/Katy-Perry-532727680_Original_29962.jpg","keywords":["AMFAR GALA","bulgari","Cannes 2016","chanel","Georges Chakra","georges hobeika","Givenchy","harry winston","L'Or\u00e9al Paris","schiaparelli"],"articleSection":["Redcarpet","The Fashion","Watches and Jewelry"],"inLanguage":"en-US"},{"@type":"WebPage","@id":"https:\/\/www.luxsure.fr\/en\/2016\/05\/27\/cannes-2016-the-amfar-gala-evening\/","url":"https:\/\/www.luxsure.fr\/en\/2016\/05\/27\/cannes-2016-the-amfar-gala-evening\/","name":"Cannes 2016: the amfAR Gala evening - Luxsure","isPartOf":{"@id":"https:\/\/www.luxsure.fr\/#website"},"primaryImageOfPage":{"@id":"https:\/\/www.luxsure.fr\/en\/2016\/05\/27\/cannes-2016-the-amfar-gala-evening\/#primaryimage"},"image":{"@id":"https:\/\/www.luxsure.fr\/en\/2016\/05\/27\/cannes-2016-the-amfar-gala-evening\/#primaryimage"},"thumbnailUrl":"https:\/\/www.luxsure.fr\/wp-content\/uploads\/2016\/05\/Katy-Perry-532727680_Original_29962.jpg","datePublished":"2016-05-27T07:49:33+00:00","dateModified":"2026-04-27T00:01:28+00:00","description":"The amFAR Gala is one of the highlights of the Cannes Film Festival. On May 19, celebrities gathered around a great cause","breadcrumb":{"@id":"https:\/\/www.luxsure.fr\/en\/2016\/05\/27\/cannes-2016-the-amfar-gala-evening\/#breadcrumb"},"inLanguage":"en-US","potentialAction":[{"@type":"ReadAction","target":["https:\/\/www.luxsure.fr\/en\/2016\/05\/27\/cannes-2016-the-amfar-gala-evening\/"]}]},{"@type":"ImageObject","inLanguage":"en-US","@id":"https:\/\/www.luxsure.fr\/en\/2016\/05\/27\/cannes-2016-the-amfar-gala-evening\/#primaryimage","url":"https:\/\/www.luxsure.fr\/wp-content\/uploads\/2016\/05\/Katy-Perry-532727680_Original_29962.jpg","contentUrl":"https:\/\/www.luxsure.fr\/wp-content\/uploads\/2016\/05\/Katy-Perry-532727680_Original_29962.jpg","width":1986,"height":3000},{"@type":"BreadcrumbList","@id":"https:\/\/www.luxsure.fr\/en\/2016\/05\/27\/cannes-2016-the-amfar-gala-evening\/#breadcrumb","itemListElement":[{"@type":"ListItem","position":1,"name":"Accueil","item":"https:\/\/www.luxsure.fr\/"},{"@type":"ListItem","position":2,"name":"Cannes 2016: the amfAR Gala evening"}]},{"@type":"WebSite","@id":"https:\/\/www.luxsure.fr\/#website","url":"https:\/\/www.luxsure.fr\/","name":"Luxsure","description":"UNE CERTAINE VISION DU LUXE","publisher":{"@id":"https:\/\/www.luxsure.fr\/#organization"},"potentialAction":[{"@type":"SearchAction","target":{"@type":"EntryPoint","urlTemplate":"https:\/\/www.luxsure.fr\/?s={search_term_string}"},"query-input":{"@type":"PropertyValueSpecification","valueRequired":true,"valueName":"search_term_string"}}],"inLanguage":"en-US"},{"@type":"Organization","@id":"https:\/\/www.luxsure.fr\/#organization","name":"Luxsure","url":"https:\/\/www.luxsure.fr\/","logo":{"@type":"ImageObject","inLanguage":"en-US","@id":"https:\/\/www.luxsure.fr\/#\/schema\/logo\/image\/","url":"https:\/\/i0.wp.com\/www.luxsure.fr\/wp-content\/uploads\/2015\/10\/Capture-d\u2019\u00e9cran-2015-08-19-\u00e0-10.51.48.png?fit=551%2C400&ssl=1","contentUrl":"https:\/\/i0.wp.com\/www.luxsure.fr\/wp-content\/uploads\/2015\/10\/Capture-d\u2019\u00e9cran-2015-08-19-\u00e0-10.51.48.png?fit=551%2C400&ssl=1","width":551,"height":400,"caption":"Luxsure"},"image":{"@id":"https:\/\/www.luxsure.fr\/#\/schema\/logo\/image\/"}},{"@type":"Person","@id":"https:\/\/www.luxsure.fr\/#\/schema\/person\/ce77e6248e8dc1c875f9337000416875","name":"marie germain","image":{"@type":"ImageObject","inLanguage":"en-US","@id":"https:\/\/secure.gravatar.com\/avatar\/619ad2971bdc4a8a19e2c665d4c4c9e57a79c4df0624a81d150ee90d113a8d3e?s=96&d=mm&r=g","url":"https:\/\/secure.gravatar.com\/avatar\/619ad2971bdc4a8a19e2c665d4c4c9e57a79c4df0624a81d150ee90d113a8d3e?s=96&d=mm&r=g","contentUrl":"https:\/\/secure.gravatar.com\/avatar\/619ad2971bdc4a8a19e2c665d4c4c9e57a79c4df0624a81d150ee90d113a8d3e?s=96&d=mm&r=g","caption":"marie germain"},"url":"https:\/\/www.luxsure.fr\/en\/author\/mariegermain\/"}]}},"_links":{"self":[{"href":"https:\/\/www.luxsure.fr\/en\/wp-json\/wp\/v2\/posts\/2030314","targetHints":{"allow":["GET"]}}],"collection":[{"href":"https:\/\/www.luxsure.fr\/en\/wp-json\/wp\/v2\/posts"}],"about":[{"href":"https:\/\/www.luxsure.fr\/en\/wp-json\/wp\/v2\/types\/post"}],"author":[{"embeddable":true,"href":"https:\/\/www.luxsure.fr\/en\/wp-json\/wp\/v2\/users\/178"}],"replies":[{"embeddable":true,"href":"https:\/\/www.luxsure.fr\/en\/wp-json\/wp\/v2\/comments?post=2030314"}],"version-history":[{"count":0,"href":"https:\/\/www.luxsure.fr\/en\/wp-json\/wp\/v2\/posts\/2030314\/revisions"}],"wp:featuredmedia":[{"embeddable":true,"href":"https:\/\/www.luxsure.fr\/en\/wp-json\/wp\/v2\/media\/905683"}],"wp:attachment":[{"href":"https:\/\/www.luxsure.fr\/en\/wp-json\/wp\/v2\/media?parent=2030314"}],"wp:term":[{"taxonomy":"category","embeddable":true,"href":"https:\/\/www.luxsure.fr\/en\/wp-json\/wp\/v2\/categories?post=2030314"},{"taxonomy":"post_tag","embeddable":true,"href":"https:\/\/www.luxsure.fr\/en\/wp-json\/wp\/v2\/tags?post=2030314"}],"curies":[{"name":"wp","href":"https:\/\/api.w.org\/{rel}","templated":true}]}}