{"id":2030273,"date":"2016-03-14T10:35:45","date_gmt":"2016-03-14T09:35:45","guid":{"rendered":"https:\/\/www.luxsure.fr\/2016\/03\/14\/dom-perignon-champagne-takes-up-residence-at-monacos-hotel-de-paris\/"},"modified":"2026-04-27T01:47:40","modified_gmt":"2026-04-26T23:47:40","slug":"dom-perignon-champagne-takes-up-residence-at-monacos-hotel-de-paris","status":"publish","type":"post","link":"https:\/\/www.luxsure.fr\/en\/2016\/03\/14\/dom-perignon-champagne-takes-up-residence-at-monacos-hotel-de-paris\/","title":{"rendered":"Dom P\u00e9rignon champagne takes up residence at Monaco&#8217;s H\u00f4tel de Paris"},"content":{"rendered":"<p>From <strong>March 7 to May 31, 2016, <\/strong>the iconic suite 321-322 at <strong>the H\u00f4tel de Paris Monte-Carlo<\/strong> will be invested by <strong>Dom P\u00e9rignon<\/strong>.<\/p>\n<p>In this refined new setting, guests can enjoy the unique, ephemeral gastronomic experience of a dinner by chef Franck Cerruti, created by <strong>Alain Ducasse <\/strong>around <strong>Dom P\u00e9rignon P2 1998<\/strong> champagne.<\/p>\n<p><a href=\"https:\/\/www.luxsure.fr\/wp-content\/uploads\/2016\/03\/Screen-Shot-2016-03-09-at-12.38.16-PM.png\" data-rel=\"penci-gallery-image-content\"  rel=\"attachment wp-att-167837\"><img decoding=\"async\" class=\"alignnone size-full wp-image-167837 lazyload\" title=\"screen-shot-2016-03-09-at-12-38-16-pm-png\" data-src=\"https:\/\/www.luxsure.fr\/wp-content\/uploads\/2016\/03\/Screen-Shot-2016-03-09-at-12.38.16-PM.png\" alt=\"\" width=\"1024\" height=\"1024\" src=\"data:image\/svg+xml;base64,PHN2ZyB3aWR0aD0iMSIgaGVpZ2h0PSIxIiB4bWxucz0iaHR0cDovL3d3dy53My5vcmcvMjAwMC9zdmciPjwvc3ZnPg==\" style=\"--smush-placeholder-width: 1024px; --smush-placeholder-aspect-ratio: 1024\/1024;\" \/><\/a><\/p>\n<div class=\"page\" title=\"Page 1\">\n<div class=\"layoutArea\">\n<div class=\"column\">\n<p>In the firmament of refinement, it&#8217;s the dazzling meeting of legends who, together and for a time, continue their march towards the future.<\/p>\n<p>Since its creation in 1864, guests from all over the world have flocked to this &#8220;hotel that surpasses anything ever created&#8221;, as Fran\u00e7ois Blanc, founder of the Soci\u00e9t\u00e9 des Bains de Mer, puts it. Eroll Flynn celebrated his nuptials here in the company of Hollywood royalty, and Winston Churchill took up residence in a 210 m2 suite. <\/p>\n<p>Indeed, on its way to its third plenitude, the exceptional cuv\u00e9e Dom P\u00e9rignon P2 1998 makes a stopover at the H\u00f4tel de Paris and settles into the mythical Suite 321-322, home of the world&#8217;s great and good, to be rediscovered in the light of a star-studded dinner, after 16 years of attentive care and a long, invigorating rest, immobile in the silence and darkness of the cellars.<\/p>\n<p>A world exclusive, the Suite Dom P\u00e9rignon P2 will house for its lucky occupant a private cellar containing, in bottle or Magnum, the most remarkable vintages of the last two decades of Dom P\u00e9rignon Blanc or Ros\u00e9, in all their fullness.<\/p>\n\n\t\t<style type=\"text\/css\">\n\t\t\t#gallery-1 {\n\t\t\t\tmargin: auto;\n\t\t\t}\n\t\t\t#gallery-1 .gallery-item {\n\t\t\t\tfloat: left;\n\t\t\t\tmargin-top: 10px;\n\t\t\t\ttext-align: center;\n\t\t\t\twidth: 33%;\n\t\t\t}\n\t\t\t#gallery-1 img {\n\t\t\t\tborder: 2px solid #cfcfcf;\n\t\t\t}\n\t\t\t#gallery-1 .gallery-caption {\n\t\t\t\tmargin-left: 0;\n\t\t\t}\n\t\t\t\/* see gallery_shortcode() in wp-includes\/media.php *\/\n\t\t<\/style>\n\t\t<div id='gallery-1' class='gallery galleryid-2030273 gallery-columns-3 gallery-size-large'><dl class='gallery-item'>\n\t\t\t<dt class='gallery-icon portrait'>\n\t\t\t\t<a href='https:\/\/www.luxsure.fr\/en\/suite-bon-perignon-hotel-de-paris-monaco-9\/'><img decoding=\"async\" width=\"684\" height=\"1024\" data-src=\"https:\/\/www.luxsure.fr\/wp-content\/uploads\/2016\/03\/Dom-P\u00e9rignon-\u00e0-lH\u00f4tel-de-Paris-1-684x1024.jpg\" class=\"attachment-large size-large lazyload\" alt=\"\" aria-describedby=\"gallery-1-884094\" data-srcset=\"https:\/\/www.luxsure.fr\/wp-content\/uploads\/2016\/03\/Dom-P\u00e9rignon-\u00e0-lH\u00f4tel-de-Paris-1-684x1024.jpg 684w, https:\/\/www.luxsure.fr\/wp-content\/uploads\/2016\/03\/Dom-P\u00e9rignon-\u00e0-lH\u00f4tel-de-Paris-1-200x300.jpg 200w, https:\/\/www.luxsure.fr\/wp-content\/uploads\/2016\/03\/Dom-P\u00e9rignon-\u00e0-lH\u00f4tel-de-Paris-1-768x1151.jpg 768w, https:\/\/www.luxsure.fr\/wp-content\/uploads\/2016\/03\/Dom-P\u00e9rignon-\u00e0-lH\u00f4tel-de-Paris-1-600x899.jpg 600w\" data-sizes=\"(max-width: 684px) 100vw, 684px\" src=\"data:image\/svg+xml;base64,PHN2ZyB3aWR0aD0iMSIgaGVpZ2h0PSIxIiB4bWxucz0iaHR0cDovL3d3dy53My5vcmcvMjAwMC9zdmciPjwvc3ZnPg==\" style=\"--smush-placeholder-width: 684px; --smush-placeholder-aspect-ratio: 684\/1024;\" \/><\/a>\n\t\t\t<\/dt>\n\t\t\t\t<dd class='wp-caption-text gallery-caption' id='gallery-1-884094'>\n\t\t\t\tSuite Bon P\u00e9rignon &#8211; H\u00f4tel de Paris, Monaco\n\t\t\t\t<\/dd><\/dl><dl class='gallery-item'>\n\t\t\t<dt class='gallery-icon landscape'>\n\t\t\t\t<a href='https:\/\/www.luxsure.fr\/en\/suite-bon-perignon-hotel-de-paris-monaco-2-2\/'><img decoding=\"async\" width=\"1024\" height=\"684\" data-src=\"https:\/\/www.luxsure.fr\/wp-content\/uploads\/2016\/03\/Dom-P\u00e9rignon-\u00e0-lH\u00f4tel-de-Paris-4-1024x684.jpg\" class=\"attachment-large size-large lazyload\" alt=\"\" aria-describedby=\"gallery-1-884098\" data-srcset=\"https:\/\/www.luxsure.fr\/wp-content\/uploads\/2016\/03\/Dom-P\u00e9rignon-\u00e0-lH\u00f4tel-de-Paris-4-1024x684.jpg 1024w, https:\/\/www.luxsure.fr\/wp-content\/uploads\/2016\/03\/Dom-P\u00e9rignon-\u00e0-lH\u00f4tel-de-Paris-4-300x200.jpg 300w, https:\/\/www.luxsure.fr\/wp-content\/uploads\/2016\/03\/Dom-P\u00e9rignon-\u00e0-lH\u00f4tel-de-Paris-4-768x513.jpg 768w, https:\/\/www.luxsure.fr\/wp-content\/uploads\/2016\/03\/Dom-P\u00e9rignon-\u00e0-lH\u00f4tel-de-Paris-4-600x401.jpg 600w\" data-sizes=\"(max-width: 1024px) 100vw, 1024px\" src=\"data:image\/svg+xml;base64,PHN2ZyB3aWR0aD0iMSIgaGVpZ2h0PSIxIiB4bWxucz0iaHR0cDovL3d3dy53My5vcmcvMjAwMC9zdmciPjwvc3ZnPg==\" style=\"--smush-placeholder-width: 1024px; --smush-placeholder-aspect-ratio: 1024\/684;\" \/><\/a>\n\t\t\t<\/dt>\n\t\t\t\t<dd class='wp-caption-text gallery-caption' id='gallery-1-884098'>\n\t\t\t\tSuite Bon P\u00e9rignon &#8211; H\u00f4tel de Paris, Monaco\n\t\t\t\t<\/dd><\/dl><dl class='gallery-item'>\n\t\t\t<dt class='gallery-icon portrait'>\n\t\t\t\t<a href='https:\/\/www.luxsure.fr\/en\/suite-bon-perignon-hotel-de-paris-monaco-3-2\/'><img decoding=\"async\" width=\"684\" height=\"1024\" data-src=\"https:\/\/www.luxsure.fr\/wp-content\/uploads\/2016\/03\/Dom-P\u00e9rignon-\u00e0-lH\u00f4tel-de-Paris-5-684x1024.jpg\" class=\"attachment-large size-large lazyload\" alt=\"\" aria-describedby=\"gallery-1-884102\" data-srcset=\"https:\/\/www.luxsure.fr\/wp-content\/uploads\/2016\/03\/Dom-P\u00e9rignon-\u00e0-lH\u00f4tel-de-Paris-5-684x1024.jpg 684w, https:\/\/www.luxsure.fr\/wp-content\/uploads\/2016\/03\/Dom-P\u00e9rignon-\u00e0-lH\u00f4tel-de-Paris-5-200x300.jpg 200w, https:\/\/www.luxsure.fr\/wp-content\/uploads\/2016\/03\/Dom-P\u00e9rignon-\u00e0-lH\u00f4tel-de-Paris-5-768x1151.jpg 768w, https:\/\/www.luxsure.fr\/wp-content\/uploads\/2016\/03\/Dom-P\u00e9rignon-\u00e0-lH\u00f4tel-de-Paris-5-600x899.jpg 600w\" data-sizes=\"(max-width: 684px) 100vw, 684px\" src=\"data:image\/svg+xml;base64,PHN2ZyB3aWR0aD0iMSIgaGVpZ2h0PSIxIiB4bWxucz0iaHR0cDovL3d3dy53My5vcmcvMjAwMC9zdmciPjwvc3ZnPg==\" style=\"--smush-placeholder-width: 684px; --smush-placeholder-aspect-ratio: 684\/1024;\" \/><\/a>\n\t\t\t<\/dt>\n\t\t\t\t<dd class='wp-caption-text gallery-caption' id='gallery-1-884102'>\n\t\t\t\tSuite Bon P\u00e9rignon &#8211; H\u00f4tel de Paris, Monaco\n\t\t\t\t<\/dd><\/dl><br style=\"clear: both\" \/><dl class='gallery-item'>\n\t\t\t<dt class='gallery-icon landscape'>\n\t\t\t\t<a href='https:\/\/www.luxsure.fr\/en\/suite-bon-perignon-hotel-de-paris-monaco-4-2\/'><img decoding=\"async\" width=\"1024\" height=\"666\" data-src=\"https:\/\/www.luxsure.fr\/wp-content\/uploads\/2016\/03\/Dom-P\u00e9rignon-\u00e0-lH\u00f4tel-de-Paris-6-1024x666.jpg\" class=\"attachment-large size-large lazyload\" alt=\"\" aria-describedby=\"gallery-1-884106\" data-srcset=\"https:\/\/www.luxsure.fr\/wp-content\/uploads\/2016\/03\/Dom-P\u00e9rignon-\u00e0-lH\u00f4tel-de-Paris-6-1024x666.jpg 1024w, https:\/\/www.luxsure.fr\/wp-content\/uploads\/2016\/03\/Dom-P\u00e9rignon-\u00e0-lH\u00f4tel-de-Paris-6-300x195.jpg 300w, https:\/\/www.luxsure.fr\/wp-content\/uploads\/2016\/03\/Dom-P\u00e9rignon-\u00e0-lH\u00f4tel-de-Paris-6-768x499.jpg 768w, https:\/\/www.luxsure.fr\/wp-content\/uploads\/2016\/03\/Dom-P\u00e9rignon-\u00e0-lH\u00f4tel-de-Paris-6-600x390.jpg 600w\" data-sizes=\"(max-width: 1024px) 100vw, 1024px\" src=\"data:image\/svg+xml;base64,PHN2ZyB3aWR0aD0iMSIgaGVpZ2h0PSIxIiB4bWxucz0iaHR0cDovL3d3dy53My5vcmcvMjAwMC9zdmciPjwvc3ZnPg==\" style=\"--smush-placeholder-width: 1024px; --smush-placeholder-aspect-ratio: 1024\/666;\" \/><\/a>\n\t\t\t<\/dt>\n\t\t\t\t<dd class='wp-caption-text gallery-caption' id='gallery-1-884106'>\n\t\t\t\tSuite Bon P\u00e9rignon &#8211; H\u00f4tel de Paris, Monaco\n\t\t\t\t<\/dd><\/dl><dl class='gallery-item'>\n\t\t\t<dt class='gallery-icon landscape'>\n\t\t\t\t<a href='https:\/\/www.luxsure.fr\/en\/suite-bon-perignon-hotel-de-paris-monaco-5-2\/'><img decoding=\"async\" width=\"1024\" height=\"684\" data-src=\"https:\/\/www.luxsure.fr\/wp-content\/uploads\/2016\/03\/Dom-P\u00e9rignon-\u00e0-lH\u00f4tel-de-Paris-7-1024x684.jpg\" class=\"attachment-large size-large lazyload\" alt=\"\" aria-describedby=\"gallery-1-884110\" data-srcset=\"https:\/\/www.luxsure.fr\/wp-content\/uploads\/2016\/03\/Dom-P\u00e9rignon-\u00e0-lH\u00f4tel-de-Paris-7-1024x684.jpg 1024w, https:\/\/www.luxsure.fr\/wp-content\/uploads\/2016\/03\/Dom-P\u00e9rignon-\u00e0-lH\u00f4tel-de-Paris-7-300x200.jpg 300w, https:\/\/www.luxsure.fr\/wp-content\/uploads\/2016\/03\/Dom-P\u00e9rignon-\u00e0-lH\u00f4tel-de-Paris-7-768x513.jpg 768w, https:\/\/www.luxsure.fr\/wp-content\/uploads\/2016\/03\/Dom-P\u00e9rignon-\u00e0-lH\u00f4tel-de-Paris-7-600x401.jpg 600w\" data-sizes=\"(max-width: 1024px) 100vw, 1024px\" src=\"data:image\/svg+xml;base64,PHN2ZyB3aWR0aD0iMSIgaGVpZ2h0PSIxIiB4bWxucz0iaHR0cDovL3d3dy53My5vcmcvMjAwMC9zdmciPjwvc3ZnPg==\" style=\"--smush-placeholder-width: 1024px; --smush-placeholder-aspect-ratio: 1024\/684;\" \/><\/a>\n\t\t\t<\/dt>\n\t\t\t\t<dd class='wp-caption-text gallery-caption' id='gallery-1-884110'>\n\t\t\t\tSuite Bon P\u00e9rignon &#8211; H\u00f4tel de Paris, Monaco\n\t\t\t\t<\/dd><\/dl><dl class='gallery-item'>\n\t\t\t<dt class='gallery-icon portrait'>\n\t\t\t\t<a href='https:\/\/www.luxsure.fr\/en\/suite-bon-perignon-hotel-de-paris-monaco-6-2\/'><img decoding=\"async\" width=\"684\" height=\"1024\" data-src=\"https:\/\/www.luxsure.fr\/wp-content\/uploads\/2016\/03\/Dom-P\u00e9rignon-\u00e0-lH\u00f4tel-de-Paris-8-684x1024.jpg\" class=\"attachment-large size-large lazyload\" alt=\"\" aria-describedby=\"gallery-1-884114\" data-srcset=\"https:\/\/www.luxsure.fr\/wp-content\/uploads\/2016\/03\/Dom-P\u00e9rignon-\u00e0-lH\u00f4tel-de-Paris-8-684x1024.jpg 684w, https:\/\/www.luxsure.fr\/wp-content\/uploads\/2016\/03\/Dom-P\u00e9rignon-\u00e0-lH\u00f4tel-de-Paris-8-200x300.jpg 200w, https:\/\/www.luxsure.fr\/wp-content\/uploads\/2016\/03\/Dom-P\u00e9rignon-\u00e0-lH\u00f4tel-de-Paris-8-768x1151.jpg 768w, https:\/\/www.luxsure.fr\/wp-content\/uploads\/2016\/03\/Dom-P\u00e9rignon-\u00e0-lH\u00f4tel-de-Paris-8-600x899.jpg 600w\" data-sizes=\"(max-width: 684px) 100vw, 684px\" src=\"data:image\/svg+xml;base64,PHN2ZyB3aWR0aD0iMSIgaGVpZ2h0PSIxIiB4bWxucz0iaHR0cDovL3d3dy53My5vcmcvMjAwMC9zdmciPjwvc3ZnPg==\" style=\"--smush-placeholder-width: 684px; --smush-placeholder-aspect-ratio: 684\/1024;\" \/><\/a>\n\t\t\t<\/dt>\n\t\t\t\t<dd class='wp-caption-text gallery-caption' id='gallery-1-884114'>\n\t\t\t\tSuite Bon P\u00e9rignon &#8211; H\u00f4tel de Paris, Monaco\n\t\t\t\t<\/dd><\/dl><br style=\"clear: both\" \/><dl class='gallery-item'>\n\t\t\t<dt class='gallery-icon portrait'>\n\t\t\t\t<a href='https:\/\/www.luxsure.fr\/en\/suite-bon-perignon-hotel-de-paris-monaco-7-2\/'><img decoding=\"async\" width=\"684\" height=\"1024\" data-src=\"https:\/\/www.luxsure.fr\/wp-content\/uploads\/2016\/03\/Dom-P\u00e9rignon-\u00e0-lH\u00f4tel-de-Paris-9-684x1024.jpg\" class=\"attachment-large size-large lazyload\" alt=\"\" aria-describedby=\"gallery-1-884118\" data-srcset=\"https:\/\/www.luxsure.fr\/wp-content\/uploads\/2016\/03\/Dom-P\u00e9rignon-\u00e0-lH\u00f4tel-de-Paris-9-684x1024.jpg 684w, https:\/\/www.luxsure.fr\/wp-content\/uploads\/2016\/03\/Dom-P\u00e9rignon-\u00e0-lH\u00f4tel-de-Paris-9-200x300.jpg 200w, https:\/\/www.luxsure.fr\/wp-content\/uploads\/2016\/03\/Dom-P\u00e9rignon-\u00e0-lH\u00f4tel-de-Paris-9-768x1151.jpg 768w, https:\/\/www.luxsure.fr\/wp-content\/uploads\/2016\/03\/Dom-P\u00e9rignon-\u00e0-lH\u00f4tel-de-Paris-9-600x899.jpg 600w\" data-sizes=\"(max-width: 684px) 100vw, 684px\" src=\"data:image\/svg+xml;base64,PHN2ZyB3aWR0aD0iMSIgaGVpZ2h0PSIxIiB4bWxucz0iaHR0cDovL3d3dy53My5vcmcvMjAwMC9zdmciPjwvc3ZnPg==\" style=\"--smush-placeholder-width: 684px; --smush-placeholder-aspect-ratio: 684\/1024;\" \/><\/a>\n\t\t\t<\/dt>\n\t\t\t\t<dd class='wp-caption-text gallery-caption' id='gallery-1-884118'>\n\t\t\t\tSuite Bon P\u00e9rignon &#8211; H\u00f4tel de Paris, Monaco\n\t\t\t\t<\/dd><\/dl><dl class='gallery-item'>\n\t\t\t<dt class='gallery-icon landscape'>\n\t\t\t\t<a href='https:\/\/www.luxsure.fr\/en\/suite-bon-perignon-hotel-de-paris-monaco-8-2\/'><img decoding=\"async\" width=\"1024\" height=\"684\" data-src=\"https:\/\/www.luxsure.fr\/wp-content\/uploads\/2016\/03\/Dom-P\u00e9rignon-\u00e0-lH\u00f4tel-de-Paris-11-1024x684.jpg\" class=\"attachment-large size-large lazyload\" alt=\"\" aria-describedby=\"gallery-1-884122\" data-srcset=\"https:\/\/www.luxsure.fr\/wp-content\/uploads\/2016\/03\/Dom-P\u00e9rignon-\u00e0-lH\u00f4tel-de-Paris-11-1024x684.jpg 1024w, https:\/\/www.luxsure.fr\/wp-content\/uploads\/2016\/03\/Dom-P\u00e9rignon-\u00e0-lH\u00f4tel-de-Paris-11-300x200.jpg 300w, https:\/\/www.luxsure.fr\/wp-content\/uploads\/2016\/03\/Dom-P\u00e9rignon-\u00e0-lH\u00f4tel-de-Paris-11-768x513.jpg 768w, https:\/\/www.luxsure.fr\/wp-content\/uploads\/2016\/03\/Dom-P\u00e9rignon-\u00e0-lH\u00f4tel-de-Paris-11-600x401.jpg 600w\" data-sizes=\"(max-width: 1024px) 100vw, 1024px\" src=\"data:image\/svg+xml;base64,PHN2ZyB3aWR0aD0iMSIgaGVpZ2h0PSIxIiB4bWxucz0iaHR0cDovL3d3dy53My5vcmcvMjAwMC9zdmciPjwvc3ZnPg==\" style=\"--smush-placeholder-width: 1024px; --smush-placeholder-aspect-ratio: 1024\/684;\" \/><\/a>\n\t\t\t<\/dt>\n\t\t\t\t<dd class='wp-caption-text gallery-caption' id='gallery-1-884122'>\n\t\t\t\tSuite Bon P\u00e9rignon &#8211; H\u00f4tel de Paris, Monaco\n\t\t\t\t<\/dd><\/dl>\n\t\t\t<br style='clear: both' \/>\n\t\t<\/div>\n\n<\/div>\n<\/div>\n<\/div>\n<div class=\"page\" title=\"Page 2\">\n<div class=\"layoutArea\">\n<div class=\"column\">\n<p>From March 7 to May 31, 2016 in the Dom P\u00e9rignon suite, a new, refined setting for this vintage memory, you can enjoy the unique, ephemeral gastronomic experience of a dinner created by chef Franck Cerruti, imagined by Alain Ducasse around Dom P\u00e9rignon P2 1998 champagne, revealing and enhancing the complex mineral, iodine and spicy uniqueness that this rare cuv\u00e9e reveals.<\/p>\n<p>An exceptional gastronomic moment to share!<\/p>\n<p>&nbsp;<\/p>\n<p>&nbsp;<\/p>\n<\/div>\n<\/div>\n<\/div>\n<p>&nbsp;<\/p>\n","protected":false},"excerpt":{"rendered":"<p>From March 7 to May 31, 2016, the iconic suite 321-322 at the H\u00f4tel de Paris Monte-Carlo will be invested by Dom P\u00e9rignon. In this refined new setting, guests can&hellip;<\/p>\n","protected":false},"author":2,"featured_media":884094,"comment_status":"closed","ping_status":"closed","sticky":false,"template":"","format":"standard","meta":{"_lmt_disableupdate":"","_lmt_disable":"","footnotes":""},"categories":[30409,30493],"tags":[57718,66605,65662,66404],"class_list":["post-2030273","post","type-post","status-publish","format-standard","has-post-thumbnail","hentry","category-gastronomy","category-wines-and-spirits","tag-dom-perignon","tag-dom-perignon-p2-1998","tag-hotel-de-paris","tag-monte-carlo"],"yoast_head":"<!-- This site is optimized with the Yoast SEO plugin v27.5 - https:\/\/yoast.com\/product\/yoast-seo-wordpress\/ -->\n<title>Dom P\u00e9rignon champagne takes up residence at Monaco&#039;s H\u00f4tel de Paris - Luxsure<\/title>\n<meta name=\"robots\" content=\"index, follow, max-snippet:-1, max-image-preview:large, max-video-preview:-1\" \/>\n<link rel=\"canonical\" href=\"https:\/\/www.luxsure.fr\/en\/2016\/03\/14\/dom-perignon-champagne-takes-up-residence-at-monacos-hotel-de-paris\/\" \/>\n<meta name=\"twitter:label1\" content=\"Written by\" \/>\n\t<meta name=\"twitter:data1\" content=\"pascal iakovou\" \/>\n\t<meta name=\"twitter:label2\" content=\"Est. reading time\" \/>\n\t<meta name=\"twitter:data2\" content=\"2 minutes\" \/>\n<script type=\"application\/ld+json\" class=\"yoast-schema-graph\">{\"@context\":\"https:\\\/\\\/schema.org\",\"@graph\":[{\"@type\":\"Article\",\"@id\":\"https:\\\/\\\/www.luxsure.fr\\\/en\\\/2016\\\/03\\\/14\\\/dom-perignon-champagne-takes-up-residence-at-monacos-hotel-de-paris\\\/#article\",\"isPartOf\":{\"@id\":\"https:\\\/\\\/www.luxsure.fr\\\/en\\\/2016\\\/03\\\/14\\\/dom-perignon-champagne-takes-up-residence-at-monacos-hotel-de-paris\\\/\"},\"author\":{\"name\":\"pascal iakovou\",\"@id\":\"https:\\\/\\\/www.luxsure.fr\\\/#\\\/schema\\\/person\\\/e3e28d08083f4cbc258957c924e39423\"},\"headline\":\"Dom P\u00e9rignon champagne takes up residence at Monaco&#8217;s H\u00f4tel de Paris\",\"datePublished\":\"2016-03-14T09:35:45+00:00\",\"dateModified\":\"2026-04-26T23:47:40+00:00\",\"mainEntityOfPage\":{\"@id\":\"https:\\\/\\\/www.luxsure.fr\\\/en\\\/2016\\\/03\\\/14\\\/dom-perignon-champagne-takes-up-residence-at-monacos-hotel-de-paris\\\/\"},\"wordCount\":332,\"publisher\":{\"@id\":\"https:\\\/\\\/www.luxsure.fr\\\/#organization\"},\"image\":{\"@id\":\"https:\\\/\\\/www.luxsure.fr\\\/en\\\/2016\\\/03\\\/14\\\/dom-perignon-champagne-takes-up-residence-at-monacos-hotel-de-paris\\\/#primaryimage\"},\"thumbnailUrl\":\"https:\\\/\\\/www.luxsure.fr\\\/wp-content\\\/uploads\\\/2016\\\/03\\\/Dom-P\u00e9rignon-\u00e0-lH\u00f4tel-de-Paris-1.jpg\",\"keywords\":[\"DOM PERIGNON\",\"Dom P\u00e9rignon P2 1998\",\"Hotel de Paris\",\"monte carlo\"],\"articleSection\":[\"Gastronomy\",\"Wines and Spirits\"],\"inLanguage\":\"en-US\"},{\"@type\":\"WebPage\",\"@id\":\"https:\\\/\\\/www.luxsure.fr\\\/en\\\/2016\\\/03\\\/14\\\/dom-perignon-champagne-takes-up-residence-at-monacos-hotel-de-paris\\\/\",\"url\":\"https:\\\/\\\/www.luxsure.fr\\\/en\\\/2016\\\/03\\\/14\\\/dom-perignon-champagne-takes-up-residence-at-monacos-hotel-de-paris\\\/\",\"name\":\"Dom P\u00e9rignon champagne takes up residence at Monaco's H\u00f4tel de Paris - Luxsure\",\"isPartOf\":{\"@id\":\"https:\\\/\\\/www.luxsure.fr\\\/#website\"},\"primaryImageOfPage\":{\"@id\":\"https:\\\/\\\/www.luxsure.fr\\\/en\\\/2016\\\/03\\\/14\\\/dom-perignon-champagne-takes-up-residence-at-monacos-hotel-de-paris\\\/#primaryimage\"},\"image\":{\"@id\":\"https:\\\/\\\/www.luxsure.fr\\\/en\\\/2016\\\/03\\\/14\\\/dom-perignon-champagne-takes-up-residence-at-monacos-hotel-de-paris\\\/#primaryimage\"},\"thumbnailUrl\":\"https:\\\/\\\/www.luxsure.fr\\\/wp-content\\\/uploads\\\/2016\\\/03\\\/Dom-P\u00e9rignon-\u00e0-lH\u00f4tel-de-Paris-1.jpg\",\"datePublished\":\"2016-03-14T09:35:45+00:00\",\"dateModified\":\"2026-04-26T23:47:40+00:00\",\"breadcrumb\":{\"@id\":\"https:\\\/\\\/www.luxsure.fr\\\/en\\\/2016\\\/03\\\/14\\\/dom-perignon-champagne-takes-up-residence-at-monacos-hotel-de-paris\\\/#breadcrumb\"},\"inLanguage\":\"en-US\",\"potentialAction\":[{\"@type\":\"ReadAction\",\"target\":[\"https:\\\/\\\/www.luxsure.fr\\\/en\\\/2016\\\/03\\\/14\\\/dom-perignon-champagne-takes-up-residence-at-monacos-hotel-de-paris\\\/\"]}]},{\"@type\":\"ImageObject\",\"inLanguage\":\"en-US\",\"@id\":\"https:\\\/\\\/www.luxsure.fr\\\/en\\\/2016\\\/03\\\/14\\\/dom-perignon-champagne-takes-up-residence-at-monacos-hotel-de-paris\\\/#primaryimage\",\"url\":\"https:\\\/\\\/www.luxsure.fr\\\/wp-content\\\/uploads\\\/2016\\\/03\\\/Dom-P\u00e9rignon-\u00e0-lH\u00f4tel-de-Paris-1.jpg\",\"contentUrl\":\"https:\\\/\\\/www.luxsure.fr\\\/wp-content\\\/uploads\\\/2016\\\/03\\\/Dom-P\u00e9rignon-\u00e0-lH\u00f4tel-de-Paris-1.jpg\",\"width\":2670,\"height\":4000,\"caption\":\"Suite Bon P\u00e9rignon - H\u00f4tel de Paris, Monaco\"},{\"@type\":\"BreadcrumbList\",\"@id\":\"https:\\\/\\\/www.luxsure.fr\\\/en\\\/2016\\\/03\\\/14\\\/dom-perignon-champagne-takes-up-residence-at-monacos-hotel-de-paris\\\/#breadcrumb\",\"itemListElement\":[{\"@type\":\"ListItem\",\"position\":1,\"name\":\"Accueil\",\"item\":\"https:\\\/\\\/www.luxsure.fr\\\/\"},{\"@type\":\"ListItem\",\"position\":2,\"name\":\"Dom P\u00e9rignon champagne takes up residence at Monaco&#8217;s H\u00f4tel de Paris\"}]},{\"@type\":\"WebSite\",\"@id\":\"https:\\\/\\\/www.luxsure.fr\\\/#website\",\"url\":\"https:\\\/\\\/www.luxsure.fr\\\/\",\"name\":\"Luxsure\",\"description\":\"UNE CERTAINE VISION DU LUXE\",\"publisher\":{\"@id\":\"https:\\\/\\\/www.luxsure.fr\\\/#organization\"},\"potentialAction\":[{\"@type\":\"SearchAction\",\"target\":{\"@type\":\"EntryPoint\",\"urlTemplate\":\"https:\\\/\\\/www.luxsure.fr\\\/?s={search_term_string}\"},\"query-input\":{\"@type\":\"PropertyValueSpecification\",\"valueRequired\":true,\"valueName\":\"search_term_string\"}}],\"inLanguage\":\"en-US\"},{\"@type\":\"Organization\",\"@id\":\"https:\\\/\\\/www.luxsure.fr\\\/#organization\",\"name\":\"Luxsure\",\"url\":\"https:\\\/\\\/www.luxsure.fr\\\/\",\"logo\":{\"@type\":\"ImageObject\",\"inLanguage\":\"en-US\",\"@id\":\"https:\\\/\\\/www.luxsure.fr\\\/#\\\/schema\\\/logo\\\/image\\\/\",\"url\":\"https:\\\/\\\/i0.wp.com\\\/www.luxsure.fr\\\/wp-content\\\/uploads\\\/2015\\\/10\\\/Capture-d\u2019\u00e9cran-2015-08-19-\u00e0-10.51.48.png?fit=551%2C400&ssl=1\",\"contentUrl\":\"https:\\\/\\\/i0.wp.com\\\/www.luxsure.fr\\\/wp-content\\\/uploads\\\/2015\\\/10\\\/Capture-d\u2019\u00e9cran-2015-08-19-\u00e0-10.51.48.png?fit=551%2C400&ssl=1\",\"width\":551,\"height\":400,\"caption\":\"Luxsure\"},\"image\":{\"@id\":\"https:\\\/\\\/www.luxsure.fr\\\/#\\\/schema\\\/logo\\\/image\\\/\"}},{\"@type\":\"Person\",\"@id\":\"https:\\\/\\\/www.luxsure.fr\\\/#\\\/schema\\\/person\\\/e3e28d08083f4cbc258957c924e39423\",\"name\":\"pascal iakovou\",\"image\":{\"@type\":\"ImageObject\",\"inLanguage\":\"en-US\",\"@id\":\"https:\\\/\\\/secure.gravatar.com\\\/avatar\\\/358546e9ab7afafbb35961f747089b93cb88ca12b7a9fcd0c7922cc45f092613?s=96&d=mm&r=g\",\"url\":\"https:\\\/\\\/secure.gravatar.com\\\/avatar\\\/358546e9ab7afafbb35961f747089b93cb88ca12b7a9fcd0c7922cc45f092613?s=96&d=mm&r=g\",\"contentUrl\":\"https:\\\/\\\/secure.gravatar.com\\\/avatar\\\/358546e9ab7afafbb35961f747089b93cb88ca12b7a9fcd0c7922cc45f092613?s=96&d=mm&r=g\",\"caption\":\"pascal iakovou\"},\"sameAs\":[\"http:\\\/\\\/www.luxsure.Fr\"],\"url\":\"https:\\\/\\\/www.luxsure.fr\\\/en\\\/author\\\/pascal\\\/\"}]}<\/script>\n<!-- \/ Yoast SEO plugin. -->","yoast_head_json":{"title":"Dom P\u00e9rignon champagne takes up residence at Monaco's H\u00f4tel de Paris - Luxsure","robots":{"index":"index","follow":"follow","max-snippet":"max-snippet:-1","max-image-preview":"max-image-preview:large","max-video-preview":"max-video-preview:-1"},"canonical":"https:\/\/www.luxsure.fr\/en\/2016\/03\/14\/dom-perignon-champagne-takes-up-residence-at-monacos-hotel-de-paris\/","twitter_misc":{"Written by":"pascal iakovou","Est. reading time":"2 minutes"},"schema":{"@context":"https:\/\/schema.org","@graph":[{"@type":"Article","@id":"https:\/\/www.luxsure.fr\/en\/2016\/03\/14\/dom-perignon-champagne-takes-up-residence-at-monacos-hotel-de-paris\/#article","isPartOf":{"@id":"https:\/\/www.luxsure.fr\/en\/2016\/03\/14\/dom-perignon-champagne-takes-up-residence-at-monacos-hotel-de-paris\/"},"author":{"name":"pascal iakovou","@id":"https:\/\/www.luxsure.fr\/#\/schema\/person\/e3e28d08083f4cbc258957c924e39423"},"headline":"Dom P\u00e9rignon champagne takes up residence at Monaco&#8217;s H\u00f4tel de Paris","datePublished":"2016-03-14T09:35:45+00:00","dateModified":"2026-04-26T23:47:40+00:00","mainEntityOfPage":{"@id":"https:\/\/www.luxsure.fr\/en\/2016\/03\/14\/dom-perignon-champagne-takes-up-residence-at-monacos-hotel-de-paris\/"},"wordCount":332,"publisher":{"@id":"https:\/\/www.luxsure.fr\/#organization"},"image":{"@id":"https:\/\/www.luxsure.fr\/en\/2016\/03\/14\/dom-perignon-champagne-takes-up-residence-at-monacos-hotel-de-paris\/#primaryimage"},"thumbnailUrl":"https:\/\/www.luxsure.fr\/wp-content\/uploads\/2016\/03\/Dom-P\u00e9rignon-\u00e0-lH\u00f4tel-de-Paris-1.jpg","keywords":["DOM PERIGNON","Dom P\u00e9rignon P2 1998","Hotel de Paris","monte carlo"],"articleSection":["Gastronomy","Wines and Spirits"],"inLanguage":"en-US"},{"@type":"WebPage","@id":"https:\/\/www.luxsure.fr\/en\/2016\/03\/14\/dom-perignon-champagne-takes-up-residence-at-monacos-hotel-de-paris\/","url":"https:\/\/www.luxsure.fr\/en\/2016\/03\/14\/dom-perignon-champagne-takes-up-residence-at-monacos-hotel-de-paris\/","name":"Dom P\u00e9rignon champagne takes up residence at Monaco's H\u00f4tel de Paris - Luxsure","isPartOf":{"@id":"https:\/\/www.luxsure.fr\/#website"},"primaryImageOfPage":{"@id":"https:\/\/www.luxsure.fr\/en\/2016\/03\/14\/dom-perignon-champagne-takes-up-residence-at-monacos-hotel-de-paris\/#primaryimage"},"image":{"@id":"https:\/\/www.luxsure.fr\/en\/2016\/03\/14\/dom-perignon-champagne-takes-up-residence-at-monacos-hotel-de-paris\/#primaryimage"},"thumbnailUrl":"https:\/\/www.luxsure.fr\/wp-content\/uploads\/2016\/03\/Dom-P\u00e9rignon-\u00e0-lH\u00f4tel-de-Paris-1.jpg","datePublished":"2016-03-14T09:35:45+00:00","dateModified":"2026-04-26T23:47:40+00:00","breadcrumb":{"@id":"https:\/\/www.luxsure.fr\/en\/2016\/03\/14\/dom-perignon-champagne-takes-up-residence-at-monacos-hotel-de-paris\/#breadcrumb"},"inLanguage":"en-US","potentialAction":[{"@type":"ReadAction","target":["https:\/\/www.luxsure.fr\/en\/2016\/03\/14\/dom-perignon-champagne-takes-up-residence-at-monacos-hotel-de-paris\/"]}]},{"@type":"ImageObject","inLanguage":"en-US","@id":"https:\/\/www.luxsure.fr\/en\/2016\/03\/14\/dom-perignon-champagne-takes-up-residence-at-monacos-hotel-de-paris\/#primaryimage","url":"https:\/\/www.luxsure.fr\/wp-content\/uploads\/2016\/03\/Dom-P\u00e9rignon-\u00e0-lH\u00f4tel-de-Paris-1.jpg","contentUrl":"https:\/\/www.luxsure.fr\/wp-content\/uploads\/2016\/03\/Dom-P\u00e9rignon-\u00e0-lH\u00f4tel-de-Paris-1.jpg","width":2670,"height":4000,"caption":"Suite Bon P\u00e9rignon - H\u00f4tel de Paris, Monaco"},{"@type":"BreadcrumbList","@id":"https:\/\/www.luxsure.fr\/en\/2016\/03\/14\/dom-perignon-champagne-takes-up-residence-at-monacos-hotel-de-paris\/#breadcrumb","itemListElement":[{"@type":"ListItem","position":1,"name":"Accueil","item":"https:\/\/www.luxsure.fr\/"},{"@type":"ListItem","position":2,"name":"Dom P\u00e9rignon champagne takes up residence at Monaco&#8217;s H\u00f4tel de Paris"}]},{"@type":"WebSite","@id":"https:\/\/www.luxsure.fr\/#website","url":"https:\/\/www.luxsure.fr\/","name":"Luxsure","description":"UNE CERTAINE VISION DU LUXE","publisher":{"@id":"https:\/\/www.luxsure.fr\/#organization"},"potentialAction":[{"@type":"SearchAction","target":{"@type":"EntryPoint","urlTemplate":"https:\/\/www.luxsure.fr\/?s={search_term_string}"},"query-input":{"@type":"PropertyValueSpecification","valueRequired":true,"valueName":"search_term_string"}}],"inLanguage":"en-US"},{"@type":"Organization","@id":"https:\/\/www.luxsure.fr\/#organization","name":"Luxsure","url":"https:\/\/www.luxsure.fr\/","logo":{"@type":"ImageObject","inLanguage":"en-US","@id":"https:\/\/www.luxsure.fr\/#\/schema\/logo\/image\/","url":"https:\/\/i0.wp.com\/www.luxsure.fr\/wp-content\/uploads\/2015\/10\/Capture-d\u2019\u00e9cran-2015-08-19-\u00e0-10.51.48.png?fit=551%2C400&ssl=1","contentUrl":"https:\/\/i0.wp.com\/www.luxsure.fr\/wp-content\/uploads\/2015\/10\/Capture-d\u2019\u00e9cran-2015-08-19-\u00e0-10.51.48.png?fit=551%2C400&ssl=1","width":551,"height":400,"caption":"Luxsure"},"image":{"@id":"https:\/\/www.luxsure.fr\/#\/schema\/logo\/image\/"}},{"@type":"Person","@id":"https:\/\/www.luxsure.fr\/#\/schema\/person\/e3e28d08083f4cbc258957c924e39423","name":"pascal iakovou","image":{"@type":"ImageObject","inLanguage":"en-US","@id":"https:\/\/secure.gravatar.com\/avatar\/358546e9ab7afafbb35961f747089b93cb88ca12b7a9fcd0c7922cc45f092613?s=96&d=mm&r=g","url":"https:\/\/secure.gravatar.com\/avatar\/358546e9ab7afafbb35961f747089b93cb88ca12b7a9fcd0c7922cc45f092613?s=96&d=mm&r=g","contentUrl":"https:\/\/secure.gravatar.com\/avatar\/358546e9ab7afafbb35961f747089b93cb88ca12b7a9fcd0c7922cc45f092613?s=96&d=mm&r=g","caption":"pascal iakovou"},"sameAs":["http:\/\/www.luxsure.Fr"],"url":"https:\/\/www.luxsure.fr\/en\/author\/pascal\/"}]}},"_links":{"self":[{"href":"https:\/\/www.luxsure.fr\/en\/wp-json\/wp\/v2\/posts\/2030273","targetHints":{"allow":["GET"]}}],"collection":[{"href":"https:\/\/www.luxsure.fr\/en\/wp-json\/wp\/v2\/posts"}],"about":[{"href":"https:\/\/www.luxsure.fr\/en\/wp-json\/wp\/v2\/types\/post"}],"author":[{"embeddable":true,"href":"https:\/\/www.luxsure.fr\/en\/wp-json\/wp\/v2\/users\/2"}],"replies":[{"embeddable":true,"href":"https:\/\/www.luxsure.fr\/en\/wp-json\/wp\/v2\/comments?post=2030273"}],"version-history":[{"count":0,"href":"https:\/\/www.luxsure.fr\/en\/wp-json\/wp\/v2\/posts\/2030273\/revisions"}],"wp:featuredmedia":[{"embeddable":true,"href":"https:\/\/www.luxsure.fr\/en\/wp-json\/wp\/v2\/media\/884094"}],"wp:attachment":[{"href":"https:\/\/www.luxsure.fr\/en\/wp-json\/wp\/v2\/media?parent=2030273"}],"wp:term":[{"taxonomy":"category","embeddable":true,"href":"https:\/\/www.luxsure.fr\/en\/wp-json\/wp\/v2\/categories?post=2030273"},{"taxonomy":"post_tag","embeddable":true,"href":"https:\/\/www.luxsure.fr\/en\/wp-json\/wp\/v2\/tags?post=2030273"}],"curies":[{"name":"wp","href":"https:\/\/api.w.org\/{rel}","templated":true}]}}