{"id":2030188,"date":"2015-12-06T13:17:59","date_gmt":"2015-12-06T12:17:59","guid":{"rendered":"https:\/\/www.luxsure.fr\/2015\/12\/06\/marche-des-saveurs-at-the-mandarin-oriental-paris\/"},"modified":"2026-04-27T01:33:40","modified_gmt":"2026-04-26T23:33:40","slug":"marche-des-saveurs-at-the-mandarin-oriental-paris","status":"publish","type":"post","link":"https:\/\/www.luxsure.fr\/en\/2015\/12\/06\/marche-des-saveurs-at-the-mandarin-oriental-paris\/","title":{"rendered":"March\u00e9 des Saveurs at the Mandarin Oriental, Paris"},"content":{"rendered":"<p>In the run-up to the festive season, <a href=\"http:\/\/www.mandarinoriental.fr\/paris\/fine-dining\/sur-mesure-par-thierry-marx\/\">Thierry Marx<\/a> will host the second edition of the <strong>March\u00e9 des Saveurs<\/strong> at the <a href=\"http:\/\/www.mandarinoriental.fr\/paris\/\">Mandarin Oriental, Paris<\/a>, on <strong>Saturday December 12, 2015 <\/strong>. A true gourmet itinerary, the event will give pride of place to festive products. <\/p>\n<p><a href=\"https:\/\/www.luxsure.fr\/wp-content\/uploads\/2015\/11\/Mandarin.png\" data-rel=\"penci-gallery-image-content\" ><img decoding=\"async\" class=\"aligncenter size-full wp-image-157980 lazyload\" data-src=\"https:\/\/www.luxsure.fr\/wp-content\/uploads\/2015\/11\/Mandarin.png\" alt=\"Mandarin\" width=\"590\" height=\"392\" data-srcset=\"https:\/\/www.luxsure.fr\/wp-content\/uploads\/2015\/11\/Mandarin.png 590w, https:\/\/www.luxsure.fr\/wp-content\/uploads\/2015\/11\/Mandarin-300x199.png 300w\" data-sizes=\"(max-width: 590px) 100vw, 590px\" src=\"data:image\/svg+xml;base64,PHN2ZyB3aWR0aD0iMSIgaGVpZ2h0PSIxIiB4bWxucz0iaHR0cDovL3d3dy53My5vcmcvMjAwMC9zdmciPjwvc3ZnPg==\" style=\"--smush-placeholder-width: 590px; --smush-placeholder-aspect-ratio: 590\/392;\" \/><\/a><\/p>\n<p>Set in the hotel&#8217;s garden, transformed into an enchanted forest, the market will showcase a wide range of festive products and seasonal delights, offering gourmets the perfect way to prepare for Christmas Eve. Young gourmets will be able to sample tasty gingerbread and marrons glac\u00e9s, or the astonishing Yule log from Pierre Mathieu and Mambo, the &#8220;P\u00e8re Noel&#8221;. While older guests will appreciate products from exceptional artisans: charcuterie from Gilles V\u00e9rot, fruit and vegetables from Vergers St. Eustache, Caviar de Neuvic or French cheeses selected by Thierry Marx and the Lien des Saveurs team.<br \/>\nFor the occasion, the <a href=\"http:\/\/www.mandarinoriental.fr\/paris\/fine-dining\/bar-eight\/\">Bar 8<\/a> team has created a mulled wine based on Poir\u00e9, and an astonishing new toddy,<em>Ephedromel<\/em>, made with Blackwell rum, fresh ginger, lime, cloves and honey from the hotel&#8217;s own beehives.<br \/>\nIn the afternoon, a gospel choir will contribute to the magical Christmas atmosphere, spreading its joyful melodies throughout the hotel from the lobby.<br \/>\n<strong><em>The March\u00e9 des Saveurs is open from 10am to 4pm on Saturday, December 12, 2015, in the garden of the Mandarin Oriental, Paris.<\/em><\/strong><\/p>\n","protected":false},"excerpt":{"rendered":"<p>In the run-up to the festive season, Thierry Marx will host the second edition of the March\u00e9 des Saveurs at the Mandarin Oriental, Paris, on Saturday December 12, 2015 .&hellip;<\/p>\n","protected":false},"author":2,"featured_media":855098,"comment_status":"closed","ping_status":"closed","sticky":false,"template":"","format":"standard","meta":{"_lmt_disableupdate":"","_lmt_disable":"","footnotes":""},"categories":[30407,30409,30763],"tags":[56923,30192,66427],"class_list":["post-2030188","post","type-post","status-publish","format-standard","has-post-thumbnail","hentry","category-art-of-living","category-gastronomy","category-travel","tag-mandarin-oriental","tag-paris-en","tag-the-flavours-market"],"yoast_head":"<!-- This site is optimized with the Yoast SEO plugin v27.5 - https:\/\/yoast.com\/product\/yoast-seo-wordpress\/ -->\n<title>March\u00e9 des Saveurs at the Mandarin Oriental, Paris - Luxsure<\/title>\n<meta name=\"robots\" content=\"index, follow, max-snippet:-1, max-image-preview:large, max-video-preview:-1\" \/>\n<link rel=\"canonical\" href=\"https:\/\/www.luxsure.fr\/en\/2015\/12\/06\/marche-des-saveurs-at-the-mandarin-oriental-paris\/\" \/>\n<meta name=\"twitter:label1\" content=\"Written by\" \/>\n\t<meta name=\"twitter:data1\" content=\"pascal iakovou\" \/>\n\t<meta name=\"twitter:label2\" content=\"Est. reading time\" \/>\n\t<meta name=\"twitter:data2\" content=\"1 minute\" \/>\n<script type=\"application\/ld+json\" class=\"yoast-schema-graph\">{\"@context\":\"https:\\\/\\\/schema.org\",\"@graph\":[{\"@type\":\"Article\",\"@id\":\"https:\\\/\\\/www.luxsure.fr\\\/en\\\/2015\\\/12\\\/06\\\/marche-des-saveurs-at-the-mandarin-oriental-paris\\\/#article\",\"isPartOf\":{\"@id\":\"https:\\\/\\\/www.luxsure.fr\\\/en\\\/2015\\\/12\\\/06\\\/marche-des-saveurs-at-the-mandarin-oriental-paris\\\/\"},\"author\":{\"name\":\"pascal iakovou\",\"@id\":\"https:\\\/\\\/www.luxsure.fr\\\/#\\\/schema\\\/person\\\/e3e28d08083f4cbc258957c924e39423\"},\"headline\":\"March\u00e9 des Saveurs at the Mandarin Oriental, Paris\",\"datePublished\":\"2015-12-06T12:17:59+00:00\",\"dateModified\":\"2026-04-26T23:33:40+00:00\",\"mainEntityOfPage\":{\"@id\":\"https:\\\/\\\/www.luxsure.fr\\\/en\\\/2015\\\/12\\\/06\\\/marche-des-saveurs-at-the-mandarin-oriental-paris\\\/\"},\"wordCount\":227,\"publisher\":{\"@id\":\"https:\\\/\\\/www.luxsure.fr\\\/#organization\"},\"image\":{\"@id\":\"https:\\\/\\\/www.luxsure.fr\\\/en\\\/2015\\\/12\\\/06\\\/marche-des-saveurs-at-the-mandarin-oriental-paris\\\/#primaryimage\"},\"thumbnailUrl\":\"https:\\\/\\\/www.luxsure.fr\\\/wp-content\\\/uploads\\\/2015\\\/11\\\/Mandarin.png\",\"keywords\":[\"Mandarin Oriental\",\"Paris\",\"The Flavours Market\"],\"articleSection\":[\"Art of living\",\"Gastronomy\",\"Travel\"],\"inLanguage\":\"en-US\"},{\"@type\":\"WebPage\",\"@id\":\"https:\\\/\\\/www.luxsure.fr\\\/en\\\/2015\\\/12\\\/06\\\/marche-des-saveurs-at-the-mandarin-oriental-paris\\\/\",\"url\":\"https:\\\/\\\/www.luxsure.fr\\\/en\\\/2015\\\/12\\\/06\\\/marche-des-saveurs-at-the-mandarin-oriental-paris\\\/\",\"name\":\"March\u00e9 des Saveurs at the Mandarin Oriental, Paris - Luxsure\",\"isPartOf\":{\"@id\":\"https:\\\/\\\/www.luxsure.fr\\\/#website\"},\"primaryImageOfPage\":{\"@id\":\"https:\\\/\\\/www.luxsure.fr\\\/en\\\/2015\\\/12\\\/06\\\/marche-des-saveurs-at-the-mandarin-oriental-paris\\\/#primaryimage\"},\"image\":{\"@id\":\"https:\\\/\\\/www.luxsure.fr\\\/en\\\/2015\\\/12\\\/06\\\/marche-des-saveurs-at-the-mandarin-oriental-paris\\\/#primaryimage\"},\"thumbnailUrl\":\"https:\\\/\\\/www.luxsure.fr\\\/wp-content\\\/uploads\\\/2015\\\/11\\\/Mandarin.png\",\"datePublished\":\"2015-12-06T12:17:59+00:00\",\"dateModified\":\"2026-04-26T23:33:40+00:00\",\"breadcrumb\":{\"@id\":\"https:\\\/\\\/www.luxsure.fr\\\/en\\\/2015\\\/12\\\/06\\\/marche-des-saveurs-at-the-mandarin-oriental-paris\\\/#breadcrumb\"},\"inLanguage\":\"en-US\",\"potentialAction\":[{\"@type\":\"ReadAction\",\"target\":[\"https:\\\/\\\/www.luxsure.fr\\\/en\\\/2015\\\/12\\\/06\\\/marche-des-saveurs-at-the-mandarin-oriental-paris\\\/\"]}]},{\"@type\":\"ImageObject\",\"inLanguage\":\"en-US\",\"@id\":\"https:\\\/\\\/www.luxsure.fr\\\/en\\\/2015\\\/12\\\/06\\\/marche-des-saveurs-at-the-mandarin-oriental-paris\\\/#primaryimage\",\"url\":\"https:\\\/\\\/www.luxsure.fr\\\/wp-content\\\/uploads\\\/2015\\\/11\\\/Mandarin.png\",\"contentUrl\":\"https:\\\/\\\/www.luxsure.fr\\\/wp-content\\\/uploads\\\/2015\\\/11\\\/Mandarin.png\",\"width\":590,\"height\":392},{\"@type\":\"BreadcrumbList\",\"@id\":\"https:\\\/\\\/www.luxsure.fr\\\/en\\\/2015\\\/12\\\/06\\\/marche-des-saveurs-at-the-mandarin-oriental-paris\\\/#breadcrumb\",\"itemListElement\":[{\"@type\":\"ListItem\",\"position\":1,\"name\":\"Accueil\",\"item\":\"https:\\\/\\\/www.luxsure.fr\\\/\"},{\"@type\":\"ListItem\",\"position\":2,\"name\":\"March\u00e9 des Saveurs at the Mandarin Oriental, Paris\"}]},{\"@type\":\"WebSite\",\"@id\":\"https:\\\/\\\/www.luxsure.fr\\\/#website\",\"url\":\"https:\\\/\\\/www.luxsure.fr\\\/\",\"name\":\"Luxsure\",\"description\":\"UNE CERTAINE VISION DU LUXE\",\"publisher\":{\"@id\":\"https:\\\/\\\/www.luxsure.fr\\\/#organization\"},\"potentialAction\":[{\"@type\":\"SearchAction\",\"target\":{\"@type\":\"EntryPoint\",\"urlTemplate\":\"https:\\\/\\\/www.luxsure.fr\\\/?s={search_term_string}\"},\"query-input\":{\"@type\":\"PropertyValueSpecification\",\"valueRequired\":true,\"valueName\":\"search_term_string\"}}],\"inLanguage\":\"en-US\"},{\"@type\":\"Organization\",\"@id\":\"https:\\\/\\\/www.luxsure.fr\\\/#organization\",\"name\":\"Luxsure\",\"url\":\"https:\\\/\\\/www.luxsure.fr\\\/\",\"logo\":{\"@type\":\"ImageObject\",\"inLanguage\":\"en-US\",\"@id\":\"https:\\\/\\\/www.luxsure.fr\\\/#\\\/schema\\\/logo\\\/image\\\/\",\"url\":\"https:\\\/\\\/i0.wp.com\\\/www.luxsure.fr\\\/wp-content\\\/uploads\\\/2015\\\/10\\\/Capture-d\u2019\u00e9cran-2015-08-19-\u00e0-10.51.48.png?fit=551%2C400&ssl=1\",\"contentUrl\":\"https:\\\/\\\/i0.wp.com\\\/www.luxsure.fr\\\/wp-content\\\/uploads\\\/2015\\\/10\\\/Capture-d\u2019\u00e9cran-2015-08-19-\u00e0-10.51.48.png?fit=551%2C400&ssl=1\",\"width\":551,\"height\":400,\"caption\":\"Luxsure\"},\"image\":{\"@id\":\"https:\\\/\\\/www.luxsure.fr\\\/#\\\/schema\\\/logo\\\/image\\\/\"}},{\"@type\":\"Person\",\"@id\":\"https:\\\/\\\/www.luxsure.fr\\\/#\\\/schema\\\/person\\\/e3e28d08083f4cbc258957c924e39423\",\"name\":\"pascal iakovou\",\"image\":{\"@type\":\"ImageObject\",\"inLanguage\":\"en-US\",\"@id\":\"https:\\\/\\\/secure.gravatar.com\\\/avatar\\\/358546e9ab7afafbb35961f747089b93cb88ca12b7a9fcd0c7922cc45f092613?s=96&d=mm&r=g\",\"url\":\"https:\\\/\\\/secure.gravatar.com\\\/avatar\\\/358546e9ab7afafbb35961f747089b93cb88ca12b7a9fcd0c7922cc45f092613?s=96&d=mm&r=g\",\"contentUrl\":\"https:\\\/\\\/secure.gravatar.com\\\/avatar\\\/358546e9ab7afafbb35961f747089b93cb88ca12b7a9fcd0c7922cc45f092613?s=96&d=mm&r=g\",\"caption\":\"pascal iakovou\"},\"sameAs\":[\"http:\\\/\\\/www.luxsure.Fr\"],\"url\":\"https:\\\/\\\/www.luxsure.fr\\\/en\\\/author\\\/pascal\\\/\"}]}<\/script>\n<!-- \/ Yoast SEO plugin. -->","yoast_head_json":{"title":"March\u00e9 des Saveurs at the Mandarin Oriental, Paris - Luxsure","robots":{"index":"index","follow":"follow","max-snippet":"max-snippet:-1","max-image-preview":"max-image-preview:large","max-video-preview":"max-video-preview:-1"},"canonical":"https:\/\/www.luxsure.fr\/en\/2015\/12\/06\/marche-des-saveurs-at-the-mandarin-oriental-paris\/","twitter_misc":{"Written by":"pascal iakovou","Est. reading time":"1 minute"},"schema":{"@context":"https:\/\/schema.org","@graph":[{"@type":"Article","@id":"https:\/\/www.luxsure.fr\/en\/2015\/12\/06\/marche-des-saveurs-at-the-mandarin-oriental-paris\/#article","isPartOf":{"@id":"https:\/\/www.luxsure.fr\/en\/2015\/12\/06\/marche-des-saveurs-at-the-mandarin-oriental-paris\/"},"author":{"name":"pascal iakovou","@id":"https:\/\/www.luxsure.fr\/#\/schema\/person\/e3e28d08083f4cbc258957c924e39423"},"headline":"March\u00e9 des Saveurs at the Mandarin Oriental, Paris","datePublished":"2015-12-06T12:17:59+00:00","dateModified":"2026-04-26T23:33:40+00:00","mainEntityOfPage":{"@id":"https:\/\/www.luxsure.fr\/en\/2015\/12\/06\/marche-des-saveurs-at-the-mandarin-oriental-paris\/"},"wordCount":227,"publisher":{"@id":"https:\/\/www.luxsure.fr\/#organization"},"image":{"@id":"https:\/\/www.luxsure.fr\/en\/2015\/12\/06\/marche-des-saveurs-at-the-mandarin-oriental-paris\/#primaryimage"},"thumbnailUrl":"https:\/\/www.luxsure.fr\/wp-content\/uploads\/2015\/11\/Mandarin.png","keywords":["Mandarin Oriental","Paris","The Flavours Market"],"articleSection":["Art of living","Gastronomy","Travel"],"inLanguage":"en-US"},{"@type":"WebPage","@id":"https:\/\/www.luxsure.fr\/en\/2015\/12\/06\/marche-des-saveurs-at-the-mandarin-oriental-paris\/","url":"https:\/\/www.luxsure.fr\/en\/2015\/12\/06\/marche-des-saveurs-at-the-mandarin-oriental-paris\/","name":"March\u00e9 des Saveurs at the Mandarin Oriental, Paris - Luxsure","isPartOf":{"@id":"https:\/\/www.luxsure.fr\/#website"},"primaryImageOfPage":{"@id":"https:\/\/www.luxsure.fr\/en\/2015\/12\/06\/marche-des-saveurs-at-the-mandarin-oriental-paris\/#primaryimage"},"image":{"@id":"https:\/\/www.luxsure.fr\/en\/2015\/12\/06\/marche-des-saveurs-at-the-mandarin-oriental-paris\/#primaryimage"},"thumbnailUrl":"https:\/\/www.luxsure.fr\/wp-content\/uploads\/2015\/11\/Mandarin.png","datePublished":"2015-12-06T12:17:59+00:00","dateModified":"2026-04-26T23:33:40+00:00","breadcrumb":{"@id":"https:\/\/www.luxsure.fr\/en\/2015\/12\/06\/marche-des-saveurs-at-the-mandarin-oriental-paris\/#breadcrumb"},"inLanguage":"en-US","potentialAction":[{"@type":"ReadAction","target":["https:\/\/www.luxsure.fr\/en\/2015\/12\/06\/marche-des-saveurs-at-the-mandarin-oriental-paris\/"]}]},{"@type":"ImageObject","inLanguage":"en-US","@id":"https:\/\/www.luxsure.fr\/en\/2015\/12\/06\/marche-des-saveurs-at-the-mandarin-oriental-paris\/#primaryimage","url":"https:\/\/www.luxsure.fr\/wp-content\/uploads\/2015\/11\/Mandarin.png","contentUrl":"https:\/\/www.luxsure.fr\/wp-content\/uploads\/2015\/11\/Mandarin.png","width":590,"height":392},{"@type":"BreadcrumbList","@id":"https:\/\/www.luxsure.fr\/en\/2015\/12\/06\/marche-des-saveurs-at-the-mandarin-oriental-paris\/#breadcrumb","itemListElement":[{"@type":"ListItem","position":1,"name":"Accueil","item":"https:\/\/www.luxsure.fr\/"},{"@type":"ListItem","position":2,"name":"March\u00e9 des Saveurs at the Mandarin Oriental, Paris"}]},{"@type":"WebSite","@id":"https:\/\/www.luxsure.fr\/#website","url":"https:\/\/www.luxsure.fr\/","name":"Luxsure","description":"UNE CERTAINE VISION DU LUXE","publisher":{"@id":"https:\/\/www.luxsure.fr\/#organization"},"potentialAction":[{"@type":"SearchAction","target":{"@type":"EntryPoint","urlTemplate":"https:\/\/www.luxsure.fr\/?s={search_term_string}"},"query-input":{"@type":"PropertyValueSpecification","valueRequired":true,"valueName":"search_term_string"}}],"inLanguage":"en-US"},{"@type":"Organization","@id":"https:\/\/www.luxsure.fr\/#organization","name":"Luxsure","url":"https:\/\/www.luxsure.fr\/","logo":{"@type":"ImageObject","inLanguage":"en-US","@id":"https:\/\/www.luxsure.fr\/#\/schema\/logo\/image\/","url":"https:\/\/i0.wp.com\/www.luxsure.fr\/wp-content\/uploads\/2015\/10\/Capture-d\u2019\u00e9cran-2015-08-19-\u00e0-10.51.48.png?fit=551%2C400&ssl=1","contentUrl":"https:\/\/i0.wp.com\/www.luxsure.fr\/wp-content\/uploads\/2015\/10\/Capture-d\u2019\u00e9cran-2015-08-19-\u00e0-10.51.48.png?fit=551%2C400&ssl=1","width":551,"height":400,"caption":"Luxsure"},"image":{"@id":"https:\/\/www.luxsure.fr\/#\/schema\/logo\/image\/"}},{"@type":"Person","@id":"https:\/\/www.luxsure.fr\/#\/schema\/person\/e3e28d08083f4cbc258957c924e39423","name":"pascal iakovou","image":{"@type":"ImageObject","inLanguage":"en-US","@id":"https:\/\/secure.gravatar.com\/avatar\/358546e9ab7afafbb35961f747089b93cb88ca12b7a9fcd0c7922cc45f092613?s=96&d=mm&r=g","url":"https:\/\/secure.gravatar.com\/avatar\/358546e9ab7afafbb35961f747089b93cb88ca12b7a9fcd0c7922cc45f092613?s=96&d=mm&r=g","contentUrl":"https:\/\/secure.gravatar.com\/avatar\/358546e9ab7afafbb35961f747089b93cb88ca12b7a9fcd0c7922cc45f092613?s=96&d=mm&r=g","caption":"pascal iakovou"},"sameAs":["http:\/\/www.luxsure.Fr"],"url":"https:\/\/www.luxsure.fr\/en\/author\/pascal\/"}]}},"_links":{"self":[{"href":"https:\/\/www.luxsure.fr\/en\/wp-json\/wp\/v2\/posts\/2030188","targetHints":{"allow":["GET"]}}],"collection":[{"href":"https:\/\/www.luxsure.fr\/en\/wp-json\/wp\/v2\/posts"}],"about":[{"href":"https:\/\/www.luxsure.fr\/en\/wp-json\/wp\/v2\/types\/post"}],"author":[{"embeddable":true,"href":"https:\/\/www.luxsure.fr\/en\/wp-json\/wp\/v2\/users\/2"}],"replies":[{"embeddable":true,"href":"https:\/\/www.luxsure.fr\/en\/wp-json\/wp\/v2\/comments?post=2030188"}],"version-history":[{"count":0,"href":"https:\/\/www.luxsure.fr\/en\/wp-json\/wp\/v2\/posts\/2030188\/revisions"}],"wp:featuredmedia":[{"embeddable":true,"href":"https:\/\/www.luxsure.fr\/en\/wp-json\/wp\/v2\/media\/855098"}],"wp:attachment":[{"href":"https:\/\/www.luxsure.fr\/en\/wp-json\/wp\/v2\/media?parent=2030188"}],"wp:term":[{"taxonomy":"category","embeddable":true,"href":"https:\/\/www.luxsure.fr\/en\/wp-json\/wp\/v2\/categories?post=2030188"},{"taxonomy":"post_tag","embeddable":true,"href":"https:\/\/www.luxsure.fr\/en\/wp-json\/wp\/v2\/tags?post=2030188"}],"curies":[{"name":"wp","href":"https:\/\/api.w.org\/{rel}","templated":true}]}}