{"id":2030089,"date":"2015-08-21T11:35:28","date_gmt":"2015-08-21T09:35:28","guid":{"rendered":"https:\/\/www.luxsure.fr\/2015\/08\/21\/luxsure-once-again-partner-of-art-elysees-design-elysees\/"},"modified":"2026-04-27T01:15:42","modified_gmt":"2026-04-26T23:15:42","slug":"luxsure-once-again-partner-of-art-elysees-design-elysees","status":"publish","type":"post","link":"https:\/\/www.luxsure.fr\/en\/2015\/08\/21\/luxsure-once-again-partner-of-art-elysees-design-elysees\/","title":{"rendered":"Luxsure, once again partner of Art Elys\u00e9es &amp; Design Elys\u00e9es"},"content":{"rendered":"<p>&nbsp;<\/p>\n<p>From October 22 to 26, Art \u00c9lys\u00e9es &#8211; Art &amp; Design returns to the Avenue des Champs-\u00c9lys\u00e9es, bringing together nearly 75 galleries in 3 ephemeral pavilions, presenting a broad panorama of modern art, contemporary art and 20th-century designer furniture. Luxsure is a long-standing partner of this fair, and will be again this year. We&#8217;d like to take this opportunity to offer you, our readers, VIP invitations to this art fair.  <\/p>\n<p><a href=\"https:\/\/www.luxsure.fr\/wp-content\/uploads\/2015\/08\/ART_ELYSEES_DESIGN_2015.jpg\" data-rel=\"penci-gallery-image-content\" ><img decoding=\"async\" class=\"aligncenter size-large wp-image-148008 lazyload\" data-src=\"https:\/\/www.luxsure.fr\/wp-content\/uploads\/2015\/08\/ART_ELYSEES_DESIGN_2015-724x1024.jpg\" alt=\"ART_ELYSEES_DESIGN_2015\" width=\"650\" height=\"919\" data-srcset=\"https:\/\/www.luxsure.fr\/wp-content\/uploads\/2015\/08\/ART_ELYSEES_DESIGN_2015-724x1024.jpg 724w, https:\/\/www.luxsure.fr\/wp-content\/uploads\/2015\/08\/ART_ELYSEES_DESIGN_2015-212x300.jpg 212w, https:\/\/www.luxsure.fr\/wp-content\/uploads\/2015\/08\/ART_ELYSEES_DESIGN_2015-600x848.jpg 600w, https:\/\/www.luxsure.fr\/wp-content\/uploads\/2015\/08\/ART_ELYSEES_DESIGN_2015-39x55.jpg 39w\" data-sizes=\"(max-width: 650px) 100vw, 650px\" src=\"data:image\/svg+xml;base64,PHN2ZyB3aWR0aD0iMSIgaGVpZ2h0PSIxIiB4bWxucz0iaHR0cDovL3d3dy53My5vcmcvMjAwMC9zdmciPjwvc3ZnPg==\" style=\"--smush-placeholder-width: 650px; --smush-placeholder-aspect-ratio: 650\/919;\" \/><\/a><\/p>\n<p>For the past eight editions, Art \u00c9lys\u00e9es &#8211; Art &amp; Design has played an active part in the capital&#8217;s artistic effervescence, and the fair is a dynamic meeting place. An eagerly-awaited rendezvous for art lovers, collectors and professionals alike. <\/p>\n<p>Today, Art \u00c9lys\u00e9es &#8211; Art &amp; Design has earned the status of a major event on the art market. With each edition, the organizers strive to bring new exhibitions to the public, and Art \u00c9lys\u00e9es contributes to the artistic and cultural dynamism of the City of Paris. <\/p>\n<p>The fair is above all a place where visitors can meet artists, museums, foundations and cultural institutions&#8230;<\/p>\n<p>2015 &#8211; YEAR OF LIGHT &#8220;ART \u00c9LYS\u00c9ES LIGHT PROJECT&#8221; EXHIBITION<\/p>\n<p>This year, Art \u00c9lys\u00e9es presents its &#8220;Art \u00c9lys\u00e9es Light Project&#8221; exhibition, featuring two artists in parallel: \u00c9ric Michel and Pierre Marie Lejeune, who both deal with light in their work. Two reflections, two totally different approaches to illustrating light in art. <\/p>\n<p>The visual artist uses light as a medium (&#8220;The materiality of light&#8221;), and the sculptor uses materials as a source of light in his work. In both cases, light plays a decisive role in the reading of their works. <\/p>\n<p>&nbsp;<\/p>\n<p>ART \u00c9LYS\u00c9ES LIGHT PROJECT&#8221; TOUR<\/p>\n<p>To complement the presentation of these two artists, each of the galleries taking part in the Art \u00c9lys\u00e9es fair is invited to focus on the theme of light, as a punctuation mark, a red thread, throughout the visit to the gallery walls. Visitors will discover the multiple uses of light in art through the different artistic currents from the post-war period to the present day. <\/p>\n<p>The organizers of Art \u00c9lys\u00e9es &#8211; Art &amp; Design are delighted to invite you to join us on the Avenue des Champs-\u00c9lys\u00e9es, from Place de la Concorde to the Grand Palais, from October 22 to 26.<\/p>\n<p>+ More information on <a href=\"http:\/\/www.artelysees.fr\">www.artelysees.fr<\/a><\/p>\n<p>&nbsp;<\/p>\n","protected":false},"excerpt":{"rendered":"<p>&nbsp; From October 22 to 26, Art \u00c9lys\u00e9es &#8211; Art &amp; Design returns to the Avenue des Champs-\u00c9lys\u00e9es, bringing together nearly 75 galleries in 3 ephemeral pavilions, presenting a broad&hellip;<\/p>\n","protected":false},"author":2,"featured_media":827978,"comment_status":"closed","ping_status":"closed","sticky":false,"template":"","format":"standard","meta":{"_lmt_disableupdate":"","_lmt_disable":"","footnotes":""},"categories":[30094],"tags":[53726,59039],"class_list":["post-2030089","post","type-post","status-publish","format-standard","has-post-thumbnail","hentry","category-culture-en","tag-art-elysees","tag-design-elysees"],"yoast_head":"<!-- This site is optimized with the Yoast SEO plugin v27.5 - https:\/\/yoast.com\/product\/yoast-seo-wordpress\/ -->\n<title>Luxsure, once again partner of Art Elys\u00e9es &amp; Design Elys\u00e9es - Luxsure<\/title>\n<meta name=\"robots\" content=\"index, follow, max-snippet:-1, max-image-preview:large, max-video-preview:-1\" \/>\n<link rel=\"canonical\" href=\"https:\/\/www.luxsure.fr\/en\/2015\/08\/21\/luxsure-once-again-partner-of-art-elysees-design-elysees\/\" \/>\n<meta name=\"twitter:label1\" content=\"Written by\" \/>\n\t<meta name=\"twitter:data1\" content=\"pascal iakovou\" \/>\n\t<meta name=\"twitter:label2\" content=\"Est. reading time\" \/>\n\t<meta name=\"twitter:data2\" content=\"2 minutes\" \/>\n<script type=\"application\/ld+json\" class=\"yoast-schema-graph\">{\"@context\":\"https:\\\/\\\/schema.org\",\"@graph\":[{\"@type\":\"Article\",\"@id\":\"https:\\\/\\\/www.luxsure.fr\\\/en\\\/2015\\\/08\\\/21\\\/luxsure-once-again-partner-of-art-elysees-design-elysees\\\/#article\",\"isPartOf\":{\"@id\":\"https:\\\/\\\/www.luxsure.fr\\\/en\\\/2015\\\/08\\\/21\\\/luxsure-once-again-partner-of-art-elysees-design-elysees\\\/\"},\"author\":{\"name\":\"pascal iakovou\",\"@id\":\"https:\\\/\\\/www.luxsure.fr\\\/#\\\/schema\\\/person\\\/e3e28d08083f4cbc258957c924e39423\"},\"headline\":\"Luxsure, once again partner of Art Elys\u00e9es &amp; Design Elys\u00e9es\",\"datePublished\":\"2015-08-21T09:35:28+00:00\",\"dateModified\":\"2026-04-26T23:15:42+00:00\",\"mainEntityOfPage\":{\"@id\":\"https:\\\/\\\/www.luxsure.fr\\\/en\\\/2015\\\/08\\\/21\\\/luxsure-once-again-partner-of-art-elysees-design-elysees\\\/\"},\"wordCount\":399,\"publisher\":{\"@id\":\"https:\\\/\\\/www.luxsure.fr\\\/#organization\"},\"image\":{\"@id\":\"https:\\\/\\\/www.luxsure.fr\\\/en\\\/2015\\\/08\\\/21\\\/luxsure-once-again-partner-of-art-elysees-design-elysees\\\/#primaryimage\"},\"thumbnailUrl\":\"https:\\\/\\\/www.luxsure.fr\\\/wp-content\\\/uploads\\\/2015\\\/08\\\/ART_ELYSEES_DESIGN_2015.jpg\",\"keywords\":[\"Art Elys\u00e9es\",\"Design Elys\u00e9es\"],\"articleSection\":[\"Culture\"],\"inLanguage\":\"en-US\"},{\"@type\":\"WebPage\",\"@id\":\"https:\\\/\\\/www.luxsure.fr\\\/en\\\/2015\\\/08\\\/21\\\/luxsure-once-again-partner-of-art-elysees-design-elysees\\\/\",\"url\":\"https:\\\/\\\/www.luxsure.fr\\\/en\\\/2015\\\/08\\\/21\\\/luxsure-once-again-partner-of-art-elysees-design-elysees\\\/\",\"name\":\"Luxsure, once again partner of Art Elys\u00e9es &amp; Design Elys\u00e9es - Luxsure\",\"isPartOf\":{\"@id\":\"https:\\\/\\\/www.luxsure.fr\\\/#website\"},\"primaryImageOfPage\":{\"@id\":\"https:\\\/\\\/www.luxsure.fr\\\/en\\\/2015\\\/08\\\/21\\\/luxsure-once-again-partner-of-art-elysees-design-elysees\\\/#primaryimage\"},\"image\":{\"@id\":\"https:\\\/\\\/www.luxsure.fr\\\/en\\\/2015\\\/08\\\/21\\\/luxsure-once-again-partner-of-art-elysees-design-elysees\\\/#primaryimage\"},\"thumbnailUrl\":\"https:\\\/\\\/www.luxsure.fr\\\/wp-content\\\/uploads\\\/2015\\\/08\\\/ART_ELYSEES_DESIGN_2015.jpg\",\"datePublished\":\"2015-08-21T09:35:28+00:00\",\"dateModified\":\"2026-04-26T23:15:42+00:00\",\"breadcrumb\":{\"@id\":\"https:\\\/\\\/www.luxsure.fr\\\/en\\\/2015\\\/08\\\/21\\\/luxsure-once-again-partner-of-art-elysees-design-elysees\\\/#breadcrumb\"},\"inLanguage\":\"en-US\",\"potentialAction\":[{\"@type\":\"ReadAction\",\"target\":[\"https:\\\/\\\/www.luxsure.fr\\\/en\\\/2015\\\/08\\\/21\\\/luxsure-once-again-partner-of-art-elysees-design-elysees\\\/\"]}]},{\"@type\":\"ImageObject\",\"inLanguage\":\"en-US\",\"@id\":\"https:\\\/\\\/www.luxsure.fr\\\/en\\\/2015\\\/08\\\/21\\\/luxsure-once-again-partner-of-art-elysees-design-elysees\\\/#primaryimage\",\"url\":\"https:\\\/\\\/www.luxsure.fr\\\/wp-content\\\/uploads\\\/2015\\\/08\\\/ART_ELYSEES_DESIGN_2015.jpg\",\"contentUrl\":\"https:\\\/\\\/www.luxsure.fr\\\/wp-content\\\/uploads\\\/2015\\\/08\\\/ART_ELYSEES_DESIGN_2015.jpg\",\"width\":2480,\"height\":3507},{\"@type\":\"BreadcrumbList\",\"@id\":\"https:\\\/\\\/www.luxsure.fr\\\/en\\\/2015\\\/08\\\/21\\\/luxsure-once-again-partner-of-art-elysees-design-elysees\\\/#breadcrumb\",\"itemListElement\":[{\"@type\":\"ListItem\",\"position\":1,\"name\":\"Accueil\",\"item\":\"https:\\\/\\\/www.luxsure.fr\\\/\"},{\"@type\":\"ListItem\",\"position\":2,\"name\":\"Luxsure, once again partner of Art Elys\u00e9es &amp; Design Elys\u00e9es\"}]},{\"@type\":\"WebSite\",\"@id\":\"https:\\\/\\\/www.luxsure.fr\\\/#website\",\"url\":\"https:\\\/\\\/www.luxsure.fr\\\/\",\"name\":\"Luxsure\",\"description\":\"UNE CERTAINE VISION DU LUXE\",\"publisher\":{\"@id\":\"https:\\\/\\\/www.luxsure.fr\\\/#organization\"},\"potentialAction\":[{\"@type\":\"SearchAction\",\"target\":{\"@type\":\"EntryPoint\",\"urlTemplate\":\"https:\\\/\\\/www.luxsure.fr\\\/?s={search_term_string}\"},\"query-input\":{\"@type\":\"PropertyValueSpecification\",\"valueRequired\":true,\"valueName\":\"search_term_string\"}}],\"inLanguage\":\"en-US\"},{\"@type\":\"Organization\",\"@id\":\"https:\\\/\\\/www.luxsure.fr\\\/#organization\",\"name\":\"Luxsure\",\"url\":\"https:\\\/\\\/www.luxsure.fr\\\/\",\"logo\":{\"@type\":\"ImageObject\",\"inLanguage\":\"en-US\",\"@id\":\"https:\\\/\\\/www.luxsure.fr\\\/#\\\/schema\\\/logo\\\/image\\\/\",\"url\":\"https:\\\/\\\/i0.wp.com\\\/www.luxsure.fr\\\/wp-content\\\/uploads\\\/2015\\\/10\\\/Capture-d\u2019\u00e9cran-2015-08-19-\u00e0-10.51.48.png?fit=551%2C400&ssl=1\",\"contentUrl\":\"https:\\\/\\\/i0.wp.com\\\/www.luxsure.fr\\\/wp-content\\\/uploads\\\/2015\\\/10\\\/Capture-d\u2019\u00e9cran-2015-08-19-\u00e0-10.51.48.png?fit=551%2C400&ssl=1\",\"width\":551,\"height\":400,\"caption\":\"Luxsure\"},\"image\":{\"@id\":\"https:\\\/\\\/www.luxsure.fr\\\/#\\\/schema\\\/logo\\\/image\\\/\"}},{\"@type\":\"Person\",\"@id\":\"https:\\\/\\\/www.luxsure.fr\\\/#\\\/schema\\\/person\\\/e3e28d08083f4cbc258957c924e39423\",\"name\":\"pascal iakovou\",\"image\":{\"@type\":\"ImageObject\",\"inLanguage\":\"en-US\",\"@id\":\"https:\\\/\\\/secure.gravatar.com\\\/avatar\\\/358546e9ab7afafbb35961f747089b93cb88ca12b7a9fcd0c7922cc45f092613?s=96&d=mm&r=g\",\"url\":\"https:\\\/\\\/secure.gravatar.com\\\/avatar\\\/358546e9ab7afafbb35961f747089b93cb88ca12b7a9fcd0c7922cc45f092613?s=96&d=mm&r=g\",\"contentUrl\":\"https:\\\/\\\/secure.gravatar.com\\\/avatar\\\/358546e9ab7afafbb35961f747089b93cb88ca12b7a9fcd0c7922cc45f092613?s=96&d=mm&r=g\",\"caption\":\"pascal iakovou\"},\"sameAs\":[\"http:\\\/\\\/www.luxsure.Fr\"],\"url\":\"https:\\\/\\\/www.luxsure.fr\\\/en\\\/author\\\/pascal\\\/\"}]}<\/script>\n<!-- \/ Yoast SEO plugin. -->","yoast_head_json":{"title":"Luxsure, once again partner of Art Elys\u00e9es &amp; Design Elys\u00e9es - Luxsure","robots":{"index":"index","follow":"follow","max-snippet":"max-snippet:-1","max-image-preview":"max-image-preview:large","max-video-preview":"max-video-preview:-1"},"canonical":"https:\/\/www.luxsure.fr\/en\/2015\/08\/21\/luxsure-once-again-partner-of-art-elysees-design-elysees\/","twitter_misc":{"Written by":"pascal iakovou","Est. reading time":"2 minutes"},"schema":{"@context":"https:\/\/schema.org","@graph":[{"@type":"Article","@id":"https:\/\/www.luxsure.fr\/en\/2015\/08\/21\/luxsure-once-again-partner-of-art-elysees-design-elysees\/#article","isPartOf":{"@id":"https:\/\/www.luxsure.fr\/en\/2015\/08\/21\/luxsure-once-again-partner-of-art-elysees-design-elysees\/"},"author":{"name":"pascal iakovou","@id":"https:\/\/www.luxsure.fr\/#\/schema\/person\/e3e28d08083f4cbc258957c924e39423"},"headline":"Luxsure, once again partner of Art Elys\u00e9es &amp; Design Elys\u00e9es","datePublished":"2015-08-21T09:35:28+00:00","dateModified":"2026-04-26T23:15:42+00:00","mainEntityOfPage":{"@id":"https:\/\/www.luxsure.fr\/en\/2015\/08\/21\/luxsure-once-again-partner-of-art-elysees-design-elysees\/"},"wordCount":399,"publisher":{"@id":"https:\/\/www.luxsure.fr\/#organization"},"image":{"@id":"https:\/\/www.luxsure.fr\/en\/2015\/08\/21\/luxsure-once-again-partner-of-art-elysees-design-elysees\/#primaryimage"},"thumbnailUrl":"https:\/\/www.luxsure.fr\/wp-content\/uploads\/2015\/08\/ART_ELYSEES_DESIGN_2015.jpg","keywords":["Art Elys\u00e9es","Design Elys\u00e9es"],"articleSection":["Culture"],"inLanguage":"en-US"},{"@type":"WebPage","@id":"https:\/\/www.luxsure.fr\/en\/2015\/08\/21\/luxsure-once-again-partner-of-art-elysees-design-elysees\/","url":"https:\/\/www.luxsure.fr\/en\/2015\/08\/21\/luxsure-once-again-partner-of-art-elysees-design-elysees\/","name":"Luxsure, once again partner of Art Elys\u00e9es &amp; Design Elys\u00e9es - Luxsure","isPartOf":{"@id":"https:\/\/www.luxsure.fr\/#website"},"primaryImageOfPage":{"@id":"https:\/\/www.luxsure.fr\/en\/2015\/08\/21\/luxsure-once-again-partner-of-art-elysees-design-elysees\/#primaryimage"},"image":{"@id":"https:\/\/www.luxsure.fr\/en\/2015\/08\/21\/luxsure-once-again-partner-of-art-elysees-design-elysees\/#primaryimage"},"thumbnailUrl":"https:\/\/www.luxsure.fr\/wp-content\/uploads\/2015\/08\/ART_ELYSEES_DESIGN_2015.jpg","datePublished":"2015-08-21T09:35:28+00:00","dateModified":"2026-04-26T23:15:42+00:00","breadcrumb":{"@id":"https:\/\/www.luxsure.fr\/en\/2015\/08\/21\/luxsure-once-again-partner-of-art-elysees-design-elysees\/#breadcrumb"},"inLanguage":"en-US","potentialAction":[{"@type":"ReadAction","target":["https:\/\/www.luxsure.fr\/en\/2015\/08\/21\/luxsure-once-again-partner-of-art-elysees-design-elysees\/"]}]},{"@type":"ImageObject","inLanguage":"en-US","@id":"https:\/\/www.luxsure.fr\/en\/2015\/08\/21\/luxsure-once-again-partner-of-art-elysees-design-elysees\/#primaryimage","url":"https:\/\/www.luxsure.fr\/wp-content\/uploads\/2015\/08\/ART_ELYSEES_DESIGN_2015.jpg","contentUrl":"https:\/\/www.luxsure.fr\/wp-content\/uploads\/2015\/08\/ART_ELYSEES_DESIGN_2015.jpg","width":2480,"height":3507},{"@type":"BreadcrumbList","@id":"https:\/\/www.luxsure.fr\/en\/2015\/08\/21\/luxsure-once-again-partner-of-art-elysees-design-elysees\/#breadcrumb","itemListElement":[{"@type":"ListItem","position":1,"name":"Accueil","item":"https:\/\/www.luxsure.fr\/"},{"@type":"ListItem","position":2,"name":"Luxsure, once again partner of Art Elys\u00e9es &amp; Design Elys\u00e9es"}]},{"@type":"WebSite","@id":"https:\/\/www.luxsure.fr\/#website","url":"https:\/\/www.luxsure.fr\/","name":"Luxsure","description":"UNE CERTAINE VISION DU LUXE","publisher":{"@id":"https:\/\/www.luxsure.fr\/#organization"},"potentialAction":[{"@type":"SearchAction","target":{"@type":"EntryPoint","urlTemplate":"https:\/\/www.luxsure.fr\/?s={search_term_string}"},"query-input":{"@type":"PropertyValueSpecification","valueRequired":true,"valueName":"search_term_string"}}],"inLanguage":"en-US"},{"@type":"Organization","@id":"https:\/\/www.luxsure.fr\/#organization","name":"Luxsure","url":"https:\/\/www.luxsure.fr\/","logo":{"@type":"ImageObject","inLanguage":"en-US","@id":"https:\/\/www.luxsure.fr\/#\/schema\/logo\/image\/","url":"https:\/\/i0.wp.com\/www.luxsure.fr\/wp-content\/uploads\/2015\/10\/Capture-d\u2019\u00e9cran-2015-08-19-\u00e0-10.51.48.png?fit=551%2C400&ssl=1","contentUrl":"https:\/\/i0.wp.com\/www.luxsure.fr\/wp-content\/uploads\/2015\/10\/Capture-d\u2019\u00e9cran-2015-08-19-\u00e0-10.51.48.png?fit=551%2C400&ssl=1","width":551,"height":400,"caption":"Luxsure"},"image":{"@id":"https:\/\/www.luxsure.fr\/#\/schema\/logo\/image\/"}},{"@type":"Person","@id":"https:\/\/www.luxsure.fr\/#\/schema\/person\/e3e28d08083f4cbc258957c924e39423","name":"pascal iakovou","image":{"@type":"ImageObject","inLanguage":"en-US","@id":"https:\/\/secure.gravatar.com\/avatar\/358546e9ab7afafbb35961f747089b93cb88ca12b7a9fcd0c7922cc45f092613?s=96&d=mm&r=g","url":"https:\/\/secure.gravatar.com\/avatar\/358546e9ab7afafbb35961f747089b93cb88ca12b7a9fcd0c7922cc45f092613?s=96&d=mm&r=g","contentUrl":"https:\/\/secure.gravatar.com\/avatar\/358546e9ab7afafbb35961f747089b93cb88ca12b7a9fcd0c7922cc45f092613?s=96&d=mm&r=g","caption":"pascal iakovou"},"sameAs":["http:\/\/www.luxsure.Fr"],"url":"https:\/\/www.luxsure.fr\/en\/author\/pascal\/"}]}},"_links":{"self":[{"href":"https:\/\/www.luxsure.fr\/en\/wp-json\/wp\/v2\/posts\/2030089","targetHints":{"allow":["GET"]}}],"collection":[{"href":"https:\/\/www.luxsure.fr\/en\/wp-json\/wp\/v2\/posts"}],"about":[{"href":"https:\/\/www.luxsure.fr\/en\/wp-json\/wp\/v2\/types\/post"}],"author":[{"embeddable":true,"href":"https:\/\/www.luxsure.fr\/en\/wp-json\/wp\/v2\/users\/2"}],"replies":[{"embeddable":true,"href":"https:\/\/www.luxsure.fr\/en\/wp-json\/wp\/v2\/comments?post=2030089"}],"version-history":[{"count":0,"href":"https:\/\/www.luxsure.fr\/en\/wp-json\/wp\/v2\/posts\/2030089\/revisions"}],"wp:featuredmedia":[{"embeddable":true,"href":"https:\/\/www.luxsure.fr\/en\/wp-json\/wp\/v2\/media\/827978"}],"wp:attachment":[{"href":"https:\/\/www.luxsure.fr\/en\/wp-json\/wp\/v2\/media?parent=2030089"}],"wp:term":[{"taxonomy":"category","embeddable":true,"href":"https:\/\/www.luxsure.fr\/en\/wp-json\/wp\/v2\/categories?post=2030089"},{"taxonomy":"post_tag","embeddable":true,"href":"https:\/\/www.luxsure.fr\/en\/wp-json\/wp\/v2\/tags?post=2030089"}],"curies":[{"name":"wp","href":"https:\/\/api.w.org\/{rel}","templated":true}]}}