{"id":2030085,"date":"2013-10-21T11:10:44","date_gmt":"2013-10-21T09:10:44","guid":{"rendered":"https:\/\/www.luxsure.fr\/2013\/10\/21\/la-vie-dadele-by-abdellatif-kechiche-2\/"},"modified":"2026-04-27T01:15:23","modified_gmt":"2026-04-26T23:15:23","slug":"la-vie-dadele-by-abdellatif-kechiche-2","status":"publish","type":"post","link":"https:\/\/www.luxsure.fr\/en\/2013\/10\/21\/la-vie-dadele-by-abdellatif-kechiche-2\/","title":{"rendered":"&#8220;La vie d&#8217;Ad\u00e8le&#8221; by Abdellatif Kechiche"},"content":{"rendered":"<p style=\"text-align: center;\"><a href=\"https:\/\/www.luxsure.fr\/wp-content\/uploads\/2013\/10\/7764293556_l-affiche-du-film-la-vie-d-adele-qui-sortira-le-9-octobre-2013.jpg\" data-rel=\"penci-gallery-image-content\" ><img decoding=\"async\" class=\"size-full wp-image-81379 aligncenter lazyload\" alt=\"7764293556_l-affiche-du-film-la-vie-d-adele-qui-sortira-le-9-octobre-2013\" data-src=\"https:\/\/www.luxsure.fr\/wp-content\/uploads\/2013\/10\/7764293556_l-affiche-du-film-la-vie-d-adele-qui-sortira-le-9-octobre-2013.jpg\" width=\"505\" height=\"674\" data-srcset=\"https:\/\/www.luxsure.fr\/wp-content\/uploads\/2013\/10\/7764293556_l-affiche-du-film-la-vie-d-adele-qui-sortira-le-9-octobre-2013.jpg 505w, https:\/\/www.luxsure.fr\/wp-content\/uploads\/2013\/10\/7764293556_l-affiche-du-film-la-vie-d-adele-qui-sortira-le-9-octobre-2013-224x300.jpg 224w, https:\/\/www.luxsure.fr\/wp-content\/uploads\/2013\/10\/7764293556_l-affiche-du-film-la-vie-d-adele-qui-sortira-le-9-octobre-2013-41x55.jpg 41w\" data-sizes=\"(max-width: 505px) 100vw, 505px\" src=\"data:image\/svg+xml;base64,PHN2ZyB3aWR0aD0iMSIgaGVpZ2h0PSIxIiB4bWxucz0iaHR0cDovL3d3dy53My5vcmcvMjAwMC9zdmciPjwvc3ZnPg==\" style=\"--smush-placeholder-width: 505px; --smush-placeholder-aspect-ratio: 505\/674;\" \/><\/a><\/p>\n<p>At first glance, young Ad\u00e8le is just another high-school student, attracted by literature, languages and learning. Coming from a &#8220;Bolognese sauce&#8221; family that speaks little to each other, Ad\u00e8le lives, quickly realizing that she&#8217;s surviving. Because there&#8217;s something missing for Ad\u00e8le, a gaping hole that she hasn&#8217;t yet been able to fill. She tries, but it&#8217;s not enough. Ad\u00e8le is multiple, she &#8220;likes everything&#8221; speaks little, but she knows, despite her constant difficulty to exist.    <\/p>\n<p>Until the day Adele meets the other, her opposite, her difference. And everything becomes so obvious, so divine, as if what was complicated and empty a moment before had been transformed. Both are going to love each other as they would in &#8220;real life&#8221;, the kind of love we know from experience. Their love doesn&#8217;t depend on any rules, and it speaks to us throughout. This love is neither heterosexual nor lesbian, but active, alive and, above all, universal. It&#8217;s sometimes frightening, because it&#8217;s full of dreadful things that we don&#8217;t understand, or understand too well. We think that two people like that are made to love each other forever, to hold each other stronger, that this is their role and that this love must be preserved over and over again. But it can sometimes be cruel and cynical, and passionate whims too often spill over into everything else. We&#8217;re in a good position to realize this &#8211; all we have to do is look at the screen to see ourselves there, and realize that the poetry and mystery are often all too quickly lost.        <\/p>\n<p>Like no other, Abdellatif Kechiche captures these moments, these non-dialogues, the expression of bodies and their desire. He transposes beauty, which we discover to be incessant, and which touches us, without the rapturous comfort of certain more &#8220;standard&#8221; films. Perhaps, as we&#8217;ve heard in the media over the past few months, it takes a little sweat to create the sublime. La vie d&#8217;Ad\u00e8le is more than a film, it&#8217;s a work of art. These two actresses have given their all in the effort to get closer to accuracy, which keeps coming back, nagging, and here they deliver a true artistic performance.    <\/p>\n<p>This film can be read in many ways, and we can take with us whatever we want to remember. La Vie d&#8217;Ad\u00e8le makes us a little more familiar with life and its truths. And what if this really is cinema? <\/p>\n","protected":false},"excerpt":{"rendered":"<p>At first glance, young Ad\u00e8le is just another high-school student, attracted by literature, languages and learning. Coming from a &#8220;Bolognese sauce&#8221; family that speaks little to each other, Ad\u00e8le lives,&hellip;<\/p>\n","protected":false},"author":111,"featured_media":641290,"comment_status":"open","ping_status":"open","sticky":false,"template":"","format":"standard","meta":{"_lmt_disableupdate":"","_lmt_disable":"","footnotes":""},"categories":[30094],"tags":[63185,66187,54705,63184,66189],"class_list":["post-2030085","post","type-post","status-publish","format-standard","has-post-thumbnail","hentry","category-culture-en","tag-abdellatif-kechiche","tag-adele-exarchopoulos","tag-lea-seydoux","tag-life-of-adele","tag-palme-dor-2013"],"yoast_head":"<!-- This site is optimized with the Yoast SEO plugin v27.5 - https:\/\/yoast.com\/product\/yoast-seo-wordpress\/ -->\n<title>&quot;La vie d&#039;Ad\u00e8le&quot; by Abdellatif Kechiche - Luxsure<\/title>\n<meta name=\"robots\" content=\"index, follow, max-snippet:-1, max-image-preview:large, max-video-preview:-1\" \/>\n<link rel=\"canonical\" href=\"https:\/\/www.luxsure.fr\/2013\/10\/21\/la-vie-dadele-by-abdellatif-kechiche-2\/\" \/>\n<meta name=\"twitter:label1\" content=\"Written by\" \/>\n\t<meta name=\"twitter:data1\" content=\"Emilie Cabani\u00e9\" \/>\n\t<meta name=\"twitter:label2\" content=\"Est. reading time\" \/>\n\t<meta name=\"twitter:data2\" content=\"2 minutes\" \/>\n<script type=\"application\/ld+json\" class=\"yoast-schema-graph\">{\"@context\":\"https:\\\/\\\/schema.org\",\"@graph\":[{\"@type\":\"Article\",\"@id\":\"https:\\\/\\\/www.luxsure.fr\\\/2013\\\/10\\\/21\\\/la-vie-dadele-by-abdellatif-kechiche-2\\\/#article\",\"isPartOf\":{\"@id\":\"https:\\\/\\\/www.luxsure.fr\\\/2013\\\/10\\\/21\\\/la-vie-dadele-by-abdellatif-kechiche-2\\\/\"},\"author\":{\"name\":\"Emilie Cabani\u00e9\",\"@id\":\"https:\\\/\\\/www.luxsure.fr\\\/#\\\/schema\\\/person\\\/4b46b339483e65d1881b05bf35eb4bce\"},\"headline\":\"&#8220;La vie d&#8217;Ad\u00e8le&#8221; by Abdellatif Kechiche\",\"datePublished\":\"2013-10-21T09:10:44+00:00\",\"dateModified\":\"2026-04-26T23:15:23+00:00\",\"mainEntityOfPage\":{\"@id\":\"https:\\\/\\\/www.luxsure.fr\\\/2013\\\/10\\\/21\\\/la-vie-dadele-by-abdellatif-kechiche-2\\\/\"},\"wordCount\":428,\"commentCount\":0,\"publisher\":{\"@id\":\"https:\\\/\\\/www.luxsure.fr\\\/#organization\"},\"image\":{\"@id\":\"https:\\\/\\\/www.luxsure.fr\\\/2013\\\/10\\\/21\\\/la-vie-dadele-by-abdellatif-kechiche-2\\\/#primaryimage\"},\"thumbnailUrl\":\"https:\\\/\\\/www.luxsure.fr\\\/wp-content\\\/uploads\\\/2013\\\/10\\\/7764293556_l-affiche-du-film-la-vie-d-adele-qui-sortira-le-9-octobre-2013.jpg\",\"keywords\":[\"Abdellatif Kechiche\",\"ad\u00e8le exarchopoulos\",\"Lea Seydoux\",\"Life of Adele\",\"palme d'or 2013\"],\"articleSection\":[\"Culture\"],\"inLanguage\":\"en-US\",\"potentialAction\":[{\"@type\":\"CommentAction\",\"name\":\"Comment\",\"target\":[\"https:\\\/\\\/www.luxsure.fr\\\/2013\\\/10\\\/21\\\/la-vie-dadele-by-abdellatif-kechiche-2\\\/#respond\"]}]},{\"@type\":\"WebPage\",\"@id\":\"https:\\\/\\\/www.luxsure.fr\\\/2013\\\/10\\\/21\\\/la-vie-dadele-by-abdellatif-kechiche-2\\\/\",\"url\":\"https:\\\/\\\/www.luxsure.fr\\\/2013\\\/10\\\/21\\\/la-vie-dadele-by-abdellatif-kechiche-2\\\/\",\"name\":\"\\\"La vie d'Ad\u00e8le\\\" by Abdellatif Kechiche - Luxsure\",\"isPartOf\":{\"@id\":\"https:\\\/\\\/www.luxsure.fr\\\/#website\"},\"primaryImageOfPage\":{\"@id\":\"https:\\\/\\\/www.luxsure.fr\\\/2013\\\/10\\\/21\\\/la-vie-dadele-by-abdellatif-kechiche-2\\\/#primaryimage\"},\"image\":{\"@id\":\"https:\\\/\\\/www.luxsure.fr\\\/2013\\\/10\\\/21\\\/la-vie-dadele-by-abdellatif-kechiche-2\\\/#primaryimage\"},\"thumbnailUrl\":\"https:\\\/\\\/www.luxsure.fr\\\/wp-content\\\/uploads\\\/2013\\\/10\\\/7764293556_l-affiche-du-film-la-vie-d-adele-qui-sortira-le-9-octobre-2013.jpg\",\"datePublished\":\"2013-10-21T09:10:44+00:00\",\"dateModified\":\"2026-04-26T23:15:23+00:00\",\"breadcrumb\":{\"@id\":\"https:\\\/\\\/www.luxsure.fr\\\/2013\\\/10\\\/21\\\/la-vie-dadele-by-abdellatif-kechiche-2\\\/#breadcrumb\"},\"inLanguage\":\"en-US\",\"potentialAction\":[{\"@type\":\"ReadAction\",\"target\":[\"https:\\\/\\\/www.luxsure.fr\\\/2013\\\/10\\\/21\\\/la-vie-dadele-by-abdellatif-kechiche-2\\\/\"]}]},{\"@type\":\"ImageObject\",\"inLanguage\":\"en-US\",\"@id\":\"https:\\\/\\\/www.luxsure.fr\\\/2013\\\/10\\\/21\\\/la-vie-dadele-by-abdellatif-kechiche-2\\\/#primaryimage\",\"url\":\"https:\\\/\\\/www.luxsure.fr\\\/wp-content\\\/uploads\\\/2013\\\/10\\\/7764293556_l-affiche-du-film-la-vie-d-adele-qui-sortira-le-9-octobre-2013.jpg\",\"contentUrl\":\"https:\\\/\\\/www.luxsure.fr\\\/wp-content\\\/uploads\\\/2013\\\/10\\\/7764293556_l-affiche-du-film-la-vie-d-adele-qui-sortira-le-9-octobre-2013.jpg\",\"width\":505,\"height\":674},{\"@type\":\"BreadcrumbList\",\"@id\":\"https:\\\/\\\/www.luxsure.fr\\\/2013\\\/10\\\/21\\\/la-vie-dadele-by-abdellatif-kechiche-2\\\/#breadcrumb\",\"itemListElement\":[{\"@type\":\"ListItem\",\"position\":1,\"name\":\"Accueil\",\"item\":\"https:\\\/\\\/www.luxsure.fr\\\/\"},{\"@type\":\"ListItem\",\"position\":2,\"name\":\"&#8220;La vie d&#8217;Ad\u00e8le&#8221; by Abdellatif Kechiche\"}]},{\"@type\":\"WebSite\",\"@id\":\"https:\\\/\\\/www.luxsure.fr\\\/#website\",\"url\":\"https:\\\/\\\/www.luxsure.fr\\\/\",\"name\":\"Luxsure\",\"description\":\"UNE CERTAINE VISION DU LUXE\",\"publisher\":{\"@id\":\"https:\\\/\\\/www.luxsure.fr\\\/#organization\"},\"potentialAction\":[{\"@type\":\"SearchAction\",\"target\":{\"@type\":\"EntryPoint\",\"urlTemplate\":\"https:\\\/\\\/www.luxsure.fr\\\/?s={search_term_string}\"},\"query-input\":{\"@type\":\"PropertyValueSpecification\",\"valueRequired\":true,\"valueName\":\"search_term_string\"}}],\"inLanguage\":\"en-US\"},{\"@type\":\"Organization\",\"@id\":\"https:\\\/\\\/www.luxsure.fr\\\/#organization\",\"name\":\"Luxsure\",\"url\":\"https:\\\/\\\/www.luxsure.fr\\\/\",\"logo\":{\"@type\":\"ImageObject\",\"inLanguage\":\"en-US\",\"@id\":\"https:\\\/\\\/www.luxsure.fr\\\/#\\\/schema\\\/logo\\\/image\\\/\",\"url\":\"https:\\\/\\\/i0.wp.com\\\/www.luxsure.fr\\\/wp-content\\\/uploads\\\/2015\\\/10\\\/Capture-d\u2019\u00e9cran-2015-08-19-\u00e0-10.51.48.png?fit=551%2C400&ssl=1\",\"contentUrl\":\"https:\\\/\\\/i0.wp.com\\\/www.luxsure.fr\\\/wp-content\\\/uploads\\\/2015\\\/10\\\/Capture-d\u2019\u00e9cran-2015-08-19-\u00e0-10.51.48.png?fit=551%2C400&ssl=1\",\"width\":551,\"height\":400,\"caption\":\"Luxsure\"},\"image\":{\"@id\":\"https:\\\/\\\/www.luxsure.fr\\\/#\\\/schema\\\/logo\\\/image\\\/\"}},{\"@type\":\"Person\",\"@id\":\"https:\\\/\\\/www.luxsure.fr\\\/#\\\/schema\\\/person\\\/4b46b339483e65d1881b05bf35eb4bce\",\"name\":\"Emilie Cabani\u00e9\",\"image\":{\"@type\":\"ImageObject\",\"inLanguage\":\"en-US\",\"@id\":\"https:\\\/\\\/secure.gravatar.com\\\/avatar\\\/45af9e9a46bb967147a638df270508ff5dfa57d765fb73978cd35986bcb74cbd?s=96&d=mm&r=g\",\"url\":\"https:\\\/\\\/secure.gravatar.com\\\/avatar\\\/45af9e9a46bb967147a638df270508ff5dfa57d765fb73978cd35986bcb74cbd?s=96&d=mm&r=g\",\"contentUrl\":\"https:\\\/\\\/secure.gravatar.com\\\/avatar\\\/45af9e9a46bb967147a638df270508ff5dfa57d765fb73978cd35986bcb74cbd?s=96&d=mm&r=g\",\"caption\":\"Emilie Cabani\u00e9\"},\"url\":\"https:\\\/\\\/www.luxsure.fr\\\/en\\\/author\\\/cabanong\\\/\"}]}<\/script>\n<!-- \/ Yoast SEO plugin. -->","yoast_head_json":{"title":"\"La vie d'Ad\u00e8le\" by Abdellatif Kechiche - Luxsure","robots":{"index":"index","follow":"follow","max-snippet":"max-snippet:-1","max-image-preview":"max-image-preview:large","max-video-preview":"max-video-preview:-1"},"canonical":"https:\/\/www.luxsure.fr\/2013\/10\/21\/la-vie-dadele-by-abdellatif-kechiche-2\/","twitter_misc":{"Written by":"Emilie Cabani\u00e9","Est. reading time":"2 minutes"},"schema":{"@context":"https:\/\/schema.org","@graph":[{"@type":"Article","@id":"https:\/\/www.luxsure.fr\/2013\/10\/21\/la-vie-dadele-by-abdellatif-kechiche-2\/#article","isPartOf":{"@id":"https:\/\/www.luxsure.fr\/2013\/10\/21\/la-vie-dadele-by-abdellatif-kechiche-2\/"},"author":{"name":"Emilie Cabani\u00e9","@id":"https:\/\/www.luxsure.fr\/#\/schema\/person\/4b46b339483e65d1881b05bf35eb4bce"},"headline":"&#8220;La vie d&#8217;Ad\u00e8le&#8221; by Abdellatif Kechiche","datePublished":"2013-10-21T09:10:44+00:00","dateModified":"2026-04-26T23:15:23+00:00","mainEntityOfPage":{"@id":"https:\/\/www.luxsure.fr\/2013\/10\/21\/la-vie-dadele-by-abdellatif-kechiche-2\/"},"wordCount":428,"commentCount":0,"publisher":{"@id":"https:\/\/www.luxsure.fr\/#organization"},"image":{"@id":"https:\/\/www.luxsure.fr\/2013\/10\/21\/la-vie-dadele-by-abdellatif-kechiche-2\/#primaryimage"},"thumbnailUrl":"https:\/\/www.luxsure.fr\/wp-content\/uploads\/2013\/10\/7764293556_l-affiche-du-film-la-vie-d-adele-qui-sortira-le-9-octobre-2013.jpg","keywords":["Abdellatif Kechiche","ad\u00e8le exarchopoulos","Lea Seydoux","Life of Adele","palme d'or 2013"],"articleSection":["Culture"],"inLanguage":"en-US","potentialAction":[{"@type":"CommentAction","name":"Comment","target":["https:\/\/www.luxsure.fr\/2013\/10\/21\/la-vie-dadele-by-abdellatif-kechiche-2\/#respond"]}]},{"@type":"WebPage","@id":"https:\/\/www.luxsure.fr\/2013\/10\/21\/la-vie-dadele-by-abdellatif-kechiche-2\/","url":"https:\/\/www.luxsure.fr\/2013\/10\/21\/la-vie-dadele-by-abdellatif-kechiche-2\/","name":"\"La vie d'Ad\u00e8le\" by Abdellatif Kechiche - Luxsure","isPartOf":{"@id":"https:\/\/www.luxsure.fr\/#website"},"primaryImageOfPage":{"@id":"https:\/\/www.luxsure.fr\/2013\/10\/21\/la-vie-dadele-by-abdellatif-kechiche-2\/#primaryimage"},"image":{"@id":"https:\/\/www.luxsure.fr\/2013\/10\/21\/la-vie-dadele-by-abdellatif-kechiche-2\/#primaryimage"},"thumbnailUrl":"https:\/\/www.luxsure.fr\/wp-content\/uploads\/2013\/10\/7764293556_l-affiche-du-film-la-vie-d-adele-qui-sortira-le-9-octobre-2013.jpg","datePublished":"2013-10-21T09:10:44+00:00","dateModified":"2026-04-26T23:15:23+00:00","breadcrumb":{"@id":"https:\/\/www.luxsure.fr\/2013\/10\/21\/la-vie-dadele-by-abdellatif-kechiche-2\/#breadcrumb"},"inLanguage":"en-US","potentialAction":[{"@type":"ReadAction","target":["https:\/\/www.luxsure.fr\/2013\/10\/21\/la-vie-dadele-by-abdellatif-kechiche-2\/"]}]},{"@type":"ImageObject","inLanguage":"en-US","@id":"https:\/\/www.luxsure.fr\/2013\/10\/21\/la-vie-dadele-by-abdellatif-kechiche-2\/#primaryimage","url":"https:\/\/www.luxsure.fr\/wp-content\/uploads\/2013\/10\/7764293556_l-affiche-du-film-la-vie-d-adele-qui-sortira-le-9-octobre-2013.jpg","contentUrl":"https:\/\/www.luxsure.fr\/wp-content\/uploads\/2013\/10\/7764293556_l-affiche-du-film-la-vie-d-adele-qui-sortira-le-9-octobre-2013.jpg","width":505,"height":674},{"@type":"BreadcrumbList","@id":"https:\/\/www.luxsure.fr\/2013\/10\/21\/la-vie-dadele-by-abdellatif-kechiche-2\/#breadcrumb","itemListElement":[{"@type":"ListItem","position":1,"name":"Accueil","item":"https:\/\/www.luxsure.fr\/"},{"@type":"ListItem","position":2,"name":"&#8220;La vie d&#8217;Ad\u00e8le&#8221; by Abdellatif Kechiche"}]},{"@type":"WebSite","@id":"https:\/\/www.luxsure.fr\/#website","url":"https:\/\/www.luxsure.fr\/","name":"Luxsure","description":"UNE CERTAINE VISION DU LUXE","publisher":{"@id":"https:\/\/www.luxsure.fr\/#organization"},"potentialAction":[{"@type":"SearchAction","target":{"@type":"EntryPoint","urlTemplate":"https:\/\/www.luxsure.fr\/?s={search_term_string}"},"query-input":{"@type":"PropertyValueSpecification","valueRequired":true,"valueName":"search_term_string"}}],"inLanguage":"en-US"},{"@type":"Organization","@id":"https:\/\/www.luxsure.fr\/#organization","name":"Luxsure","url":"https:\/\/www.luxsure.fr\/","logo":{"@type":"ImageObject","inLanguage":"en-US","@id":"https:\/\/www.luxsure.fr\/#\/schema\/logo\/image\/","url":"https:\/\/i0.wp.com\/www.luxsure.fr\/wp-content\/uploads\/2015\/10\/Capture-d\u2019\u00e9cran-2015-08-19-\u00e0-10.51.48.png?fit=551%2C400&ssl=1","contentUrl":"https:\/\/i0.wp.com\/www.luxsure.fr\/wp-content\/uploads\/2015\/10\/Capture-d\u2019\u00e9cran-2015-08-19-\u00e0-10.51.48.png?fit=551%2C400&ssl=1","width":551,"height":400,"caption":"Luxsure"},"image":{"@id":"https:\/\/www.luxsure.fr\/#\/schema\/logo\/image\/"}},{"@type":"Person","@id":"https:\/\/www.luxsure.fr\/#\/schema\/person\/4b46b339483e65d1881b05bf35eb4bce","name":"Emilie Cabani\u00e9","image":{"@type":"ImageObject","inLanguage":"en-US","@id":"https:\/\/secure.gravatar.com\/avatar\/45af9e9a46bb967147a638df270508ff5dfa57d765fb73978cd35986bcb74cbd?s=96&d=mm&r=g","url":"https:\/\/secure.gravatar.com\/avatar\/45af9e9a46bb967147a638df270508ff5dfa57d765fb73978cd35986bcb74cbd?s=96&d=mm&r=g","contentUrl":"https:\/\/secure.gravatar.com\/avatar\/45af9e9a46bb967147a638df270508ff5dfa57d765fb73978cd35986bcb74cbd?s=96&d=mm&r=g","caption":"Emilie Cabani\u00e9"},"url":"https:\/\/www.luxsure.fr\/en\/author\/cabanong\/"}]}},"_links":{"self":[{"href":"https:\/\/www.luxsure.fr\/en\/wp-json\/wp\/v2\/posts\/2030085","targetHints":{"allow":["GET"]}}],"collection":[{"href":"https:\/\/www.luxsure.fr\/en\/wp-json\/wp\/v2\/posts"}],"about":[{"href":"https:\/\/www.luxsure.fr\/en\/wp-json\/wp\/v2\/types\/post"}],"author":[{"embeddable":true,"href":"https:\/\/www.luxsure.fr\/en\/wp-json\/wp\/v2\/users\/111"}],"replies":[{"embeddable":true,"href":"https:\/\/www.luxsure.fr\/en\/wp-json\/wp\/v2\/comments?post=2030085"}],"version-history":[{"count":0,"href":"https:\/\/www.luxsure.fr\/en\/wp-json\/wp\/v2\/posts\/2030085\/revisions"}],"wp:featuredmedia":[{"embeddable":true,"href":"https:\/\/www.luxsure.fr\/en\/wp-json\/wp\/v2\/media\/641290"}],"wp:attachment":[{"href":"https:\/\/www.luxsure.fr\/en\/wp-json\/wp\/v2\/media?parent=2030085"}],"wp:term":[{"taxonomy":"category","embeddable":true,"href":"https:\/\/www.luxsure.fr\/en\/wp-json\/wp\/v2\/categories?post=2030085"},{"taxonomy":"post_tag","embeddable":true,"href":"https:\/\/www.luxsure.fr\/en\/wp-json\/wp\/v2\/tags?post=2030085"}],"curies":[{"name":"wp","href":"https:\/\/api.w.org\/{rel}","templated":true}]}}