{"id":2030084,"date":"2015-06-09T16:39:46","date_gmt":"2015-06-09T14:39:46","guid":{"rendered":"https:\/\/www.luxsure.fr\/2015\/06\/09\/the-du-chatelet-archives-revealed-in-an-exhibition-in-haute-marne\/"},"modified":"2026-04-27T01:15:17","modified_gmt":"2026-04-26T23:15:17","slug":"the-du-chatelet-archives-revealed-in-an-exhibition-in-haute-marne","status":"publish","type":"post","link":"https:\/\/www.luxsure.fr\/en\/2015\/06\/09\/the-du-chatelet-archives-revealed-in-an-exhibition-in-haute-marne\/","title":{"rendered":"The Du Ch\u00e2telet archives revealed in an exhibition in Haute-Marne"},"content":{"rendered":"<div class=\"page\" title=\"Page 1\">\n<div class=\"layoutArea\">\n<div class=\"column\">\n<p>After three years of acquisitions and classification, the Du Ch\u00e2telet family archive, comprising several thousand documents dating from the 13th to the 18th century, will be on display from June 20 to December 18 at the Archives d\u00e9partementales de la Haute-Marne in Choignes-Chamarande.<\/p>\n<p><a href=\"https:\/\/www.luxsure.fr\/wp-content\/uploads\/2015\/06\/Capture-d%E2%80%99%C3%A9cran-2015-06-09-%C3%A0-16.36.51.png\" data-rel=\"penci-gallery-image-content\" ><img decoding=\"async\" class=\"aligncenter wp-image-141288 size-full lazyload\" data-src=\"https:\/\/www.luxsure.fr\/wp-content\/uploads\/2015\/06\/Capture-d%E2%80%99%C3%A9cran-2015-06-09-%C3%A0-16.36.51.png\" alt=\"Screenshot 2015-06-09 at 16.36.51\" width=\"325\" height=\"412\" src=\"data:image\/svg+xml;base64,PHN2ZyB3aWR0aD0iMSIgaGVpZ2h0PSIxIiB4bWxucz0iaHR0cDovL3d3dy53My5vcmcvMjAwMC9zdmciPjwvc3ZnPg==\" style=\"--smush-placeholder-width: 325px; --smush-placeholder-aspect-ratio: 325\/412;\" \/><\/a><\/p>\n<p>This rich collection of documents, reflecting the art of living in Haute-Marne, is divided into two main sections: administrative documents (memoirs, military papers, correspondence, etc.) and private documents (inventories, contracts, divisions, etc.). Six centuries of history and seigniorial possessions are revealed through exceptional documents such as letters patent from Charles V and watercolor parchments establishing the family&#8217;s rights and honors. <\/p>\n<p>Seven themes will highlight the history and importance of this family, including the House of Du Ch\u00e2telet and its estates; the Du Ch\u00e2telets in the service of Lorraine and the French monarchy; the ch\u00e2teau and gardens of Cirey; the seigniorial economy of Cirey; \u00c9milie Du Ch\u00e2telet, France&#8217;s first woman of science; daily life in Cirey in \u00c9milie&#8217;s time; Madame de Simiane, the other lady of Cirey.<\/p>\n<p>\u00c9milie Tonnelier de Breteuil, a woman of science and letters, will of course be a character to be rediscovered on this occasion. For over ten years, she lived in her ch\u00e2teau at Cirey-sur-Blaise with a certain Voltaire. Together they tried out scientific experiments, and shared many discussions and walks.  <\/p>\n<p>In addition to archival documents, this exhibition will be complemented by paintings, parchments, watercolor plans and scientific instruments, so that everyone can immerse themselves in the history of this great family. Don&#8217;t hesitate to come and explore the fascinating past of an extraordinary family. <\/p>\n<div class=\"page\" title=\"Page 1\">\n<div class=\"layoutArea\">\n<div class=\"column\">\n<p>Archives d\u00e9partementales de la Haute-Marne, Rue du Lyc\u00e9e agricole, 52000 Chamarandes- Choignes<\/p>\n<\/div>\n<\/div>\n<\/div>\n<\/div>\n<\/div>\n<\/div>\n","protected":false},"excerpt":{"rendered":"<p>After three years of acquisitions and classification, the Du Ch\u00e2telet family archive, comprising several thousand documents dating from the 13th to the 18th century, will be on display from June&hellip;<\/p>\n","protected":false},"author":156,"featured_media":810850,"comment_status":"closed","ping_status":"closed","sticky":false,"template":"","format":"standard","meta":{"_lmt_disableupdate":"","_lmt_disable":"","footnotes":""},"categories":[30094],"tags":[53291,66188,66186,30214,66190,53604],"class_list":["post-2030084","post","type-post","status-publish","format-standard","has-post-thumbnail","hentry","category-culture-en","tag-culture","tag-departmental-archives","tag-du-chatelet","tag-exhibition-en","tag-haute-marne","tag-history"],"yoast_head":"<!-- This site is optimized with the Yoast SEO plugin v27.5 - https:\/\/yoast.com\/product\/yoast-seo-wordpress\/ -->\n<title>The Du Ch\u00e2telet archives revealed in an exhibition in Haute-Marne - Luxsure<\/title>\n<meta name=\"robots\" content=\"index, follow, max-snippet:-1, max-image-preview:large, max-video-preview:-1\" \/>\n<link rel=\"canonical\" href=\"https:\/\/www.luxsure.fr\/en\/2015\/06\/09\/the-du-chatelet-archives-revealed-in-an-exhibition-in-haute-marne\/\" \/>\n<meta name=\"twitter:label1\" content=\"Written by\" \/>\n\t<meta name=\"twitter:data1\" content=\"Salome Gegout\" \/>\n\t<meta name=\"twitter:label2\" content=\"Est. reading time\" \/>\n\t<meta name=\"twitter:data2\" content=\"1 minute\" \/>\n<script type=\"application\/ld+json\" class=\"yoast-schema-graph\">{\"@context\":\"https:\\\/\\\/schema.org\",\"@graph\":[{\"@type\":\"Article\",\"@id\":\"https:\\\/\\\/www.luxsure.fr\\\/en\\\/2015\\\/06\\\/09\\\/the-du-chatelet-archives-revealed-in-an-exhibition-in-haute-marne\\\/#article\",\"isPartOf\":{\"@id\":\"https:\\\/\\\/www.luxsure.fr\\\/en\\\/2015\\\/06\\\/09\\\/the-du-chatelet-archives-revealed-in-an-exhibition-in-haute-marne\\\/\"},\"author\":{\"name\":\"Salome Gegout\",\"@id\":\"https:\\\/\\\/www.luxsure.fr\\\/#\\\/schema\\\/person\\\/51225755bed372797224f865506d9734\"},\"headline\":\"The Du Ch\u00e2telet archives revealed in an exhibition in Haute-Marne\",\"datePublished\":\"2015-06-09T14:39:46+00:00\",\"dateModified\":\"2026-04-26T23:15:17+00:00\",\"mainEntityOfPage\":{\"@id\":\"https:\\\/\\\/www.luxsure.fr\\\/en\\\/2015\\\/06\\\/09\\\/the-du-chatelet-archives-revealed-in-an-exhibition-in-haute-marne\\\/\"},\"wordCount\":295,\"publisher\":{\"@id\":\"https:\\\/\\\/www.luxsure.fr\\\/#organization\"},\"image\":{\"@id\":\"https:\\\/\\\/www.luxsure.fr\\\/en\\\/2015\\\/06\\\/09\\\/the-du-chatelet-archives-revealed-in-an-exhibition-in-haute-marne\\\/#primaryimage\"},\"thumbnailUrl\":\"https:\\\/\\\/www.luxsure.fr\\\/wp-content\\\/uploads\\\/2015\\\/06\\\/Capture-d\u2019\u00e9cran-2015-06-09-\u00e0-16.36.51.png\",\"keywords\":[\"Culture\",\"departmental archives\",\"du ch\u00e2telet\",\"exhibition\",\"haute-marne\",\"history\"],\"articleSection\":[\"Culture\"],\"inLanguage\":\"en-US\"},{\"@type\":\"WebPage\",\"@id\":\"https:\\\/\\\/www.luxsure.fr\\\/en\\\/2015\\\/06\\\/09\\\/the-du-chatelet-archives-revealed-in-an-exhibition-in-haute-marne\\\/\",\"url\":\"https:\\\/\\\/www.luxsure.fr\\\/en\\\/2015\\\/06\\\/09\\\/the-du-chatelet-archives-revealed-in-an-exhibition-in-haute-marne\\\/\",\"name\":\"The Du Ch\u00e2telet archives revealed in an exhibition in Haute-Marne - Luxsure\",\"isPartOf\":{\"@id\":\"https:\\\/\\\/www.luxsure.fr\\\/#website\"},\"primaryImageOfPage\":{\"@id\":\"https:\\\/\\\/www.luxsure.fr\\\/en\\\/2015\\\/06\\\/09\\\/the-du-chatelet-archives-revealed-in-an-exhibition-in-haute-marne\\\/#primaryimage\"},\"image\":{\"@id\":\"https:\\\/\\\/www.luxsure.fr\\\/en\\\/2015\\\/06\\\/09\\\/the-du-chatelet-archives-revealed-in-an-exhibition-in-haute-marne\\\/#primaryimage\"},\"thumbnailUrl\":\"https:\\\/\\\/www.luxsure.fr\\\/wp-content\\\/uploads\\\/2015\\\/06\\\/Capture-d\u2019\u00e9cran-2015-06-09-\u00e0-16.36.51.png\",\"datePublished\":\"2015-06-09T14:39:46+00:00\",\"dateModified\":\"2026-04-26T23:15:17+00:00\",\"breadcrumb\":{\"@id\":\"https:\\\/\\\/www.luxsure.fr\\\/en\\\/2015\\\/06\\\/09\\\/the-du-chatelet-archives-revealed-in-an-exhibition-in-haute-marne\\\/#breadcrumb\"},\"inLanguage\":\"en-US\",\"potentialAction\":[{\"@type\":\"ReadAction\",\"target\":[\"https:\\\/\\\/www.luxsure.fr\\\/en\\\/2015\\\/06\\\/09\\\/the-du-chatelet-archives-revealed-in-an-exhibition-in-haute-marne\\\/\"]}]},{\"@type\":\"ImageObject\",\"inLanguage\":\"en-US\",\"@id\":\"https:\\\/\\\/www.luxsure.fr\\\/en\\\/2015\\\/06\\\/09\\\/the-du-chatelet-archives-revealed-in-an-exhibition-in-haute-marne\\\/#primaryimage\",\"url\":\"https:\\\/\\\/www.luxsure.fr\\\/wp-content\\\/uploads\\\/2015\\\/06\\\/Capture-d\u2019\u00e9cran-2015-06-09-\u00e0-16.36.51.png\",\"contentUrl\":\"https:\\\/\\\/www.luxsure.fr\\\/wp-content\\\/uploads\\\/2015\\\/06\\\/Capture-d\u2019\u00e9cran-2015-06-09-\u00e0-16.36.51.png\",\"width\":325,\"height\":412},{\"@type\":\"BreadcrumbList\",\"@id\":\"https:\\\/\\\/www.luxsure.fr\\\/en\\\/2015\\\/06\\\/09\\\/the-du-chatelet-archives-revealed-in-an-exhibition-in-haute-marne\\\/#breadcrumb\",\"itemListElement\":[{\"@type\":\"ListItem\",\"position\":1,\"name\":\"Accueil\",\"item\":\"https:\\\/\\\/www.luxsure.fr\\\/\"},{\"@type\":\"ListItem\",\"position\":2,\"name\":\"The Du Ch\u00e2telet archives revealed in an exhibition in Haute-Marne\"}]},{\"@type\":\"WebSite\",\"@id\":\"https:\\\/\\\/www.luxsure.fr\\\/#website\",\"url\":\"https:\\\/\\\/www.luxsure.fr\\\/\",\"name\":\"Luxsure\",\"description\":\"UNE CERTAINE VISION DU LUXE\",\"publisher\":{\"@id\":\"https:\\\/\\\/www.luxsure.fr\\\/#organization\"},\"potentialAction\":[{\"@type\":\"SearchAction\",\"target\":{\"@type\":\"EntryPoint\",\"urlTemplate\":\"https:\\\/\\\/www.luxsure.fr\\\/?s={search_term_string}\"},\"query-input\":{\"@type\":\"PropertyValueSpecification\",\"valueRequired\":true,\"valueName\":\"search_term_string\"}}],\"inLanguage\":\"en-US\"},{\"@type\":\"Organization\",\"@id\":\"https:\\\/\\\/www.luxsure.fr\\\/#organization\",\"name\":\"Luxsure\",\"url\":\"https:\\\/\\\/www.luxsure.fr\\\/\",\"logo\":{\"@type\":\"ImageObject\",\"inLanguage\":\"en-US\",\"@id\":\"https:\\\/\\\/www.luxsure.fr\\\/#\\\/schema\\\/logo\\\/image\\\/\",\"url\":\"https:\\\/\\\/i0.wp.com\\\/www.luxsure.fr\\\/wp-content\\\/uploads\\\/2015\\\/10\\\/Capture-d\u2019\u00e9cran-2015-08-19-\u00e0-10.51.48.png?fit=551%2C400&ssl=1\",\"contentUrl\":\"https:\\\/\\\/i0.wp.com\\\/www.luxsure.fr\\\/wp-content\\\/uploads\\\/2015\\\/10\\\/Capture-d\u2019\u00e9cran-2015-08-19-\u00e0-10.51.48.png?fit=551%2C400&ssl=1\",\"width\":551,\"height\":400,\"caption\":\"Luxsure\"},\"image\":{\"@id\":\"https:\\\/\\\/www.luxsure.fr\\\/#\\\/schema\\\/logo\\\/image\\\/\"}},{\"@type\":\"Person\",\"@id\":\"https:\\\/\\\/www.luxsure.fr\\\/#\\\/schema\\\/person\\\/51225755bed372797224f865506d9734\",\"name\":\"Salome Gegout\",\"image\":{\"@type\":\"ImageObject\",\"inLanguage\":\"en-US\",\"@id\":\"https:\\\/\\\/secure.gravatar.com\\\/avatar\\\/ebef03576c0dc0a48da8ec43b27c7e4696c0d37d928d49ef2738f8a4f7e29fd8?s=96&d=mm&r=g\",\"url\":\"https:\\\/\\\/secure.gravatar.com\\\/avatar\\\/ebef03576c0dc0a48da8ec43b27c7e4696c0d37d928d49ef2738f8a4f7e29fd8?s=96&d=mm&r=g\",\"contentUrl\":\"https:\\\/\\\/secure.gravatar.com\\\/avatar\\\/ebef03576c0dc0a48da8ec43b27c7e4696c0d37d928d49ef2738f8a4f7e29fd8?s=96&d=mm&r=g\",\"caption\":\"Salome Gegout\"},\"url\":\"https:\\\/\\\/www.luxsure.fr\\\/en\\\/author\\\/salome-gegout\\\/\"}]}<\/script>\n<!-- \/ Yoast SEO plugin. -->","yoast_head_json":{"title":"The Du Ch\u00e2telet archives revealed in an exhibition in Haute-Marne - Luxsure","robots":{"index":"index","follow":"follow","max-snippet":"max-snippet:-1","max-image-preview":"max-image-preview:large","max-video-preview":"max-video-preview:-1"},"canonical":"https:\/\/www.luxsure.fr\/en\/2015\/06\/09\/the-du-chatelet-archives-revealed-in-an-exhibition-in-haute-marne\/","twitter_misc":{"Written by":"Salome Gegout","Est. reading time":"1 minute"},"schema":{"@context":"https:\/\/schema.org","@graph":[{"@type":"Article","@id":"https:\/\/www.luxsure.fr\/en\/2015\/06\/09\/the-du-chatelet-archives-revealed-in-an-exhibition-in-haute-marne\/#article","isPartOf":{"@id":"https:\/\/www.luxsure.fr\/en\/2015\/06\/09\/the-du-chatelet-archives-revealed-in-an-exhibition-in-haute-marne\/"},"author":{"name":"Salome Gegout","@id":"https:\/\/www.luxsure.fr\/#\/schema\/person\/51225755bed372797224f865506d9734"},"headline":"The Du Ch\u00e2telet archives revealed in an exhibition in Haute-Marne","datePublished":"2015-06-09T14:39:46+00:00","dateModified":"2026-04-26T23:15:17+00:00","mainEntityOfPage":{"@id":"https:\/\/www.luxsure.fr\/en\/2015\/06\/09\/the-du-chatelet-archives-revealed-in-an-exhibition-in-haute-marne\/"},"wordCount":295,"publisher":{"@id":"https:\/\/www.luxsure.fr\/#organization"},"image":{"@id":"https:\/\/www.luxsure.fr\/en\/2015\/06\/09\/the-du-chatelet-archives-revealed-in-an-exhibition-in-haute-marne\/#primaryimage"},"thumbnailUrl":"https:\/\/www.luxsure.fr\/wp-content\/uploads\/2015\/06\/Capture-d\u2019\u00e9cran-2015-06-09-\u00e0-16.36.51.png","keywords":["Culture","departmental archives","du ch\u00e2telet","exhibition","haute-marne","history"],"articleSection":["Culture"],"inLanguage":"en-US"},{"@type":"WebPage","@id":"https:\/\/www.luxsure.fr\/en\/2015\/06\/09\/the-du-chatelet-archives-revealed-in-an-exhibition-in-haute-marne\/","url":"https:\/\/www.luxsure.fr\/en\/2015\/06\/09\/the-du-chatelet-archives-revealed-in-an-exhibition-in-haute-marne\/","name":"The Du Ch\u00e2telet archives revealed in an exhibition in Haute-Marne - Luxsure","isPartOf":{"@id":"https:\/\/www.luxsure.fr\/#website"},"primaryImageOfPage":{"@id":"https:\/\/www.luxsure.fr\/en\/2015\/06\/09\/the-du-chatelet-archives-revealed-in-an-exhibition-in-haute-marne\/#primaryimage"},"image":{"@id":"https:\/\/www.luxsure.fr\/en\/2015\/06\/09\/the-du-chatelet-archives-revealed-in-an-exhibition-in-haute-marne\/#primaryimage"},"thumbnailUrl":"https:\/\/www.luxsure.fr\/wp-content\/uploads\/2015\/06\/Capture-d\u2019\u00e9cran-2015-06-09-\u00e0-16.36.51.png","datePublished":"2015-06-09T14:39:46+00:00","dateModified":"2026-04-26T23:15:17+00:00","breadcrumb":{"@id":"https:\/\/www.luxsure.fr\/en\/2015\/06\/09\/the-du-chatelet-archives-revealed-in-an-exhibition-in-haute-marne\/#breadcrumb"},"inLanguage":"en-US","potentialAction":[{"@type":"ReadAction","target":["https:\/\/www.luxsure.fr\/en\/2015\/06\/09\/the-du-chatelet-archives-revealed-in-an-exhibition-in-haute-marne\/"]}]},{"@type":"ImageObject","inLanguage":"en-US","@id":"https:\/\/www.luxsure.fr\/en\/2015\/06\/09\/the-du-chatelet-archives-revealed-in-an-exhibition-in-haute-marne\/#primaryimage","url":"https:\/\/www.luxsure.fr\/wp-content\/uploads\/2015\/06\/Capture-d\u2019\u00e9cran-2015-06-09-\u00e0-16.36.51.png","contentUrl":"https:\/\/www.luxsure.fr\/wp-content\/uploads\/2015\/06\/Capture-d\u2019\u00e9cran-2015-06-09-\u00e0-16.36.51.png","width":325,"height":412},{"@type":"BreadcrumbList","@id":"https:\/\/www.luxsure.fr\/en\/2015\/06\/09\/the-du-chatelet-archives-revealed-in-an-exhibition-in-haute-marne\/#breadcrumb","itemListElement":[{"@type":"ListItem","position":1,"name":"Accueil","item":"https:\/\/www.luxsure.fr\/"},{"@type":"ListItem","position":2,"name":"The Du Ch\u00e2telet archives revealed in an exhibition in Haute-Marne"}]},{"@type":"WebSite","@id":"https:\/\/www.luxsure.fr\/#website","url":"https:\/\/www.luxsure.fr\/","name":"Luxsure","description":"UNE CERTAINE VISION DU LUXE","publisher":{"@id":"https:\/\/www.luxsure.fr\/#organization"},"potentialAction":[{"@type":"SearchAction","target":{"@type":"EntryPoint","urlTemplate":"https:\/\/www.luxsure.fr\/?s={search_term_string}"},"query-input":{"@type":"PropertyValueSpecification","valueRequired":true,"valueName":"search_term_string"}}],"inLanguage":"en-US"},{"@type":"Organization","@id":"https:\/\/www.luxsure.fr\/#organization","name":"Luxsure","url":"https:\/\/www.luxsure.fr\/","logo":{"@type":"ImageObject","inLanguage":"en-US","@id":"https:\/\/www.luxsure.fr\/#\/schema\/logo\/image\/","url":"https:\/\/i0.wp.com\/www.luxsure.fr\/wp-content\/uploads\/2015\/10\/Capture-d\u2019\u00e9cran-2015-08-19-\u00e0-10.51.48.png?fit=551%2C400&ssl=1","contentUrl":"https:\/\/i0.wp.com\/www.luxsure.fr\/wp-content\/uploads\/2015\/10\/Capture-d\u2019\u00e9cran-2015-08-19-\u00e0-10.51.48.png?fit=551%2C400&ssl=1","width":551,"height":400,"caption":"Luxsure"},"image":{"@id":"https:\/\/www.luxsure.fr\/#\/schema\/logo\/image\/"}},{"@type":"Person","@id":"https:\/\/www.luxsure.fr\/#\/schema\/person\/51225755bed372797224f865506d9734","name":"Salome Gegout","image":{"@type":"ImageObject","inLanguage":"en-US","@id":"https:\/\/secure.gravatar.com\/avatar\/ebef03576c0dc0a48da8ec43b27c7e4696c0d37d928d49ef2738f8a4f7e29fd8?s=96&d=mm&r=g","url":"https:\/\/secure.gravatar.com\/avatar\/ebef03576c0dc0a48da8ec43b27c7e4696c0d37d928d49ef2738f8a4f7e29fd8?s=96&d=mm&r=g","contentUrl":"https:\/\/secure.gravatar.com\/avatar\/ebef03576c0dc0a48da8ec43b27c7e4696c0d37d928d49ef2738f8a4f7e29fd8?s=96&d=mm&r=g","caption":"Salome Gegout"},"url":"https:\/\/www.luxsure.fr\/en\/author\/salome-gegout\/"}]}},"_links":{"self":[{"href":"https:\/\/www.luxsure.fr\/en\/wp-json\/wp\/v2\/posts\/2030084","targetHints":{"allow":["GET"]}}],"collection":[{"href":"https:\/\/www.luxsure.fr\/en\/wp-json\/wp\/v2\/posts"}],"about":[{"href":"https:\/\/www.luxsure.fr\/en\/wp-json\/wp\/v2\/types\/post"}],"author":[{"embeddable":true,"href":"https:\/\/www.luxsure.fr\/en\/wp-json\/wp\/v2\/users\/156"}],"replies":[{"embeddable":true,"href":"https:\/\/www.luxsure.fr\/en\/wp-json\/wp\/v2\/comments?post=2030084"}],"version-history":[{"count":0,"href":"https:\/\/www.luxsure.fr\/en\/wp-json\/wp\/v2\/posts\/2030084\/revisions"}],"wp:featuredmedia":[{"embeddable":true,"href":"https:\/\/www.luxsure.fr\/en\/wp-json\/wp\/v2\/media\/810850"}],"wp:attachment":[{"href":"https:\/\/www.luxsure.fr\/en\/wp-json\/wp\/v2\/media?parent=2030084"}],"wp:term":[{"taxonomy":"category","embeddable":true,"href":"https:\/\/www.luxsure.fr\/en\/wp-json\/wp\/v2\/categories?post=2030084"},{"taxonomy":"post_tag","embeddable":true,"href":"https:\/\/www.luxsure.fr\/en\/wp-json\/wp\/v2\/tags?post=2030084"}],"curies":[{"name":"wp","href":"https:\/\/api.w.org\/{rel}","templated":true}]}}