{"id":2029989,"date":"2015-04-29T14:37:35","date_gmt":"2015-04-29T12:37:35","guid":{"rendered":"https:\/\/www.luxsure.fr\/2015\/04\/29\/30th-hyeres-international-fashion-and-photography-festival\/"},"modified":"2026-04-27T00:50:32","modified_gmt":"2026-04-26T22:50:32","slug":"30th-hyeres-international-fashion-and-photography-festival","status":"publish","type":"post","link":"https:\/\/www.luxsure.fr\/en\/2015\/04\/29\/30th-hyeres-international-fashion-and-photography-festival\/","title":{"rendered":"30th Hy\u00e8res International Fashion and Photography Festival"},"content":{"rendered":"<p style=\"text-align: center;\">For 5 days, the Festival International de Mode et de Photographie presented the runway shows of 10 of the most creative young designers on the international scene at several venues around the city. These were followed by professional meetings, showrooms and an exhibition at the Villa Noailles. <\/p>\n<div class=\"page\" title=\"Page 6\">\n<div class=\"section\">\n<div class=\"layoutArea\">\n<div class=\"column\">\n<p style=\"text-align: center;\">The Premi\u00e8re Vision Grand Prix du Jury for fashion was awarded to Annelie Schubert.<\/p>\n<p><a href=\"https:\/\/www.luxsure.fr\/wp-content\/uploads\/2015\/04\/Capture-d%E2%80%99%C3%A9cran-2015-04-28-%C3%A0-17.14.07.jpg\" data-rel=\"penci-gallery-image-content\" ><img decoding=\"async\" class=\"size-medium wp-image-136262 aligncenter lazyload\" data-src=\"https:\/\/www.luxsure.fr\/wp-content\/uploads\/2015\/04\/Capture-d%E2%80%99%C3%A9cran-2015-04-28-%C3%A0-17.14.07-300x220.jpg\" alt=\"Screenshot 2015-04-28 at 17.14.07\" width=\"300\" height=\"220\" src=\"data:image\/svg+xml;base64,PHN2ZyB3aWR0aD0iMSIgaGVpZ2h0PSIxIiB4bWxucz0iaHR0cDovL3d3dy53My5vcmcvMjAwMC9zdmciPjwvc3ZnPg==\" style=\"--smush-placeholder-width: 300px; --smush-placeholder-aspect-ratio: 300\/220;\" \/><\/a><\/p>\n<\/div>\n<\/div>\n<\/div>\n<\/div>\n<p>&nbsp;<\/p>\n<div class=\"page\" title=\"Page 8\">\n<div class=\"section\">\n<div class=\"layoutArea\">\n<div class=\"column\">\n<p style=\"text-align: center;\">The Chlo\u00e9 Prize for Fashion goes to Anna Bornhold.<\/p>\n<\/div>\n<\/div>\n<\/div>\n<\/div>\n<p><a href=\"https:\/\/www.luxsure.fr\/wp-content\/uploads\/2015\/04\/Capture-d%E2%80%99%C3%A9cran-2015-04-28-%C3%A0-17.15.56.jpg\" data-rel=\"penci-gallery-image-content\" ><img decoding=\"async\" class=\"size-medium wp-image-136263 aligncenter lazyload\" data-src=\"https:\/\/www.luxsure.fr\/wp-content\/uploads\/2015\/04\/Capture-d%E2%80%99%C3%A9cran-2015-04-28-%C3%A0-17.15.56-300x217.jpg\" alt=\"Screenshot 2015-04-28 at 17.15.56\" width=\"300\" height=\"217\" src=\"data:image\/svg+xml;base64,PHN2ZyB3aWR0aD0iMSIgaGVpZ2h0PSIxIiB4bWxucz0iaHR0cDovL3d3dy53My5vcmcvMjAwMC9zdmciPjwvc3ZnPg==\" style=\"--smush-placeholder-width: 300px; --smush-placeholder-aspect-ratio: 300\/217;\" \/><\/a><\/p>\n<p style=\"text-align: center;\">The edition from April 23 to 27, 2015, also featured shots by ten talented young photographers. This year, Karl Lagerfeld was Artistic Director of the 30th edition of the festival. Virginie Viard, Director of the CHANEL Creative Studio, was President of the Fashion Jury. Eric Pfrunder, Image Director of CHANEL Mode, was President of the photography jury.   <\/p>\n<div class=\"page\" title=\"Page 18\">\n<div class=\"section\">\n<div class=\"layoutArea\">\n<div class=\"column\">\n<p style=\"text-align: center;\">The jury was unanimous in its praise for Evangela Kranioti&#8217;s film<\/p>\n<p style=\"text-align: center;\"><a href=\"https:\/\/www.luxsure.fr\/wp-content\/uploads\/2015\/04\/Capture-d%E2%80%99%C3%A9cran-2015-04-28-%C3%A0-17.29.10.jpg\" data-rel=\"penci-gallery-image-content\" ><img decoding=\"async\" class=\"size-medium wp-image-136266 aligncenter lazyload\" data-src=\"https:\/\/www.luxsure.fr\/wp-content\/uploads\/2015\/04\/Capture-d%E2%80%99%C3%A9cran-2015-04-28-%C3%A0-17.29.10-300x143.jpg\" alt=\"Screenshot 2015-04-28 at 17.29.10\" width=\"300\" height=\"143\" src=\"data:image\/svg+xml;base64,PHN2ZyB3aWR0aD0iMSIgaGVpZ2h0PSIxIiB4bWxucz0iaHR0cDovL3d3dy53My5vcmcvMjAwMC9zdmciPjwvc3ZnPg==\" style=\"--smush-placeholder-width: 300px; --smush-placeholder-aspect-ratio: 300\/143;\" \/><\/a><\/p>\n<\/div>\n<\/div>\n<\/div>\n<\/div>\n<p style=\"text-align: center;\">In the run-up to the Awards, the ten finalists were welcomed at the Premi\u00e8re Vision shows in February. They were able to establish direct contacts with exhibitors and manufacturers, and benefit from privileged access to products from the world&#8217;s best companies: yarns, fabrics and accessories. They were also coached in the creation of their collections.  <\/p>\n<p style=\"text-align: center;\">\n","protected":false},"excerpt":{"rendered":"<p>For 5 days, the Festival International de Mode et de Photographie presented the runway shows of 10 of the most creative young designers on the international scene at several venues&hellip;<\/p>\n","protected":false},"author":161,"featured_media":795222,"comment_status":"closed","ping_status":"closed","sticky":false,"template":"","format":"standard","meta":{"_lmt_disableupdate":"","_lmt_disable":"","footnotes":""},"categories":[30094],"tags":[66025,66019,30170,30260],"class_list":["post-2029989","post","type-post","status-publish","format-standard","has-post-thumbnail","hentry","category-culture-en","tag-30th-edition","tag-estival-international-de-mode-et-de-photographie-a-hyeres","tag-mode-en","tag-photography-en-2"],"yoast_head":"<!-- This site is optimized with the Yoast SEO plugin v27.4 - https:\/\/yoast.com\/product\/yoast-seo-wordpress\/ -->\n<title>30th Hy\u00e8res International Fashion and Photography Festival<\/title>\n<meta name=\"robots\" content=\"index, follow, max-snippet:-1, max-image-preview:large, max-video-preview:-1\" \/>\n<link rel=\"canonical\" href=\"https:\/\/www.luxsure.fr\/en\/2015\/04\/29\/30th-hyeres-international-fashion-and-photography-festival\/\" \/>\n<meta name=\"twitter:label1\" content=\"Written by\" \/>\n\t<meta name=\"twitter:data1\" content=\"Olympe Lededente\" \/>\n\t<meta name=\"twitter:label2\" content=\"Est. reading time\" \/>\n\t<meta name=\"twitter:data2\" content=\"1 minute\" \/>\n<script type=\"application\/ld+json\" class=\"yoast-schema-graph\">{\"@context\":\"https:\\\/\\\/schema.org\",\"@graph\":[{\"@type\":\"Article\",\"@id\":\"https:\\\/\\\/www.luxsure.fr\\\/en\\\/2015\\\/04\\\/29\\\/30th-hyeres-international-fashion-and-photography-festival\\\/#article\",\"isPartOf\":{\"@id\":\"https:\\\/\\\/www.luxsure.fr\\\/en\\\/2015\\\/04\\\/29\\\/30th-hyeres-international-fashion-and-photography-festival\\\/\"},\"author\":{\"name\":\"Olympe Lededente\",\"@id\":\"https:\\\/\\\/www.luxsure.fr\\\/#\\\/schema\\\/person\\\/8076d7a84bdd055e07be910980e90089\"},\"headline\":\"30th Hy\u00e8res International Fashion and Photography Festival\",\"datePublished\":\"2015-04-29T12:37:35+00:00\",\"dateModified\":\"2026-04-26T22:50:32+00:00\",\"mainEntityOfPage\":{\"@id\":\"https:\\\/\\\/www.luxsure.fr\\\/en\\\/2015\\\/04\\\/29\\\/30th-hyeres-international-fashion-and-photography-festival\\\/\"},\"wordCount\":201,\"publisher\":{\"@id\":\"https:\\\/\\\/www.luxsure.fr\\\/#organization\"},\"image\":{\"@id\":\"https:\\\/\\\/www.luxsure.fr\\\/en\\\/2015\\\/04\\\/29\\\/30th-hyeres-international-fashion-and-photography-festival\\\/#primaryimage\"},\"thumbnailUrl\":\"https:\\\/\\\/www.luxsure.fr\\\/wp-content\\\/uploads\\\/2015\\\/04\\\/Capture-d\u2019\u00e9cran-2015-04-28-\u00e0-17.14.07.jpg\",\"keywords\":[\"30th edition\",\"estival International de Mode et de Photographie \u00e0 Hy\u00e8res\",\"Mode\",\"Photography\"],\"articleSection\":[\"Culture\"],\"inLanguage\":\"en-US\"},{\"@type\":\"WebPage\",\"@id\":\"https:\\\/\\\/www.luxsure.fr\\\/en\\\/2015\\\/04\\\/29\\\/30th-hyeres-international-fashion-and-photography-festival\\\/\",\"url\":\"https:\\\/\\\/www.luxsure.fr\\\/en\\\/2015\\\/04\\\/29\\\/30th-hyeres-international-fashion-and-photography-festival\\\/\",\"name\":\"30th Hy\u00e8res International Fashion and Photography Festival\",\"isPartOf\":{\"@id\":\"https:\\\/\\\/www.luxsure.fr\\\/#website\"},\"primaryImageOfPage\":{\"@id\":\"https:\\\/\\\/www.luxsure.fr\\\/en\\\/2015\\\/04\\\/29\\\/30th-hyeres-international-fashion-and-photography-festival\\\/#primaryimage\"},\"image\":{\"@id\":\"https:\\\/\\\/www.luxsure.fr\\\/en\\\/2015\\\/04\\\/29\\\/30th-hyeres-international-fashion-and-photography-festival\\\/#primaryimage\"},\"thumbnailUrl\":\"https:\\\/\\\/www.luxsure.fr\\\/wp-content\\\/uploads\\\/2015\\\/04\\\/Capture-d\u2019\u00e9cran-2015-04-28-\u00e0-17.14.07.jpg\",\"datePublished\":\"2015-04-29T12:37:35+00:00\",\"dateModified\":\"2026-04-26T22:50:32+00:00\",\"breadcrumb\":{\"@id\":\"https:\\\/\\\/www.luxsure.fr\\\/en\\\/2015\\\/04\\\/29\\\/30th-hyeres-international-fashion-and-photography-festival\\\/#breadcrumb\"},\"inLanguage\":\"en-US\",\"potentialAction\":[{\"@type\":\"ReadAction\",\"target\":[\"https:\\\/\\\/www.luxsure.fr\\\/en\\\/2015\\\/04\\\/29\\\/30th-hyeres-international-fashion-and-photography-festival\\\/\"]}]},{\"@type\":\"ImageObject\",\"inLanguage\":\"en-US\",\"@id\":\"https:\\\/\\\/www.luxsure.fr\\\/en\\\/2015\\\/04\\\/29\\\/30th-hyeres-international-fashion-and-photography-festival\\\/#primaryimage\",\"url\":\"https:\\\/\\\/www.luxsure.fr\\\/wp-content\\\/uploads\\\/2015\\\/04\\\/Capture-d\u2019\u00e9cran-2015-04-28-\u00e0-17.14.07.jpg\",\"contentUrl\":\"https:\\\/\\\/www.luxsure.fr\\\/wp-content\\\/uploads\\\/2015\\\/04\\\/Capture-d\u2019\u00e9cran-2015-04-28-\u00e0-17.14.07.jpg\",\"width\":675,\"height\":494},{\"@type\":\"BreadcrumbList\",\"@id\":\"https:\\\/\\\/www.luxsure.fr\\\/en\\\/2015\\\/04\\\/29\\\/30th-hyeres-international-fashion-and-photography-festival\\\/#breadcrumb\",\"itemListElement\":[{\"@type\":\"ListItem\",\"position\":1,\"name\":\"Accueil\",\"item\":\"https:\\\/\\\/www.luxsure.fr\\\/\"},{\"@type\":\"ListItem\",\"position\":2,\"name\":\"30th Hy\u00e8res International Fashion and Photography Festival\"}]},{\"@type\":\"WebSite\",\"@id\":\"https:\\\/\\\/www.luxsure.fr\\\/#website\",\"url\":\"https:\\\/\\\/www.luxsure.fr\\\/\",\"name\":\"Luxsure\",\"description\":\"UNE CERTAINE VISION DU LUXE\",\"publisher\":{\"@id\":\"https:\\\/\\\/www.luxsure.fr\\\/#organization\"},\"potentialAction\":[{\"@type\":\"SearchAction\",\"target\":{\"@type\":\"EntryPoint\",\"urlTemplate\":\"https:\\\/\\\/www.luxsure.fr\\\/?s={search_term_string}\"},\"query-input\":{\"@type\":\"PropertyValueSpecification\",\"valueRequired\":true,\"valueName\":\"search_term_string\"}}],\"inLanguage\":\"en-US\"},{\"@type\":\"Organization\",\"@id\":\"https:\\\/\\\/www.luxsure.fr\\\/#organization\",\"name\":\"Luxsure\",\"url\":\"https:\\\/\\\/www.luxsure.fr\\\/\",\"logo\":{\"@type\":\"ImageObject\",\"inLanguage\":\"en-US\",\"@id\":\"https:\\\/\\\/www.luxsure.fr\\\/#\\\/schema\\\/logo\\\/image\\\/\",\"url\":\"https:\\\/\\\/i0.wp.com\\\/www.luxsure.fr\\\/wp-content\\\/uploads\\\/2015\\\/10\\\/Capture-d\u2019\u00e9cran-2015-08-19-\u00e0-10.51.48.png?fit=551%2C400&ssl=1\",\"contentUrl\":\"https:\\\/\\\/i0.wp.com\\\/www.luxsure.fr\\\/wp-content\\\/uploads\\\/2015\\\/10\\\/Capture-d\u2019\u00e9cran-2015-08-19-\u00e0-10.51.48.png?fit=551%2C400&ssl=1\",\"width\":551,\"height\":400,\"caption\":\"Luxsure\"},\"image\":{\"@id\":\"https:\\\/\\\/www.luxsure.fr\\\/#\\\/schema\\\/logo\\\/image\\\/\"}},{\"@type\":\"Person\",\"@id\":\"https:\\\/\\\/www.luxsure.fr\\\/#\\\/schema\\\/person\\\/8076d7a84bdd055e07be910980e90089\",\"name\":\"Olympe Lededente\",\"image\":{\"@type\":\"ImageObject\",\"inLanguage\":\"en-US\",\"@id\":\"https:\\\/\\\/secure.gravatar.com\\\/avatar\\\/fe70c0249774835093116ca2c3c067c62d85e5a9c80d61c4f21c61410f8bfed7?s=96&d=mm&r=g\",\"url\":\"https:\\\/\\\/secure.gravatar.com\\\/avatar\\\/fe70c0249774835093116ca2c3c067c62d85e5a9c80d61c4f21c61410f8bfed7?s=96&d=mm&r=g\",\"contentUrl\":\"https:\\\/\\\/secure.gravatar.com\\\/avatar\\\/fe70c0249774835093116ca2c3c067c62d85e5a9c80d61c4f21c61410f8bfed7?s=96&d=mm&r=g\",\"caption\":\"Olympe Lededente\"},\"url\":\"https:\\\/\\\/www.luxsure.fr\\\/en\\\/author\\\/olympelededente\\\/\"}]}<\/script>\n<!-- \/ Yoast SEO plugin. -->","yoast_head_json":{"title":"30th Hy\u00e8res International Fashion and Photography Festival","robots":{"index":"index","follow":"follow","max-snippet":"max-snippet:-1","max-image-preview":"max-image-preview:large","max-video-preview":"max-video-preview:-1"},"canonical":"https:\/\/www.luxsure.fr\/en\/2015\/04\/29\/30th-hyeres-international-fashion-and-photography-festival\/","twitter_misc":{"Written by":"Olympe Lededente","Est. reading time":"1 minute"},"schema":{"@context":"https:\/\/schema.org","@graph":[{"@type":"Article","@id":"https:\/\/www.luxsure.fr\/en\/2015\/04\/29\/30th-hyeres-international-fashion-and-photography-festival\/#article","isPartOf":{"@id":"https:\/\/www.luxsure.fr\/en\/2015\/04\/29\/30th-hyeres-international-fashion-and-photography-festival\/"},"author":{"name":"Olympe Lededente","@id":"https:\/\/www.luxsure.fr\/#\/schema\/person\/8076d7a84bdd055e07be910980e90089"},"headline":"30th Hy\u00e8res International Fashion and Photography Festival","datePublished":"2015-04-29T12:37:35+00:00","dateModified":"2026-04-26T22:50:32+00:00","mainEntityOfPage":{"@id":"https:\/\/www.luxsure.fr\/en\/2015\/04\/29\/30th-hyeres-international-fashion-and-photography-festival\/"},"wordCount":201,"publisher":{"@id":"https:\/\/www.luxsure.fr\/#organization"},"image":{"@id":"https:\/\/www.luxsure.fr\/en\/2015\/04\/29\/30th-hyeres-international-fashion-and-photography-festival\/#primaryimage"},"thumbnailUrl":"https:\/\/www.luxsure.fr\/wp-content\/uploads\/2015\/04\/Capture-d\u2019\u00e9cran-2015-04-28-\u00e0-17.14.07.jpg","keywords":["30th edition","estival International de Mode et de Photographie \u00e0 Hy\u00e8res","Mode","Photography"],"articleSection":["Culture"],"inLanguage":"en-US"},{"@type":"WebPage","@id":"https:\/\/www.luxsure.fr\/en\/2015\/04\/29\/30th-hyeres-international-fashion-and-photography-festival\/","url":"https:\/\/www.luxsure.fr\/en\/2015\/04\/29\/30th-hyeres-international-fashion-and-photography-festival\/","name":"30th Hy\u00e8res International Fashion and Photography Festival","isPartOf":{"@id":"https:\/\/www.luxsure.fr\/#website"},"primaryImageOfPage":{"@id":"https:\/\/www.luxsure.fr\/en\/2015\/04\/29\/30th-hyeres-international-fashion-and-photography-festival\/#primaryimage"},"image":{"@id":"https:\/\/www.luxsure.fr\/en\/2015\/04\/29\/30th-hyeres-international-fashion-and-photography-festival\/#primaryimage"},"thumbnailUrl":"https:\/\/www.luxsure.fr\/wp-content\/uploads\/2015\/04\/Capture-d\u2019\u00e9cran-2015-04-28-\u00e0-17.14.07.jpg","datePublished":"2015-04-29T12:37:35+00:00","dateModified":"2026-04-26T22:50:32+00:00","breadcrumb":{"@id":"https:\/\/www.luxsure.fr\/en\/2015\/04\/29\/30th-hyeres-international-fashion-and-photography-festival\/#breadcrumb"},"inLanguage":"en-US","potentialAction":[{"@type":"ReadAction","target":["https:\/\/www.luxsure.fr\/en\/2015\/04\/29\/30th-hyeres-international-fashion-and-photography-festival\/"]}]},{"@type":"ImageObject","inLanguage":"en-US","@id":"https:\/\/www.luxsure.fr\/en\/2015\/04\/29\/30th-hyeres-international-fashion-and-photography-festival\/#primaryimage","url":"https:\/\/www.luxsure.fr\/wp-content\/uploads\/2015\/04\/Capture-d\u2019\u00e9cran-2015-04-28-\u00e0-17.14.07.jpg","contentUrl":"https:\/\/www.luxsure.fr\/wp-content\/uploads\/2015\/04\/Capture-d\u2019\u00e9cran-2015-04-28-\u00e0-17.14.07.jpg","width":675,"height":494},{"@type":"BreadcrumbList","@id":"https:\/\/www.luxsure.fr\/en\/2015\/04\/29\/30th-hyeres-international-fashion-and-photography-festival\/#breadcrumb","itemListElement":[{"@type":"ListItem","position":1,"name":"Accueil","item":"https:\/\/www.luxsure.fr\/"},{"@type":"ListItem","position":2,"name":"30th Hy\u00e8res International Fashion and Photography Festival"}]},{"@type":"WebSite","@id":"https:\/\/www.luxsure.fr\/#website","url":"https:\/\/www.luxsure.fr\/","name":"Luxsure","description":"UNE CERTAINE VISION DU LUXE","publisher":{"@id":"https:\/\/www.luxsure.fr\/#organization"},"potentialAction":[{"@type":"SearchAction","target":{"@type":"EntryPoint","urlTemplate":"https:\/\/www.luxsure.fr\/?s={search_term_string}"},"query-input":{"@type":"PropertyValueSpecification","valueRequired":true,"valueName":"search_term_string"}}],"inLanguage":"en-US"},{"@type":"Organization","@id":"https:\/\/www.luxsure.fr\/#organization","name":"Luxsure","url":"https:\/\/www.luxsure.fr\/","logo":{"@type":"ImageObject","inLanguage":"en-US","@id":"https:\/\/www.luxsure.fr\/#\/schema\/logo\/image\/","url":"https:\/\/i0.wp.com\/www.luxsure.fr\/wp-content\/uploads\/2015\/10\/Capture-d\u2019\u00e9cran-2015-08-19-\u00e0-10.51.48.png?fit=551%2C400&ssl=1","contentUrl":"https:\/\/i0.wp.com\/www.luxsure.fr\/wp-content\/uploads\/2015\/10\/Capture-d\u2019\u00e9cran-2015-08-19-\u00e0-10.51.48.png?fit=551%2C400&ssl=1","width":551,"height":400,"caption":"Luxsure"},"image":{"@id":"https:\/\/www.luxsure.fr\/#\/schema\/logo\/image\/"}},{"@type":"Person","@id":"https:\/\/www.luxsure.fr\/#\/schema\/person\/8076d7a84bdd055e07be910980e90089","name":"Olympe Lededente","image":{"@type":"ImageObject","inLanguage":"en-US","@id":"https:\/\/secure.gravatar.com\/avatar\/fe70c0249774835093116ca2c3c067c62d85e5a9c80d61c4f21c61410f8bfed7?s=96&d=mm&r=g","url":"https:\/\/secure.gravatar.com\/avatar\/fe70c0249774835093116ca2c3c067c62d85e5a9c80d61c4f21c61410f8bfed7?s=96&d=mm&r=g","contentUrl":"https:\/\/secure.gravatar.com\/avatar\/fe70c0249774835093116ca2c3c067c62d85e5a9c80d61c4f21c61410f8bfed7?s=96&d=mm&r=g","caption":"Olympe Lededente"},"url":"https:\/\/www.luxsure.fr\/en\/author\/olympelededente\/"}]}},"_links":{"self":[{"href":"https:\/\/www.luxsure.fr\/en\/wp-json\/wp\/v2\/posts\/2029989","targetHints":{"allow":["GET"]}}],"collection":[{"href":"https:\/\/www.luxsure.fr\/en\/wp-json\/wp\/v2\/posts"}],"about":[{"href":"https:\/\/www.luxsure.fr\/en\/wp-json\/wp\/v2\/types\/post"}],"author":[{"embeddable":true,"href":"https:\/\/www.luxsure.fr\/en\/wp-json\/wp\/v2\/users\/161"}],"replies":[{"embeddable":true,"href":"https:\/\/www.luxsure.fr\/en\/wp-json\/wp\/v2\/comments?post=2029989"}],"version-history":[{"count":0,"href":"https:\/\/www.luxsure.fr\/en\/wp-json\/wp\/v2\/posts\/2029989\/revisions"}],"wp:featuredmedia":[{"embeddable":true,"href":"https:\/\/www.luxsure.fr\/en\/wp-json\/wp\/v2\/media\/795222"}],"wp:attachment":[{"href":"https:\/\/www.luxsure.fr\/en\/wp-json\/wp\/v2\/media?parent=2029989"}],"wp:term":[{"taxonomy":"category","embeddable":true,"href":"https:\/\/www.luxsure.fr\/en\/wp-json\/wp\/v2\/categories?post=2029989"},{"taxonomy":"post_tag","embeddable":true,"href":"https:\/\/www.luxsure.fr\/en\/wp-json\/wp\/v2\/tags?post=2029989"}],"curies":[{"name":"wp","href":"https:\/\/api.w.org\/{rel}","templated":true}]}}