{"id":2029395,"date":"2013-10-15T17:25:00","date_gmt":"2013-10-15T15:25:00","guid":{"rendered":"https:\/\/www.luxsure.fr\/2013\/10\/15\/arts-elysee-modern-contemporary-art-fair-october-24-28-in-paris\/"},"modified":"2026-04-26T12:05:08","modified_gmt":"2026-04-26T10:05:08","slug":"arts-elysee-modern-contemporary-art-fair-october-24-28-in-paris","status":"publish","type":"post","link":"https:\/\/www.luxsure.fr\/en\/2013\/10\/15\/arts-elysee-modern-contemporary-art-fair-october-24-28-in-paris\/","title":{"rendered":"ARTS ELYSEE Modern &amp; Contemporary Art Fair October 24-28 in Paris"},"content":{"rendered":"<p style=\"text-align: center;\"><a href=\"https:\/\/www.luxsure.fr\/wp-content\/uploads\/2013\/10\/ART_ELYSEES_2013__print_FR-1.jpg\" data-rel=\"penci-gallery-image-content\" ><img decoding=\"async\" class=\"wp-image-80698 aligncenter lazyload\" alt=\"ART_ELYSEES_2013__print_FR-1\" data-src=\"https:\/\/www.luxsure.fr\/wp-content\/uploads\/2013\/10\/ART_ELYSEES_2013__print_FR-1-723x1024.jpg\" width=\"455\" height=\"644\" data-srcset=\"https:\/\/www.luxsure.fr\/wp-content\/uploads\/2013\/10\/ART_ELYSEES_2013__print_FR-1-723x1024.jpg 723w, https:\/\/www.luxsure.fr\/wp-content\/uploads\/2013\/10\/ART_ELYSEES_2013__print_FR-1-211x300.jpg 211w, https:\/\/www.luxsure.fr\/wp-content\/uploads\/2013\/10\/ART_ELYSEES_2013__print_FR-1-38x55.jpg 38w\" data-sizes=\"(max-width: 455px) 100vw, 455px\" src=\"data:image\/svg+xml;base64,PHN2ZyB3aWR0aD0iMSIgaGVpZ2h0PSIxIiB4bWxucz0iaHR0cDovL3d3dy53My5vcmcvMjAwMC9zdmciPjwvc3ZnPg==\" style=\"--smush-placeholder-width: 455px; --smush-placeholder-aspect-ratio: 455\/644;\" \/><\/a><\/p>\n<p style=\"text-align: center;\"><strong>Luxsure joins forces with Arts \u00c9lys\u00e9e to present the must-attend event for modern and contemporary art in Paris from October 24 to 28.<\/strong><\/p>\n<p>During the week in October when Paris is alive with art, the salon  <strong>Art \u00c9lys\u00e9e<\/strong>  for its 6th edition, offers an ever more assertive selection of contemporary art, setting it apart from other events. Under two pavilions set up on the famous Champs-\u00c9lys\u00e9es avenue, from the Grand Palais to the Place de la Concorde, you&#8217;ll find some sixty modern and contemporary art galleries, with an emphasis on the modern without neglecting promising young contemporary art galleries, carefully selected by its artistic committee. <\/p>\n<p><strong>Art \u00c9lys\u00e9e<\/strong> is a major contributor to the artistic dynamism of the city of Paris, with each edition featuring a special exhibition. The presence of museums, foundations and private collections gives the event a truly cultural aura. Hosted by the world&#8217;s most famous avenue, the Champs \u00c9lys\u00e9es, offering <strong>Art \u00c9lys\u00e9e<\/strong> a unique location and optimal visibility.  <\/p>\n<p>Last year, <strong>Art \u00c9lys\u00e9e<\/strong> brought together 67 exhibitors and over 500 artists from all over the world, seen by 34,700 visitors.<\/p>\n<p>&nbsp;<\/p>\n\n\t\t<style type=\"text\/css\">\n\t\t\t#gallery-1 {\n\t\t\t\tmargin: auto;\n\t\t\t}\n\t\t\t#gallery-1 .gallery-item {\n\t\t\t\tfloat: left;\n\t\t\t\tmargin-top: 10px;\n\t\t\t\ttext-align: center;\n\t\t\t\twidth: 33%;\n\t\t\t}\n\t\t\t#gallery-1 img {\n\t\t\t\tborder: 2px solid #cfcfcf;\n\t\t\t}\n\t\t\t#gallery-1 .gallery-caption {\n\t\t\t\tmargin-left: 0;\n\t\t\t}\n\t\t\t\/* see gallery_shortcode() in wp-includes\/media.php *\/\n\t\t<\/style>\n\t\t<div id='gallery-1' class='gallery galleryid-2029395 gallery-columns-3 gallery-size-thumbnail'><dl class='gallery-item'>\n\t\t\t<dt class='gallery-icon landscape'>\n\t\t\t\t<a href='https:\/\/www.luxsure.fr\/en\/art_elysees_2013__print_fr-16-2\/'><img decoding=\"async\" width=\"216\" height=\"160\" data-src=\"https:\/\/www.luxsure.fr\/wp-content\/uploads\/2013\/10\/ART_ELYSEES_2013__print_FR-16-216x160.jpg\" class=\"attachment-thumbnail size-thumbnail lazyload\" alt=\"\" src=\"data:image\/svg+xml;base64,PHN2ZyB3aWR0aD0iMSIgaGVpZ2h0PSIxIiB4bWxucz0iaHR0cDovL3d3dy53My5vcmcvMjAwMC9zdmciPjwvc3ZnPg==\" style=\"--smush-placeholder-width: 216px; --smush-placeholder-aspect-ratio: 216\/160;\" \/><\/a>\n\t\t\t<\/dt><\/dl><dl class='gallery-item'>\n\t\t\t<dt class='gallery-icon landscape'>\n\t\t\t\t<a href='https:\/\/www.luxsure.fr\/en\/art-elysees-design-elysees-octobre-2011_ambiance-2\/'><img decoding=\"async\" width=\"216\" height=\"160\" data-src=\"https:\/\/www.luxsure.fr\/wp-content\/uploads\/2013\/10\/ART_ELYSEES_2013__print_FR-2-216x160.jpg\" class=\"attachment-thumbnail size-thumbnail lazyload\" alt=\"\" src=\"data:image\/svg+xml;base64,PHN2ZyB3aWR0aD0iMSIgaGVpZ2h0PSIxIiB4bWxucz0iaHR0cDovL3d3dy53My5vcmcvMjAwMC9zdmciPjwvc3ZnPg==\" style=\"--smush-placeholder-width: 216px; --smush-placeholder-aspect-ratio: 216\/160;\" \/><\/a>\n\t\t\t<\/dt><\/dl><dl class='gallery-item'>\n\t\t\t<dt class='gallery-icon landscape'>\n\t\t\t\t<a href='https:\/\/www.luxsure.fr\/en\/art_elysees_2013__print_fr-13-2\/'><img decoding=\"async\" width=\"216\" height=\"160\" data-src=\"https:\/\/www.luxsure.fr\/wp-content\/uploads\/2013\/10\/ART_ELYSEES_2013__print_FR-13-216x160.jpg\" class=\"attachment-thumbnail size-thumbnail lazyload\" alt=\"\" src=\"data:image\/svg+xml;base64,PHN2ZyB3aWR0aD0iMSIgaGVpZ2h0PSIxIiB4bWxucz0iaHR0cDovL3d3dy53My5vcmcvMjAwMC9zdmciPjwvc3ZnPg==\" style=\"--smush-placeholder-width: 216px; --smush-placeholder-aspect-ratio: 216\/160;\" \/><\/a>\n\t\t\t<\/dt><\/dl><br style=\"clear: both\" \/><dl class='gallery-item'>\n\t\t\t<dt class='gallery-icon landscape'>\n\t\t\t\t<a href='https:\/\/www.luxsure.fr\/en\/art_elysees_2013__print_fr-12-2\/'><img decoding=\"async\" width=\"216\" height=\"160\" data-src=\"https:\/\/www.luxsure.fr\/wp-content\/uploads\/2013\/10\/ART_ELYSEES_2013__print_FR-12-216x160.jpg\" class=\"attachment-thumbnail size-thumbnail lazyload\" alt=\"\" src=\"data:image\/svg+xml;base64,PHN2ZyB3aWR0aD0iMSIgaGVpZ2h0PSIxIiB4bWxucz0iaHR0cDovL3d3dy53My5vcmcvMjAwMC9zdmciPjwvc3ZnPg==\" style=\"--smush-placeholder-width: 216px; --smush-placeholder-aspect-ratio: 216\/160;\" \/><\/a>\n\t\t\t<\/dt><\/dl><dl class='gallery-item'>\n\t\t\t<dt class='gallery-icon landscape'>\n\t\t\t\t<a href='https:\/\/www.luxsure.fr\/en\/art_elysees_2013__print_fr-11-2\/'><img decoding=\"async\" width=\"216\" height=\"160\" data-src=\"https:\/\/www.luxsure.fr\/wp-content\/uploads\/2013\/10\/ART_ELYSEES_2013__print_FR-11-216x160.jpg\" class=\"attachment-thumbnail size-thumbnail lazyload\" alt=\"\" src=\"data:image\/svg+xml;base64,PHN2ZyB3aWR0aD0iMSIgaGVpZ2h0PSIxIiB4bWxucz0iaHR0cDovL3d3dy53My5vcmcvMjAwMC9zdmciPjwvc3ZnPg==\" style=\"--smush-placeholder-width: 216px; --smush-placeholder-aspect-ratio: 216\/160;\" \/><\/a>\n\t\t\t<\/dt><\/dl><dl class='gallery-item'>\n\t\t\t<dt class='gallery-icon landscape'>\n\t\t\t\t<a href='https:\/\/www.luxsure.fr\/en\/art_elysees_2013__print_fr-6-2\/'><img decoding=\"async\" width=\"216\" height=\"160\" data-src=\"https:\/\/www.luxsure.fr\/wp-content\/uploads\/2013\/10\/ART_ELYSEES_2013__print_FR-6-216x160.jpg\" class=\"attachment-thumbnail size-thumbnail lazyload\" alt=\"\" src=\"data:image\/svg+xml;base64,PHN2ZyB3aWR0aD0iMSIgaGVpZ2h0PSIxIiB4bWxucz0iaHR0cDovL3d3dy53My5vcmcvMjAwMC9zdmciPjwvc3ZnPg==\" style=\"--smush-placeholder-width: 216px; --smush-placeholder-aspect-ratio: 216\/160;\" \/><\/a>\n\t\t\t<\/dt><\/dl><br style=\"clear: both\" \/><dl class='gallery-item'>\n\t\t\t<dt class='gallery-icon landscape'>\n\t\t\t\t<a href='https:\/\/www.luxsure.fr\/en\/art_elysees_2013__print_fr-7-2\/'><img decoding=\"async\" width=\"216\" height=\"160\" data-src=\"https:\/\/www.luxsure.fr\/wp-content\/uploads\/2013\/10\/ART_ELYSEES_2013__print_FR-7-216x160.jpg\" class=\"attachment-thumbnail size-thumbnail lazyload\" alt=\"\" src=\"data:image\/svg+xml;base64,PHN2ZyB3aWR0aD0iMSIgaGVpZ2h0PSIxIiB4bWxucz0iaHR0cDovL3d3dy53My5vcmcvMjAwMC9zdmciPjwvc3ZnPg==\" style=\"--smush-placeholder-width: 216px; --smush-placeholder-aspect-ratio: 216\/160;\" \/><\/a>\n\t\t\t<\/dt><\/dl><dl class='gallery-item'>\n\t\t\t<dt class='gallery-icon landscape'>\n\t\t\t\t<a href='https:\/\/www.luxsure.fr\/en\/art_elysees_2013__print_fr-8-2\/'><img decoding=\"async\" width=\"216\" height=\"160\" data-src=\"https:\/\/www.luxsure.fr\/wp-content\/uploads\/2013\/10\/ART_ELYSEES_2013__print_FR-8-216x160.jpg\" class=\"attachment-thumbnail size-thumbnail lazyload\" alt=\"\" src=\"data:image\/svg+xml;base64,PHN2ZyB3aWR0aD0iMSIgaGVpZ2h0PSIxIiB4bWxucz0iaHR0cDovL3d3dy53My5vcmcvMjAwMC9zdmciPjwvc3ZnPg==\" style=\"--smush-placeholder-width: 216px; --smush-placeholder-aspect-ratio: 216\/160;\" \/><\/a>\n\t\t\t<\/dt><\/dl><dl class='gallery-item'>\n\t\t\t<dt class='gallery-icon landscape'>\n\t\t\t\t<a href='https:\/\/www.luxsure.fr\/en\/art_elysees_2013__print_fr-9-2\/'><img decoding=\"async\" width=\"216\" height=\"160\" data-src=\"https:\/\/www.luxsure.fr\/wp-content\/uploads\/2013\/10\/ART_ELYSEES_2013__print_FR-9-216x160.jpg\" class=\"attachment-thumbnail size-thumbnail lazyload\" alt=\"\" src=\"data:image\/svg+xml;base64,PHN2ZyB3aWR0aD0iMSIgaGVpZ2h0PSIxIiB4bWxucz0iaHR0cDovL3d3dy53My5vcmcvMjAwMC9zdmciPjwvc3ZnPg==\" style=\"--smush-placeholder-width: 216px; --smush-placeholder-aspect-ratio: 216\/160;\" \/><\/a>\n\t\t\t<\/dt><\/dl><br style=\"clear: both\" \/><dl class='gallery-item'>\n\t\t\t<dt class='gallery-icon landscape'>\n\t\t\t\t<a href='https:\/\/www.luxsure.fr\/en\/art_elysees_2013__print_fr-10-2\/'><img decoding=\"async\" width=\"216\" height=\"160\" data-src=\"https:\/\/www.luxsure.fr\/wp-content\/uploads\/2013\/10\/ART_ELYSEES_2013__print_FR-10-216x160.jpg\" class=\"attachment-thumbnail size-thumbnail lazyload\" alt=\"\" src=\"data:image\/svg+xml;base64,PHN2ZyB3aWR0aD0iMSIgaGVpZ2h0PSIxIiB4bWxucz0iaHR0cDovL3d3dy53My5vcmcvMjAwMC9zdmciPjwvc3ZnPg==\" style=\"--smush-placeholder-width: 216px; --smush-placeholder-aspect-ratio: 216\/160;\" \/><\/a>\n\t\t\t<\/dt><\/dl><dl class='gallery-item'>\n\t\t\t<dt class='gallery-icon landscape'>\n\t\t\t\t<a href='https:\/\/www.luxsure.fr\/en\/art_elysees_2013__print_fr-4-2\/'><img decoding=\"async\" width=\"216\" height=\"160\" data-src=\"https:\/\/www.luxsure.fr\/wp-content\/uploads\/2013\/10\/ART_ELYSEES_2013__print_FR-4-216x160.jpg\" class=\"attachment-thumbnail size-thumbnail lazyload\" alt=\"\" src=\"data:image\/svg+xml;base64,PHN2ZyB3aWR0aD0iMSIgaGVpZ2h0PSIxIiB4bWxucz0iaHR0cDovL3d3dy53My5vcmcvMjAwMC9zdmciPjwvc3ZnPg==\" style=\"--smush-placeholder-width: 216px; --smush-placeholder-aspect-ratio: 216\/160;\" \/><\/a>\n\t\t\t<\/dt><\/dl><dl class='gallery-item'>\n\t\t\t<dt class='gallery-icon landscape'>\n\t\t\t\t<a href='https:\/\/www.luxsure.fr\/en\/art-elysees-design-elysees-octobre-2011-2\/'><img decoding=\"async\" width=\"216\" height=\"160\" data-src=\"https:\/\/www.luxsure.fr\/wp-content\/uploads\/2013\/10\/ART_ELYSEES_2013__print_FR-3-216x160.jpg\" class=\"attachment-thumbnail size-thumbnail lazyload\" alt=\"\" src=\"data:image\/svg+xml;base64,PHN2ZyB3aWR0aD0iMSIgaGVpZ2h0PSIxIiB4bWxucz0iaHR0cDovL3d3dy53My5vcmcvMjAwMC9zdmciPjwvc3ZnPg==\" style=\"--smush-placeholder-width: 216px; --smush-placeholder-aspect-ratio: 216\/160;\" \/><\/a>\n\t\t\t<\/dt><\/dl><br style=\"clear: both\" \/><dl class='gallery-item'>\n\t\t\t<dt class='gallery-icon landscape'>\n\t\t\t\t<a href='https:\/\/www.luxsure.fr\/en\/art_elysees_2013__print_fr-14-2\/'><img decoding=\"async\" width=\"216\" height=\"160\" data-src=\"https:\/\/www.luxsure.fr\/wp-content\/uploads\/2013\/10\/ART_ELYSEES_2013__print_FR-14-216x160.jpg\" class=\"attachment-thumbnail size-thumbnail lazyload\" alt=\"\" src=\"data:image\/svg+xml;base64,PHN2ZyB3aWR0aD0iMSIgaGVpZ2h0PSIxIiB4bWxucz0iaHR0cDovL3d3dy53My5vcmcvMjAwMC9zdmciPjwvc3ZnPg==\" style=\"--smush-placeholder-width: 216px; --smush-placeholder-aspect-ratio: 216\/160;\" \/><\/a>\n\t\t\t<\/dt><\/dl>\n\t\t\t<br style='clear: both' \/>\n\t\t<\/div>\n\n<p>&nbsp;<\/p>\n<p style=\"text-align: center;\"><strong>Luxsure is giving away 20 invitations to take part in this exceptional event. All you have to do is leave a comment explaining what you like best about contemporary art. <\/strong><\/p>\n<p style=\"text-align: center;\"><strong>Will you be joining us for this new edition of Art \u00c9lys\u00e9e?  <\/strong><\/p>\n<p style=\"text-align: center;\"><strong>More information at www.artelysees.fr<\/strong><\/p>\n","protected":false},"excerpt":{"rendered":"<p>Luxsure joins forces with Arts \u00c9lys\u00e9e to present the must-attend event for modern and contemporary art in Paris from October 24 to 28. During the week in October when Paris&hellip;<\/p>\n","protected":false},"author":111,"featured_media":639010,"comment_status":"open","ping_status":"open","sticky":false,"template":"","format":"standard","meta":{"_lmt_disableupdate":"","_lmt_disable":"","footnotes":""},"categories":[30094],"tags":[65381,65383,65382],"class_list":["post-2029395","post","type-post","status-publish","format-standard","has-post-thumbnail","hentry","category-culture-en","tag-arts-elyzee","tag-contemporary-art-fair-october","tag-contemporary-art-paris"],"yoast_head":"<!-- This site is optimized with the Yoast SEO plugin v27.5 - https:\/\/yoast.com\/product\/yoast-seo-wordpress\/ -->\n<title>ARTS ELYSEE Modern &amp; Contemporary Art Fair October 24-28 in Paris<\/title>\n<meta name=\"robots\" content=\"index, follow, max-snippet:-1, max-image-preview:large, max-video-preview:-1\" \/>\n<link rel=\"canonical\" href=\"https:\/\/www.luxsure.fr\/en\/2013\/10\/15\/arts-elysee-modern-contemporary-art-fair-october-24-28-in-paris\/\" \/>\n<meta name=\"twitter:label1\" content=\"Written by\" \/>\n\t<meta name=\"twitter:data1\" content=\"Emilie Cabani\u00e9\" \/>\n\t<meta name=\"twitter:label2\" content=\"Est. reading time\" \/>\n\t<meta name=\"twitter:data2\" content=\"1 minute\" \/>\n<script type=\"application\/ld+json\" class=\"yoast-schema-graph\">{\"@context\":\"https:\\\/\\\/schema.org\",\"@graph\":[{\"@type\":\"Article\",\"@id\":\"https:\\\/\\\/www.luxsure.fr\\\/en\\\/2013\\\/10\\\/15\\\/arts-elysee-modern-contemporary-art-fair-october-24-28-in-paris\\\/#article\",\"isPartOf\":{\"@id\":\"https:\\\/\\\/www.luxsure.fr\\\/en\\\/2013\\\/10\\\/15\\\/arts-elysee-modern-contemporary-art-fair-october-24-28-in-paris\\\/\"},\"author\":{\"name\":\"Emilie Cabani\u00e9\",\"@id\":\"https:\\\/\\\/www.luxsure.fr\\\/#\\\/schema\\\/person\\\/4b46b339483e65d1881b05bf35eb4bce\"},\"headline\":\"ARTS ELYSEE Modern &amp; Contemporary Art Fair October 24-28 in Paris\",\"datePublished\":\"2013-10-15T15:25:00+00:00\",\"dateModified\":\"2026-04-26T10:05:08+00:00\",\"mainEntityOfPage\":{\"@id\":\"https:\\\/\\\/www.luxsure.fr\\\/en\\\/2013\\\/10\\\/15\\\/arts-elysee-modern-contemporary-art-fair-october-24-28-in-paris\\\/\"},\"wordCount\":250,\"commentCount\":0,\"publisher\":{\"@id\":\"https:\\\/\\\/www.luxsure.fr\\\/#organization\"},\"image\":{\"@id\":\"https:\\\/\\\/www.luxsure.fr\\\/en\\\/2013\\\/10\\\/15\\\/arts-elysee-modern-contemporary-art-fair-october-24-28-in-paris\\\/#primaryimage\"},\"thumbnailUrl\":\"https:\\\/\\\/www.luxsure.fr\\\/wp-content\\\/uploads\\\/2013\\\/10\\\/ART_ELYSEES_2013__print_FR-1.jpg\",\"keywords\":[\"Arts elyz\u00e9e\",\"contemporary art fair october\",\"contemporary art paris\"],\"articleSection\":[\"Culture\"],\"inLanguage\":\"en-US\",\"potentialAction\":[{\"@type\":\"CommentAction\",\"name\":\"Comment\",\"target\":[\"https:\\\/\\\/www.luxsure.fr\\\/en\\\/2013\\\/10\\\/15\\\/arts-elysee-modern-contemporary-art-fair-october-24-28-in-paris\\\/#respond\"]}]},{\"@type\":\"WebPage\",\"@id\":\"https:\\\/\\\/www.luxsure.fr\\\/en\\\/2013\\\/10\\\/15\\\/arts-elysee-modern-contemporary-art-fair-october-24-28-in-paris\\\/\",\"url\":\"https:\\\/\\\/www.luxsure.fr\\\/en\\\/2013\\\/10\\\/15\\\/arts-elysee-modern-contemporary-art-fair-october-24-28-in-paris\\\/\",\"name\":\"ARTS ELYSEE Modern & Contemporary Art Fair October 24-28 in Paris\",\"isPartOf\":{\"@id\":\"https:\\\/\\\/www.luxsure.fr\\\/#website\"},\"primaryImageOfPage\":{\"@id\":\"https:\\\/\\\/www.luxsure.fr\\\/en\\\/2013\\\/10\\\/15\\\/arts-elysee-modern-contemporary-art-fair-october-24-28-in-paris\\\/#primaryimage\"},\"image\":{\"@id\":\"https:\\\/\\\/www.luxsure.fr\\\/en\\\/2013\\\/10\\\/15\\\/arts-elysee-modern-contemporary-art-fair-october-24-28-in-paris\\\/#primaryimage\"},\"thumbnailUrl\":\"https:\\\/\\\/www.luxsure.fr\\\/wp-content\\\/uploads\\\/2013\\\/10\\\/ART_ELYSEES_2013__print_FR-1.jpg\",\"datePublished\":\"2013-10-15T15:25:00+00:00\",\"dateModified\":\"2026-04-26T10:05:08+00:00\",\"breadcrumb\":{\"@id\":\"https:\\\/\\\/www.luxsure.fr\\\/en\\\/2013\\\/10\\\/15\\\/arts-elysee-modern-contemporary-art-fair-october-24-28-in-paris\\\/#breadcrumb\"},\"inLanguage\":\"en-US\",\"potentialAction\":[{\"@type\":\"ReadAction\",\"target\":[\"https:\\\/\\\/www.luxsure.fr\\\/en\\\/2013\\\/10\\\/15\\\/arts-elysee-modern-contemporary-art-fair-october-24-28-in-paris\\\/\"]}]},{\"@type\":\"ImageObject\",\"inLanguage\":\"en-US\",\"@id\":\"https:\\\/\\\/www.luxsure.fr\\\/en\\\/2013\\\/10\\\/15\\\/arts-elysee-modern-contemporary-art-fair-october-24-28-in-paris\\\/#primaryimage\",\"url\":\"https:\\\/\\\/www.luxsure.fr\\\/wp-content\\\/uploads\\\/2013\\\/10\\\/ART_ELYSEES_2013__print_FR-1.jpg\",\"contentUrl\":\"https:\\\/\\\/www.luxsure.fr\\\/wp-content\\\/uploads\\\/2013\\\/10\\\/ART_ELYSEES_2013__print_FR-1.jpg\",\"width\":2477,\"height\":3508},{\"@type\":\"BreadcrumbList\",\"@id\":\"https:\\\/\\\/www.luxsure.fr\\\/en\\\/2013\\\/10\\\/15\\\/arts-elysee-modern-contemporary-art-fair-october-24-28-in-paris\\\/#breadcrumb\",\"itemListElement\":[{\"@type\":\"ListItem\",\"position\":1,\"name\":\"Accueil\",\"item\":\"https:\\\/\\\/www.luxsure.fr\\\/\"},{\"@type\":\"ListItem\",\"position\":2,\"name\":\"ARTS ELYSEE Modern &amp; Contemporary Art Fair October 24-28 in Paris\"}]},{\"@type\":\"WebSite\",\"@id\":\"https:\\\/\\\/www.luxsure.fr\\\/#website\",\"url\":\"https:\\\/\\\/www.luxsure.fr\\\/\",\"name\":\"Luxsure\",\"description\":\"UNE CERTAINE VISION DU LUXE\",\"publisher\":{\"@id\":\"https:\\\/\\\/www.luxsure.fr\\\/#organization\"},\"potentialAction\":[{\"@type\":\"SearchAction\",\"target\":{\"@type\":\"EntryPoint\",\"urlTemplate\":\"https:\\\/\\\/www.luxsure.fr\\\/?s={search_term_string}\"},\"query-input\":{\"@type\":\"PropertyValueSpecification\",\"valueRequired\":true,\"valueName\":\"search_term_string\"}}],\"inLanguage\":\"en-US\"},{\"@type\":\"Organization\",\"@id\":\"https:\\\/\\\/www.luxsure.fr\\\/#organization\",\"name\":\"Luxsure\",\"url\":\"https:\\\/\\\/www.luxsure.fr\\\/\",\"logo\":{\"@type\":\"ImageObject\",\"inLanguage\":\"en-US\",\"@id\":\"https:\\\/\\\/www.luxsure.fr\\\/#\\\/schema\\\/logo\\\/image\\\/\",\"url\":\"https:\\\/\\\/i0.wp.com\\\/www.luxsure.fr\\\/wp-content\\\/uploads\\\/2015\\\/10\\\/Capture-d\u2019\u00e9cran-2015-08-19-\u00e0-10.51.48.png?fit=551%2C400&ssl=1\",\"contentUrl\":\"https:\\\/\\\/i0.wp.com\\\/www.luxsure.fr\\\/wp-content\\\/uploads\\\/2015\\\/10\\\/Capture-d\u2019\u00e9cran-2015-08-19-\u00e0-10.51.48.png?fit=551%2C400&ssl=1\",\"width\":551,\"height\":400,\"caption\":\"Luxsure\"},\"image\":{\"@id\":\"https:\\\/\\\/www.luxsure.fr\\\/#\\\/schema\\\/logo\\\/image\\\/\"}},{\"@type\":\"Person\",\"@id\":\"https:\\\/\\\/www.luxsure.fr\\\/#\\\/schema\\\/person\\\/4b46b339483e65d1881b05bf35eb4bce\",\"name\":\"Emilie Cabani\u00e9\",\"image\":{\"@type\":\"ImageObject\",\"inLanguage\":\"en-US\",\"@id\":\"https:\\\/\\\/secure.gravatar.com\\\/avatar\\\/45af9e9a46bb967147a638df270508ff5dfa57d765fb73978cd35986bcb74cbd?s=96&d=mm&r=g\",\"url\":\"https:\\\/\\\/secure.gravatar.com\\\/avatar\\\/45af9e9a46bb967147a638df270508ff5dfa57d765fb73978cd35986bcb74cbd?s=96&d=mm&r=g\",\"contentUrl\":\"https:\\\/\\\/secure.gravatar.com\\\/avatar\\\/45af9e9a46bb967147a638df270508ff5dfa57d765fb73978cd35986bcb74cbd?s=96&d=mm&r=g\",\"caption\":\"Emilie Cabani\u00e9\"},\"url\":\"https:\\\/\\\/www.luxsure.fr\\\/en\\\/author\\\/cabanong\\\/\"}]}<\/script>\n<!-- \/ Yoast SEO plugin. -->","yoast_head_json":{"title":"ARTS ELYSEE Modern & Contemporary Art Fair October 24-28 in Paris","robots":{"index":"index","follow":"follow","max-snippet":"max-snippet:-1","max-image-preview":"max-image-preview:large","max-video-preview":"max-video-preview:-1"},"canonical":"https:\/\/www.luxsure.fr\/en\/2013\/10\/15\/arts-elysee-modern-contemporary-art-fair-october-24-28-in-paris\/","twitter_misc":{"Written by":"Emilie Cabani\u00e9","Est. reading time":"1 minute"},"schema":{"@context":"https:\/\/schema.org","@graph":[{"@type":"Article","@id":"https:\/\/www.luxsure.fr\/en\/2013\/10\/15\/arts-elysee-modern-contemporary-art-fair-october-24-28-in-paris\/#article","isPartOf":{"@id":"https:\/\/www.luxsure.fr\/en\/2013\/10\/15\/arts-elysee-modern-contemporary-art-fair-october-24-28-in-paris\/"},"author":{"name":"Emilie Cabani\u00e9","@id":"https:\/\/www.luxsure.fr\/#\/schema\/person\/4b46b339483e65d1881b05bf35eb4bce"},"headline":"ARTS ELYSEE Modern &amp; Contemporary Art Fair October 24-28 in Paris","datePublished":"2013-10-15T15:25:00+00:00","dateModified":"2026-04-26T10:05:08+00:00","mainEntityOfPage":{"@id":"https:\/\/www.luxsure.fr\/en\/2013\/10\/15\/arts-elysee-modern-contemporary-art-fair-october-24-28-in-paris\/"},"wordCount":250,"commentCount":0,"publisher":{"@id":"https:\/\/www.luxsure.fr\/#organization"},"image":{"@id":"https:\/\/www.luxsure.fr\/en\/2013\/10\/15\/arts-elysee-modern-contemporary-art-fair-october-24-28-in-paris\/#primaryimage"},"thumbnailUrl":"https:\/\/www.luxsure.fr\/wp-content\/uploads\/2013\/10\/ART_ELYSEES_2013__print_FR-1.jpg","keywords":["Arts elyz\u00e9e","contemporary art fair october","contemporary art paris"],"articleSection":["Culture"],"inLanguage":"en-US","potentialAction":[{"@type":"CommentAction","name":"Comment","target":["https:\/\/www.luxsure.fr\/en\/2013\/10\/15\/arts-elysee-modern-contemporary-art-fair-october-24-28-in-paris\/#respond"]}]},{"@type":"WebPage","@id":"https:\/\/www.luxsure.fr\/en\/2013\/10\/15\/arts-elysee-modern-contemporary-art-fair-october-24-28-in-paris\/","url":"https:\/\/www.luxsure.fr\/en\/2013\/10\/15\/arts-elysee-modern-contemporary-art-fair-october-24-28-in-paris\/","name":"ARTS ELYSEE Modern & Contemporary Art Fair October 24-28 in Paris","isPartOf":{"@id":"https:\/\/www.luxsure.fr\/#website"},"primaryImageOfPage":{"@id":"https:\/\/www.luxsure.fr\/en\/2013\/10\/15\/arts-elysee-modern-contemporary-art-fair-october-24-28-in-paris\/#primaryimage"},"image":{"@id":"https:\/\/www.luxsure.fr\/en\/2013\/10\/15\/arts-elysee-modern-contemporary-art-fair-october-24-28-in-paris\/#primaryimage"},"thumbnailUrl":"https:\/\/www.luxsure.fr\/wp-content\/uploads\/2013\/10\/ART_ELYSEES_2013__print_FR-1.jpg","datePublished":"2013-10-15T15:25:00+00:00","dateModified":"2026-04-26T10:05:08+00:00","breadcrumb":{"@id":"https:\/\/www.luxsure.fr\/en\/2013\/10\/15\/arts-elysee-modern-contemporary-art-fair-october-24-28-in-paris\/#breadcrumb"},"inLanguage":"en-US","potentialAction":[{"@type":"ReadAction","target":["https:\/\/www.luxsure.fr\/en\/2013\/10\/15\/arts-elysee-modern-contemporary-art-fair-october-24-28-in-paris\/"]}]},{"@type":"ImageObject","inLanguage":"en-US","@id":"https:\/\/www.luxsure.fr\/en\/2013\/10\/15\/arts-elysee-modern-contemporary-art-fair-october-24-28-in-paris\/#primaryimage","url":"https:\/\/www.luxsure.fr\/wp-content\/uploads\/2013\/10\/ART_ELYSEES_2013__print_FR-1.jpg","contentUrl":"https:\/\/www.luxsure.fr\/wp-content\/uploads\/2013\/10\/ART_ELYSEES_2013__print_FR-1.jpg","width":2477,"height":3508},{"@type":"BreadcrumbList","@id":"https:\/\/www.luxsure.fr\/en\/2013\/10\/15\/arts-elysee-modern-contemporary-art-fair-october-24-28-in-paris\/#breadcrumb","itemListElement":[{"@type":"ListItem","position":1,"name":"Accueil","item":"https:\/\/www.luxsure.fr\/"},{"@type":"ListItem","position":2,"name":"ARTS ELYSEE Modern &amp; Contemporary Art Fair October 24-28 in Paris"}]},{"@type":"WebSite","@id":"https:\/\/www.luxsure.fr\/#website","url":"https:\/\/www.luxsure.fr\/","name":"Luxsure","description":"UNE CERTAINE VISION DU LUXE","publisher":{"@id":"https:\/\/www.luxsure.fr\/#organization"},"potentialAction":[{"@type":"SearchAction","target":{"@type":"EntryPoint","urlTemplate":"https:\/\/www.luxsure.fr\/?s={search_term_string}"},"query-input":{"@type":"PropertyValueSpecification","valueRequired":true,"valueName":"search_term_string"}}],"inLanguage":"en-US"},{"@type":"Organization","@id":"https:\/\/www.luxsure.fr\/#organization","name":"Luxsure","url":"https:\/\/www.luxsure.fr\/","logo":{"@type":"ImageObject","inLanguage":"en-US","@id":"https:\/\/www.luxsure.fr\/#\/schema\/logo\/image\/","url":"https:\/\/i0.wp.com\/www.luxsure.fr\/wp-content\/uploads\/2015\/10\/Capture-d\u2019\u00e9cran-2015-08-19-\u00e0-10.51.48.png?fit=551%2C400&ssl=1","contentUrl":"https:\/\/i0.wp.com\/www.luxsure.fr\/wp-content\/uploads\/2015\/10\/Capture-d\u2019\u00e9cran-2015-08-19-\u00e0-10.51.48.png?fit=551%2C400&ssl=1","width":551,"height":400,"caption":"Luxsure"},"image":{"@id":"https:\/\/www.luxsure.fr\/#\/schema\/logo\/image\/"}},{"@type":"Person","@id":"https:\/\/www.luxsure.fr\/#\/schema\/person\/4b46b339483e65d1881b05bf35eb4bce","name":"Emilie Cabani\u00e9","image":{"@type":"ImageObject","inLanguage":"en-US","@id":"https:\/\/secure.gravatar.com\/avatar\/45af9e9a46bb967147a638df270508ff5dfa57d765fb73978cd35986bcb74cbd?s=96&d=mm&r=g","url":"https:\/\/secure.gravatar.com\/avatar\/45af9e9a46bb967147a638df270508ff5dfa57d765fb73978cd35986bcb74cbd?s=96&d=mm&r=g","contentUrl":"https:\/\/secure.gravatar.com\/avatar\/45af9e9a46bb967147a638df270508ff5dfa57d765fb73978cd35986bcb74cbd?s=96&d=mm&r=g","caption":"Emilie Cabani\u00e9"},"url":"https:\/\/www.luxsure.fr\/en\/author\/cabanong\/"}]}},"_links":{"self":[{"href":"https:\/\/www.luxsure.fr\/en\/wp-json\/wp\/v2\/posts\/2029395","targetHints":{"allow":["GET"]}}],"collection":[{"href":"https:\/\/www.luxsure.fr\/en\/wp-json\/wp\/v2\/posts"}],"about":[{"href":"https:\/\/www.luxsure.fr\/en\/wp-json\/wp\/v2\/types\/post"}],"author":[{"embeddable":true,"href":"https:\/\/www.luxsure.fr\/en\/wp-json\/wp\/v2\/users\/111"}],"replies":[{"embeddable":true,"href":"https:\/\/www.luxsure.fr\/en\/wp-json\/wp\/v2\/comments?post=2029395"}],"version-history":[{"count":0,"href":"https:\/\/www.luxsure.fr\/en\/wp-json\/wp\/v2\/posts\/2029395\/revisions"}],"wp:featuredmedia":[{"embeddable":true,"href":"https:\/\/www.luxsure.fr\/en\/wp-json\/wp\/v2\/media\/639010"}],"wp:attachment":[{"href":"https:\/\/www.luxsure.fr\/en\/wp-json\/wp\/v2\/media?parent=2029395"}],"wp:term":[{"taxonomy":"category","embeddable":true,"href":"https:\/\/www.luxsure.fr\/en\/wp-json\/wp\/v2\/categories?post=2029395"},{"taxonomy":"post_tag","embeddable":true,"href":"https:\/\/www.luxsure.fr\/en\/wp-json\/wp\/v2\/tags?post=2029395"}],"curies":[{"name":"wp","href":"https:\/\/api.w.org\/{rel}","templated":true}]}}