{"id":2029364,"date":"2013-11-26T18:28:50","date_gmt":"2013-11-26T17:28:50","guid":{"rendered":"https:\/\/www.luxsure.fr\/2013\/11\/26\/christmas-market-the-new-christmas-market-opens-soon\/"},"modified":"2026-04-26T11:57:43","modified_gmt":"2026-04-26T09:57:43","slug":"christmas-market-the-new-christmas-market-opens-soon","status":"publish","type":"post","link":"https:\/\/www.luxsure.fr\/en\/2013\/11\/26\/christmas-market-the-new-christmas-market-opens-soon\/","title":{"rendered":"Christmas Market, the new Christmas market, opens soon."},"content":{"rendered":"<p>Christmas Market, the new Christmas market, opens soon.<br \/>\n<a href=\"https:\/\/www.luxsure.fr\/wp-content\/uploads\/2013\/11\/Visuel-Christmas-Market.jpg\" data-rel=\"penci-gallery-image-content\" ><img decoding=\"async\" data-src=\"https:\/\/www.luxsure.fr\/wp-content\/uploads\/2013\/11\/Visuel-Christmas-Market-723x1024.jpg\" alt=\"Visual Christmas Market\" width=\"650\" height=\"920\" class=\"aligncenter size-large wp-image-87886 lazyload\" data-srcset=\"https:\/\/www.luxsure.fr\/wp-content\/uploads\/2013\/11\/Visuel-Christmas-Market-723x1024.jpg 723w, https:\/\/www.luxsure.fr\/wp-content\/uploads\/2013\/11\/Visuel-Christmas-Market-212x300.jpg 212w, https:\/\/www.luxsure.fr\/wp-content\/uploads\/2013\/11\/Visuel-Christmas-Market-38x55.jpg 38w, https:\/\/www.luxsure.fr\/wp-content\/uploads\/2013\/11\/Visuel-Christmas-Market.jpg 1240w\" data-sizes=\"(max-width: 650px) 100vw, 650px\" src=\"data:image\/svg+xml;base64,PHN2ZyB3aWR0aD0iMSIgaGVpZ2h0PSIxIiB4bWxucz0iaHR0cDovL3d3dy53My5vcmcvMjAwMC9zdmciPjwvc3ZnPg==\" style=\"--smush-placeholder-width: 650px; --smush-placeholder-aspect-ratio: 650\/920;\" \/><\/a><br \/>\nFor this first edition, Christmas Market lands at the Cit\u00e9 de la Mode et du Design, on the Docks de Seine, from November 29 to December 1, 2013. Come and discover this playful and contemporary designer Christmas market. <\/p>\n<p>Among the many Christmas markets, and in particular the designer markets, this year&#8217;s edition includes the Designers de Mode market orchestrated by Stephane Pariente, Sebastien Boland and Patricia Lerat.  <\/p>\n<p>On the program: 100 designers and lots of entertainment. This Christmas market will present a selection of 100 French and international designers, offering a creative and selective range of products. Clothing, leather goods, accessories, jewelry, design objects and home decor will all be on display over a 3000m2 area.But that&#8217;s not all, as the event&#8217;s many partners (beauty, leisure, fashion, fooding&#8230;) will be on hand to provide a wide range of entertainment, as well as an opening night party.<\/p>\n<p>Events are presented by:<br \/>\nFooding: Comme un g\u00e2teau, la r\u00e9publique p\u00e2tissi\u00e8re, Matahi drink,<br \/>\nFifi la praline, Lov&#8217;organic, Tricycle,<br \/>\nBeaut\u00e9: Alex Haircut&#8217;s, Marinho Paris, Nail Patch me, Pimp My nails, Souchka, 365C, consu de fil blanc, make up me, Nail Matic,Birchbox<br \/>\nPhoto: Unknown projet, Fujifilm, Moodlook,<br \/>\nMiscellaneous: Younow, La Pi\u00e8ce, Tink It, Wonderbox, Deeself,<\/p>\n<p>L&#8217;exception and Vide Dressing will also be on hand for this festive market.<\/p>\n<p>Among the designers: Sismeek, Elena Meyer, Kart Edition, Helene Nepomiatzi, Margaux Lonnberg, Esther Bont\u00e9, Two guy&#8217;s bowties, H\u00e8dus, Avril Gau Also note that Christmas Market is dedicated to solidarity: part of the proceeds from admission will be donated to the FashionForFuture association, which supports the most disadvantaged children in Nepal.<br \/>\nIn short, if you&#8217;re looking for something to satisfy your design and fashion cravings, something to fill Santa&#8217;s sack and something to spend a fun weekend, Christmas Market is the place to be!<\/p>\n<p>Practical info: Christmas Market at the Cit\u00e9 de la Mode et du Design Friday, November 29: 3pm to 10pm Saturday, November 30: 11am to 8pm Sunday, December 1: 11am to 8pm<br \/>\nPrice: \u20ac5<\/p>\n<p>Our social networks:<br \/>\nwww.designersdemode.fr<br \/>\n<a href=\"http:\/\/www.facebook.com\/designersdemode\">www.facebook.com\/designersdemode<\/a><br \/>\n<a href=\"http:\/\/www.twitter.com\/designersdemode\">www.twitter.com\/designersdemode<\/a><\/p>\n","protected":false},"excerpt":{"rendered":"<p>Christmas Market, the new Christmas market, opens soon. For this first edition, Christmas Market lands at the Cit\u00e9 de la Mode et du Design, on the Docks de Seine, from&hellip;<\/p>\n","protected":false},"author":2,"featured_media":663058,"comment_status":"open","ping_status":"open","sticky":false,"template":"","format":"standard","meta":{"_lmt_disableupdate":"","_lmt_disable":"","footnotes":""},"categories":[30094,52709],"tags":[65332],"class_list":["post-2029364","post","type-post","status-publish","format-standard","has-post-thumbnail","hentry","category-culture-en","category-thefashion","tag-christmas-market-2"],"yoast_head":"<!-- This site is optimized with the Yoast SEO plugin v27.5 - https:\/\/yoast.com\/product\/yoast-seo-wordpress\/ -->\n<title>Christmas Market, the new Christmas market, opens soon. - Luxsure<\/title>\n<meta name=\"robots\" content=\"index, follow, max-snippet:-1, max-image-preview:large, max-video-preview:-1\" \/>\n<link rel=\"canonical\" href=\"https:\/\/www.luxsure.fr\/2013\/11\/26\/christmas-market-le-nouveau-marche-de-noel-ouvre-bientot-ses-portes\/\" \/>\n<meta name=\"twitter:label1\" content=\"Written by\" \/>\n\t<meta name=\"twitter:data1\" content=\"pascal iakovou\" \/>\n\t<meta name=\"twitter:label2\" content=\"Est. reading time\" \/>\n\t<meta name=\"twitter:data2\" content=\"2 minutes\" \/>\n<script type=\"application\/ld+json\" class=\"yoast-schema-graph\">{\"@context\":\"https:\\\/\\\/schema.org\",\"@graph\":[{\"@type\":\"Article\",\"@id\":\"https:\\\/\\\/www.luxsure.fr\\\/2013\\\/11\\\/26\\\/christmas-market-le-nouveau-marche-de-noel-ouvre-bientot-ses-portes\\\/#article\",\"isPartOf\":{\"@id\":\"https:\\\/\\\/www.luxsure.fr\\\/2013\\\/11\\\/26\\\/christmas-market-le-nouveau-marche-de-noel-ouvre-bientot-ses-portes\\\/\"},\"author\":{\"name\":\"pascal iakovou\",\"@id\":\"https:\\\/\\\/www.luxsure.fr\\\/#\\\/schema\\\/person\\\/e3e28d08083f4cbc258957c924e39423\"},\"headline\":\"Christmas Market, the new Christmas market, opens soon.\",\"datePublished\":\"2013-11-26T17:28:50+00:00\",\"dateModified\":\"2026-04-26T09:57:43+00:00\",\"mainEntityOfPage\":{\"@id\":\"https:\\\/\\\/www.luxsure.fr\\\/2013\\\/11\\\/26\\\/christmas-market-le-nouveau-marche-de-noel-ouvre-bientot-ses-portes\\\/\"},\"wordCount\":366,\"commentCount\":0,\"publisher\":{\"@id\":\"https:\\\/\\\/www.luxsure.fr\\\/#organization\"},\"image\":{\"@id\":\"https:\\\/\\\/www.luxsure.fr\\\/2013\\\/11\\\/26\\\/christmas-market-le-nouveau-marche-de-noel-ouvre-bientot-ses-portes\\\/#primaryimage\"},\"thumbnailUrl\":\"https:\\\/\\\/www.luxsure.fr\\\/wp-content\\\/uploads\\\/2013\\\/11\\\/Visuel-Christmas-Market.jpg\",\"keywords\":[\"Christmas Market\"],\"articleSection\":[\"Culture\",\"The Fashion\"],\"inLanguage\":\"en-US\",\"potentialAction\":[{\"@type\":\"CommentAction\",\"name\":\"Comment\",\"target\":[\"https:\\\/\\\/www.luxsure.fr\\\/2013\\\/11\\\/26\\\/christmas-market-le-nouveau-marche-de-noel-ouvre-bientot-ses-portes\\\/#respond\"]}]},{\"@type\":\"WebPage\",\"@id\":\"https:\\\/\\\/www.luxsure.fr\\\/2013\\\/11\\\/26\\\/christmas-market-le-nouveau-marche-de-noel-ouvre-bientot-ses-portes\\\/\",\"url\":\"https:\\\/\\\/www.luxsure.fr\\\/2013\\\/11\\\/26\\\/christmas-market-le-nouveau-marche-de-noel-ouvre-bientot-ses-portes\\\/\",\"name\":\"Christmas Market, the new Christmas market, opens soon. - Luxsure\",\"isPartOf\":{\"@id\":\"https:\\\/\\\/www.luxsure.fr\\\/#website\"},\"primaryImageOfPage\":{\"@id\":\"https:\\\/\\\/www.luxsure.fr\\\/2013\\\/11\\\/26\\\/christmas-market-le-nouveau-marche-de-noel-ouvre-bientot-ses-portes\\\/#primaryimage\"},\"image\":{\"@id\":\"https:\\\/\\\/www.luxsure.fr\\\/2013\\\/11\\\/26\\\/christmas-market-le-nouveau-marche-de-noel-ouvre-bientot-ses-portes\\\/#primaryimage\"},\"thumbnailUrl\":\"https:\\\/\\\/www.luxsure.fr\\\/wp-content\\\/uploads\\\/2013\\\/11\\\/Visuel-Christmas-Market.jpg\",\"datePublished\":\"2013-11-26T17:28:50+00:00\",\"dateModified\":\"2026-04-26T09:57:43+00:00\",\"breadcrumb\":{\"@id\":\"https:\\\/\\\/www.luxsure.fr\\\/2013\\\/11\\\/26\\\/christmas-market-le-nouveau-marche-de-noel-ouvre-bientot-ses-portes\\\/#breadcrumb\"},\"inLanguage\":\"en-US\",\"potentialAction\":[{\"@type\":\"ReadAction\",\"target\":[\"https:\\\/\\\/www.luxsure.fr\\\/2013\\\/11\\\/26\\\/christmas-market-le-nouveau-marche-de-noel-ouvre-bientot-ses-portes\\\/\"]}]},{\"@type\":\"ImageObject\",\"inLanguage\":\"en-US\",\"@id\":\"https:\\\/\\\/www.luxsure.fr\\\/2013\\\/11\\\/26\\\/christmas-market-le-nouveau-marche-de-noel-ouvre-bientot-ses-portes\\\/#primaryimage\",\"url\":\"https:\\\/\\\/www.luxsure.fr\\\/wp-content\\\/uploads\\\/2013\\\/11\\\/Visuel-Christmas-Market.jpg\",\"contentUrl\":\"https:\\\/\\\/www.luxsure.fr\\\/wp-content\\\/uploads\\\/2013\\\/11\\\/Visuel-Christmas-Market.jpg\",\"width\":1240,\"height\":1754},{\"@type\":\"BreadcrumbList\",\"@id\":\"https:\\\/\\\/www.luxsure.fr\\\/2013\\\/11\\\/26\\\/christmas-market-le-nouveau-marche-de-noel-ouvre-bientot-ses-portes\\\/#breadcrumb\",\"itemListElement\":[{\"@type\":\"ListItem\",\"position\":1,\"name\":\"Accueil\",\"item\":\"https:\\\/\\\/www.luxsure.fr\\\/\"},{\"@type\":\"ListItem\",\"position\":2,\"name\":\"Christmas Market, the new Christmas market, opens soon.\"}]},{\"@type\":\"WebSite\",\"@id\":\"https:\\\/\\\/www.luxsure.fr\\\/#website\",\"url\":\"https:\\\/\\\/www.luxsure.fr\\\/\",\"name\":\"Luxsure\",\"description\":\"UNE CERTAINE VISION DU LUXE\",\"publisher\":{\"@id\":\"https:\\\/\\\/www.luxsure.fr\\\/#organization\"},\"potentialAction\":[{\"@type\":\"SearchAction\",\"target\":{\"@type\":\"EntryPoint\",\"urlTemplate\":\"https:\\\/\\\/www.luxsure.fr\\\/?s={search_term_string}\"},\"query-input\":{\"@type\":\"PropertyValueSpecification\",\"valueRequired\":true,\"valueName\":\"search_term_string\"}}],\"inLanguage\":\"en-US\"},{\"@type\":\"Organization\",\"@id\":\"https:\\\/\\\/www.luxsure.fr\\\/#organization\",\"name\":\"Luxsure\",\"url\":\"https:\\\/\\\/www.luxsure.fr\\\/\",\"logo\":{\"@type\":\"ImageObject\",\"inLanguage\":\"en-US\",\"@id\":\"https:\\\/\\\/www.luxsure.fr\\\/#\\\/schema\\\/logo\\\/image\\\/\",\"url\":\"https:\\\/\\\/i0.wp.com\\\/www.luxsure.fr\\\/wp-content\\\/uploads\\\/2015\\\/10\\\/Capture-d\u2019\u00e9cran-2015-08-19-\u00e0-10.51.48.png?fit=551%2C400&ssl=1\",\"contentUrl\":\"https:\\\/\\\/i0.wp.com\\\/www.luxsure.fr\\\/wp-content\\\/uploads\\\/2015\\\/10\\\/Capture-d\u2019\u00e9cran-2015-08-19-\u00e0-10.51.48.png?fit=551%2C400&ssl=1\",\"width\":551,\"height\":400,\"caption\":\"Luxsure\"},\"image\":{\"@id\":\"https:\\\/\\\/www.luxsure.fr\\\/#\\\/schema\\\/logo\\\/image\\\/\"}},{\"@type\":\"Person\",\"@id\":\"https:\\\/\\\/www.luxsure.fr\\\/#\\\/schema\\\/person\\\/e3e28d08083f4cbc258957c924e39423\",\"name\":\"pascal iakovou\",\"image\":{\"@type\":\"ImageObject\",\"inLanguage\":\"en-US\",\"@id\":\"https:\\\/\\\/secure.gravatar.com\\\/avatar\\\/358546e9ab7afafbb35961f747089b93cb88ca12b7a9fcd0c7922cc45f092613?s=96&d=mm&r=g\",\"url\":\"https:\\\/\\\/secure.gravatar.com\\\/avatar\\\/358546e9ab7afafbb35961f747089b93cb88ca12b7a9fcd0c7922cc45f092613?s=96&d=mm&r=g\",\"contentUrl\":\"https:\\\/\\\/secure.gravatar.com\\\/avatar\\\/358546e9ab7afafbb35961f747089b93cb88ca12b7a9fcd0c7922cc45f092613?s=96&d=mm&r=g\",\"caption\":\"pascal iakovou\"},\"sameAs\":[\"http:\\\/\\\/www.luxsure.Fr\"],\"url\":\"https:\\\/\\\/www.luxsure.fr\\\/en\\\/author\\\/pascal\\\/\"}]}<\/script>\n<!-- \/ Yoast SEO plugin. -->","yoast_head_json":{"title":"Christmas Market, the new Christmas market, opens soon. - Luxsure","robots":{"index":"index","follow":"follow","max-snippet":"max-snippet:-1","max-image-preview":"max-image-preview:large","max-video-preview":"max-video-preview:-1"},"canonical":"https:\/\/www.luxsure.fr\/2013\/11\/26\/christmas-market-le-nouveau-marche-de-noel-ouvre-bientot-ses-portes\/","twitter_misc":{"Written by":"pascal iakovou","Est. reading time":"2 minutes"},"schema":{"@context":"https:\/\/schema.org","@graph":[{"@type":"Article","@id":"https:\/\/www.luxsure.fr\/2013\/11\/26\/christmas-market-le-nouveau-marche-de-noel-ouvre-bientot-ses-portes\/#article","isPartOf":{"@id":"https:\/\/www.luxsure.fr\/2013\/11\/26\/christmas-market-le-nouveau-marche-de-noel-ouvre-bientot-ses-portes\/"},"author":{"name":"pascal iakovou","@id":"https:\/\/www.luxsure.fr\/#\/schema\/person\/e3e28d08083f4cbc258957c924e39423"},"headline":"Christmas Market, the new Christmas market, opens soon.","datePublished":"2013-11-26T17:28:50+00:00","dateModified":"2026-04-26T09:57:43+00:00","mainEntityOfPage":{"@id":"https:\/\/www.luxsure.fr\/2013\/11\/26\/christmas-market-le-nouveau-marche-de-noel-ouvre-bientot-ses-portes\/"},"wordCount":366,"commentCount":0,"publisher":{"@id":"https:\/\/www.luxsure.fr\/#organization"},"image":{"@id":"https:\/\/www.luxsure.fr\/2013\/11\/26\/christmas-market-le-nouveau-marche-de-noel-ouvre-bientot-ses-portes\/#primaryimage"},"thumbnailUrl":"https:\/\/www.luxsure.fr\/wp-content\/uploads\/2013\/11\/Visuel-Christmas-Market.jpg","keywords":["Christmas Market"],"articleSection":["Culture","The Fashion"],"inLanguage":"en-US","potentialAction":[{"@type":"CommentAction","name":"Comment","target":["https:\/\/www.luxsure.fr\/2013\/11\/26\/christmas-market-le-nouveau-marche-de-noel-ouvre-bientot-ses-portes\/#respond"]}]},{"@type":"WebPage","@id":"https:\/\/www.luxsure.fr\/2013\/11\/26\/christmas-market-le-nouveau-marche-de-noel-ouvre-bientot-ses-portes\/","url":"https:\/\/www.luxsure.fr\/2013\/11\/26\/christmas-market-le-nouveau-marche-de-noel-ouvre-bientot-ses-portes\/","name":"Christmas Market, the new Christmas market, opens soon. - Luxsure","isPartOf":{"@id":"https:\/\/www.luxsure.fr\/#website"},"primaryImageOfPage":{"@id":"https:\/\/www.luxsure.fr\/2013\/11\/26\/christmas-market-le-nouveau-marche-de-noel-ouvre-bientot-ses-portes\/#primaryimage"},"image":{"@id":"https:\/\/www.luxsure.fr\/2013\/11\/26\/christmas-market-le-nouveau-marche-de-noel-ouvre-bientot-ses-portes\/#primaryimage"},"thumbnailUrl":"https:\/\/www.luxsure.fr\/wp-content\/uploads\/2013\/11\/Visuel-Christmas-Market.jpg","datePublished":"2013-11-26T17:28:50+00:00","dateModified":"2026-04-26T09:57:43+00:00","breadcrumb":{"@id":"https:\/\/www.luxsure.fr\/2013\/11\/26\/christmas-market-le-nouveau-marche-de-noel-ouvre-bientot-ses-portes\/#breadcrumb"},"inLanguage":"en-US","potentialAction":[{"@type":"ReadAction","target":["https:\/\/www.luxsure.fr\/2013\/11\/26\/christmas-market-le-nouveau-marche-de-noel-ouvre-bientot-ses-portes\/"]}]},{"@type":"ImageObject","inLanguage":"en-US","@id":"https:\/\/www.luxsure.fr\/2013\/11\/26\/christmas-market-le-nouveau-marche-de-noel-ouvre-bientot-ses-portes\/#primaryimage","url":"https:\/\/www.luxsure.fr\/wp-content\/uploads\/2013\/11\/Visuel-Christmas-Market.jpg","contentUrl":"https:\/\/www.luxsure.fr\/wp-content\/uploads\/2013\/11\/Visuel-Christmas-Market.jpg","width":1240,"height":1754},{"@type":"BreadcrumbList","@id":"https:\/\/www.luxsure.fr\/2013\/11\/26\/christmas-market-le-nouveau-marche-de-noel-ouvre-bientot-ses-portes\/#breadcrumb","itemListElement":[{"@type":"ListItem","position":1,"name":"Accueil","item":"https:\/\/www.luxsure.fr\/"},{"@type":"ListItem","position":2,"name":"Christmas Market, the new Christmas market, opens soon."}]},{"@type":"WebSite","@id":"https:\/\/www.luxsure.fr\/#website","url":"https:\/\/www.luxsure.fr\/","name":"Luxsure","description":"UNE CERTAINE VISION DU LUXE","publisher":{"@id":"https:\/\/www.luxsure.fr\/#organization"},"potentialAction":[{"@type":"SearchAction","target":{"@type":"EntryPoint","urlTemplate":"https:\/\/www.luxsure.fr\/?s={search_term_string}"},"query-input":{"@type":"PropertyValueSpecification","valueRequired":true,"valueName":"search_term_string"}}],"inLanguage":"en-US"},{"@type":"Organization","@id":"https:\/\/www.luxsure.fr\/#organization","name":"Luxsure","url":"https:\/\/www.luxsure.fr\/","logo":{"@type":"ImageObject","inLanguage":"en-US","@id":"https:\/\/www.luxsure.fr\/#\/schema\/logo\/image\/","url":"https:\/\/i0.wp.com\/www.luxsure.fr\/wp-content\/uploads\/2015\/10\/Capture-d\u2019\u00e9cran-2015-08-19-\u00e0-10.51.48.png?fit=551%2C400&ssl=1","contentUrl":"https:\/\/i0.wp.com\/www.luxsure.fr\/wp-content\/uploads\/2015\/10\/Capture-d\u2019\u00e9cran-2015-08-19-\u00e0-10.51.48.png?fit=551%2C400&ssl=1","width":551,"height":400,"caption":"Luxsure"},"image":{"@id":"https:\/\/www.luxsure.fr\/#\/schema\/logo\/image\/"}},{"@type":"Person","@id":"https:\/\/www.luxsure.fr\/#\/schema\/person\/e3e28d08083f4cbc258957c924e39423","name":"pascal iakovou","image":{"@type":"ImageObject","inLanguage":"en-US","@id":"https:\/\/secure.gravatar.com\/avatar\/358546e9ab7afafbb35961f747089b93cb88ca12b7a9fcd0c7922cc45f092613?s=96&d=mm&r=g","url":"https:\/\/secure.gravatar.com\/avatar\/358546e9ab7afafbb35961f747089b93cb88ca12b7a9fcd0c7922cc45f092613?s=96&d=mm&r=g","contentUrl":"https:\/\/secure.gravatar.com\/avatar\/358546e9ab7afafbb35961f747089b93cb88ca12b7a9fcd0c7922cc45f092613?s=96&d=mm&r=g","caption":"pascal iakovou"},"sameAs":["http:\/\/www.luxsure.Fr"],"url":"https:\/\/www.luxsure.fr\/en\/author\/pascal\/"}]}},"_links":{"self":[{"href":"https:\/\/www.luxsure.fr\/en\/wp-json\/wp\/v2\/posts\/2029364","targetHints":{"allow":["GET"]}}],"collection":[{"href":"https:\/\/www.luxsure.fr\/en\/wp-json\/wp\/v2\/posts"}],"about":[{"href":"https:\/\/www.luxsure.fr\/en\/wp-json\/wp\/v2\/types\/post"}],"author":[{"embeddable":true,"href":"https:\/\/www.luxsure.fr\/en\/wp-json\/wp\/v2\/users\/2"}],"replies":[{"embeddable":true,"href":"https:\/\/www.luxsure.fr\/en\/wp-json\/wp\/v2\/comments?post=2029364"}],"version-history":[{"count":0,"href":"https:\/\/www.luxsure.fr\/en\/wp-json\/wp\/v2\/posts\/2029364\/revisions"}],"wp:featuredmedia":[{"embeddable":true,"href":"https:\/\/www.luxsure.fr\/en\/wp-json\/wp\/v2\/media\/663058"}],"wp:attachment":[{"href":"https:\/\/www.luxsure.fr\/en\/wp-json\/wp\/v2\/media?parent=2029364"}],"wp:term":[{"taxonomy":"category","embeddable":true,"href":"https:\/\/www.luxsure.fr\/en\/wp-json\/wp\/v2\/categories?post=2029364"},{"taxonomy":"post_tag","embeddable":true,"href":"https:\/\/www.luxsure.fr\/en\/wp-json\/wp\/v2\/tags?post=2029364"}],"curies":[{"name":"wp","href":"https:\/\/api.w.org\/{rel}","templated":true}]}}