{"id":2029330,"date":"2013-10-07T12:33:00","date_gmt":"2013-10-07T10:33:00","guid":{"rendered":"https:\/\/www.luxsure.fr\/2013\/10\/07\/limited-edition-of-gerard-darels-24h-at-monnier-freres\/"},"modified":"2026-04-26T11:54:17","modified_gmt":"2026-04-26T09:54:17","slug":"limited-edition-of-gerard-darels-24h-at-monnier-freres","status":"publish","type":"post","link":"https:\/\/www.luxsure.fr\/en\/2013\/10\/07\/limited-edition-of-gerard-darels-24h-at-monnier-freres\/","title":{"rendered":"Limited edition of G\u00e9rard Darel&#8217;s 24h at Monnier Fr\u00e8res"},"content":{"rendered":"<p>G\u00e9rard Darel&#8217;s famous 24h bag celebrates its 10th anniversary.<\/p>\n<p>In 2003, the House of G\u00e9rard Darel designed an elegant, practical tote bag that would fit into any woman&#8217;s life. The bag quickly became an instant success, becoming the emblematic model of Maison G\u00e9rard Darel. Such was its success that every year the 24h is reinterpreted to keep up with the latest trends. 10 years later, the 24h is still one of G\u00e9rard Darel&#8217;s best-selling bags, a true must-have.   <\/p>\n<p>On the occasion of this exceptional anniversary, Maison G\u00e9rard Darel pays homage to its signature bag with a limited-edition anniversary collection, featuring an exclusive new print. Adorned with a metallic color and a tone-on-tone animal print, the 24h is reinvented and brought up to date. <\/p>\n<p>This 24h St germain bag by G\u00e9rard Darel in a limited edition of 50 pieces for the Monnier Fr\u00e8res e-shop. This bag is sold on the site for 349\u20ac. Hurry, there won&#8217;t be enough for everyone!  <\/p>\n<p style=\"text-align: center;\"><strong><cite>www.monnierfreres.fr<\/cite><\/strong><\/p>\n<p>&nbsp;<\/p>\n<p>&nbsp;<\/p>\n<p>&nbsp;<\/p>\n","protected":false},"excerpt":{"rendered":"<p>G\u00e9rard Darel&#8217;s famous 24h bag celebrates its 10th anniversary. In 2003, the House of G\u00e9rard Darel designed an elegant, practical tote bag that would fit into any woman&#8217;s life. The&hellip;<\/p>\n","protected":false},"author":111,"featured_media":636134,"comment_status":"open","ping_status":"open","sticky":false,"template":"","format":"standard","meta":{"_lmt_disableupdate":"","_lmt_disable":"","footnotes":""},"categories":[52709],"tags":[65300,65299,65298,65301,57356],"class_list":["post-2029330","post","type-post","status-publish","format-standard","has-post-thumbnail","hentry","category-thefashion","tag-10ans-du-24h-gerard-darel","tag-24h-gerard-darel","tag-gerard-darel","tag-gerard-darel-monnier-freres","tag-monnier-freres"],"yoast_head":"<!-- This site is optimized with the Yoast SEO plugin v27.5 - https:\/\/yoast.com\/product\/yoast-seo-wordpress\/ -->\n<title>Limited edition of G\u00e9rard Darel&#039;s 24h at Monnier Fr\u00e8res<\/title>\n<meta name=\"robots\" content=\"index, follow, max-snippet:-1, max-image-preview:large, max-video-preview:-1\" \/>\n<link rel=\"canonical\" href=\"https:\/\/www.luxsure.fr\/2013\/10\/07\/edition-limitee-du-24h-gerard-darel-chez-monnier-freres\/\" \/>\n<meta name=\"twitter:label1\" content=\"Written by\" \/>\n\t<meta name=\"twitter:data1\" content=\"Emilie Cabani\u00e9\" \/>\n\t<meta name=\"twitter:label2\" content=\"Est. reading time\" \/>\n\t<meta name=\"twitter:data2\" content=\"1 minute\" \/>\n<script type=\"application\/ld+json\" class=\"yoast-schema-graph\">{\"@context\":\"https:\\\/\\\/schema.org\",\"@graph\":[{\"@type\":\"Article\",\"@id\":\"https:\\\/\\\/www.luxsure.fr\\\/2013\\\/10\\\/07\\\/edition-limitee-du-24h-gerard-darel-chez-monnier-freres\\\/#article\",\"isPartOf\":{\"@id\":\"https:\\\/\\\/www.luxsure.fr\\\/2013\\\/10\\\/07\\\/edition-limitee-du-24h-gerard-darel-chez-monnier-freres\\\/\"},\"author\":{\"name\":\"Emilie Cabani\u00e9\",\"@id\":\"https:\\\/\\\/www.luxsure.fr\\\/#\\\/schema\\\/person\\\/4b46b339483e65d1881b05bf35eb4bce\"},\"headline\":\"Limited edition of G\u00e9rard Darel&#8217;s 24h at Monnier Fr\u00e8res\",\"datePublished\":\"2013-10-07T10:33:00+00:00\",\"dateModified\":\"2026-04-26T09:54:17+00:00\",\"mainEntityOfPage\":{\"@id\":\"https:\\\/\\\/www.luxsure.fr\\\/2013\\\/10\\\/07\\\/edition-limitee-du-24h-gerard-darel-chez-monnier-freres\\\/\"},\"wordCount\":184,\"commentCount\":0,\"publisher\":{\"@id\":\"https:\\\/\\\/www.luxsure.fr\\\/#organization\"},\"image\":{\"@id\":\"https:\\\/\\\/www.luxsure.fr\\\/2013\\\/10\\\/07\\\/edition-limitee-du-24h-gerard-darel-chez-monnier-freres\\\/#primaryimage\"},\"thumbnailUrl\":\"https:\\\/\\\/www.luxsure.fr\\\/wp-content\\\/uploads\\\/2013\\\/10\\\/CP-Monnier-Ge\u0301rard-DAREL.jpg\",\"keywords\":[\"10ans du 24h G\u00e9rard Darel\",\"24h g\u00e9rard darel\",\"g\u00e9rard darel\",\"g\u00e9rard Darel Monnier fr\u00e8res\",\"MONNIER Fr\u00e8res\"],\"articleSection\":[\"The Fashion\"],\"inLanguage\":\"en-US\",\"potentialAction\":[{\"@type\":\"CommentAction\",\"name\":\"Comment\",\"target\":[\"https:\\\/\\\/www.luxsure.fr\\\/2013\\\/10\\\/07\\\/edition-limitee-du-24h-gerard-darel-chez-monnier-freres\\\/#respond\"]}]},{\"@type\":\"WebPage\",\"@id\":\"https:\\\/\\\/www.luxsure.fr\\\/2013\\\/10\\\/07\\\/edition-limitee-du-24h-gerard-darel-chez-monnier-freres\\\/\",\"url\":\"https:\\\/\\\/www.luxsure.fr\\\/2013\\\/10\\\/07\\\/edition-limitee-du-24h-gerard-darel-chez-monnier-freres\\\/\",\"name\":\"Limited edition of G\u00e9rard Darel's 24h at Monnier Fr\u00e8res\",\"isPartOf\":{\"@id\":\"https:\\\/\\\/www.luxsure.fr\\\/#website\"},\"primaryImageOfPage\":{\"@id\":\"https:\\\/\\\/www.luxsure.fr\\\/2013\\\/10\\\/07\\\/edition-limitee-du-24h-gerard-darel-chez-monnier-freres\\\/#primaryimage\"},\"image\":{\"@id\":\"https:\\\/\\\/www.luxsure.fr\\\/2013\\\/10\\\/07\\\/edition-limitee-du-24h-gerard-darel-chez-monnier-freres\\\/#primaryimage\"},\"thumbnailUrl\":\"https:\\\/\\\/www.luxsure.fr\\\/wp-content\\\/uploads\\\/2013\\\/10\\\/CP-Monnier-Ge\u0301rard-DAREL.jpg\",\"datePublished\":\"2013-10-07T10:33:00+00:00\",\"dateModified\":\"2026-04-26T09:54:17+00:00\",\"breadcrumb\":{\"@id\":\"https:\\\/\\\/www.luxsure.fr\\\/2013\\\/10\\\/07\\\/edition-limitee-du-24h-gerard-darel-chez-monnier-freres\\\/#breadcrumb\"},\"inLanguage\":\"en-US\",\"potentialAction\":[{\"@type\":\"ReadAction\",\"target\":[\"https:\\\/\\\/www.luxsure.fr\\\/2013\\\/10\\\/07\\\/edition-limitee-du-24h-gerard-darel-chez-monnier-freres\\\/\"]}]},{\"@type\":\"ImageObject\",\"inLanguage\":\"en-US\",\"@id\":\"https:\\\/\\\/www.luxsure.fr\\\/2013\\\/10\\\/07\\\/edition-limitee-du-24h-gerard-darel-chez-monnier-freres\\\/#primaryimage\",\"url\":\"https:\\\/\\\/www.luxsure.fr\\\/wp-content\\\/uploads\\\/2013\\\/10\\\/CP-Monnier-Ge\u0301rard-DAREL.jpg\",\"contentUrl\":\"https:\\\/\\\/www.luxsure.fr\\\/wp-content\\\/uploads\\\/2013\\\/10\\\/CP-Monnier-Ge\u0301rard-DAREL.jpg\",\"width\":1929,\"height\":1936},{\"@type\":\"BreadcrumbList\",\"@id\":\"https:\\\/\\\/www.luxsure.fr\\\/2013\\\/10\\\/07\\\/edition-limitee-du-24h-gerard-darel-chez-monnier-freres\\\/#breadcrumb\",\"itemListElement\":[{\"@type\":\"ListItem\",\"position\":1,\"name\":\"Accueil\",\"item\":\"https:\\\/\\\/www.luxsure.fr\\\/\"},{\"@type\":\"ListItem\",\"position\":2,\"name\":\"Limited edition of G\u00e9rard Darel&rsquo;s 24h at Monnier Fr\u00e8res\"}]},{\"@type\":\"WebSite\",\"@id\":\"https:\\\/\\\/www.luxsure.fr\\\/#website\",\"url\":\"https:\\\/\\\/www.luxsure.fr\\\/\",\"name\":\"Luxsure\",\"description\":\"UNE CERTAINE VISION DU LUXE\",\"publisher\":{\"@id\":\"https:\\\/\\\/www.luxsure.fr\\\/#organization\"},\"potentialAction\":[{\"@type\":\"SearchAction\",\"target\":{\"@type\":\"EntryPoint\",\"urlTemplate\":\"https:\\\/\\\/www.luxsure.fr\\\/?s={search_term_string}\"},\"query-input\":{\"@type\":\"PropertyValueSpecification\",\"valueRequired\":true,\"valueName\":\"search_term_string\"}}],\"inLanguage\":\"en-US\"},{\"@type\":\"Organization\",\"@id\":\"https:\\\/\\\/www.luxsure.fr\\\/#organization\",\"name\":\"Luxsure\",\"url\":\"https:\\\/\\\/www.luxsure.fr\\\/\",\"logo\":{\"@type\":\"ImageObject\",\"inLanguage\":\"en-US\",\"@id\":\"https:\\\/\\\/www.luxsure.fr\\\/#\\\/schema\\\/logo\\\/image\\\/\",\"url\":\"https:\\\/\\\/i0.wp.com\\\/www.luxsure.fr\\\/wp-content\\\/uploads\\\/2015\\\/10\\\/Capture-d\u2019\u00e9cran-2015-08-19-\u00e0-10.51.48.png?fit=551%2C400&ssl=1\",\"contentUrl\":\"https:\\\/\\\/i0.wp.com\\\/www.luxsure.fr\\\/wp-content\\\/uploads\\\/2015\\\/10\\\/Capture-d\u2019\u00e9cran-2015-08-19-\u00e0-10.51.48.png?fit=551%2C400&ssl=1\",\"width\":551,\"height\":400,\"caption\":\"Luxsure\"},\"image\":{\"@id\":\"https:\\\/\\\/www.luxsure.fr\\\/#\\\/schema\\\/logo\\\/image\\\/\"}},{\"@type\":\"Person\",\"@id\":\"https:\\\/\\\/www.luxsure.fr\\\/#\\\/schema\\\/person\\\/4b46b339483e65d1881b05bf35eb4bce\",\"name\":\"Emilie Cabani\u00e9\",\"image\":{\"@type\":\"ImageObject\",\"inLanguage\":\"en-US\",\"@id\":\"https:\\\/\\\/secure.gravatar.com\\\/avatar\\\/45af9e9a46bb967147a638df270508ff5dfa57d765fb73978cd35986bcb74cbd?s=96&d=mm&r=g\",\"url\":\"https:\\\/\\\/secure.gravatar.com\\\/avatar\\\/45af9e9a46bb967147a638df270508ff5dfa57d765fb73978cd35986bcb74cbd?s=96&d=mm&r=g\",\"contentUrl\":\"https:\\\/\\\/secure.gravatar.com\\\/avatar\\\/45af9e9a46bb967147a638df270508ff5dfa57d765fb73978cd35986bcb74cbd?s=96&d=mm&r=g\",\"caption\":\"Emilie Cabani\u00e9\"},\"url\":\"https:\\\/\\\/www.luxsure.fr\\\/en\\\/author\\\/cabanong\\\/\"}]}<\/script>\n<!-- \/ Yoast SEO plugin. -->","yoast_head_json":{"title":"Limited edition of G\u00e9rard Darel's 24h at Monnier Fr\u00e8res","robots":{"index":"index","follow":"follow","max-snippet":"max-snippet:-1","max-image-preview":"max-image-preview:large","max-video-preview":"max-video-preview:-1"},"canonical":"https:\/\/www.luxsure.fr\/2013\/10\/07\/edition-limitee-du-24h-gerard-darel-chez-monnier-freres\/","twitter_misc":{"Written by":"Emilie Cabani\u00e9","Est. reading time":"1 minute"},"schema":{"@context":"https:\/\/schema.org","@graph":[{"@type":"Article","@id":"https:\/\/www.luxsure.fr\/2013\/10\/07\/edition-limitee-du-24h-gerard-darel-chez-monnier-freres\/#article","isPartOf":{"@id":"https:\/\/www.luxsure.fr\/2013\/10\/07\/edition-limitee-du-24h-gerard-darel-chez-monnier-freres\/"},"author":{"name":"Emilie Cabani\u00e9","@id":"https:\/\/www.luxsure.fr\/#\/schema\/person\/4b46b339483e65d1881b05bf35eb4bce"},"headline":"Limited edition of G\u00e9rard Darel&#8217;s 24h at Monnier Fr\u00e8res","datePublished":"2013-10-07T10:33:00+00:00","dateModified":"2026-04-26T09:54:17+00:00","mainEntityOfPage":{"@id":"https:\/\/www.luxsure.fr\/2013\/10\/07\/edition-limitee-du-24h-gerard-darel-chez-monnier-freres\/"},"wordCount":184,"commentCount":0,"publisher":{"@id":"https:\/\/www.luxsure.fr\/#organization"},"image":{"@id":"https:\/\/www.luxsure.fr\/2013\/10\/07\/edition-limitee-du-24h-gerard-darel-chez-monnier-freres\/#primaryimage"},"thumbnailUrl":"https:\/\/www.luxsure.fr\/wp-content\/uploads\/2013\/10\/CP-Monnier-Ge\u0301rard-DAREL.jpg","keywords":["10ans du 24h G\u00e9rard Darel","24h g\u00e9rard darel","g\u00e9rard darel","g\u00e9rard Darel Monnier fr\u00e8res","MONNIER Fr\u00e8res"],"articleSection":["The Fashion"],"inLanguage":"en-US","potentialAction":[{"@type":"CommentAction","name":"Comment","target":["https:\/\/www.luxsure.fr\/2013\/10\/07\/edition-limitee-du-24h-gerard-darel-chez-monnier-freres\/#respond"]}]},{"@type":"WebPage","@id":"https:\/\/www.luxsure.fr\/2013\/10\/07\/edition-limitee-du-24h-gerard-darel-chez-monnier-freres\/","url":"https:\/\/www.luxsure.fr\/2013\/10\/07\/edition-limitee-du-24h-gerard-darel-chez-monnier-freres\/","name":"Limited edition of G\u00e9rard Darel's 24h at Monnier Fr\u00e8res","isPartOf":{"@id":"https:\/\/www.luxsure.fr\/#website"},"primaryImageOfPage":{"@id":"https:\/\/www.luxsure.fr\/2013\/10\/07\/edition-limitee-du-24h-gerard-darel-chez-monnier-freres\/#primaryimage"},"image":{"@id":"https:\/\/www.luxsure.fr\/2013\/10\/07\/edition-limitee-du-24h-gerard-darel-chez-monnier-freres\/#primaryimage"},"thumbnailUrl":"https:\/\/www.luxsure.fr\/wp-content\/uploads\/2013\/10\/CP-Monnier-Ge\u0301rard-DAREL.jpg","datePublished":"2013-10-07T10:33:00+00:00","dateModified":"2026-04-26T09:54:17+00:00","breadcrumb":{"@id":"https:\/\/www.luxsure.fr\/2013\/10\/07\/edition-limitee-du-24h-gerard-darel-chez-monnier-freres\/#breadcrumb"},"inLanguage":"en-US","potentialAction":[{"@type":"ReadAction","target":["https:\/\/www.luxsure.fr\/2013\/10\/07\/edition-limitee-du-24h-gerard-darel-chez-monnier-freres\/"]}]},{"@type":"ImageObject","inLanguage":"en-US","@id":"https:\/\/www.luxsure.fr\/2013\/10\/07\/edition-limitee-du-24h-gerard-darel-chez-monnier-freres\/#primaryimage","url":"https:\/\/www.luxsure.fr\/wp-content\/uploads\/2013\/10\/CP-Monnier-Ge\u0301rard-DAREL.jpg","contentUrl":"https:\/\/www.luxsure.fr\/wp-content\/uploads\/2013\/10\/CP-Monnier-Ge\u0301rard-DAREL.jpg","width":1929,"height":1936},{"@type":"BreadcrumbList","@id":"https:\/\/www.luxsure.fr\/2013\/10\/07\/edition-limitee-du-24h-gerard-darel-chez-monnier-freres\/#breadcrumb","itemListElement":[{"@type":"ListItem","position":1,"name":"Accueil","item":"https:\/\/www.luxsure.fr\/"},{"@type":"ListItem","position":2,"name":"Limited edition of G\u00e9rard Darel&rsquo;s 24h at Monnier Fr\u00e8res"}]},{"@type":"WebSite","@id":"https:\/\/www.luxsure.fr\/#website","url":"https:\/\/www.luxsure.fr\/","name":"Luxsure","description":"UNE CERTAINE VISION DU LUXE","publisher":{"@id":"https:\/\/www.luxsure.fr\/#organization"},"potentialAction":[{"@type":"SearchAction","target":{"@type":"EntryPoint","urlTemplate":"https:\/\/www.luxsure.fr\/?s={search_term_string}"},"query-input":{"@type":"PropertyValueSpecification","valueRequired":true,"valueName":"search_term_string"}}],"inLanguage":"en-US"},{"@type":"Organization","@id":"https:\/\/www.luxsure.fr\/#organization","name":"Luxsure","url":"https:\/\/www.luxsure.fr\/","logo":{"@type":"ImageObject","inLanguage":"en-US","@id":"https:\/\/www.luxsure.fr\/#\/schema\/logo\/image\/","url":"https:\/\/i0.wp.com\/www.luxsure.fr\/wp-content\/uploads\/2015\/10\/Capture-d\u2019\u00e9cran-2015-08-19-\u00e0-10.51.48.png?fit=551%2C400&ssl=1","contentUrl":"https:\/\/i0.wp.com\/www.luxsure.fr\/wp-content\/uploads\/2015\/10\/Capture-d\u2019\u00e9cran-2015-08-19-\u00e0-10.51.48.png?fit=551%2C400&ssl=1","width":551,"height":400,"caption":"Luxsure"},"image":{"@id":"https:\/\/www.luxsure.fr\/#\/schema\/logo\/image\/"}},{"@type":"Person","@id":"https:\/\/www.luxsure.fr\/#\/schema\/person\/4b46b339483e65d1881b05bf35eb4bce","name":"Emilie Cabani\u00e9","image":{"@type":"ImageObject","inLanguage":"en-US","@id":"https:\/\/secure.gravatar.com\/avatar\/45af9e9a46bb967147a638df270508ff5dfa57d765fb73978cd35986bcb74cbd?s=96&d=mm&r=g","url":"https:\/\/secure.gravatar.com\/avatar\/45af9e9a46bb967147a638df270508ff5dfa57d765fb73978cd35986bcb74cbd?s=96&d=mm&r=g","contentUrl":"https:\/\/secure.gravatar.com\/avatar\/45af9e9a46bb967147a638df270508ff5dfa57d765fb73978cd35986bcb74cbd?s=96&d=mm&r=g","caption":"Emilie Cabani\u00e9"},"url":"https:\/\/www.luxsure.fr\/en\/author\/cabanong\/"}]}},"_links":{"self":[{"href":"https:\/\/www.luxsure.fr\/en\/wp-json\/wp\/v2\/posts\/2029330","targetHints":{"allow":["GET"]}}],"collection":[{"href":"https:\/\/www.luxsure.fr\/en\/wp-json\/wp\/v2\/posts"}],"about":[{"href":"https:\/\/www.luxsure.fr\/en\/wp-json\/wp\/v2\/types\/post"}],"author":[{"embeddable":true,"href":"https:\/\/www.luxsure.fr\/en\/wp-json\/wp\/v2\/users\/111"}],"replies":[{"embeddable":true,"href":"https:\/\/www.luxsure.fr\/en\/wp-json\/wp\/v2\/comments?post=2029330"}],"version-history":[{"count":0,"href":"https:\/\/www.luxsure.fr\/en\/wp-json\/wp\/v2\/posts\/2029330\/revisions"}],"wp:featuredmedia":[{"embeddable":true,"href":"https:\/\/www.luxsure.fr\/en\/wp-json\/wp\/v2\/media\/636134"}],"wp:attachment":[{"href":"https:\/\/www.luxsure.fr\/en\/wp-json\/wp\/v2\/media?parent=2029330"}],"wp:term":[{"taxonomy":"category","embeddable":true,"href":"https:\/\/www.luxsure.fr\/en\/wp-json\/wp\/v2\/categories?post=2029330"},{"taxonomy":"post_tag","embeddable":true,"href":"https:\/\/www.luxsure.fr\/en\/wp-json\/wp\/v2\/tags?post=2029330"}],"curies":[{"name":"wp","href":"https:\/\/api.w.org\/{rel}","templated":true}]}}