{"id":2029293,"date":"2013-11-20T16:46:35","date_gmt":"2013-11-20T15:46:35","guid":{"rendered":"https:\/\/www.luxsure.fr\/2013\/11\/20\/les-illuminations-du-comite-du-faubourg-saint-honore-royale-with-imagine-and-teddy-riner\/"},"modified":"2026-04-26T12:13:55","modified_gmt":"2026-04-26T10:13:55","slug":"les-illuminations-du-comite-du-faubourg-saint-honore-royale-with-imagine-and-teddy-riner","status":"publish","type":"post","link":"https:\/\/www.luxsure.fr\/en\/2013\/11\/20\/les-illuminations-du-comite-du-faubourg-saint-honore-royale-with-imagine-and-teddy-riner\/","title":{"rendered":"Les Illuminations du Comit\u00e9 du Faubourg Saint-Honor\u00e9 Royale with Imagine and Teddy Riner"},"content":{"rendered":"<p>The Comit\u00e9 du Faubourg Saint-Honor\u00e9 Royale&#8217;s Illuminations were inaugurated on Thursday November 14, and to mark the occasion we met Teddy Riner, patron of the Imagine Institute, which cares for genetic diseases.<\/p>\n<p>Benjamin Cymerman and Terry Riner interviewed us:<\/p>\n<p><strong>Teddy Riner<\/strong>: &#8220;I&#8217;d like to thank the Comit\u00e9 du Faubourg Saint-Honor\u00e9 Royale for helping the Imagine foundation to raise funds and advance research through operations like this. It&#8217;s a great thing. This tombola organized with the committee represents over 50,000 euros in prizes. With this money, we&#8217;ll be able to pay researchers, finance studies and help all these sick children.<br \/>\nIt&#8217;s touching to see these children, because they never give up. It makes people like me want to fight for them, to help them and put a smile on their faces, so they don&#8217;t have to think about their illness any more.<br \/>\nVery early on, when I was a junior, I discovered children sleeping on cardboard boxes on my travels, so I decided to get involved in helping children. It&#8217;s a pleasure to give my image to help.<\/p>\n<p><strong>Benjamin Cymerman<\/strong>: &#8220;We&#8217;re delighted with this partnership, which has existed for two years. I&#8217;d like to thank Teddy Riner, who even shortened his trip to be here, because this cause is close to his heart. We share Teddy&#8217;s values of excellence through the Committee and we wanted to give meaning to this event, hence the link with the Imagine Foundation. This Tombola features magnificent prizes donated by the houses, which are entirely dedicated to financing the Foundation&#8221;.<\/p>\n<p>The Illuminations of the Comit\u00e9 du Faubourg Saint-Honor\u00e9 Royale were inaugurated on Thursday November 14 in the presence of :<br \/>\nMs Anne Hidalgo, First Deputy Mayor of Paris<br \/>\nMr Teddy Riner, Sponsor of the Imagine Institute,<br \/>\nMr Fran\u00e7ois Lebel, Mayor of the 8th arrondissement of Paris<br \/>\nProfessor Claude Griscelli, President of the Imagine Institute,<br \/>\nProfessor Alain Fischer, Director of the Imagine Institute.<br \/>\nMr Benjamin Cymerman, President of the Comit\u00e9 du Faubourg Saint-Honor\u00e9 Royale<br \/>\n\n\t\t<style type=\"text\/css\">\n\t\t\t#gallery-1 {\n\t\t\t\tmargin: auto;\n\t\t\t}\n\t\t\t#gallery-1 .gallery-item {\n\t\t\t\tfloat: left;\n\t\t\t\tmargin-top: 10px;\n\t\t\t\ttext-align: center;\n\t\t\t\twidth: 33%;\n\t\t\t}\n\t\t\t#gallery-1 img {\n\t\t\t\tborder: 2px solid #cfcfcf;\n\t\t\t}\n\t\t\t#gallery-1 .gallery-caption {\n\t\t\t\tmargin-left: 0;\n\t\t\t}\n\t\t\t\/* see gallery_shortcode() in wp-includes\/media.php *\/\n\t\t<\/style>\n\t\t<div id='gallery-1' class='gallery galleryid-2029293 gallery-columns-3 gallery-size-thumbnail'><dl class='gallery-item'>\n\t\t\t<dt class='gallery-icon portrait'>\n\t\t\t\t<a href='https:\/\/www.luxsure.fr\/en\/illumination-du-comite-du-faubourg-saint-honore-royale-2-2\/'><img decoding=\"async\" width=\"216\" height=\"160\" data-src=\"https:\/\/www.luxsure.fr\/wp-content\/uploads\/2013\/11\/Illumination-du-Comit\u00e9-du-Faubourg-Saint-Honor\u00e9-Royale-2-216x160.jpg\" class=\"attachment-thumbnail size-thumbnail lazyload\" alt=\"\" src=\"data:image\/svg+xml;base64,PHN2ZyB3aWR0aD0iMSIgaGVpZ2h0PSIxIiB4bWxucz0iaHR0cDovL3d3dy53My5vcmcvMjAwMC9zdmciPjwvc3ZnPg==\" style=\"--smush-placeholder-width: 216px; --smush-placeholder-aspect-ratio: 216\/160;\" \/><\/a>\n\t\t\t<\/dt><\/dl><dl class='gallery-item'>\n\t\t\t<dt class='gallery-icon landscape'>\n\t\t\t\t<a href='https:\/\/www.luxsure.fr\/en\/teddy-riner-parrain-de-linstitut-imagine-audrey-fleurot-frederique-bel-jennifer-bartoli-et-sandrine-quetier-2\/'><img decoding=\"async\" width=\"216\" height=\"160\" data-src=\"https:\/\/www.luxsure.fr\/wp-content\/uploads\/2013\/11\/Teddy-Riner-Parrain-de-linstitut-Imagine-Audrey-fleurot-Fr\u00e9d\u00e9rique-Bel-Jennifer-Bartoli-et-Sandrine-Qu\u00e9tier-216x160.jpg\" class=\"attachment-thumbnail size-thumbnail lazyload\" alt=\"\" src=\"data:image\/svg+xml;base64,PHN2ZyB3aWR0aD0iMSIgaGVpZ2h0PSIxIiB4bWxucz0iaHR0cDovL3d3dy53My5vcmcvMjAwMC9zdmciPjwvc3ZnPg==\" style=\"--smush-placeholder-width: 216px; --smush-placeholder-aspect-ratio: 216\/160;\" \/><\/a>\n\t\t\t<\/dt><\/dl><dl class='gallery-item'>\n\t\t\t<dt class='gallery-icon landscape'>\n\t\t\t\t<a href='https:\/\/www.luxsure.fr\/en\/teddy-riner-parrain-de-linstitut-imagine-frederique-bel-et-monsieur-benjamin-cymerman-president-du-comite-du-faubourg-saint-honore-royale-2\/'><img decoding=\"async\" width=\"216\" height=\"160\" data-src=\"https:\/\/www.luxsure.fr\/wp-content\/uploads\/2013\/11\/Teddy-Riner-Parrain-de-linstitut-Imagine-Fr\u00e9d\u00e9rique-Bel-et-Monsieur-Benjamin-Cymerman-Pr\u00e9sident-du-Comit\u00e9-du-Faubourg-Saint-Honor\u00e9-Royale--216x160.jpg\" class=\"attachment-thumbnail size-thumbnail lazyload\" alt=\"\" src=\"data:image\/svg+xml;base64,PHN2ZyB3aWR0aD0iMSIgaGVpZ2h0PSIxIiB4bWxucz0iaHR0cDovL3d3dy53My5vcmcvMjAwMC9zdmciPjwvc3ZnPg==\" style=\"--smush-placeholder-width: 216px; --smush-placeholder-aspect-ratio: 216\/160;\" \/><\/a>\n\t\t\t<\/dt><\/dl><br style=\"clear: both\" \/><dl class='gallery-item'>\n\t\t\t<dt class='gallery-icon landscape'>\n\t\t\t\t<a href='https:\/\/www.luxsure.fr\/en\/benjamin-cymerman-president-du-comite-du-faubourg-saint-honore-royale-audrey-floro-et-gary-jourdan-2\/'><img decoding=\"async\" width=\"216\" height=\"160\" data-src=\"https:\/\/www.luxsure.fr\/wp-content\/uploads\/2013\/11\/Benjamin-Cymerman-Pr\u00e9sident-du-Comit\u00e9-du-Faubourg-Saint-Honor\u00e9-Royale-Audrey-Floro-et-Gary-Jourdan-216x160.jpg\" class=\"attachment-thumbnail size-thumbnail lazyload\" alt=\"\" src=\"data:image\/svg+xml;base64,PHN2ZyB3aWR0aD0iMSIgaGVpZ2h0PSIxIiB4bWxucz0iaHR0cDovL3d3dy53My5vcmcvMjAwMC9zdmciPjwvc3ZnPg==\" style=\"--smush-placeholder-width: 216px; --smush-placeholder-aspect-ratio: 216\/160;\" \/><\/a>\n\t\t\t<\/dt><\/dl><dl class='gallery-item'>\n\t\t\t<dt class='gallery-icon landscape'>\n\t\t\t\t<a href='https:\/\/www.luxsure.fr\/en\/pierre-lellouche-benjamin-cymerman-sandrine-quetier-derriere-anne-hidalgo-teddy-riner-et-professeur-claude-griscelli-2\/'><img decoding=\"async\" width=\"216\" height=\"160\" data-src=\"https:\/\/www.luxsure.fr\/wp-content\/uploads\/2013\/11\/Pierre-Lellouche-Benjamin-Cymerman-Sandrine-Qu\u00e9tier-derri\u00e8re-Anne-Hidalgo-Teddy-Riner-et-Professeur-Claude-Griscelli--216x160.jpg\" class=\"attachment-thumbnail size-thumbnail lazyload\" alt=\"\" src=\"data:image\/svg+xml;base64,PHN2ZyB3aWR0aD0iMSIgaGVpZ2h0PSIxIiB4bWxucz0iaHR0cDovL3d3dy53My5vcmcvMjAwMC9zdmciPjwvc3ZnPg==\" style=\"--smush-placeholder-width: 216px; --smush-placeholder-aspect-ratio: 216\/160;\" \/><\/a>\n\t\t\t<\/dt><\/dl><dl class='gallery-item'>\n\t\t\t<dt class='gallery-icon portrait'>\n\t\t\t\t<a href='https:\/\/www.luxsure.fr\/en\/benjamin-cymerman-president-du-comite-du-faubourg-saint-honore-royale-gary-jourdan-et-victoire-de-chez-leclaireur-2\/'><img decoding=\"async\" width=\"216\" height=\"160\" data-src=\"https:\/\/www.luxsure.fr\/wp-content\/uploads\/2013\/11\/Benjamin-Cymerman-Pr\u00e9sident-du-Comit\u00e9-du-Faubourg-Saint-Honor\u00e9-Royale-Gary-Jourdan-et-Victoire-de-chez-lEclaireur-216x160.jpg\" class=\"attachment-thumbnail size-thumbnail lazyload\" alt=\"\" src=\"data:image\/svg+xml;base64,PHN2ZyB3aWR0aD0iMSIgaGVpZ2h0PSIxIiB4bWxucz0iaHR0cDovL3d3dy53My5vcmcvMjAwMC9zdmciPjwvc3ZnPg==\" style=\"--smush-placeholder-width: 216px; --smush-placeholder-aspect-ratio: 216\/160;\" \/><\/a>\n\t\t\t<\/dt><\/dl><br style=\"clear: both\" \/><dl class='gallery-item'>\n\t\t\t<dt class='gallery-icon portrait'>\n\t\t\t\t<a href='https:\/\/www.luxsure.fr\/en\/benjamin-cymerman-president-du-comite-du-faubourg-saint-honore-royale-et-frederique-bel-2\/'><img decoding=\"async\" width=\"216\" height=\"160\" data-src=\"https:\/\/www.luxsure.fr\/wp-content\/uploads\/2013\/11\/Benjamin-Cymerman-Pr\u00e9sident-du-Comit\u00e9-du-Faubourg-Saint-Honor\u00e9-Royale-et-Fr\u00e9d\u00e9rique-Bel-216x160.jpg\" class=\"attachment-thumbnail size-thumbnail lazyload\" alt=\"\" src=\"data:image\/svg+xml;base64,PHN2ZyB3aWR0aD0iMSIgaGVpZ2h0PSIxIiB4bWxucz0iaHR0cDovL3d3dy53My5vcmcvMjAwMC9zdmciPjwvc3ZnPg==\" style=\"--smush-placeholder-width: 216px; --smush-placeholder-aspect-ratio: 216\/160;\" \/><\/a>\n\t\t\t<\/dt><\/dl><dl class='gallery-item'>\n\t\t\t<dt class='gallery-icon portrait'>\n\t\t\t\t<a href='https:\/\/www.luxsure.fr\/en\/teddy-riner-parrain-de-linstitut-imagine-et-bernard-montiel-2\/'><img decoding=\"async\" width=\"216\" height=\"160\" data-src=\"https:\/\/www.luxsure.fr\/wp-content\/uploads\/2013\/11\/Teddy-Riner-Parrain-de-linstitut-Imagine-et-Bernard-Montiel-216x160.jpg\" class=\"attachment-thumbnail size-thumbnail lazyload\" alt=\"\" src=\"data:image\/svg+xml;base64,PHN2ZyB3aWR0aD0iMSIgaGVpZ2h0PSIxIiB4bWxucz0iaHR0cDovL3d3dy53My5vcmcvMjAwMC9zdmciPjwvc3ZnPg==\" style=\"--smush-placeholder-width: 216px; --smush-placeholder-aspect-ratio: 216\/160;\" \/><\/a>\n\t\t\t<\/dt><\/dl><dl class='gallery-item'>\n\t\t\t<dt class='gallery-icon landscape'>\n\t\t\t\t<a href='https:\/\/www.luxsure.fr\/en\/le-professeur-claude-griscelli-audrey-fleurot-teddy-riner-frederique-bel-jennifer-bartoli-benjamin-cymerman-et-sandrine-quetier-2\/'><img decoding=\"async\" width=\"216\" height=\"160\" data-src=\"https:\/\/www.luxsure.fr\/wp-content\/uploads\/2013\/11\/Le-Professeur-Claude-Griscelli-Audrey-Fleurot-Teddy-Riner-Fr\u00e9d\u00e9rique-Bel-Jennifer-Bartoli-Benjamin-Cymerman-et-Sandrine-Qu\u00e9tier-216x160.jpg\" class=\"attachment-thumbnail size-thumbnail lazyload\" alt=\"\" src=\"data:image\/svg+xml;base64,PHN2ZyB3aWR0aD0iMSIgaGVpZ2h0PSIxIiB4bWxucz0iaHR0cDovL3d3dy53My5vcmcvMjAwMC9zdmciPjwvc3ZnPg==\" style=\"--smush-placeholder-width: 216px; --smush-placeholder-aspect-ratio: 216\/160;\" \/><\/a>\n\t\t\t<\/dt><\/dl><br style=\"clear: both\" \/><dl class='gallery-item'>\n\t\t\t<dt class='gallery-icon landscape'>\n\t\t\t\t<a href='https:\/\/www.luxsure.fr\/en\/audrey-fleurot-teddy-riner-frederique-bel-jennifer-bartoli-et-benjamin-cymerman-2\/'><img decoding=\"async\" width=\"216\" height=\"160\" data-src=\"https:\/\/www.luxsure.fr\/wp-content\/uploads\/2013\/11\/Audrey-Fleurot-Teddy-Riner-Fr\u00e9d\u00e9rique-Bel-Jennifer-Bartoli-et-Benjamin-Cymerman-216x160.jpg\" class=\"attachment-thumbnail size-thumbnail lazyload\" alt=\"\" src=\"data:image\/svg+xml;base64,PHN2ZyB3aWR0aD0iMSIgaGVpZ2h0PSIxIiB4bWxucz0iaHR0cDovL3d3dy53My5vcmcvMjAwMC9zdmciPjwvc3ZnPg==\" style=\"--smush-placeholder-width: 216px; --smush-placeholder-aspect-ratio: 216\/160;\" \/><\/a>\n\t\t\t<\/dt><\/dl><dl class='gallery-item'>\n\t\t\t<dt class='gallery-icon portrait'>\n\t\t\t\t<a href='https:\/\/www.luxsure.fr\/en\/audrey-fleurot-et-teddy-riner-parrain-de-linstitut-imagine-2\/'><img decoding=\"async\" width=\"216\" height=\"160\" data-src=\"https:\/\/www.luxsure.fr\/wp-content\/uploads\/2013\/11\/Audrey-Fleurot-et-Teddy-Riner-Parrain-de-linstitut-Imagine-216x160.jpg\" class=\"attachment-thumbnail size-thumbnail lazyload\" alt=\"\" src=\"data:image\/svg+xml;base64,PHN2ZyB3aWR0aD0iMSIgaGVpZ2h0PSIxIiB4bWxucz0iaHR0cDovL3d3dy53My5vcmcvMjAwMC9zdmciPjwvc3ZnPg==\" style=\"--smush-placeholder-width: 216px; --smush-placeholder-aspect-ratio: 216\/160;\" \/><\/a>\n\t\t\t<\/dt><\/dl><dl class='gallery-item'>\n\t\t\t<dt class='gallery-icon portrait'>\n\t\t\t\t<a href='https:\/\/www.luxsure.fr\/en\/benjamin-cymerman-president-du-comite-du-faubourg-saint-honore-royale-et-sandrine-quetier-2\/'><img decoding=\"async\" width=\"216\" height=\"160\" data-src=\"https:\/\/www.luxsure.fr\/wp-content\/uploads\/2013\/11\/Benjamin-Cymerman-Pr\u00e9sident-du-Comit\u00e9-du-Faubourg-Saint-Honor\u00e9-Royale-et-Sandrine-Qu\u00e9tier-216x160.jpg\" class=\"attachment-thumbnail size-thumbnail lazyload\" alt=\"\" src=\"data:image\/svg+xml;base64,PHN2ZyB3aWR0aD0iMSIgaGVpZ2h0PSIxIiB4bWxucz0iaHR0cDovL3d3dy53My5vcmcvMjAwMC9zdmciPjwvc3ZnPg==\" style=\"--smush-placeholder-width: 216px; --smush-placeholder-aspect-ratio: 216\/160;\" \/><\/a>\n\t\t\t<\/dt><\/dl><br style=\"clear: both\" \/><dl class='gallery-item'>\n\t\t\t<dt class='gallery-icon portrait'>\n\t\t\t\t<a href='https:\/\/www.luxsure.fr\/en\/teddy-riner-parrain-de-linstitut-imagine-et-sandrine-quetier-2\/'><img decoding=\"async\" width=\"216\" height=\"160\" data-src=\"https:\/\/www.luxsure.fr\/wp-content\/uploads\/2013\/11\/Teddy-Riner-Parrain-de-linstitut-Imagine-et-Sandrine-Qu\u00e9tier-216x160.jpg\" class=\"attachment-thumbnail size-thumbnail lazyload\" alt=\"\" src=\"data:image\/svg+xml;base64,PHN2ZyB3aWR0aD0iMSIgaGVpZ2h0PSIxIiB4bWxucz0iaHR0cDovL3d3dy53My5vcmcvMjAwMC9zdmciPjwvc3ZnPg==\" style=\"--smush-placeholder-width: 216px; --smush-placeholder-aspect-ratio: 216\/160;\" \/><\/a>\n\t\t\t<\/dt><\/dl><dl class='gallery-item'>\n\t\t\t<dt class='gallery-icon landscape'>\n\t\t\t\t<a href='https:\/\/www.luxsure.fr\/en\/teddy-riner-parrain-de-linstitut-imagine-2\/'><img decoding=\"async\" width=\"216\" height=\"160\" data-src=\"https:\/\/www.luxsure.fr\/wp-content\/uploads\/2013\/11\/Teddy-Riner-Parrain-de-linstitut-Imagine-216x160.jpg\" class=\"attachment-thumbnail size-thumbnail lazyload\" alt=\"\" data-srcset=\"https:\/\/www.luxsure.fr\/wp-content\/uploads\/2013\/11\/Teddy-Riner-Parrain-de-linstitut-Imagine-216x160.jpg 216w, https:\/\/www.luxsure.fr\/wp-content\/uploads\/2013\/11\/Teddy-Riner-Parrain-de-linstitut-Imagine-75x55.jpg 75w\" data-sizes=\"(max-width: 216px) 100vw, 216px\" src=\"data:image\/svg+xml;base64,PHN2ZyB3aWR0aD0iMSIgaGVpZ2h0PSIxIiB4bWxucz0iaHR0cDovL3d3dy53My5vcmcvMjAwMC9zdmciPjwvc3ZnPg==\" style=\"--smush-placeholder-width: 216px; --smush-placeholder-aspect-ratio: 216\/160;\" \/><\/a>\n\t\t\t<\/dt><\/dl><dl class='gallery-item'>\n\t\t\t<dt class='gallery-icon portrait'>\n\t\t\t\t<a href='https:\/\/www.luxsure.fr\/en\/sandrine-quetier-et-christophe-beaugrand-2\/'><img decoding=\"async\" width=\"216\" height=\"160\" data-src=\"https:\/\/www.luxsure.fr\/wp-content\/uploads\/2013\/11\/Sandrine-Qu\u00e9tier-et-Christophe-Beaugrand-216x160.jpg\" class=\"attachment-thumbnail size-thumbnail lazyload\" alt=\"\" src=\"data:image\/svg+xml;base64,PHN2ZyB3aWR0aD0iMSIgaGVpZ2h0PSIxIiB4bWxucz0iaHR0cDovL3d3dy53My5vcmcvMjAwMC9zdmciPjwvc3ZnPg==\" style=\"--smush-placeholder-width: 216px; --smush-placeholder-aspect-ratio: 216\/160;\" \/><\/a>\n\t\t\t<\/dt><\/dl><br style=\"clear: both\" \/><dl class='gallery-item'>\n\t\t\t<dt class='gallery-icon landscape'>\n\t\t\t\t<a href='https:\/\/www.luxsure.fr\/en\/illumination-du-comite-du-faubourg-saint-honore-royale-3-2\/'><img decoding=\"async\" width=\"216\" height=\"160\" data-src=\"https:\/\/www.luxsure.fr\/wp-content\/uploads\/2013\/11\/Illumination-du-Comit\u00e9-du-Faubourg-Saint-Honor\u00e9-Royale-3-216x160.jpg\" class=\"attachment-thumbnail size-thumbnail lazyload\" alt=\"\" src=\"data:image\/svg+xml;base64,PHN2ZyB3aWR0aD0iMSIgaGVpZ2h0PSIxIiB4bWxucz0iaHR0cDovL3d3dy53My5vcmcvMjAwMC9zdmciPjwvc3ZnPg==\" style=\"--smush-placeholder-width: 216px; --smush-placeholder-aspect-ratio: 216\/160;\" \/><\/a>\n\t\t\t<\/dt><\/dl><dl class='gallery-item'>\n\t\t\t<dt class='gallery-icon landscape'>\n\t\t\t\t<a href='https:\/\/www.luxsure.fr\/en\/illumination-du-comite-du-faubourg-saint-honore-royale-5\/'><img decoding=\"async\" width=\"216\" height=\"160\" data-src=\"https:\/\/www.luxsure.fr\/wp-content\/uploads\/2013\/11\/Illumination-du-Comit\u00e9-du-Faubourg-Saint-Honor\u00e9-Royale-216x160.jpg\" class=\"attachment-thumbnail size-thumbnail lazyload\" alt=\"\" src=\"data:image\/svg+xml;base64,PHN2ZyB3aWR0aD0iMSIgaGVpZ2h0PSIxIiB4bWxucz0iaHR0cDovL3d3dy53My5vcmcvMjAwMC9zdmciPjwvc3ZnPg==\" style=\"--smush-placeholder-width: 216px; --smush-placeholder-aspect-ratio: 216\/160;\" \/><\/a>\n\t\t\t<\/dt><\/dl><dl class='gallery-item'>\n\t\t\t<dt class='gallery-icon portrait'>\n\t\t\t\t<a href='https:\/\/www.luxsure.fr\/en\/anne-hidalgo-premiere-adjointe-au-maire-de-paris-et-teddy-riner-parrain-de-linstitut-imagine-jpg-2\/'><img decoding=\"async\" width=\"216\" height=\"160\" data-src=\"https:\/\/www.luxsure.fr\/wp-content\/uploads\/2013\/11\/Anne-Hidalgo-Premi\u00e8re-Adjointe-au-Maire-de-Paris-et-Teddy-Riner-Parrain-de-linstitut-Imagine-JPG-216x160.jpg\" class=\"attachment-thumbnail size-thumbnail lazyload\" alt=\"\" src=\"data:image\/svg+xml;base64,PHN2ZyB3aWR0aD0iMSIgaGVpZ2h0PSIxIiB4bWxucz0iaHR0cDovL3d3dy53My5vcmcvMjAwMC9zdmciPjwvc3ZnPg==\" style=\"--smush-placeholder-width: 216px; --smush-placeholder-aspect-ratio: 216\/160;\" \/><\/a>\n\t\t\t<\/dt><\/dl><br style=\"clear: both\" \/><dl class='gallery-item'>\n\t\t\t<dt class='gallery-icon landscape'>\n\t\t\t\t<a href='https:\/\/www.luxsure.fr\/en\/audrey-fleurot-jennifer-bartoli-et-sandrine-quetier-2\/'><img decoding=\"async\" width=\"216\" height=\"160\" data-src=\"https:\/\/www.luxsure.fr\/wp-content\/uploads\/2013\/11\/Audrey-Fleurot-Jennifer-Bartoli-et-Sandrine-Qu\u00e9tier-216x160.jpg\" class=\"attachment-thumbnail size-thumbnail lazyload\" alt=\"\" src=\"data:image\/svg+xml;base64,PHN2ZyB3aWR0aD0iMSIgaGVpZ2h0PSIxIiB4bWxucz0iaHR0cDovL3d3dy53My5vcmcvMjAwMC9zdmciPjwvc3ZnPg==\" style=\"--smush-placeholder-width: 216px; --smush-placeholder-aspect-ratio: 216\/160;\" \/><\/a>\n\t\t\t<\/dt><\/dl><dl class='gallery-item'>\n\t\t\t<dt class='gallery-icon portrait'>\n\t\t\t\t<a href='https:\/\/www.luxsure.fr\/en\/audrey-fleurot-et-gary-jourdan-2\/'><img decoding=\"async\" width=\"216\" height=\"160\" data-src=\"https:\/\/www.luxsure.fr\/wp-content\/uploads\/2013\/11\/Audrey-Fleurot-et-Gary-Jourdan-216x160.jpg\" class=\"attachment-thumbnail size-thumbnail lazyload\" alt=\"\" src=\"data:image\/svg+xml;base64,PHN2ZyB3aWR0aD0iMSIgaGVpZ2h0PSIxIiB4bWxucz0iaHR0cDovL3d3dy53My5vcmcvMjAwMC9zdmciPjwvc3ZnPg==\" style=\"--smush-placeholder-width: 216px; --smush-placeholder-aspect-ratio: 216\/160;\" \/><\/a>\n\t\t\t<\/dt><\/dl><dl class='gallery-item'>\n\t\t\t<dt class='gallery-icon landscape'>\n\t\t\t\t<a href='https:\/\/www.luxsure.fr\/en\/benjamin-cymerman-president-du-comite-du-faubourg-saint-honore-royale-audrey-floro-et-arnaud-cymerman-2\/'><img decoding=\"async\" width=\"216\" height=\"160\" data-src=\"https:\/\/www.luxsure.fr\/wp-content\/uploads\/2013\/11\/Benjamin-Cymerman-Pr\u00e9sident-du-Comit\u00e9-du-Faubourg-Saint-Honor\u00e9-Royale-Audrey-Floro-et-Arnaud-Cymerman--216x160.jpg\" class=\"attachment-thumbnail size-thumbnail lazyload\" alt=\"\" data-srcset=\"https:\/\/www.luxsure.fr\/wp-content\/uploads\/2013\/11\/Benjamin-Cymerman-Pr\u00e9sident-du-Comit\u00e9-du-Faubourg-Saint-Honor\u00e9-Royale-Audrey-Floro-et-Arnaud-Cymerman--216x160.jpg 216w, https:\/\/www.luxsure.fr\/wp-content\/uploads\/2013\/11\/Benjamin-Cymerman-Pr\u00e9sident-du-Comit\u00e9-du-Faubourg-Saint-Honor\u00e9-Royale-Audrey-Floro-et-Arnaud-Cymerman--76x55.jpg 76w\" data-sizes=\"(max-width: 216px) 100vw, 216px\" src=\"data:image\/svg+xml;base64,PHN2ZyB3aWR0aD0iMSIgaGVpZ2h0PSIxIiB4bWxucz0iaHR0cDovL3d3dy53My5vcmcvMjAwMC9zdmciPjwvc3ZnPg==\" style=\"--smush-placeholder-width: 216px; --smush-placeholder-aspect-ratio: 216\/160;\" \/><\/a>\n\t\t\t<\/dt><\/dl><br style=\"clear: both\" \/><dl class='gallery-item'>\n\t\t\t<dt class='gallery-icon portrait'>\n\t\t\t\t<a href='https:\/\/www.luxsure.fr\/en\/benjamin-cymerman-president-du-comite-du-faubourg-saint-honore-royale-et-jennifer-bartoli-2\/'><img decoding=\"async\" width=\"216\" height=\"160\" data-src=\"https:\/\/www.luxsure.fr\/wp-content\/uploads\/2013\/11\/Benjamin-Cymerman-Pr\u00e9sident-du-Comit\u00e9-du-Faubourg-Saint-Honor\u00e9-Royale-et-Jennifer-Bartoli-216x160.jpg\" class=\"attachment-thumbnail size-thumbnail lazyload\" alt=\"\" src=\"data:image\/svg+xml;base64,PHN2ZyB3aWR0aD0iMSIgaGVpZ2h0PSIxIiB4bWxucz0iaHR0cDovL3d3dy53My5vcmcvMjAwMC9zdmciPjwvc3ZnPg==\" style=\"--smush-placeholder-width: 216px; --smush-placeholder-aspect-ratio: 216\/160;\" \/><\/a>\n\t\t\t<\/dt><\/dl><dl class='gallery-item'>\n\t\t\t<dt class='gallery-icon landscape'>\n\t\t\t\t<a href='https:\/\/www.luxsure.fr\/en\/illumination-du-comite-du-faubourg-saint-honore-royale-4-2\/'><img decoding=\"async\" width=\"216\" height=\"160\" data-src=\"https:\/\/www.luxsure.fr\/wp-content\/uploads\/2013\/11\/Illumination-du-Comit\u00e9-du-Faubourg-Saint-Honor\u00e9-Royale-4-216x160.jpg\" class=\"attachment-thumbnail size-thumbnail lazyload\" alt=\"\" src=\"data:image\/svg+xml;base64,PHN2ZyB3aWR0aD0iMSIgaGVpZ2h0PSIxIiB4bWxucz0iaHR0cDovL3d3dy53My5vcmcvMjAwMC9zdmciPjwvc3ZnPg==\" style=\"--smush-placeholder-width: 216px; --smush-placeholder-aspect-ratio: 216\/160;\" \/><\/a>\n\t\t\t<\/dt><\/dl>\n\t\t\t<br style='clear: both' \/>\n\t\t<\/div>\n<br \/>\nAudrey Fleurot, Jenifer Bartoli, Fr\u00e9d\u00e9rique Bel, Sandrine Qu\u00e9tier, Bernard Montiel and Gary Dourdan were also on hand to support the Committee&#8217;s Imagine initiative.<\/p>\n<p>Benjamin Cymerman then welcomed his guests for cocktails at L&#8217;Eclaireur.<br \/>\nThe most luxurious of tombolas is now underway. Visit www.imaginenoel.fr today to buy a \u20ac10 ticket to win the superb gifts offered by the Comit\u00e9.   <\/p>\n<p><strong>All profits will be donated to the Imagine Institute, to help cure genetic diseases.<\/strong><\/p>\n","protected":false},"excerpt":{"rendered":"<p>The Comit\u00e9 du Faubourg Saint-Honor\u00e9 Royale&#8217;s Illuminations were inaugurated on Thursday November 14, and to mark the occasion we met Teddy Riner, patron of the Imagine Institute, which cares for&hellip;<\/p>\n","protected":false},"author":2,"featured_media":662366,"comment_status":"open","ping_status":"open","sticky":false,"template":"","format":"standard","meta":{"_lmt_disableupdate":"","_lmt_disable":"","footnotes":""},"categories":[30094,31161,52709],"tags":[65251,65252],"class_list":["post-2029293","post","type-post","status-publish","format-standard","has-post-thumbnail","hentry","category-culture-en","category-high-tech-en","category-thefashion","tag-comite-du-faubourg-saint-honore-royale","tag-teddy-riner"],"yoast_head":"<!-- This site is optimized with the Yoast SEO plugin v27.5 - https:\/\/yoast.com\/product\/yoast-seo-wordpress\/ -->\n<title>Les Illuminations du Comit\u00e9 du Faubourg Saint-Honor\u00e9 Royale with Imagine and Teddy Riner - Luxsure<\/title>\n<meta name=\"robots\" content=\"index, follow, max-snippet:-1, max-image-preview:large, max-video-preview:-1\" \/>\n<link rel=\"canonical\" href=\"https:\/\/www.luxsure.fr\/en\/2013\/11\/20\/les-illuminations-du-comite-du-faubourg-saint-honore-royale-with-imagine-and-teddy-riner\/\" \/>\n<meta name=\"twitter:label1\" content=\"Written by\" \/>\n\t<meta name=\"twitter:data1\" content=\"pascal iakovou\" \/>\n\t<meta name=\"twitter:label2\" content=\"Est. reading time\" \/>\n\t<meta name=\"twitter:data2\" content=\"2 minutes\" \/>\n<script type=\"application\/ld+json\" class=\"yoast-schema-graph\">{\"@context\":\"https:\\\/\\\/schema.org\",\"@graph\":[{\"@type\":\"Article\",\"@id\":\"https:\\\/\\\/www.luxsure.fr\\\/en\\\/2013\\\/11\\\/20\\\/les-illuminations-du-comite-du-faubourg-saint-honore-royale-with-imagine-and-teddy-riner\\\/#article\",\"isPartOf\":{\"@id\":\"https:\\\/\\\/www.luxsure.fr\\\/en\\\/2013\\\/11\\\/20\\\/les-illuminations-du-comite-du-faubourg-saint-honore-royale-with-imagine-and-teddy-riner\\\/\"},\"author\":{\"name\":\"pascal iakovou\",\"@id\":\"https:\\\/\\\/www.luxsure.fr\\\/#\\\/schema\\\/person\\\/e3e28d08083f4cbc258957c924e39423\"},\"headline\":\"Les Illuminations du Comit\u00e9 du Faubourg Saint-Honor\u00e9 Royale with Imagine and Teddy Riner\",\"datePublished\":\"2013-11-20T15:46:35+00:00\",\"dateModified\":\"2026-04-26T10:13:55+00:00\",\"mainEntityOfPage\":{\"@id\":\"https:\\\/\\\/www.luxsure.fr\\\/en\\\/2013\\\/11\\\/20\\\/les-illuminations-du-comite-du-faubourg-saint-honore-royale-with-imagine-and-teddy-riner\\\/\"},\"wordCount\":427,\"commentCount\":0,\"publisher\":{\"@id\":\"https:\\\/\\\/www.luxsure.fr\\\/#organization\"},\"image\":{\"@id\":\"https:\\\/\\\/www.luxsure.fr\\\/en\\\/2013\\\/11\\\/20\\\/les-illuminations-du-comite-du-faubourg-saint-honore-royale-with-imagine-and-teddy-riner\\\/#primaryimage\"},\"thumbnailUrl\":\"https:\\\/\\\/www.luxsure.fr\\\/wp-content\\\/uploads\\\/2013\\\/11\\\/Teddy-Riner-Parrain-de-linstitut-Imagine.jpg\",\"keywords\":[\"Comit\u00e9 du Faubourg Saint-Honor\u00e9 Royale\",\"Teddy Riner\"],\"articleSection\":[\"Culture\",\"Tech\",\"The Fashion\"],\"inLanguage\":\"en-US\",\"potentialAction\":[{\"@type\":\"CommentAction\",\"name\":\"Comment\",\"target\":[\"https:\\\/\\\/www.luxsure.fr\\\/en\\\/2013\\\/11\\\/20\\\/les-illuminations-du-comite-du-faubourg-saint-honore-royale-with-imagine-and-teddy-riner\\\/#respond\"]}]},{\"@type\":\"WebPage\",\"@id\":\"https:\\\/\\\/www.luxsure.fr\\\/en\\\/2013\\\/11\\\/20\\\/les-illuminations-du-comite-du-faubourg-saint-honore-royale-with-imagine-and-teddy-riner\\\/\",\"url\":\"https:\\\/\\\/www.luxsure.fr\\\/en\\\/2013\\\/11\\\/20\\\/les-illuminations-du-comite-du-faubourg-saint-honore-royale-with-imagine-and-teddy-riner\\\/\",\"name\":\"Les Illuminations du Comit\u00e9 du Faubourg Saint-Honor\u00e9 Royale with Imagine and Teddy Riner - Luxsure\",\"isPartOf\":{\"@id\":\"https:\\\/\\\/www.luxsure.fr\\\/#website\"},\"primaryImageOfPage\":{\"@id\":\"https:\\\/\\\/www.luxsure.fr\\\/en\\\/2013\\\/11\\\/20\\\/les-illuminations-du-comite-du-faubourg-saint-honore-royale-with-imagine-and-teddy-riner\\\/#primaryimage\"},\"image\":{\"@id\":\"https:\\\/\\\/www.luxsure.fr\\\/en\\\/2013\\\/11\\\/20\\\/les-illuminations-du-comite-du-faubourg-saint-honore-royale-with-imagine-and-teddy-riner\\\/#primaryimage\"},\"thumbnailUrl\":\"https:\\\/\\\/www.luxsure.fr\\\/wp-content\\\/uploads\\\/2013\\\/11\\\/Teddy-Riner-Parrain-de-linstitut-Imagine.jpg\",\"datePublished\":\"2013-11-20T15:46:35+00:00\",\"dateModified\":\"2026-04-26T10:13:55+00:00\",\"breadcrumb\":{\"@id\":\"https:\\\/\\\/www.luxsure.fr\\\/en\\\/2013\\\/11\\\/20\\\/les-illuminations-du-comite-du-faubourg-saint-honore-royale-with-imagine-and-teddy-riner\\\/#breadcrumb\"},\"inLanguage\":\"en-US\",\"potentialAction\":[{\"@type\":\"ReadAction\",\"target\":[\"https:\\\/\\\/www.luxsure.fr\\\/en\\\/2013\\\/11\\\/20\\\/les-illuminations-du-comite-du-faubourg-saint-honore-royale-with-imagine-and-teddy-riner\\\/\"]}]},{\"@type\":\"ImageObject\",\"inLanguage\":\"en-US\",\"@id\":\"https:\\\/\\\/www.luxsure.fr\\\/en\\\/2013\\\/11\\\/20\\\/les-illuminations-du-comite-du-faubourg-saint-honore-royale-with-imagine-and-teddy-riner\\\/#primaryimage\",\"url\":\"https:\\\/\\\/www.luxsure.fr\\\/wp-content\\\/uploads\\\/2013\\\/11\\\/Teddy-Riner-Parrain-de-linstitut-Imagine.jpg\",\"contentUrl\":\"https:\\\/\\\/www.luxsure.fr\\\/wp-content\\\/uploads\\\/2013\\\/11\\\/Teddy-Riner-Parrain-de-linstitut-Imagine.jpg\",\"width\":4900,\"height\":3552},{\"@type\":\"BreadcrumbList\",\"@id\":\"https:\\\/\\\/www.luxsure.fr\\\/en\\\/2013\\\/11\\\/20\\\/les-illuminations-du-comite-du-faubourg-saint-honore-royale-with-imagine-and-teddy-riner\\\/#breadcrumb\",\"itemListElement\":[{\"@type\":\"ListItem\",\"position\":1,\"name\":\"Accueil\",\"item\":\"https:\\\/\\\/www.luxsure.fr\\\/\"},{\"@type\":\"ListItem\",\"position\":2,\"name\":\"Les Illuminations du Comit\u00e9 du Faubourg Saint-Honor\u00e9 Royale with Imagine and Teddy Riner\"}]},{\"@type\":\"WebSite\",\"@id\":\"https:\\\/\\\/www.luxsure.fr\\\/#website\",\"url\":\"https:\\\/\\\/www.luxsure.fr\\\/\",\"name\":\"Luxsure\",\"description\":\"UNE CERTAINE VISION DU LUXE\",\"publisher\":{\"@id\":\"https:\\\/\\\/www.luxsure.fr\\\/#organization\"},\"potentialAction\":[{\"@type\":\"SearchAction\",\"target\":{\"@type\":\"EntryPoint\",\"urlTemplate\":\"https:\\\/\\\/www.luxsure.fr\\\/?s={search_term_string}\"},\"query-input\":{\"@type\":\"PropertyValueSpecification\",\"valueRequired\":true,\"valueName\":\"search_term_string\"}}],\"inLanguage\":\"en-US\"},{\"@type\":\"Organization\",\"@id\":\"https:\\\/\\\/www.luxsure.fr\\\/#organization\",\"name\":\"Luxsure\",\"url\":\"https:\\\/\\\/www.luxsure.fr\\\/\",\"logo\":{\"@type\":\"ImageObject\",\"inLanguage\":\"en-US\",\"@id\":\"https:\\\/\\\/www.luxsure.fr\\\/#\\\/schema\\\/logo\\\/image\\\/\",\"url\":\"https:\\\/\\\/i0.wp.com\\\/www.luxsure.fr\\\/wp-content\\\/uploads\\\/2015\\\/10\\\/Capture-d\u2019\u00e9cran-2015-08-19-\u00e0-10.51.48.png?fit=551%2C400&ssl=1\",\"contentUrl\":\"https:\\\/\\\/i0.wp.com\\\/www.luxsure.fr\\\/wp-content\\\/uploads\\\/2015\\\/10\\\/Capture-d\u2019\u00e9cran-2015-08-19-\u00e0-10.51.48.png?fit=551%2C400&ssl=1\",\"width\":551,\"height\":400,\"caption\":\"Luxsure\"},\"image\":{\"@id\":\"https:\\\/\\\/www.luxsure.fr\\\/#\\\/schema\\\/logo\\\/image\\\/\"}},{\"@type\":\"Person\",\"@id\":\"https:\\\/\\\/www.luxsure.fr\\\/#\\\/schema\\\/person\\\/e3e28d08083f4cbc258957c924e39423\",\"name\":\"pascal iakovou\",\"image\":{\"@type\":\"ImageObject\",\"inLanguage\":\"en-US\",\"@id\":\"https:\\\/\\\/secure.gravatar.com\\\/avatar\\\/358546e9ab7afafbb35961f747089b93cb88ca12b7a9fcd0c7922cc45f092613?s=96&d=mm&r=g\",\"url\":\"https:\\\/\\\/secure.gravatar.com\\\/avatar\\\/358546e9ab7afafbb35961f747089b93cb88ca12b7a9fcd0c7922cc45f092613?s=96&d=mm&r=g\",\"contentUrl\":\"https:\\\/\\\/secure.gravatar.com\\\/avatar\\\/358546e9ab7afafbb35961f747089b93cb88ca12b7a9fcd0c7922cc45f092613?s=96&d=mm&r=g\",\"caption\":\"pascal iakovou\"},\"sameAs\":[\"http:\\\/\\\/www.luxsure.Fr\"],\"url\":\"https:\\\/\\\/www.luxsure.fr\\\/en\\\/author\\\/pascal\\\/\"}]}<\/script>\n<!-- \/ Yoast SEO plugin. -->","yoast_head_json":{"title":"Les Illuminations du Comit\u00e9 du Faubourg Saint-Honor\u00e9 Royale with Imagine and Teddy Riner - Luxsure","robots":{"index":"index","follow":"follow","max-snippet":"max-snippet:-1","max-image-preview":"max-image-preview:large","max-video-preview":"max-video-preview:-1"},"canonical":"https:\/\/www.luxsure.fr\/en\/2013\/11\/20\/les-illuminations-du-comite-du-faubourg-saint-honore-royale-with-imagine-and-teddy-riner\/","twitter_misc":{"Written by":"pascal iakovou","Est. reading time":"2 minutes"},"schema":{"@context":"https:\/\/schema.org","@graph":[{"@type":"Article","@id":"https:\/\/www.luxsure.fr\/en\/2013\/11\/20\/les-illuminations-du-comite-du-faubourg-saint-honore-royale-with-imagine-and-teddy-riner\/#article","isPartOf":{"@id":"https:\/\/www.luxsure.fr\/en\/2013\/11\/20\/les-illuminations-du-comite-du-faubourg-saint-honore-royale-with-imagine-and-teddy-riner\/"},"author":{"name":"pascal iakovou","@id":"https:\/\/www.luxsure.fr\/#\/schema\/person\/e3e28d08083f4cbc258957c924e39423"},"headline":"Les Illuminations du Comit\u00e9 du Faubourg Saint-Honor\u00e9 Royale with Imagine and Teddy Riner","datePublished":"2013-11-20T15:46:35+00:00","dateModified":"2026-04-26T10:13:55+00:00","mainEntityOfPage":{"@id":"https:\/\/www.luxsure.fr\/en\/2013\/11\/20\/les-illuminations-du-comite-du-faubourg-saint-honore-royale-with-imagine-and-teddy-riner\/"},"wordCount":427,"commentCount":0,"publisher":{"@id":"https:\/\/www.luxsure.fr\/#organization"},"image":{"@id":"https:\/\/www.luxsure.fr\/en\/2013\/11\/20\/les-illuminations-du-comite-du-faubourg-saint-honore-royale-with-imagine-and-teddy-riner\/#primaryimage"},"thumbnailUrl":"https:\/\/www.luxsure.fr\/wp-content\/uploads\/2013\/11\/Teddy-Riner-Parrain-de-linstitut-Imagine.jpg","keywords":["Comit\u00e9 du Faubourg Saint-Honor\u00e9 Royale","Teddy Riner"],"articleSection":["Culture","Tech","The Fashion"],"inLanguage":"en-US","potentialAction":[{"@type":"CommentAction","name":"Comment","target":["https:\/\/www.luxsure.fr\/en\/2013\/11\/20\/les-illuminations-du-comite-du-faubourg-saint-honore-royale-with-imagine-and-teddy-riner\/#respond"]}]},{"@type":"WebPage","@id":"https:\/\/www.luxsure.fr\/en\/2013\/11\/20\/les-illuminations-du-comite-du-faubourg-saint-honore-royale-with-imagine-and-teddy-riner\/","url":"https:\/\/www.luxsure.fr\/en\/2013\/11\/20\/les-illuminations-du-comite-du-faubourg-saint-honore-royale-with-imagine-and-teddy-riner\/","name":"Les Illuminations du Comit\u00e9 du Faubourg Saint-Honor\u00e9 Royale with Imagine and Teddy Riner - Luxsure","isPartOf":{"@id":"https:\/\/www.luxsure.fr\/#website"},"primaryImageOfPage":{"@id":"https:\/\/www.luxsure.fr\/en\/2013\/11\/20\/les-illuminations-du-comite-du-faubourg-saint-honore-royale-with-imagine-and-teddy-riner\/#primaryimage"},"image":{"@id":"https:\/\/www.luxsure.fr\/en\/2013\/11\/20\/les-illuminations-du-comite-du-faubourg-saint-honore-royale-with-imagine-and-teddy-riner\/#primaryimage"},"thumbnailUrl":"https:\/\/www.luxsure.fr\/wp-content\/uploads\/2013\/11\/Teddy-Riner-Parrain-de-linstitut-Imagine.jpg","datePublished":"2013-11-20T15:46:35+00:00","dateModified":"2026-04-26T10:13:55+00:00","breadcrumb":{"@id":"https:\/\/www.luxsure.fr\/en\/2013\/11\/20\/les-illuminations-du-comite-du-faubourg-saint-honore-royale-with-imagine-and-teddy-riner\/#breadcrumb"},"inLanguage":"en-US","potentialAction":[{"@type":"ReadAction","target":["https:\/\/www.luxsure.fr\/en\/2013\/11\/20\/les-illuminations-du-comite-du-faubourg-saint-honore-royale-with-imagine-and-teddy-riner\/"]}]},{"@type":"ImageObject","inLanguage":"en-US","@id":"https:\/\/www.luxsure.fr\/en\/2013\/11\/20\/les-illuminations-du-comite-du-faubourg-saint-honore-royale-with-imagine-and-teddy-riner\/#primaryimage","url":"https:\/\/www.luxsure.fr\/wp-content\/uploads\/2013\/11\/Teddy-Riner-Parrain-de-linstitut-Imagine.jpg","contentUrl":"https:\/\/www.luxsure.fr\/wp-content\/uploads\/2013\/11\/Teddy-Riner-Parrain-de-linstitut-Imagine.jpg","width":4900,"height":3552},{"@type":"BreadcrumbList","@id":"https:\/\/www.luxsure.fr\/en\/2013\/11\/20\/les-illuminations-du-comite-du-faubourg-saint-honore-royale-with-imagine-and-teddy-riner\/#breadcrumb","itemListElement":[{"@type":"ListItem","position":1,"name":"Accueil","item":"https:\/\/www.luxsure.fr\/"},{"@type":"ListItem","position":2,"name":"Les Illuminations du Comit\u00e9 du Faubourg Saint-Honor\u00e9 Royale with Imagine and Teddy Riner"}]},{"@type":"WebSite","@id":"https:\/\/www.luxsure.fr\/#website","url":"https:\/\/www.luxsure.fr\/","name":"Luxsure","description":"UNE CERTAINE VISION DU LUXE","publisher":{"@id":"https:\/\/www.luxsure.fr\/#organization"},"potentialAction":[{"@type":"SearchAction","target":{"@type":"EntryPoint","urlTemplate":"https:\/\/www.luxsure.fr\/?s={search_term_string}"},"query-input":{"@type":"PropertyValueSpecification","valueRequired":true,"valueName":"search_term_string"}}],"inLanguage":"en-US"},{"@type":"Organization","@id":"https:\/\/www.luxsure.fr\/#organization","name":"Luxsure","url":"https:\/\/www.luxsure.fr\/","logo":{"@type":"ImageObject","inLanguage":"en-US","@id":"https:\/\/www.luxsure.fr\/#\/schema\/logo\/image\/","url":"https:\/\/i0.wp.com\/www.luxsure.fr\/wp-content\/uploads\/2015\/10\/Capture-d\u2019\u00e9cran-2015-08-19-\u00e0-10.51.48.png?fit=551%2C400&ssl=1","contentUrl":"https:\/\/i0.wp.com\/www.luxsure.fr\/wp-content\/uploads\/2015\/10\/Capture-d\u2019\u00e9cran-2015-08-19-\u00e0-10.51.48.png?fit=551%2C400&ssl=1","width":551,"height":400,"caption":"Luxsure"},"image":{"@id":"https:\/\/www.luxsure.fr\/#\/schema\/logo\/image\/"}},{"@type":"Person","@id":"https:\/\/www.luxsure.fr\/#\/schema\/person\/e3e28d08083f4cbc258957c924e39423","name":"pascal iakovou","image":{"@type":"ImageObject","inLanguage":"en-US","@id":"https:\/\/secure.gravatar.com\/avatar\/358546e9ab7afafbb35961f747089b93cb88ca12b7a9fcd0c7922cc45f092613?s=96&d=mm&r=g","url":"https:\/\/secure.gravatar.com\/avatar\/358546e9ab7afafbb35961f747089b93cb88ca12b7a9fcd0c7922cc45f092613?s=96&d=mm&r=g","contentUrl":"https:\/\/secure.gravatar.com\/avatar\/358546e9ab7afafbb35961f747089b93cb88ca12b7a9fcd0c7922cc45f092613?s=96&d=mm&r=g","caption":"pascal iakovou"},"sameAs":["http:\/\/www.luxsure.Fr"],"url":"https:\/\/www.luxsure.fr\/en\/author\/pascal\/"}]}},"_links":{"self":[{"href":"https:\/\/www.luxsure.fr\/en\/wp-json\/wp\/v2\/posts\/2029293","targetHints":{"allow":["GET"]}}],"collection":[{"href":"https:\/\/www.luxsure.fr\/en\/wp-json\/wp\/v2\/posts"}],"about":[{"href":"https:\/\/www.luxsure.fr\/en\/wp-json\/wp\/v2\/types\/post"}],"author":[{"embeddable":true,"href":"https:\/\/www.luxsure.fr\/en\/wp-json\/wp\/v2\/users\/2"}],"replies":[{"embeddable":true,"href":"https:\/\/www.luxsure.fr\/en\/wp-json\/wp\/v2\/comments?post=2029293"}],"version-history":[{"count":0,"href":"https:\/\/www.luxsure.fr\/en\/wp-json\/wp\/v2\/posts\/2029293\/revisions"}],"wp:featuredmedia":[{"embeddable":true,"href":"https:\/\/www.luxsure.fr\/en\/wp-json\/wp\/v2\/media\/662366"}],"wp:attachment":[{"href":"https:\/\/www.luxsure.fr\/en\/wp-json\/wp\/v2\/media?parent=2029293"}],"wp:term":[{"taxonomy":"category","embeddable":true,"href":"https:\/\/www.luxsure.fr\/en\/wp-json\/wp\/v2\/categories?post=2029293"},{"taxonomy":"post_tag","embeddable":true,"href":"https:\/\/www.luxsure.fr\/en\/wp-json\/wp\/v2\/tags?post=2029293"}],"curies":[{"name":"wp","href":"https:\/\/api.w.org\/{rel}","templated":true}]}}